{"id":61083,"date":"2023-09-29T13:00:00","date_gmt":"2023-09-29T18:00:00","guid":{"rendered":"https:\/\/blogs.uninter.edu.mx\/ESCAT\/?p=61083"},"modified":"2023-09-22T13:51:46","modified_gmt":"2023-09-22T18:51:46","slug":"adobe","status":"publish","type":"post","link":"https:\/\/blogs.uninter.edu.mx\/ESCAT\/index.php\/adobe\/","title":{"rendered":"Adobe Anuncia Nuevas Funciones para Premiere Pro y After Effects #ESCAT #Uninter #Adobe"},"content":{"rendered":"<div class=\"wp-block-image\">\n<figure class=\"aligncenter is-resized\"><a href=\"https:\/\/www.facebook.com\/EscatUninter\"><img loading=\"lazy\" decoding=\"async\" src=\"https:\/\/blogs.uninter.edu.mx\/ESCAT\/wp-content\/uploads\/2023\/03\/image-98.png\" alt=\"ESCAT\" class=\"wp-image-57729\" width=\"187\" height=\"213\"\/><\/a><\/figure>\n<\/div>\n\n\n<p>Adobe innova cada vez m\u00e1s su <em>suite<\/em> de aplicaciones implementando nuevas y potentes innovaciones en IA (Inteligencia Artificial) y 3D. <\/p>\n\n\n\n<!--more-->\n\n\n\n<p>Estas funciones estar\u00e1n disponibles en la versi\u00f3n beta de Premiere Pro y After Effects, lo cual permitir\u00e1 a sus usuarios profesionales colaborar de manera fluida, automatizar tareas que requieran de mucho tiempo y mejorar la productividad del flujo de trabajo, con lo cual los editores y dise\u00f1adores puedan enfocarse al proceso creativo.<\/p>\n\n\n\n<h2 class=\"wp-block-heading\">Nuevas funciones de Premiere Pro<\/h2>\n\n\n\n<figure class=\"wp-block-image size-full\"><img loading=\"lazy\" decoding=\"async\" width=\"1920\" height=\"1080\" src=\"https:\/\/blogs.uninter.edu.mx\/ESCAT\/wp-content\/uploads\/2023\/09\/AdobePremierePro230_01.jpg\" alt=\"\" class=\"wp-image-61268\"\/><\/figure>\n\n\n\n<p><strong>Enhance Speech:<\/strong> Implementa el uso de IA para conseguir mejores resultados en la eliminaci\u00f3n de ruido fondo y mejorar la calidad de di\u00e1logos mal grabados, logrando una calidad m\u00e1s profesional. Tambi\u00e9n puedes hacer uso del regulador de mezcla para conseguir un resultado m\u00e1s natural.<\/p>\n\n\n\n<p><strong>Edici\u00f3n basada en texto<\/strong>: Esta funci\u00f3n se presento a principios de este a\u00f1o con el objetivo de hacer que la creaci\u00f3n de montajes iniciales sea tan sencilla como copiar y pegar texto, Adobe anunci\u00f3 que realizara mejoras gracias a las peticiones de la comunidad.<\/p>\n\n\n\n<p><strong>Optimizaci\u00f3n de rendimiento<\/strong>: Esta funci\u00f3n incluye mejoras que agilizan el rendimiento de la l\u00ednea de tiempo, tambi\u00e9n incluye nuevas herramientas como Effects Manager que te ayudaran a encontrar plug-ings incompatibles y optimizar el rendimiento del sistema, as\u00ed como incluir la recuperaci\u00f3n autom\u00e1tica de proyectos que te ayudara a recuperar tu progreso en caso de tener problemas.<\/p>\n\n\n\n<p><strong>Color:<\/strong> Mejora la asignaci\u00f3n autom\u00e1tica de tonos para incluir tres m\u00e9todos de asignaci\u00f3n, introduce nuevas preferencias de color y asignaci\u00f3n para conseguir un mejor resultado de colores, al igual de a\u00f1adir nuevos ajustes consolidades en el panel Lumetri Color y una mejor gesti\u00f3n y revinculaci\u00f3n de LUT<\/p>\n\n\n\n<h2 class=\"wp-block-heading\">Nuevas mejoras y funciones After Effects<\/h2>\n\n\n\n<p>Adobe implementa la rotoscopia con IA que agilizar los flujos de trabajo en After Effects eliminando objetos de forma r\u00e1pida y precisa, mientras que integra modelos 3D para crear impresionantes composiciones de efectos visuales y gr\u00e1ficos animados.<\/p>\n\n\n\n<figure class=\"wp-block-image size-full\"><img loading=\"lazy\" decoding=\"async\" width=\"1200\" height=\"757\" src=\"https:\/\/blogs.uninter.edu.mx\/ESCAT\/wp-content\/uploads\/2023\/09\/whats-new-essential-graphics-properties-panel-after-effects.png.img_.png\" alt=\"\" class=\"wp-image-61269\"\/><\/figure>\n\n\n\n<p><strong>Nuevo espacio de trabajo 3D:<\/strong> Se introduce un nuevo espacio de trabajo 3D, dando oportunidad a una nueva forma de dise\u00f1ar en Motion, a\u00f1ade funciones de profundidad y dimensi\u00f3n a tus composiciones en una espacio unificado con la importaci\u00f3n nativa de modelos 3D. La iluminaci\u00f3n basada en im\u00e1genes permite colocar de forma realista los modelos de una escena con iluminaci\u00f3n y sombras, que dan la ilusi\u00f3n de que los objetos pertenecen a ese lugar de forma natural. Tambi\u00e9n se a\u00f1ade una forma \u00fanica de combinar 2D y 3D en una misma composici\u00f3n. Puedes utilizar una capa de modelo 3D como fuente para crear renders muy estilizados mediante efectos que hagan referencia a otra capa, como Mapa de desplazamiento, Desenfoque vectorial o C\u00e1lculos.<\/p>\n\n\n\n<p><strong>Pincel tipo rotoscopia con IA:<\/strong> Esta funci\u00f3n permite aislar objetos dif\u00edciles, como las extremidades superpuestas, el pelo y las transparencia, separ\u00e1ndolos de su fondo con facilidad gracias a un nuevo modelo de IA. Permitiendo a editores, dise\u00f1adores de Motion y artistas de efectos visuales ahorrar horas de trabajo pesado de rotoscopia y poder centrarse en aspectos m\u00e1s creativos de sus proyectos.<\/p>\n\n\n\n<p><strong>Vista de comparaci\u00f3n:<\/strong> Nuevas renovaciones en vista de comparaci\u00f3n, permitiendo la visualizaci\u00f3n de recursos de v\u00eddeo, audio, fotos, archivos de dise\u00f1o y PDF de un lado a otro.<\/p>\n\n\n\n<h6 class=\"wp-block-heading\">Fuente: <a href=\"https:\/\/www.profesionalreview.com\/2023\/09\/13\/adobe-presenta-nuevas-funciones-de-ia-y-3d-en-adobe-premiere-pro-y-adobe-after-effect\/\">Profesional review<\/a><\/h6>\n\n\n\n<p class=\"has-text-align-right\"><a href=\"https:\/\/universidad.uninter.edu.mx\/carreras\/LADD\">Licenciatura en Animaci\u00f3n y Dise\u00f1o Digital<\/a><\/p>\n\n\n\n<p class=\"has-text-align-right\"><a href=\"https:\/\/blogs.uninter.edu.mx\/ESCAT\/index.php\/category\/animacion-y-diseno-digital\/\">M\u00e1s noticias sobre Animaci\u00f3n y Dise\u00f1o Digital&#8230;<\/a><\/p>\n\n\n\n<figure class=\"wp-block-image\"><a href=\"https:\/\/uninter.edu.mx\/\"><img loading=\"lazy\" decoding=\"async\" width=\"1024\" height=\"154\" src=\"https:\/\/blogs.uninter.edu.mx\/ESCAT\/wp-content\/uploads\/2023\/03\/image-99.png\" alt=\"Universidad Internacional\" class=\"wp-image-57730\"\/><\/a><\/figure>\n","protected":false},"excerpt":{"rendered":"<p>Adobe innova cada vez m\u00e1s su suite de aplicaciones implementando nuevas y potentes innovaciones en IA (Inteligencia Artificial) y 3D.<\/p>\n","protected":false},"author":22,"featured_media":61267,"comment_status":"open","ping_status":"open","sticky":false,"template":"","format":"standard","meta":{"_jetpack_memberships_contains_paid_content":false,"footnotes":"","jetpack_publicize_message":"","jetpack_publicize_feature_enabled":true,"jetpack_social_post_already_shared":true,"jetpack_social_options":{"image_generator_settings":{"template":"highway","default_image_id":0,"font":"","enabled":false},"version":2}},"categories":[2,3,8,10],"tags":[4088,4089,188,32,2922,4053,2212,31,37],"class_list":["post-61083","post","type-post","status-publish","format-standard","has-post-thumbnail","hentry","category-adobe","category-animacion-y-diseno-digital","category-diseno-grafico","category-disenos","tag-abode","tag-animacion-y-diseno-digital","tag-disenos","tag-escat","tag-especialidad-en-animacion-y-postproduccion-digital","tag-licenciaturas-2","tag-posgrados-2","tag-uninter","tag-universidad-internacional"],"yoast_head":"<!-- This site is optimized with the Yoast SEO plugin v26.8 - https:\/\/yoast.com\/product\/yoast-seo-wordpress\/ -->\r\n<title>Adobe Anuncia Nuevas Funciones en Premier Pro y After Effects<\/title>\r\n<meta name=\"description\" content=\"Adobe innova cada vez m\u00e1s su suite de aplicaciones implementando nuevas y potentes innovaciones en IA (Inteligencia Artificial) y 3D...\" \/>\r\n<meta name=\"robots\" content=\"index, follow, max-snippet:-1, max-image-preview:large, max-video-preview:-1\" \/>\r\n<link rel=\"canonical\" href=\"https:\/\/blogs.uninter.edu.mx\/ESCAT\/index.php\/adobe\/\" \/>\r\n<meta property=\"og:locale\" content=\"es_MX\" \/>\r\n<meta property=\"og:type\" content=\"article\" \/>\r\n<meta property=\"og:title\" content=\"Adobe Anuncia Nuevas Funciones en Premier Pro y After Effects\" \/>\r\n<meta property=\"og:description\" content=\"Adobe innova cada vez m\u00e1s su suite de aplicaciones implementando nuevas y potentes innovaciones en IA (Inteligencia Artificial) y 3D...\" \/>\r\n<meta property=\"og:url\" content=\"https:\/\/blogs.uninter.edu.mx\/ESCAT\/index.php\/adobe\/\" \/>\r\n<meta property=\"og:site_name\" content=\"Escuela de Ciencias, Artes y Tecnolog\u00eda\" \/>\r\n<meta property=\"article:publisher\" content=\"https:\/\/www.facebook.com\/EscatUninter\/\" \/>\r\n<meta property=\"article:published_time\" content=\"2023-09-29T18:00:00+00:00\" \/>\r\n<meta property=\"og:image\" content=\"https:\/\/blogs.uninter.edu.mx\/ESCAT\/wp-content\/uploads\/2023\/09\/Adobe-Premiere-Pro-After-Effects-23.2-featured.jpg\" \/>\r\n\t<meta property=\"og:image:width\" content=\"1200\" \/>\r\n\t<meta property=\"og:image:height\" content=\"800\" \/>\r\n\t<meta property=\"og:image:type\" content=\"image\/jpeg\" \/>\r\n<meta name=\"author\" content=\"EquipoEscat\" \/>\r\n<meta name=\"twitter:card\" content=\"summary_large_image\" \/>\r\n<meta name=\"twitter:title\" content=\"Adobe Anuncia Nuevas Funciones en Premier Pro y After Effects\" \/>\r\n<meta name=\"twitter:description\" content=\"Adobe innova cada vez m\u00e1s su suite de aplicaciones implementando nuevas y potentes innovaciones en IA (Inteligencia Artificial) y 3D...\" \/>\r\n<meta name=\"twitter:image\" content=\"https:\/\/blogs.uninter.edu.mx\/ESCAT\/wp-content\/uploads\/2023\/09\/Adobe-Premiere-Pro-After-Effects-23.2-featured.jpg\" \/>\r\n<meta name=\"twitter:creator\" content=\"@EscatUninter\" \/>\r\n<meta name=\"twitter:site\" content=\"@EscatUninter\" \/>\r\n<meta name=\"twitter:label1\" content=\"Escrito por\" \/>\n\t<meta name=\"twitter:data1\" content=\"EquipoEscat\" \/>\n\t<meta name=\"twitter:label2\" content=\"Tiempo de lectura\" \/>\n\t<meta name=\"twitter:data2\" content=\"4 minutos\" \/>\r\n<script type=\"application\/ld+json\" class=\"yoast-schema-graph\">{\"@context\":\"https:\/\/schema.org\",\"@graph\":[{\"@type\":\"Article\",\"@id\":\"https:\/\/blogs.uninter.edu.mx\/ESCAT\/index.php\/adobe\/#article\",\"isPartOf\":{\"@id\":\"https:\/\/blogs.uninter.edu.mx\/ESCAT\/index.php\/adobe\/\"},\"author\":{\"name\":\"EquipoEscat\",\"@id\":\"https:\/\/blogs.uninter.edu.mx\/ESCAT\/#\/schema\/person\/df7b8f33d62433cb78a2104bda02490d\"},\"headline\":\"Adobe Anuncia Nuevas Funciones para Premiere Pro y After Effects #ESCAT #Uninter #Adobe\",\"datePublished\":\"2023-09-29T18:00:00+00:00\",\"mainEntityOfPage\":{\"@id\":\"https:\/\/blogs.uninter.edu.mx\/ESCAT\/index.php\/adobe\/\"},\"wordCount\":607,\"commentCount\":0,\"image\":{\"@id\":\"https:\/\/blogs.uninter.edu.mx\/ESCAT\/index.php\/adobe\/#primaryimage\"},\"thumbnailUrl\":\"https:\/\/blogs.uninter.edu.mx\/ESCAT\/wp-content\/uploads\/2023\/09\/Adobe-Premiere-Pro-After-Effects-23.2-featured.jpg\",\"keywords\":[\"Abode\",\"Animaci\u00f3n y Dise\u00f1o Digital\",\"Dise\u00f1os\",\"ESCAT\",\"Especialidad en Animaci\u00f3n y Postproducci\u00f3n Digital\",\"Licenciaturas\",\"Posgrados\",\"Uninter\",\"Universidad Internacional\"],\"articleSection\":[\"Adobe\",\"Animaci\u00f3n y Dise\u00f1o Digital\",\"Dise\u00f1o Gr\u00e1fico\",\"Dise\u00f1os\"],\"inLanguage\":\"es\",\"potentialAction\":[{\"@type\":\"CommentAction\",\"name\":\"Comment\",\"target\":[\"https:\/\/blogs.uninter.edu.mx\/ESCAT\/index.php\/adobe\/#respond\"]}]},{\"@type\":\"WebPage\",\"@id\":\"https:\/\/blogs.uninter.edu.mx\/ESCAT\/index.php\/adobe\/\",\"url\":\"https:\/\/blogs.uninter.edu.mx\/ESCAT\/index.php\/adobe\/\",\"name\":\"Adobe Anuncia Nuevas Funciones en Premier Pro y After Effects\",\"isPartOf\":{\"@id\":\"https:\/\/blogs.uninter.edu.mx\/ESCAT\/#website\"},\"primaryImageOfPage\":{\"@id\":\"https:\/\/blogs.uninter.edu.mx\/ESCAT\/index.php\/adobe\/#primaryimage\"},\"image\":{\"@id\":\"https:\/\/blogs.uninter.edu.mx\/ESCAT\/index.php\/adobe\/#primaryimage\"},\"thumbnailUrl\":\"https:\/\/blogs.uninter.edu.mx\/ESCAT\/wp-content\/uploads\/2023\/09\/Adobe-Premiere-Pro-After-Effects-23.2-featured.jpg\",\"datePublished\":\"2023-09-29T18:00:00+00:00\",\"author\":{\"@id\":\"https:\/\/blogs.uninter.edu.mx\/ESCAT\/#\/schema\/person\/df7b8f33d62433cb78a2104bda02490d\"},\"description\":\"Adobe innova cada vez m\u00e1s su suite de aplicaciones implementando nuevas y potentes innovaciones en IA (Inteligencia Artificial) y 3D...\",\"breadcrumb\":{\"@id\":\"https:\/\/blogs.uninter.edu.mx\/ESCAT\/index.php\/adobe\/#breadcrumb\"},\"inLanguage\":\"es\",\"potentialAction\":[{\"@type\":\"ReadAction\",\"target\":[\"https:\/\/blogs.uninter.edu.mx\/ESCAT\/index.php\/adobe\/\"]}]},{\"@type\":\"ImageObject\",\"inLanguage\":\"es\",\"@id\":\"https:\/\/blogs.uninter.edu.mx\/ESCAT\/index.php\/adobe\/#primaryimage\",\"url\":\"https:\/\/blogs.uninter.edu.mx\/ESCAT\/wp-content\/uploads\/2023\/09\/Adobe-Premiere-Pro-After-Effects-23.2-featured.jpg\",\"contentUrl\":\"https:\/\/blogs.uninter.edu.mx\/ESCAT\/wp-content\/uploads\/2023\/09\/Adobe-Premiere-Pro-After-Effects-23.2-featured.jpg\",\"width\":1200,\"height\":800,\"caption\":\"Adobe\"},{\"@type\":\"BreadcrumbList\",\"@id\":\"https:\/\/blogs.uninter.edu.mx\/ESCAT\/index.php\/adobe\/#breadcrumb\",\"itemListElement\":[{\"@type\":\"ListItem\",\"position\":1,\"name\":\"Inicio\",\"item\":\"https:\/\/blogs.uninter.edu.mx\/ESCAT\/\"},{\"@type\":\"ListItem\",\"position\":2,\"name\":\"Adobe Anuncia Nuevas Funciones para Premiere Pro y After Effects #ESCAT #Uninter #Adobe\"}]},{\"@type\":\"WebSite\",\"@id\":\"https:\/\/blogs.uninter.edu.mx\/ESCAT\/#website\",\"url\":\"https:\/\/blogs.uninter.edu.mx\/ESCAT\/\",\"name\":\"Escuela de Ciencias, Artes y Tecnolog\u00eda UNINTER\",\"description\":\"ESCAT\",\"potentialAction\":[{\"@type\":\"SearchAction\",\"target\":{\"@type\":\"EntryPoint\",\"urlTemplate\":\"https:\/\/blogs.uninter.edu.mx\/ESCAT\/?s={search_term_string}\"},\"query-input\":{\"@type\":\"PropertyValueSpecification\",\"valueRequired\":true,\"valueName\":\"search_term_string\"}}],\"inLanguage\":\"es\"},{\"@type\":\"Person\",\"@id\":\"https:\/\/blogs.uninter.edu.mx\/ESCAT\/#\/schema\/person\/df7b8f33d62433cb78a2104bda02490d\",\"name\":\"EquipoEscat\",\"image\":{\"@type\":\"ImageObject\",\"inLanguage\":\"es\",\"@id\":\"https:\/\/blogs.uninter.edu.mx\/ESCAT\/#\/schema\/person\/image\/\",\"url\":\"https:\/\/secure.gravatar.com\/avatar\/d943e53cecc7e9e13c011abf6ec7475809c7d278834bde994b19ecd58034a9ff?s=96&d=mm&r=g\",\"contentUrl\":\"https:\/\/secure.gravatar.com\/avatar\/d943e53cecc7e9e13c011abf6ec7475809c7d278834bde994b19ecd58034a9ff?s=96&d=mm&r=g\",\"caption\":\"EquipoEscat\"},\"url\":\"https:\/\/blogs.uninter.edu.mx\/ESCAT\/index.php\/author\/equipoescat\/\"}]}<\/script>\r\n<!-- \/ Yoast SEO plugin. -->","yoast_head_json":{"title":"Adobe Anuncia Nuevas Funciones en Premier Pro y After Effects","description":"Adobe innova cada vez m\u00e1s su suite de aplicaciones implementando nuevas y potentes innovaciones en IA (Inteligencia Artificial) y 3D...","robots":{"index":"index","follow":"follow","max-snippet":"max-snippet:-1","max-image-preview":"max-image-preview:large","max-video-preview":"max-video-preview:-1"},"canonical":"https:\/\/blogs.uninter.edu.mx\/ESCAT\/index.php\/adobe\/","og_locale":"es_MX","og_type":"article","og_title":"Adobe Anuncia Nuevas Funciones en Premier Pro y After Effects","og_description":"Adobe innova cada vez m\u00e1s su suite de aplicaciones implementando nuevas y potentes innovaciones en IA (Inteligencia Artificial) y 3D...","og_url":"https:\/\/blogs.uninter.edu.mx\/ESCAT\/index.php\/adobe\/","og_site_name":"Escuela de Ciencias, Artes y Tecnolog\u00eda","article_publisher":"https:\/\/www.facebook.com\/EscatUninter\/","article_published_time":"2023-09-29T18:00:00+00:00","og_image":[{"width":1200,"height":800,"url":"https:\/\/blogs.uninter.edu.mx\/ESCAT\/wp-content\/uploads\/2023\/09\/Adobe-Premiere-Pro-After-Effects-23.2-featured.jpg","type":"image\/jpeg"}],"author":"EquipoEscat","twitter_card":"summary_large_image","twitter_title":"Adobe Anuncia Nuevas Funciones en Premier Pro y After Effects","twitter_description":"Adobe innova cada vez m\u00e1s su suite de aplicaciones implementando nuevas y potentes innovaciones en IA (Inteligencia Artificial) y 3D...","twitter_image":"https:\/\/blogs.uninter.edu.mx\/ESCAT\/wp-content\/uploads\/2023\/09\/Adobe-Premiere-Pro-After-Effects-23.2-featured.jpg","twitter_creator":"@EscatUninter","twitter_site":"@EscatUninter","twitter_misc":{"Escrito por":"EquipoEscat","Tiempo de lectura":"4 minutos"},"schema":{"@context":"https:\/\/schema.org","@graph":[{"@type":"Article","@id":"https:\/\/blogs.uninter.edu.mx\/ESCAT\/index.php\/adobe\/#article","isPartOf":{"@id":"https:\/\/blogs.uninter.edu.mx\/ESCAT\/index.php\/adobe\/"},"author":{"name":"EquipoEscat","@id":"https:\/\/blogs.uninter.edu.mx\/ESCAT\/#\/schema\/person\/df7b8f33d62433cb78a2104bda02490d"},"headline":"Adobe Anuncia Nuevas Funciones para Premiere Pro y After Effects #ESCAT #Uninter #Adobe","datePublished":"2023-09-29T18:00:00+00:00","mainEntityOfPage":{"@id":"https:\/\/blogs.uninter.edu.mx\/ESCAT\/index.php\/adobe\/"},"wordCount":607,"commentCount":0,"image":{"@id":"https:\/\/blogs.uninter.edu.mx\/ESCAT\/index.php\/adobe\/#primaryimage"},"thumbnailUrl":"https:\/\/blogs.uninter.edu.mx\/ESCAT\/wp-content\/uploads\/2023\/09\/Adobe-Premiere-Pro-After-Effects-23.2-featured.jpg","keywords":["Abode","Animaci\u00f3n y Dise\u00f1o Digital","Dise\u00f1os","ESCAT","Especialidad en Animaci\u00f3n y Postproducci\u00f3n Digital","Licenciaturas","Posgrados","Uninter","Universidad Internacional"],"articleSection":["Adobe","Animaci\u00f3n y Dise\u00f1o Digital","Dise\u00f1o Gr\u00e1fico","Dise\u00f1os"],"inLanguage":"es","potentialAction":[{"@type":"CommentAction","name":"Comment","target":["https:\/\/blogs.uninter.edu.mx\/ESCAT\/index.php\/adobe\/#respond"]}]},{"@type":"WebPage","@id":"https:\/\/blogs.uninter.edu.mx\/ESCAT\/index.php\/adobe\/","url":"https:\/\/blogs.uninter.edu.mx\/ESCAT\/index.php\/adobe\/","name":"Adobe Anuncia Nuevas Funciones en Premier Pro y After Effects","isPartOf":{"@id":"https:\/\/blogs.uninter.edu.mx\/ESCAT\/#website"},"primaryImageOfPage":{"@id":"https:\/\/blogs.uninter.edu.mx\/ESCAT\/index.php\/adobe\/#primaryimage"},"image":{"@id":"https:\/\/blogs.uninter.edu.mx\/ESCAT\/index.php\/adobe\/#primaryimage"},"thumbnailUrl":"https:\/\/blogs.uninter.edu.mx\/ESCAT\/wp-content\/uploads\/2023\/09\/Adobe-Premiere-Pro-After-Effects-23.2-featured.jpg","datePublished":"2023-09-29T18:00:00+00:00","author":{"@id":"https:\/\/blogs.uninter.edu.mx\/ESCAT\/#\/schema\/person\/df7b8f33d62433cb78a2104bda02490d"},"description":"Adobe innova cada vez m\u00e1s su suite de aplicaciones implementando nuevas y potentes innovaciones en IA (Inteligencia Artificial) y 3D...","breadcrumb":{"@id":"https:\/\/blogs.uninter.edu.mx\/ESCAT\/index.php\/adobe\/#breadcrumb"},"inLanguage":"es","potentialAction":[{"@type":"ReadAction","target":["https:\/\/blogs.uninter.edu.mx\/ESCAT\/index.php\/adobe\/"]}]},{"@type":"ImageObject","inLanguage":"es","@id":"https:\/\/blogs.uninter.edu.mx\/ESCAT\/index.php\/adobe\/#primaryimage","url":"https:\/\/blogs.uninter.edu.mx\/ESCAT\/wp-content\/uploads\/2023\/09\/Adobe-Premiere-Pro-After-Effects-23.2-featured.jpg","contentUrl":"https:\/\/blogs.uninter.edu.mx\/ESCAT\/wp-content\/uploads\/2023\/09\/Adobe-Premiere-Pro-After-Effects-23.2-featured.jpg","width":1200,"height":800,"caption":"Adobe"},{"@type":"BreadcrumbList","@id":"https:\/\/blogs.uninter.edu.mx\/ESCAT\/index.php\/adobe\/#breadcrumb","itemListElement":[{"@type":"ListItem","position":1,"name":"Inicio","item":"https:\/\/blogs.uninter.edu.mx\/ESCAT\/"},{"@type":"ListItem","position":2,"name":"Adobe Anuncia Nuevas Funciones para Premiere Pro y After Effects #ESCAT #Uninter #Adobe"}]},{"@type":"WebSite","@id":"https:\/\/blogs.uninter.edu.mx\/ESCAT\/#website","url":"https:\/\/blogs.uninter.edu.mx\/ESCAT\/","name":"Escuela de Ciencias, Artes y Tecnolog\u00eda UNINTER","description":"ESCAT","potentialAction":[{"@type":"SearchAction","target":{"@type":"EntryPoint","urlTemplate":"https:\/\/blogs.uninter.edu.mx\/ESCAT\/?s={search_term_string}"},"query-input":{"@type":"PropertyValueSpecification","valueRequired":true,"valueName":"search_term_string"}}],"inLanguage":"es"},{"@type":"Person","@id":"https:\/\/blogs.uninter.edu.mx\/ESCAT\/#\/schema\/person\/df7b8f33d62433cb78a2104bda02490d","name":"EquipoEscat","image":{"@type":"ImageObject","inLanguage":"es","@id":"https:\/\/blogs.uninter.edu.mx\/ESCAT\/#\/schema\/person\/image\/","url":"https:\/\/secure.gravatar.com\/avatar\/d943e53cecc7e9e13c011abf6ec7475809c7d278834bde994b19ecd58034a9ff?s=96&d=mm&r=g","contentUrl":"https:\/\/secure.gravatar.com\/avatar\/d943e53cecc7e9e13c011abf6ec7475809c7d278834bde994b19ecd58034a9ff?s=96&d=mm&r=g","caption":"EquipoEscat"},"url":"https:\/\/blogs.uninter.edu.mx\/ESCAT\/index.php\/author\/equipoescat\/"}]}},"jetpack_publicize_connections":[],"jetpack_featured_media_url":"https:\/\/blogs.uninter.edu.mx\/ESCAT\/wp-content\/uploads\/2023\/09\/Adobe-Premiere-Pro-After-Effects-23.2-featured.jpg","jetpack_sharing_enabled":true,"_links":{"self":[{"href":"https:\/\/blogs.uninter.edu.mx\/ESCAT\/index.php\/wp-json\/wp\/v2\/posts\/61083","targetHints":{"allow":["GET"]}}],"collection":[{"href":"https:\/\/blogs.uninter.edu.mx\/ESCAT\/index.php\/wp-json\/wp\/v2\/posts"}],"about":[{"href":"https:\/\/blogs.uninter.edu.mx\/ESCAT\/index.php\/wp-json\/wp\/v2\/types\/post"}],"author":[{"embeddable":true,"href":"https:\/\/blogs.uninter.edu.mx\/ESCAT\/index.php\/wp-json\/wp\/v2\/users\/22"}],"replies":[{"embeddable":true,"href":"https:\/\/blogs.uninter.edu.mx\/ESCAT\/index.php\/wp-json\/wp\/v2\/comments?post=61083"}],"version-history":[{"count":20,"href":"https:\/\/blogs.uninter.edu.mx\/ESCAT\/index.php\/wp-json\/wp\/v2\/posts\/61083\/revisions"}],"predecessor-version":[{"id":61368,"href":"https:\/\/blogs.uninter.edu.mx\/ESCAT\/index.php\/wp-json\/wp\/v2\/posts\/61083\/revisions\/61368"}],"wp:featuredmedia":[{"embeddable":true,"href":"https:\/\/blogs.uninter.edu.mx\/ESCAT\/index.php\/wp-json\/wp\/v2\/media\/61267"}],"wp:attachment":[{"href":"https:\/\/blogs.uninter.edu.mx\/ESCAT\/index.php\/wp-json\/wp\/v2\/media?parent=61083"}],"wp:term":[{"taxonomy":"category","embeddable":true,"href":"https:\/\/blogs.uninter.edu.mx\/ESCAT\/index.php\/wp-json\/wp\/v2\/categories?post=61083"},{"taxonomy":"post_tag","embeddable":true,"href":"https:\/\/blogs.uninter.edu.mx\/ESCAT\/index.php\/wp-json\/wp\/v2\/tags?post=61083"}],"curies":[{"name":"wp","href":"https:\/\/api.w.org\/{rel}","templated":true}]}}