{"id":61426,"date":"2023-09-30T13:00:00","date_gmt":"2023-09-30T18:00:00","guid":{"rendered":"https:\/\/blogs.uninter.edu.mx\/ESCAT\/?p=61426"},"modified":"2023-09-25T10:52:45","modified_gmt":"2023-09-25T15:52:45","slug":"que-es-la-didactica","status":"publish","type":"post","link":"https:\/\/blogs.uninter.edu.mx\/ESCAT\/index.php\/que-es-la-didactica\/","title":{"rendered":"\u00bfQu\u00e9 Es la Did\u00e1ctica? #Uninter #ESCAT #Educaci\u00f3n"},"content":{"rendered":"<div class=\"wp-block-image\">\n<figure class=\"aligncenter size-full is-resized\"><a href=\"https:\/\/www.facebook.com\/EscatUninter\/?locale=es_LA\"><img loading=\"lazy\" decoding=\"async\" src=\"https:\/\/blogs.uninter.edu.mx\/ESCAT\/wp-content\/uploads\/2023\/09\/image-24.png\" alt=\"\" class=\"wp-image-61177\" width=\"169\" height=\"192\"\/><\/a><\/figure>\n<\/div>\n\n\n<p class=\"has-text-align-justify\">La\u00a0did\u00e1ctica\u00a0es una parte de la\u00a0pedagog\u00eda\u00a0que estudia las leyes del proceso general de\u00a0educaci\u00f3n\u00a0y entrenamiento en la\u00a0formaci\u00f3n.<\/p>\n\n\n\n<!--more-->\n\n\n\n<p class=\"has-text-align-justify\">La\u00a0did\u00e1ctica\u00a0es una rama de la\u00a0ciencia pedag\u00f3gica\u00a0que revela los\u00a0fundamentos te\u00f3ricos de la educaci\u00f3n y la formaci\u00f3n\u00a0en su forma m\u00e1s general. La did\u00e1ctica revela patrones, principios de ense\u00f1anza, tareas, el contenido de la educaci\u00f3n, formas y m\u00e9todos de ense\u00f1anza y aprendizaje, estimulaci\u00f3n y control en el proceso educativo, caracter\u00edsticos de todas las materias en todas las etapas de formaci\u00f3n.<\/p>\n\n\n<div class=\"wp-block-image\">\n<figure class=\"aligncenter size-full is-resized\"><img loading=\"lazy\" decoding=\"async\" src=\"https:\/\/blogs.uninter.edu.mx\/ESCAT\/wp-content\/uploads\/2023\/09\/image-34.png\" alt=\"\" class=\"wp-image-61427\" width=\"414\" height=\"276\"\/><\/figure>\n<\/div>\n\n\n<h3 class=\"wp-block-heading\">Divisi\u00f3n de la did\u00e1ctica<\/h3>\n\n\n\n<p>Seg\u00fan Juan Amos Comenius, en su libro &#8220;Did\u00e1ctica magna&#8221;, esta se divide en tres formas:<\/p>\n\n\n\n<ul class=\"wp-block-list\">\n<li><strong>Mat\u00e9tica:<\/strong> Que se refiere a quien aprende. La did\u00e1ctica debe tener claro hacia quien va dirigido el aprendizaje y con base en que necesidades se ejecutar\u00e1.<\/li>\n\n\n\n<li><strong>Sistem\u00e1tica:<\/strong> Se refiere a los objetivos de aprendizaje y a las materias por cursar. De modo que la did\u00e1ctica sirve como conducto para cumplir dichos objetivos.<\/li>\n\n\n\n<li><strong>Met\u00f3dica:<\/strong> Es el momento en el que se ejecuta la did\u00e1ctica. El docente cumple una labor muy importante en esta divisi\u00f3n, pues deber\u00e1 ser actor por naturaleza, usar un nivel de voz adecuado, etc\u00e9tera.\u200b<\/li>\n<\/ul>\n\n\n<div class=\"wp-block-image\">\n<figure class=\"aligncenter size-full is-resized\"><img loading=\"lazy\" decoding=\"async\" src=\"https:\/\/blogs.uninter.edu.mx\/ESCAT\/wp-content\/uploads\/2023\/09\/didactica.jpg\" alt=\"\" class=\"wp-image-61429\" width=\"459\" height=\"306\"\/><\/figure>\n<\/div>\n\n\n<h3 class=\"wp-block-heading\">Principios did\u00e1cticos<\/h3>\n\n\n\n<p class=\"has-text-align-justify\">Los\u00a0requisitos fundamentales para la organizaci\u00f3n pr\u00e1ctica del proceso educativo\u00a0en pedagog\u00eda suelen denominarse\u00a0principios did\u00e1cticos. Los principios did\u00e1cticos m\u00e1s importantes incluyen:<\/p>\n\n\n\n<ul class=\"wp-block-list\">\n<li>La capacitaci\u00f3n debe ser cient\u00edfica y tener un enfoque de cosmovisi\u00f3n.<\/li>\n\n\n\n<li>El aprendizaje debe caracterizarse por una conexi\u00f3n entre la teor\u00eda y la pr\u00e1ctica.<\/li>\n\n\n\n<li>La formaci\u00f3n debe ser clara.<\/li>\n\n\n\n<li>El entrenamiento debe ser activo y consciente.<\/li>\n\n\n\n<li>La ejercitaci\u00f3n debe ser asequible.<\/li>\n\n\n\n<li>La capacitaci\u00f3n debe ser sistem\u00e1tica y consistente.<\/li>\n\n\n\n<li>El entrenamiento debe ser duradero.<\/li>\n<\/ul>\n\n\n<div class=\"wp-block-image\">\n<figure class=\"aligncenter size-full is-resized\"><img loading=\"lazy\" decoding=\"async\" src=\"https:\/\/blogs.uninter.edu.mx\/ESCAT\/wp-content\/uploads\/2023\/09\/didactica-2.jpg\" alt=\"\" class=\"wp-image-61432\" width=\"536\" height=\"357\"\/><\/figure>\n<\/div>\n\n\n<h3 class=\"wp-block-heading\">Acto did\u00e1ctico y sus componentes<\/h3>\n\n\n\n<p class=\"has-text-align-justify\">El acto did\u00e1ctico hace referencia a la realizaci\u00f3n concreta del proceso de ense\u00f1anza; es decir: la materializaci\u00f3n en el tiempo y el espacio de dicho proceso. Hay seis componentes importantes que lo conforman:\u200b<\/p>\n\n\n\n<ul class=\"wp-block-list\">\n<li><strong>El\u00a0docente:<\/strong> Persona que promueve y orienta el aprendizaje<\/li>\n\n\n\n<li><strong>El estudiante:<\/strong>\u00a0Persona a quien se dirige la\u00a0ense\u00f1anza.<\/li>\n\n\n\n<li><strong>Los\u00a0objetivos de aprendizaje:<\/strong>\u00a0Metas educativas que reflejan los logros de aprendizaje que se esperan en los estudiantes.<\/li>\n\n\n\n<li><strong>Materia:<\/strong>\u00a0Contenidos que han de ser ense\u00f1ados y aprendidos.<\/li>\n\n\n\n<li><strong>Los\u00a0m\u00e9todos de ense\u00f1anza:<\/strong>\u00a0Procedimientos seguidos para promover el aprendizaje. Responden a la pregunta de c\u00f3mo ense\u00f1ar.\u200b<\/li>\n\n\n\n<li><strong>El\u00a0contexto del\u00a0aprendizaje:<\/strong>\u00a0Escenario donde se lleva a cabo el proceso ense\u00f1anza-aprendizaje; incluye el entorno social, cultural y geogr\u00e1fico.<\/li>\n<\/ul>\n\n\n\n<h6 class=\"wp-block-heading\">Fuente: <a href=\"https:\/\/www.ceupe.com\/blog\/que-es-la-didactica.html#:~:text=La%20did%C3%A1ctica%20estudia%20las%20leyes,superior%20y%20otros%20sistemas%20educativos.\">ceupe.com<\/a><\/h6>\n\n\n\n<p class=\"has-text-align-right\"><a href=\"https:\/\/blogs.uninter.edu.mx\/ESCAT\/index.php\/category\/noticias\/\">M\u00e1s noticias sobre&#8230;<\/a><\/p>\n\n\n\n<figure class=\"wp-block-image size-full\"><a href=\"uninter.edu.mx\"><img loading=\"lazy\" decoding=\"async\" width=\"1024\" height=\"154\" src=\"https:\/\/blogs.uninter.edu.mx\/ESCAT\/wp-content\/uploads\/2023\/07\/image-105.png\" alt=\"\" class=\"wp-image-60434\"\/><\/a><\/figure>\n","protected":false},"excerpt":{"rendered":"<p>La\u00a0did\u00e1ctica\u00a0es una parte de la\u00a0pedagog\u00eda\u00a0que estudia las leyes del proceso general de\u00a0educaci\u00f3n\u00a0y entrenamiento en la\u00a0formaci\u00f3n.<\/p>\n","protected":false},"author":42,"featured_media":61427,"comment_status":"open","ping_status":"open","sticky":false,"template":"","format":"standard","meta":{"_jetpack_memberships_contains_paid_content":false,"footnotes":"","jetpack_publicize_message":"","jetpack_publicize_feature_enabled":true,"jetpack_social_post_already_shared":true,"jetpack_social_options":{"image_generator_settings":{"template":"highway","default_image_id":0,"font":"","enabled":false},"version":2}},"categories":[26],"tags":[63,4115,53,90,32,1015,1361,3978,31,37],"class_list":["post-61426","post","type-post","status-publish","format-standard","has-post-thumbnail","hentry","category-noticias","tag-aprendizaje","tag-didactica","tag-docencia","tag-educacion","tag-escat","tag-estudiante-2","tag-pedagogia","tag-teoria-3","tag-uninter","tag-universidad-internacional"],"yoast_head":"<!-- This site is optimized with the Yoast SEO plugin v26.8 - https:\/\/yoast.com\/product\/yoast-seo-wordpress\/ -->\r\n<title>\u00bfQu\u00e9 Es la Did\u00e1ctica? #Uninter #ESCAT #Educaci\u00f3n - Escuela de Ciencias, Artes y Tecnolog\u00eda<\/title>\r\n<meta name=\"description\" content=\"La\u00a0did\u00e1ctica\u00a0es una parte de la\u00a0pedagog\u00eda\u00a0que estudia las leyes del proceso general de\u00a0educaci\u00f3n\u00a0y entrenamiento en la\u00a0formaci\u00f3n.\" \/>\r\n<meta name=\"robots\" content=\"index, follow, max-snippet:-1, max-image-preview:large, max-video-preview:-1\" \/>\r\n<link rel=\"canonical\" href=\"https:\/\/blogs.uninter.edu.mx\/ESCAT\/index.php\/que-es-la-didactica\/\" \/>\r\n<meta property=\"og:locale\" content=\"es_MX\" \/>\r\n<meta property=\"og:type\" content=\"article\" \/>\r\n<meta property=\"og:title\" content=\"\u00bfQu\u00e9 Es la Did\u00e1ctica? #Uninter #ESCAT #Educaci\u00f3n - Escuela de Ciencias, Artes y Tecnolog\u00eda\" \/>\r\n<meta property=\"og:description\" content=\"La\u00a0did\u00e1ctica\u00a0es una parte de la\u00a0pedagog\u00eda\u00a0que estudia las leyes del proceso general de\u00a0educaci\u00f3n\u00a0y entrenamiento en la\u00a0formaci\u00f3n.\" \/>\r\n<meta property=\"og:url\" content=\"https:\/\/blogs.uninter.edu.mx\/ESCAT\/index.php\/que-es-la-didactica\/\" \/>\r\n<meta property=\"og:site_name\" content=\"Escuela de Ciencias, Artes y Tecnolog\u00eda\" \/>\r\n<meta property=\"article:publisher\" content=\"https:\/\/www.facebook.com\/EscatUninter\/\" \/>\r\n<meta property=\"article:published_time\" content=\"2023-09-30T18:00:00+00:00\" \/>\r\n<meta property=\"og:image\" content=\"https:\/\/blogs.uninter.edu.mx\/ESCAT\/wp-content\/uploads\/2023\/09\/image-34.png\" \/>\r\n\t<meta property=\"og:image:width\" content=\"1200\" \/>\r\n\t<meta property=\"og:image:height\" content=\"800\" \/>\r\n\t<meta property=\"og:image:type\" content=\"image\/png\" \/>\r\n<meta name=\"author\" content=\"Nissi Blanch\" \/>\r\n<meta name=\"twitter:card\" content=\"summary_large_image\" \/>\r\n<meta name=\"twitter:image\" content=\"https:\/\/blogs.uninter.edu.mx\/ESCAT\/wp-content\/uploads\/2023\/09\/image-34.png\" \/>\r\n<meta name=\"twitter:creator\" content=\"@EscatUninter\" \/>\r\n<meta name=\"twitter:site\" content=\"@EscatUninter\" \/>\r\n<meta name=\"twitter:label1\" content=\"Escrito por\" \/>\n\t<meta name=\"twitter:data1\" content=\"Nissi Blanch\" \/>\n\t<meta name=\"twitter:label2\" content=\"Tiempo de lectura\" \/>\n\t<meta name=\"twitter:data2\" content=\"3 minutos\" \/>\r\n<script type=\"application\/ld+json\" class=\"yoast-schema-graph\">{\"@context\":\"https:\/\/schema.org\",\"@graph\":[{\"@type\":\"Article\",\"@id\":\"https:\/\/blogs.uninter.edu.mx\/ESCAT\/index.php\/que-es-la-didactica\/#article\",\"isPartOf\":{\"@id\":\"https:\/\/blogs.uninter.edu.mx\/ESCAT\/index.php\/que-es-la-didactica\/\"},\"author\":{\"name\":\"Nissi Blanch\",\"@id\":\"https:\/\/blogs.uninter.edu.mx\/ESCAT\/#\/schema\/person\/d7f8a1174f69af9f3d8375ee0c00f5cd\"},\"headline\":\"\u00bfQu\u00e9 Es la Did\u00e1ctica? #Uninter #ESCAT #Educaci\u00f3n\",\"datePublished\":\"2023-09-30T18:00:00+00:00\",\"mainEntityOfPage\":{\"@id\":\"https:\/\/blogs.uninter.edu.mx\/ESCAT\/index.php\/que-es-la-didactica\/\"},\"wordCount\":463,\"commentCount\":0,\"image\":{\"@id\":\"https:\/\/blogs.uninter.edu.mx\/ESCAT\/index.php\/que-es-la-didactica\/#primaryimage\"},\"thumbnailUrl\":\"https:\/\/blogs.uninter.edu.mx\/ESCAT\/wp-content\/uploads\/2023\/09\/image-34.png\",\"keywords\":[\"Aprendizaje\",\"did\u00e1ctica\",\"Docencia\",\"Educaci\u00f3n\",\"ESCAT\",\"Estudiante\",\"pedagog\u00eda\",\"teor\u00eda\",\"Uninter\",\"Universidad Internacional\"],\"articleSection\":[\"Noticias\"],\"inLanguage\":\"es\",\"potentialAction\":[{\"@type\":\"CommentAction\",\"name\":\"Comment\",\"target\":[\"https:\/\/blogs.uninter.edu.mx\/ESCAT\/index.php\/que-es-la-didactica\/#respond\"]}]},{\"@type\":\"WebPage\",\"@id\":\"https:\/\/blogs.uninter.edu.mx\/ESCAT\/index.php\/que-es-la-didactica\/\",\"url\":\"https:\/\/blogs.uninter.edu.mx\/ESCAT\/index.php\/que-es-la-didactica\/\",\"name\":\"\u00bfQu\u00e9 Es la Did\u00e1ctica? #Uninter #ESCAT #Educaci\u00f3n - Escuela de Ciencias, Artes y Tecnolog\u00eda\",\"isPartOf\":{\"@id\":\"https:\/\/blogs.uninter.edu.mx\/ESCAT\/#website\"},\"primaryImageOfPage\":{\"@id\":\"https:\/\/blogs.uninter.edu.mx\/ESCAT\/index.php\/que-es-la-didactica\/#primaryimage\"},\"image\":{\"@id\":\"https:\/\/blogs.uninter.edu.mx\/ESCAT\/index.php\/que-es-la-didactica\/#primaryimage\"},\"thumbnailUrl\":\"https:\/\/blogs.uninter.edu.mx\/ESCAT\/wp-content\/uploads\/2023\/09\/image-34.png\",\"datePublished\":\"2023-09-30T18:00:00+00:00\",\"author\":{\"@id\":\"https:\/\/blogs.uninter.edu.mx\/ESCAT\/#\/schema\/person\/d7f8a1174f69af9f3d8375ee0c00f5cd\"},\"description\":\"La\u00a0did\u00e1ctica\u00a0es una parte de la\u00a0pedagog\u00eda\u00a0que estudia las leyes del proceso general de\u00a0educaci\u00f3n\u00a0y entrenamiento en la\u00a0formaci\u00f3n.\",\"breadcrumb\":{\"@id\":\"https:\/\/blogs.uninter.edu.mx\/ESCAT\/index.php\/que-es-la-didactica\/#breadcrumb\"},\"inLanguage\":\"es\",\"potentialAction\":[{\"@type\":\"ReadAction\",\"target\":[\"https:\/\/blogs.uninter.edu.mx\/ESCAT\/index.php\/que-es-la-didactica\/\"]}]},{\"@type\":\"ImageObject\",\"inLanguage\":\"es\",\"@id\":\"https:\/\/blogs.uninter.edu.mx\/ESCAT\/index.php\/que-es-la-didactica\/#primaryimage\",\"url\":\"https:\/\/blogs.uninter.edu.mx\/ESCAT\/wp-content\/uploads\/2023\/09\/image-34.png\",\"contentUrl\":\"https:\/\/blogs.uninter.edu.mx\/ESCAT\/wp-content\/uploads\/2023\/09\/image-34.png\",\"width\":1200,\"height\":800},{\"@type\":\"BreadcrumbList\",\"@id\":\"https:\/\/blogs.uninter.edu.mx\/ESCAT\/index.php\/que-es-la-didactica\/#breadcrumb\",\"itemListElement\":[{\"@type\":\"ListItem\",\"position\":1,\"name\":\"Inicio\",\"item\":\"https:\/\/blogs.uninter.edu.mx\/ESCAT\/\"},{\"@type\":\"ListItem\",\"position\":2,\"name\":\"\u00bfQu\u00e9 Es la Did\u00e1ctica? #Uninter #ESCAT #Educaci\u00f3n\"}]},{\"@type\":\"WebSite\",\"@id\":\"https:\/\/blogs.uninter.edu.mx\/ESCAT\/#website\",\"url\":\"https:\/\/blogs.uninter.edu.mx\/ESCAT\/\",\"name\":\"Escuela de Ciencias, Artes y Tecnolog\u00eda UNINTER\",\"description\":\"ESCAT\",\"potentialAction\":[{\"@type\":\"SearchAction\",\"target\":{\"@type\":\"EntryPoint\",\"urlTemplate\":\"https:\/\/blogs.uninter.edu.mx\/ESCAT\/?s={search_term_string}\"},\"query-input\":{\"@type\":\"PropertyValueSpecification\",\"valueRequired\":true,\"valueName\":\"search_term_string\"}}],\"inLanguage\":\"es\"},{\"@type\":\"Person\",\"@id\":\"https:\/\/blogs.uninter.edu.mx\/ESCAT\/#\/schema\/person\/d7f8a1174f69af9f3d8375ee0c00f5cd\",\"name\":\"Nissi Blanch\",\"image\":{\"@type\":\"ImageObject\",\"inLanguage\":\"es\",\"@id\":\"https:\/\/blogs.uninter.edu.mx\/ESCAT\/#\/schema\/person\/image\/\",\"url\":\"https:\/\/secure.gravatar.com\/avatar\/469574cca9be320a8dfcf078822844096ab414919fe01cf56ee6123b3cbfab56?s=96&d=mm&r=g\",\"contentUrl\":\"https:\/\/secure.gravatar.com\/avatar\/469574cca9be320a8dfcf078822844096ab414919fe01cf56ee6123b3cbfab56?s=96&d=mm&r=g\",\"caption\":\"Nissi Blanch\"},\"url\":\"https:\/\/blogs.uninter.edu.mx\/ESCAT\/index.php\/author\/nblanch\/\"}]}<\/script>\r\n<!-- \/ Yoast SEO plugin. -->","yoast_head_json":{"title":"\u00bfQu\u00e9 Es la Did\u00e1ctica? #Uninter #ESCAT #Educaci\u00f3n - Escuela de Ciencias, Artes y Tecnolog\u00eda","description":"La\u00a0did\u00e1ctica\u00a0es una parte de la\u00a0pedagog\u00eda\u00a0que estudia las leyes del proceso general de\u00a0educaci\u00f3n\u00a0y entrenamiento en la\u00a0formaci\u00f3n.","robots":{"index":"index","follow":"follow","max-snippet":"max-snippet:-1","max-image-preview":"max-image-preview:large","max-video-preview":"max-video-preview:-1"},"canonical":"https:\/\/blogs.uninter.edu.mx\/ESCAT\/index.php\/que-es-la-didactica\/","og_locale":"es_MX","og_type":"article","og_title":"\u00bfQu\u00e9 Es la Did\u00e1ctica? #Uninter #ESCAT #Educaci\u00f3n - Escuela de Ciencias, Artes y Tecnolog\u00eda","og_description":"La\u00a0did\u00e1ctica\u00a0es una parte de la\u00a0pedagog\u00eda\u00a0que estudia las leyes del proceso general de\u00a0educaci\u00f3n\u00a0y entrenamiento en la\u00a0formaci\u00f3n.","og_url":"https:\/\/blogs.uninter.edu.mx\/ESCAT\/index.php\/que-es-la-didactica\/","og_site_name":"Escuela de Ciencias, Artes y Tecnolog\u00eda","article_publisher":"https:\/\/www.facebook.com\/EscatUninter\/","article_published_time":"2023-09-30T18:00:00+00:00","og_image":[{"width":1200,"height":800,"url":"https:\/\/blogs.uninter.edu.mx\/ESCAT\/wp-content\/uploads\/2023\/09\/image-34.png","type":"image\/png"}],"author":"Nissi Blanch","twitter_card":"summary_large_image","twitter_image":"https:\/\/blogs.uninter.edu.mx\/ESCAT\/wp-content\/uploads\/2023\/09\/image-34.png","twitter_creator":"@EscatUninter","twitter_site":"@EscatUninter","twitter_misc":{"Escrito por":"Nissi Blanch","Tiempo de lectura":"3 minutos"},"schema":{"@context":"https:\/\/schema.org","@graph":[{"@type":"Article","@id":"https:\/\/blogs.uninter.edu.mx\/ESCAT\/index.php\/que-es-la-didactica\/#article","isPartOf":{"@id":"https:\/\/blogs.uninter.edu.mx\/ESCAT\/index.php\/que-es-la-didactica\/"},"author":{"name":"Nissi Blanch","@id":"https:\/\/blogs.uninter.edu.mx\/ESCAT\/#\/schema\/person\/d7f8a1174f69af9f3d8375ee0c00f5cd"},"headline":"\u00bfQu\u00e9 Es la Did\u00e1ctica? #Uninter #ESCAT #Educaci\u00f3n","datePublished":"2023-09-30T18:00:00+00:00","mainEntityOfPage":{"@id":"https:\/\/blogs.uninter.edu.mx\/ESCAT\/index.php\/que-es-la-didactica\/"},"wordCount":463,"commentCount":0,"image":{"@id":"https:\/\/blogs.uninter.edu.mx\/ESCAT\/index.php\/que-es-la-didactica\/#primaryimage"},"thumbnailUrl":"https:\/\/blogs.uninter.edu.mx\/ESCAT\/wp-content\/uploads\/2023\/09\/image-34.png","keywords":["Aprendizaje","did\u00e1ctica","Docencia","Educaci\u00f3n","ESCAT","Estudiante","pedagog\u00eda","teor\u00eda","Uninter","Universidad Internacional"],"articleSection":["Noticias"],"inLanguage":"es","potentialAction":[{"@type":"CommentAction","name":"Comment","target":["https:\/\/blogs.uninter.edu.mx\/ESCAT\/index.php\/que-es-la-didactica\/#respond"]}]},{"@type":"WebPage","@id":"https:\/\/blogs.uninter.edu.mx\/ESCAT\/index.php\/que-es-la-didactica\/","url":"https:\/\/blogs.uninter.edu.mx\/ESCAT\/index.php\/que-es-la-didactica\/","name":"\u00bfQu\u00e9 Es la Did\u00e1ctica? #Uninter #ESCAT #Educaci\u00f3n - Escuela de Ciencias, Artes y Tecnolog\u00eda","isPartOf":{"@id":"https:\/\/blogs.uninter.edu.mx\/ESCAT\/#website"},"primaryImageOfPage":{"@id":"https:\/\/blogs.uninter.edu.mx\/ESCAT\/index.php\/que-es-la-didactica\/#primaryimage"},"image":{"@id":"https:\/\/blogs.uninter.edu.mx\/ESCAT\/index.php\/que-es-la-didactica\/#primaryimage"},"thumbnailUrl":"https:\/\/blogs.uninter.edu.mx\/ESCAT\/wp-content\/uploads\/2023\/09\/image-34.png","datePublished":"2023-09-30T18:00:00+00:00","author":{"@id":"https:\/\/blogs.uninter.edu.mx\/ESCAT\/#\/schema\/person\/d7f8a1174f69af9f3d8375ee0c00f5cd"},"description":"La\u00a0did\u00e1ctica\u00a0es una parte de la\u00a0pedagog\u00eda\u00a0que estudia las leyes del proceso general de\u00a0educaci\u00f3n\u00a0y entrenamiento en la\u00a0formaci\u00f3n.","breadcrumb":{"@id":"https:\/\/blogs.uninter.edu.mx\/ESCAT\/index.php\/que-es-la-didactica\/#breadcrumb"},"inLanguage":"es","potentialAction":[{"@type":"ReadAction","target":["https:\/\/blogs.uninter.edu.mx\/ESCAT\/index.php\/que-es-la-didactica\/"]}]},{"@type":"ImageObject","inLanguage":"es","@id":"https:\/\/blogs.uninter.edu.mx\/ESCAT\/index.php\/que-es-la-didactica\/#primaryimage","url":"https:\/\/blogs.uninter.edu.mx\/ESCAT\/wp-content\/uploads\/2023\/09\/image-34.png","contentUrl":"https:\/\/blogs.uninter.edu.mx\/ESCAT\/wp-content\/uploads\/2023\/09\/image-34.png","width":1200,"height":800},{"@type":"BreadcrumbList","@id":"https:\/\/blogs.uninter.edu.mx\/ESCAT\/index.php\/que-es-la-didactica\/#breadcrumb","itemListElement":[{"@type":"ListItem","position":1,"name":"Inicio","item":"https:\/\/blogs.uninter.edu.mx\/ESCAT\/"},{"@type":"ListItem","position":2,"name":"\u00bfQu\u00e9 Es la Did\u00e1ctica? #Uninter #ESCAT #Educaci\u00f3n"}]},{"@type":"WebSite","@id":"https:\/\/blogs.uninter.edu.mx\/ESCAT\/#website","url":"https:\/\/blogs.uninter.edu.mx\/ESCAT\/","name":"Escuela de Ciencias, Artes y Tecnolog\u00eda UNINTER","description":"ESCAT","potentialAction":[{"@type":"SearchAction","target":{"@type":"EntryPoint","urlTemplate":"https:\/\/blogs.uninter.edu.mx\/ESCAT\/?s={search_term_string}"},"query-input":{"@type":"PropertyValueSpecification","valueRequired":true,"valueName":"search_term_string"}}],"inLanguage":"es"},{"@type":"Person","@id":"https:\/\/blogs.uninter.edu.mx\/ESCAT\/#\/schema\/person\/d7f8a1174f69af9f3d8375ee0c00f5cd","name":"Nissi Blanch","image":{"@type":"ImageObject","inLanguage":"es","@id":"https:\/\/blogs.uninter.edu.mx\/ESCAT\/#\/schema\/person\/image\/","url":"https:\/\/secure.gravatar.com\/avatar\/469574cca9be320a8dfcf078822844096ab414919fe01cf56ee6123b3cbfab56?s=96&d=mm&r=g","contentUrl":"https:\/\/secure.gravatar.com\/avatar\/469574cca9be320a8dfcf078822844096ab414919fe01cf56ee6123b3cbfab56?s=96&d=mm&r=g","caption":"Nissi Blanch"},"url":"https:\/\/blogs.uninter.edu.mx\/ESCAT\/index.php\/author\/nblanch\/"}]}},"jetpack_publicize_connections":[],"jetpack_featured_media_url":"https:\/\/blogs.uninter.edu.mx\/ESCAT\/wp-content\/uploads\/2023\/09\/image-34.png","jetpack_sharing_enabled":true,"_links":{"self":[{"href":"https:\/\/blogs.uninter.edu.mx\/ESCAT\/index.php\/wp-json\/wp\/v2\/posts\/61426","targetHints":{"allow":["GET"]}}],"collection":[{"href":"https:\/\/blogs.uninter.edu.mx\/ESCAT\/index.php\/wp-json\/wp\/v2\/posts"}],"about":[{"href":"https:\/\/blogs.uninter.edu.mx\/ESCAT\/index.php\/wp-json\/wp\/v2\/types\/post"}],"author":[{"embeddable":true,"href":"https:\/\/blogs.uninter.edu.mx\/ESCAT\/index.php\/wp-json\/wp\/v2\/users\/42"}],"replies":[{"embeddable":true,"href":"https:\/\/blogs.uninter.edu.mx\/ESCAT\/index.php\/wp-json\/wp\/v2\/comments?post=61426"}],"version-history":[{"count":1,"href":"https:\/\/blogs.uninter.edu.mx\/ESCAT\/index.php\/wp-json\/wp\/v2\/posts\/61426\/revisions"}],"predecessor-version":[{"id":61434,"href":"https:\/\/blogs.uninter.edu.mx\/ESCAT\/index.php\/wp-json\/wp\/v2\/posts\/61426\/revisions\/61434"}],"wp:featuredmedia":[{"embeddable":true,"href":"https:\/\/blogs.uninter.edu.mx\/ESCAT\/index.php\/wp-json\/wp\/v2\/media\/61427"}],"wp:attachment":[{"href":"https:\/\/blogs.uninter.edu.mx\/ESCAT\/index.php\/wp-json\/wp\/v2\/media?parent=61426"}],"wp:term":[{"taxonomy":"category","embeddable":true,"href":"https:\/\/blogs.uninter.edu.mx\/ESCAT\/index.php\/wp-json\/wp\/v2\/categories?post=61426"},{"taxonomy":"post_tag","embeddable":true,"href":"https:\/\/blogs.uninter.edu.mx\/ESCAT\/index.php\/wp-json\/wp\/v2\/tags?post=61426"}],"curies":[{"name":"wp","href":"https:\/\/api.w.org\/{rel}","templated":true}]}}