{"id":63735,"date":"2024-05-01T09:00:00","date_gmt":"2024-05-01T14:00:00","guid":{"rendered":"https:\/\/blogs.uninter.edu.mx\/ESCAT\/?p=63735"},"modified":"2024-01-10T10:23:06","modified_gmt":"2024-01-10T16:23:06","slug":"dia-del-trabajo","status":"publish","type":"post","link":"https:\/\/blogs.uninter.edu.mx\/ESCAT\/index.php\/dia-del-trabajo\/","title":{"rendered":"D\u00eda del Trabajo #ESCAT #Uninter #1Mayo"},"content":{"rendered":"<div class=\"wp-block-image\">\n<figure class=\"aligncenter size-full is-resized\"><a href=\"https:\/\/www.facebook.com\/EscatUninter\/?locale=es_LA\"><img loading=\"lazy\" decoding=\"async\" src=\"https:\/\/blogs.uninter.edu.mx\/ESCAT\/wp-content\/uploads\/2023\/11\/image-40.png\" alt=\"\" class=\"wp-image-63291\" width=\"177\" height=\"201\"\/><\/a><\/figure>\n<\/div>\n\n\n<p>El D\u00eda Internacional del Trabajo busca dignificar la labor que hacen los trabajadores a nivel mundial. En M\u00e9xico se conmemoran los derechos ganados.<\/p>\n\n\n\n<!--more-->\n\n\n\n<p class=\"has-text-align-justify\">Este 1 de mayo se conmemora el\u00a0D\u00eda del Trabajo, que tiene el objetivo de refrendar la\u00a0importancia de las actividades que realizan los empleados, que diariamente se esfuerzan por realizarlo y aportan a su empresa o su jefe recursos que le permiten crecer econ\u00f3mica, as\u00ed como territorialmente.<\/p>\n\n\n<div class=\"wp-block-image\">\n<figure class=\"aligncenter size-full is-resized\"><img loading=\"lazy\" decoding=\"async\" src=\"https:\/\/blogs.uninter.edu.mx\/ESCAT\/wp-content\/uploads\/2024\/01\/02-de-Mayo-Dia-del-Trabajo-02.05.22.jpg\" alt=\"\" class=\"wp-image-63737\" width=\"668\" height=\"375\"\/><\/figure>\n<\/div>\n\n\n<h3 class=\"wp-block-heading\">Origen del D\u00eda del Trabajo en M\u00e9xico<\/h3>\n\n\n\n<p class=\"has-text-align-justify\">Cabe mencionar que\u00a0conmemora\u00a0como D\u00eda Internacional del Trabajo, desde 1913 ,en M\u00e9xico, despu\u00e9s de que durante Revoluci\u00f3n Mexicana, la\u00a0Casa del Obrero Mundial, unificara a varias organizaciones obreras. Durante el a\u00f1o anteriormente mencionado se celebr\u00f3 el primer desfile, en el que participaron m\u00e1s de 25 mil trabajadores.<\/p>\n\n\n<div class=\"wp-block-image\">\n<figure class=\"alignright size-full is-resized\"><img loading=\"lazy\" decoding=\"async\" src=\"https:\/\/blogs.uninter.edu.mx\/ESCAT\/wp-content\/uploads\/2024\/01\/pngtree-cartoon-woman-character-work-interacting-with-communication-technologies-picture-image_8483332.png\" alt=\"\" class=\"wp-image-63736\" width=\"496\" height=\"330\"\/><\/figure>\n<\/div>\n\n\n<p class=\"has-text-align-justify\">Desde esa \u00e9poca y hasta nuestra actualidad, este d\u00eda busca la\u00a0defensa los derechos de los trabajadores, as\u00ed como una jornada laboral adecuada o de ocho horas, la indemnizaci\u00f3n por accidentes laborales, descanso justo para los empleados y un justo pago por su labor o servicios.<\/p>\n\n\n\n<p class=\"has-text-align-justify\">En la Constituci\u00f3n de 1917 se plasmaron las voces de los m\u00e1s vulnerables, entre ellos los obreros y se concret\u00f3 el Art\u00edculo 123, el cual reconoce las obligaciones de los empleadores, as\u00ed como los derechos de los trabajadores.<\/p>\n\n\n\n<p class=\"has-text-align-justify\">Aunque ya se reconoc\u00eda la labor de los trabajadores desde a\u00f1os antes, no fue sino hasta 1925 que el entonces presidente Plutarco El\u00edas Calles inici\u00f3 la conmemoraci\u00f3n del D\u00eda del Trabajo y desde entonces contin\u00faa.\u00a0Durante el 1 de mayo se debe de izar a media asta la bandera mexicana,\u00a0debido a que es una celebraci\u00f3n solemne para el pa\u00eds.<\/p>\n\n\n\n<h3 class=\"wp-block-heading\">Derechos que reconoce el art\u00edculo 123 de la Constituci\u00f3n de los Estados Unidos Mexicanos:<\/h3>\n\n\n\n<ul class=\"wp-block-list\">\n<li>Jornada m\u00e1xima de ocho horas diarias.<\/li>\n\n\n\n<li>Jornada m\u00e1xima de siete horas para el trabajo nocturno.<\/li>\n\n\n\n<li>Prohibici\u00f3n de labores insalubres o peligrosas.<\/li>\n\n\n\n<li>Prohibici\u00f3n para emplear a menores de 14 a\u00f1os.<\/li>\n\n\n\n<li>La jornada m\u00e1xima de trabajo ser\u00e1 de seis horas diarias para los j\u00f3venes que rebasan los 14 a\u00f1os y sean menores de 16.<\/li>\n\n\n\n<li>El goce de, por lo menos, un d\u00eda de descanso por seis de trabajo.<\/li>\n\n\n\n<li>Protecci\u00f3n especial para la trabajadora embarazada.<\/li>\n\n\n\n<li>A trabajo igual debe corresponder salario igual, sin considerar sexo ni nacionalidad.<\/li>\n\n\n\n<li>El establecimiento de una comisi\u00f3n nacional integrada por representantes de los trabajadores, del gobierno para fijar los salarios m\u00ednimos.<\/li>\n\n\n\n<li>Los salarios m\u00ednimos deben ser suficientes para satisfacer la necesidades b\u00e1sicas de un jefe de familia en lo material, social y cultural.<\/li>\n\n\n\n<li>El salario m\u00ednimo debe quedar libre de embargo, compensaciones o descuentos.<\/li>\n\n\n\n<li>Los trabajadores tienen derecho a un reparto de utilidades de la empresa.<\/li>\n\n\n\n<li>El trabajo extraordinario, fuera del horario establecido, debe pagarse a doble sueldo.<\/li>\n\n\n\n<li>Las empresas tienen la obligaci\u00f3n de capacitar a sus trabajadores.<\/li>\n\n\n\n<li>Las instalaciones del centro de trabajo deben ser higi\u00e9nicas, seguras y preventivas.<\/li>\n\n\n\n<li>Derecho de huelga de los trabajadores.<\/li>\n\n\n\n<li>Trabajadores y empresarios tienen derecho a agruparse en defensa de sus intereses, es decir, a formar sindicatos.<\/li>\n<\/ul>\n\n\n\n<h3 class=\"wp-block-heading\">El D\u00eda del Trabajo en el resto del mundo<\/h3>\n\n\n\n<p class=\"has-text-align-justify\">Es celebrado oficialmente en 80 pa\u00edses y extraoficialmente en muchos otros, fue instituido por el Congreso Obrero Socialista de la Segunda Internacional (Par\u00eds,1889) como homenaje a los M\u00e1rtires de Chicago y como jornada reivindicativa de los derechos de los trabajadores.<\/p>\n\n\n\n<p class=\"has-text-align-justify\">A pesar de que en la mayor\u00eda de pa\u00edses el\u00a0D\u00eda del Trabajador\u00a0se celebra el primero de mayo, algunas naciones tienen la conmemoraci\u00f3n en otras fechas, por ejemplo las siguientes:<\/p>\n\n\n\n<p class=\"has-text-align-justify\">Tanto en\u00a0Estados Unidos\u00a0como en\u00a0Canad\u00e1, el D\u00eda del Trabajador se celebra el primer lunes de septiembre.<\/p>\n\n\n\n<p class=\"has-text-align-justify\">En\u00a0Nueva Zelanda\u00a0se celebra el cuarto lunes de octubre y en Australia cada estado federal decide la fecha.<\/p>\n\n\n\n<p class=\"has-text-align-justify\">En\u00a0Alemania,\u00a0el d\u00eda es conocido como Tag der Arbeit, donde la mayor\u00eda de familias\u00a0aprovechan para pasar un momento juntos, especialmente en los parques.<\/p>\n\n\n\n<p>En\u00a0Francia, desde 1890\u00a0los sindicatos se manifiestan para exigir sus derechos.<\/p>\n\n\n\n<p class=\"has-text-align-justify\">En\u00a0Rusia,\u00a0los ciudadanos en Mosc\u00fa disfrutan de una gran variedad de actividades en las\u00a0calles y en las plazas de la ciudad, por ejemplo visitar la capital Rusa y la tradicional\u00a0manifestaci\u00f3n de los sindicatos.<\/p>\n\n\n<div class=\"wp-block-image\">\n<figure class=\"aligncenter size-full is-resized\"><img loading=\"lazy\" decoding=\"async\" src=\"https:\/\/blogs.uninter.edu.mx\/ESCAT\/wp-content\/uploads\/2024\/01\/frases_del_dia_del_trabajador_623_orig.jpg\" alt=\"\" class=\"wp-image-63739\" width=\"492\" height=\"328\"\/><\/figure>\n<\/div>\n\n\n<h6 class=\"wp-block-heading\">Fuente: <a href=\"https:\/\/mexico.as.com\/actualidad\/dia-internacional-del-trabajo-origen-significado-y-cuando-se-conmemora-en-mexico-n\/\">M\u00e9xico.as<\/a><\/h6>\n\n\n\n<p class=\"has-text-align-right\"><a href=\"https:\/\/blogs.uninter.edu.mx\/ESCAT\/index.php\/category\/noticias\/\">M\u00e1s noticias sobre&#8230;<\/a><\/p>\n\n\n\n<figure class=\"wp-block-image size-full\"><a href=\"https:\/\/uninter.edu.mx\/\"><img loading=\"lazy\" decoding=\"async\" width=\"1024\" height=\"154\" src=\"https:\/\/blogs.uninter.edu.mx\/ESCAT\/wp-content\/uploads\/2023\/11\/image-53.png\" alt=\"\" class=\"wp-image-63432\"\/><\/a><\/figure>\n","protected":false},"excerpt":{"rendered":"<p>El D\u00eda Internacional del Trabajo busca dignificar la labor que hacen los trabajadores a nivel mundial. En M\u00e9xico se conmemoran los derechos ganados.<\/p>\n","protected":false},"author":22,"featured_media":63736,"comment_status":"open","ping_status":"open","sticky":false,"template":"","format":"standard","meta":{"_jetpack_memberships_contains_paid_content":false,"footnotes":"","jetpack_publicize_message":"","jetpack_publicize_feature_enabled":true,"jetpack_social_post_already_shared":true,"jetpack_social_options":{"image_generator_settings":{"template":"highway","default_image_id":0,"font":"","enabled":false},"version":2}},"categories":[26],"tags":[4430,109,4431,32,492,3631,2981,4433,2753,76,172,31,37],"class_list":["post-63735","post","type-post","status-publish","format-standard","has-post-thumbnail","hentry","category-noticias","tag-1mayo","tag-derechos","tag-dignificacion","tag-escat","tag-historia-2","tag-igualdad","tag-importancia-2","tag-labor","tag-lucha","tag-mexico","tag-trabajo","tag-uninter","tag-universidad-internacional"],"yoast_head":"<!-- This site is optimized with the Yoast SEO plugin v26.8 - https:\/\/yoast.com\/product\/yoast-seo-wordpress\/ -->\r\n<title>D\u00eda del Trabajo #ESCAT #Uninter #1Mayo - Escuela de Ciencias, Artes y Tecnolog\u00eda<\/title>\r\n<meta name=\"description\" content=\"El D\u00eda del Trabajo busca dignificar la labor que hacen los trabajadores a nivel mundial. En M\u00e9xico se conmemoran los derechos ganados.\" \/>\r\n<meta name=\"robots\" content=\"index, follow, max-snippet:-1, max-image-preview:large, max-video-preview:-1\" \/>\r\n<link rel=\"canonical\" href=\"https:\/\/blogs.uninter.edu.mx\/ESCAT\/index.php\/dia-del-trabajo\/\" \/>\r\n<meta property=\"og:locale\" content=\"es_MX\" \/>\r\n<meta property=\"og:type\" content=\"article\" \/>\r\n<meta property=\"og:title\" content=\"D\u00eda del Trabajo #ESCAT #Uninter #1Mayo - Escuela de Ciencias, Artes y Tecnolog\u00eda\" \/>\r\n<meta property=\"og:description\" content=\"El D\u00eda del Trabajo busca dignificar la labor que hacen los trabajadores a nivel mundial. En M\u00e9xico se conmemoran los derechos ganados.\" \/>\r\n<meta property=\"og:url\" content=\"https:\/\/blogs.uninter.edu.mx\/ESCAT\/index.php\/dia-del-trabajo\/\" \/>\r\n<meta property=\"og:site_name\" content=\"Escuela de Ciencias, Artes y Tecnolog\u00eda\" \/>\r\n<meta property=\"article:publisher\" content=\"https:\/\/www.facebook.com\/EscatUninter\/\" \/>\r\n<meta property=\"article:published_time\" content=\"2024-05-01T14:00:00+00:00\" \/>\r\n<meta property=\"og:image\" content=\"https:\/\/blogs.uninter.edu.mx\/ESCAT\/wp-content\/uploads\/2024\/01\/pngtree-cartoon-woman-character-work-interacting-with-communication-technologies-picture-image_8483332.png\" \/>\r\n\t<meta property=\"og:image:width\" content=\"1200\" \/>\r\n\t<meta property=\"og:image:height\" content=\"800\" \/>\r\n\t<meta property=\"og:image:type\" content=\"image\/png\" \/>\r\n<meta name=\"author\" content=\"EquipoEscat\" \/>\r\n<meta name=\"twitter:card\" content=\"summary_large_image\" \/>\r\n<meta name=\"twitter:image\" content=\"https:\/\/blogs.uninter.edu.mx\/ESCAT\/wp-content\/uploads\/2024\/01\/pngtree-cartoon-woman-character-work-interacting-with-communication-technologies-picture-image_8483332.png\" \/>\r\n<meta name=\"twitter:creator\" content=\"@EscatUninter\" \/>\r\n<meta name=\"twitter:site\" content=\"@EscatUninter\" \/>\r\n<meta name=\"twitter:label1\" content=\"Escrito por\" \/>\n\t<meta name=\"twitter:data1\" content=\"EquipoEscat\" \/>\n\t<meta name=\"twitter:label2\" content=\"Tiempo de lectura\" \/>\n\t<meta name=\"twitter:data2\" content=\"5 minutos\" \/>\r\n<script type=\"application\/ld+json\" class=\"yoast-schema-graph\">{\"@context\":\"https:\/\/schema.org\",\"@graph\":[{\"@type\":\"Article\",\"@id\":\"https:\/\/blogs.uninter.edu.mx\/ESCAT\/index.php\/dia-del-trabajo\/#article\",\"isPartOf\":{\"@id\":\"https:\/\/blogs.uninter.edu.mx\/ESCAT\/index.php\/dia-del-trabajo\/\"},\"author\":{\"name\":\"EquipoEscat\",\"@id\":\"https:\/\/blogs.uninter.edu.mx\/ESCAT\/#\/schema\/person\/df7b8f33d62433cb78a2104bda02490d\"},\"headline\":\"D\u00eda del Trabajo #ESCAT #Uninter #1Mayo\",\"datePublished\":\"2024-05-01T14:00:00+00:00\",\"mainEntityOfPage\":{\"@id\":\"https:\/\/blogs.uninter.edu.mx\/ESCAT\/index.php\/dia-del-trabajo\/\"},\"wordCount\":737,\"commentCount\":0,\"image\":{\"@id\":\"https:\/\/blogs.uninter.edu.mx\/ESCAT\/index.php\/dia-del-trabajo\/#primaryimage\"},\"thumbnailUrl\":\"https:\/\/blogs.uninter.edu.mx\/ESCAT\/wp-content\/uploads\/2024\/01\/pngtree-cartoon-woman-character-work-interacting-with-communication-technologies-picture-image_8483332.png\",\"keywords\":[\"1Mayo\",\"Derechos\",\"Dignificaci\u00f3n\",\"ESCAT\",\"HISTORIA\",\"Igualdad\",\"importancia\",\"Labor\",\"Lucha\",\"M\u00e9xico\",\"trabajo\",\"Uninter\",\"Universidad Internacional\"],\"articleSection\":[\"Noticias\"],\"inLanguage\":\"es\",\"potentialAction\":[{\"@type\":\"CommentAction\",\"name\":\"Comment\",\"target\":[\"https:\/\/blogs.uninter.edu.mx\/ESCAT\/index.php\/dia-del-trabajo\/#respond\"]}]},{\"@type\":\"WebPage\",\"@id\":\"https:\/\/blogs.uninter.edu.mx\/ESCAT\/index.php\/dia-del-trabajo\/\",\"url\":\"https:\/\/blogs.uninter.edu.mx\/ESCAT\/index.php\/dia-del-trabajo\/\",\"name\":\"D\u00eda del Trabajo #ESCAT #Uninter #1Mayo - Escuela de Ciencias, Artes y Tecnolog\u00eda\",\"isPartOf\":{\"@id\":\"https:\/\/blogs.uninter.edu.mx\/ESCAT\/#website\"},\"primaryImageOfPage\":{\"@id\":\"https:\/\/blogs.uninter.edu.mx\/ESCAT\/index.php\/dia-del-trabajo\/#primaryimage\"},\"image\":{\"@id\":\"https:\/\/blogs.uninter.edu.mx\/ESCAT\/index.php\/dia-del-trabajo\/#primaryimage\"},\"thumbnailUrl\":\"https:\/\/blogs.uninter.edu.mx\/ESCAT\/wp-content\/uploads\/2024\/01\/pngtree-cartoon-woman-character-work-interacting-with-communication-technologies-picture-image_8483332.png\",\"datePublished\":\"2024-05-01T14:00:00+00:00\",\"author\":{\"@id\":\"https:\/\/blogs.uninter.edu.mx\/ESCAT\/#\/schema\/person\/df7b8f33d62433cb78a2104bda02490d\"},\"description\":\"El D\u00eda del Trabajo busca dignificar la labor que hacen los trabajadores a nivel mundial. En M\u00e9xico se conmemoran los derechos ganados.\",\"breadcrumb\":{\"@id\":\"https:\/\/blogs.uninter.edu.mx\/ESCAT\/index.php\/dia-del-trabajo\/#breadcrumb\"},\"inLanguage\":\"es\",\"potentialAction\":[{\"@type\":\"ReadAction\",\"target\":[\"https:\/\/blogs.uninter.edu.mx\/ESCAT\/index.php\/dia-del-trabajo\/\"]}]},{\"@type\":\"ImageObject\",\"inLanguage\":\"es\",\"@id\":\"https:\/\/blogs.uninter.edu.mx\/ESCAT\/index.php\/dia-del-trabajo\/#primaryimage\",\"url\":\"https:\/\/blogs.uninter.edu.mx\/ESCAT\/wp-content\/uploads\/2024\/01\/pngtree-cartoon-woman-character-work-interacting-with-communication-technologies-picture-image_8483332.png\",\"contentUrl\":\"https:\/\/blogs.uninter.edu.mx\/ESCAT\/wp-content\/uploads\/2024\/01\/pngtree-cartoon-woman-character-work-interacting-with-communication-technologies-picture-image_8483332.png\",\"width\":1200,\"height\":800},{\"@type\":\"BreadcrumbList\",\"@id\":\"https:\/\/blogs.uninter.edu.mx\/ESCAT\/index.php\/dia-del-trabajo\/#breadcrumb\",\"itemListElement\":[{\"@type\":\"ListItem\",\"position\":1,\"name\":\"Inicio\",\"item\":\"https:\/\/blogs.uninter.edu.mx\/ESCAT\/\"},{\"@type\":\"ListItem\",\"position\":2,\"name\":\"D\u00eda del Trabajo #ESCAT #Uninter #1Mayo\"}]},{\"@type\":\"WebSite\",\"@id\":\"https:\/\/blogs.uninter.edu.mx\/ESCAT\/#website\",\"url\":\"https:\/\/blogs.uninter.edu.mx\/ESCAT\/\",\"name\":\"Escuela de Ciencias, Artes y Tecnolog\u00eda UNINTER\",\"description\":\"ESCAT\",\"potentialAction\":[{\"@type\":\"SearchAction\",\"target\":{\"@type\":\"EntryPoint\",\"urlTemplate\":\"https:\/\/blogs.uninter.edu.mx\/ESCAT\/?s={search_term_string}\"},\"query-input\":{\"@type\":\"PropertyValueSpecification\",\"valueRequired\":true,\"valueName\":\"search_term_string\"}}],\"inLanguage\":\"es\"},{\"@type\":\"Person\",\"@id\":\"https:\/\/blogs.uninter.edu.mx\/ESCAT\/#\/schema\/person\/df7b8f33d62433cb78a2104bda02490d\",\"name\":\"EquipoEscat\",\"image\":{\"@type\":\"ImageObject\",\"inLanguage\":\"es\",\"@id\":\"https:\/\/blogs.uninter.edu.mx\/ESCAT\/#\/schema\/person\/image\/\",\"url\":\"https:\/\/secure.gravatar.com\/avatar\/d943e53cecc7e9e13c011abf6ec7475809c7d278834bde994b19ecd58034a9ff?s=96&d=mm&r=g\",\"contentUrl\":\"https:\/\/secure.gravatar.com\/avatar\/d943e53cecc7e9e13c011abf6ec7475809c7d278834bde994b19ecd58034a9ff?s=96&d=mm&r=g\",\"caption\":\"EquipoEscat\"},\"url\":\"https:\/\/blogs.uninter.edu.mx\/ESCAT\/index.php\/author\/equipoescat\/\"}]}<\/script>\r\n<!-- \/ Yoast SEO plugin. -->","yoast_head_json":{"title":"D\u00eda del Trabajo #ESCAT #Uninter #1Mayo - Escuela de Ciencias, Artes y Tecnolog\u00eda","description":"El D\u00eda del Trabajo busca dignificar la labor que hacen los trabajadores a nivel mundial. En M\u00e9xico se conmemoran los derechos ganados.","robots":{"index":"index","follow":"follow","max-snippet":"max-snippet:-1","max-image-preview":"max-image-preview:large","max-video-preview":"max-video-preview:-1"},"canonical":"https:\/\/blogs.uninter.edu.mx\/ESCAT\/index.php\/dia-del-trabajo\/","og_locale":"es_MX","og_type":"article","og_title":"D\u00eda del Trabajo #ESCAT #Uninter #1Mayo - Escuela de Ciencias, Artes y Tecnolog\u00eda","og_description":"El D\u00eda del Trabajo busca dignificar la labor que hacen los trabajadores a nivel mundial. En M\u00e9xico se conmemoran los derechos ganados.","og_url":"https:\/\/blogs.uninter.edu.mx\/ESCAT\/index.php\/dia-del-trabajo\/","og_site_name":"Escuela de Ciencias, Artes y Tecnolog\u00eda","article_publisher":"https:\/\/www.facebook.com\/EscatUninter\/","article_published_time":"2024-05-01T14:00:00+00:00","og_image":[{"width":1200,"height":800,"url":"https:\/\/blogs.uninter.edu.mx\/ESCAT\/wp-content\/uploads\/2024\/01\/pngtree-cartoon-woman-character-work-interacting-with-communication-technologies-picture-image_8483332.png","type":"image\/png"}],"author":"EquipoEscat","twitter_card":"summary_large_image","twitter_image":"https:\/\/blogs.uninter.edu.mx\/ESCAT\/wp-content\/uploads\/2024\/01\/pngtree-cartoon-woman-character-work-interacting-with-communication-technologies-picture-image_8483332.png","twitter_creator":"@EscatUninter","twitter_site":"@EscatUninter","twitter_misc":{"Escrito por":"EquipoEscat","Tiempo de lectura":"5 minutos"},"schema":{"@context":"https:\/\/schema.org","@graph":[{"@type":"Article","@id":"https:\/\/blogs.uninter.edu.mx\/ESCAT\/index.php\/dia-del-trabajo\/#article","isPartOf":{"@id":"https:\/\/blogs.uninter.edu.mx\/ESCAT\/index.php\/dia-del-trabajo\/"},"author":{"name":"EquipoEscat","@id":"https:\/\/blogs.uninter.edu.mx\/ESCAT\/#\/schema\/person\/df7b8f33d62433cb78a2104bda02490d"},"headline":"D\u00eda del Trabajo #ESCAT #Uninter #1Mayo","datePublished":"2024-05-01T14:00:00+00:00","mainEntityOfPage":{"@id":"https:\/\/blogs.uninter.edu.mx\/ESCAT\/index.php\/dia-del-trabajo\/"},"wordCount":737,"commentCount":0,"image":{"@id":"https:\/\/blogs.uninter.edu.mx\/ESCAT\/index.php\/dia-del-trabajo\/#primaryimage"},"thumbnailUrl":"https:\/\/blogs.uninter.edu.mx\/ESCAT\/wp-content\/uploads\/2024\/01\/pngtree-cartoon-woman-character-work-interacting-with-communication-technologies-picture-image_8483332.png","keywords":["1Mayo","Derechos","Dignificaci\u00f3n","ESCAT","HISTORIA","Igualdad","importancia","Labor","Lucha","M\u00e9xico","trabajo","Uninter","Universidad Internacional"],"articleSection":["Noticias"],"inLanguage":"es","potentialAction":[{"@type":"CommentAction","name":"Comment","target":["https:\/\/blogs.uninter.edu.mx\/ESCAT\/index.php\/dia-del-trabajo\/#respond"]}]},{"@type":"WebPage","@id":"https:\/\/blogs.uninter.edu.mx\/ESCAT\/index.php\/dia-del-trabajo\/","url":"https:\/\/blogs.uninter.edu.mx\/ESCAT\/index.php\/dia-del-trabajo\/","name":"D\u00eda del Trabajo #ESCAT #Uninter #1Mayo - Escuela de Ciencias, Artes y Tecnolog\u00eda","isPartOf":{"@id":"https:\/\/blogs.uninter.edu.mx\/ESCAT\/#website"},"primaryImageOfPage":{"@id":"https:\/\/blogs.uninter.edu.mx\/ESCAT\/index.php\/dia-del-trabajo\/#primaryimage"},"image":{"@id":"https:\/\/blogs.uninter.edu.mx\/ESCAT\/index.php\/dia-del-trabajo\/#primaryimage"},"thumbnailUrl":"https:\/\/blogs.uninter.edu.mx\/ESCAT\/wp-content\/uploads\/2024\/01\/pngtree-cartoon-woman-character-work-interacting-with-communication-technologies-picture-image_8483332.png","datePublished":"2024-05-01T14:00:00+00:00","author":{"@id":"https:\/\/blogs.uninter.edu.mx\/ESCAT\/#\/schema\/person\/df7b8f33d62433cb78a2104bda02490d"},"description":"El D\u00eda del Trabajo busca dignificar la labor que hacen los trabajadores a nivel mundial. En M\u00e9xico se conmemoran los derechos ganados.","breadcrumb":{"@id":"https:\/\/blogs.uninter.edu.mx\/ESCAT\/index.php\/dia-del-trabajo\/#breadcrumb"},"inLanguage":"es","potentialAction":[{"@type":"ReadAction","target":["https:\/\/blogs.uninter.edu.mx\/ESCAT\/index.php\/dia-del-trabajo\/"]}]},{"@type":"ImageObject","inLanguage":"es","@id":"https:\/\/blogs.uninter.edu.mx\/ESCAT\/index.php\/dia-del-trabajo\/#primaryimage","url":"https:\/\/blogs.uninter.edu.mx\/ESCAT\/wp-content\/uploads\/2024\/01\/pngtree-cartoon-woman-character-work-interacting-with-communication-technologies-picture-image_8483332.png","contentUrl":"https:\/\/blogs.uninter.edu.mx\/ESCAT\/wp-content\/uploads\/2024\/01\/pngtree-cartoon-woman-character-work-interacting-with-communication-technologies-picture-image_8483332.png","width":1200,"height":800},{"@type":"BreadcrumbList","@id":"https:\/\/blogs.uninter.edu.mx\/ESCAT\/index.php\/dia-del-trabajo\/#breadcrumb","itemListElement":[{"@type":"ListItem","position":1,"name":"Inicio","item":"https:\/\/blogs.uninter.edu.mx\/ESCAT\/"},{"@type":"ListItem","position":2,"name":"D\u00eda del Trabajo #ESCAT #Uninter #1Mayo"}]},{"@type":"WebSite","@id":"https:\/\/blogs.uninter.edu.mx\/ESCAT\/#website","url":"https:\/\/blogs.uninter.edu.mx\/ESCAT\/","name":"Escuela de Ciencias, Artes y Tecnolog\u00eda UNINTER","description":"ESCAT","potentialAction":[{"@type":"SearchAction","target":{"@type":"EntryPoint","urlTemplate":"https:\/\/blogs.uninter.edu.mx\/ESCAT\/?s={search_term_string}"},"query-input":{"@type":"PropertyValueSpecification","valueRequired":true,"valueName":"search_term_string"}}],"inLanguage":"es"},{"@type":"Person","@id":"https:\/\/blogs.uninter.edu.mx\/ESCAT\/#\/schema\/person\/df7b8f33d62433cb78a2104bda02490d","name":"EquipoEscat","image":{"@type":"ImageObject","inLanguage":"es","@id":"https:\/\/blogs.uninter.edu.mx\/ESCAT\/#\/schema\/person\/image\/","url":"https:\/\/secure.gravatar.com\/avatar\/d943e53cecc7e9e13c011abf6ec7475809c7d278834bde994b19ecd58034a9ff?s=96&d=mm&r=g","contentUrl":"https:\/\/secure.gravatar.com\/avatar\/d943e53cecc7e9e13c011abf6ec7475809c7d278834bde994b19ecd58034a9ff?s=96&d=mm&r=g","caption":"EquipoEscat"},"url":"https:\/\/blogs.uninter.edu.mx\/ESCAT\/index.php\/author\/equipoescat\/"}]}},"jetpack_publicize_connections":[],"jetpack_featured_media_url":"https:\/\/blogs.uninter.edu.mx\/ESCAT\/wp-content\/uploads\/2024\/01\/pngtree-cartoon-woman-character-work-interacting-with-communication-technologies-picture-image_8483332.png","jetpack_sharing_enabled":true,"_links":{"self":[{"href":"https:\/\/blogs.uninter.edu.mx\/ESCAT\/index.php\/wp-json\/wp\/v2\/posts\/63735","targetHints":{"allow":["GET"]}}],"collection":[{"href":"https:\/\/blogs.uninter.edu.mx\/ESCAT\/index.php\/wp-json\/wp\/v2\/posts"}],"about":[{"href":"https:\/\/blogs.uninter.edu.mx\/ESCAT\/index.php\/wp-json\/wp\/v2\/types\/post"}],"author":[{"embeddable":true,"href":"https:\/\/blogs.uninter.edu.mx\/ESCAT\/index.php\/wp-json\/wp\/v2\/users\/22"}],"replies":[{"embeddable":true,"href":"https:\/\/blogs.uninter.edu.mx\/ESCAT\/index.php\/wp-json\/wp\/v2\/comments?post=63735"}],"version-history":[{"count":1,"href":"https:\/\/blogs.uninter.edu.mx\/ESCAT\/index.php\/wp-json\/wp\/v2\/posts\/63735\/revisions"}],"predecessor-version":[{"id":63740,"href":"https:\/\/blogs.uninter.edu.mx\/ESCAT\/index.php\/wp-json\/wp\/v2\/posts\/63735\/revisions\/63740"}],"wp:featuredmedia":[{"embeddable":true,"href":"https:\/\/blogs.uninter.edu.mx\/ESCAT\/index.php\/wp-json\/wp\/v2\/media\/63736"}],"wp:attachment":[{"href":"https:\/\/blogs.uninter.edu.mx\/ESCAT\/index.php\/wp-json\/wp\/v2\/media?parent=63735"}],"wp:term":[{"taxonomy":"category","embeddable":true,"href":"https:\/\/blogs.uninter.edu.mx\/ESCAT\/index.php\/wp-json\/wp\/v2\/categories?post=63735"},{"taxonomy":"post_tag","embeddable":true,"href":"https:\/\/blogs.uninter.edu.mx\/ESCAT\/index.php\/wp-json\/wp\/v2\/tags?post=63735"}],"curies":[{"name":"wp","href":"https:\/\/api.w.org\/{rel}","templated":true}]}}