{"id":66896,"date":"2025-01-07T09:00:00","date_gmt":"2025-01-07T15:00:00","guid":{"rendered":"https:\/\/blogs.uninter.edu.mx\/ESCAT\/?p=66896"},"modified":"2024-10-24T10:02:16","modified_gmt":"2024-10-24T15:02:16","slug":"diseno-ergonomico-de-un-envase-para-productos-de-consumo-diario-escat-proyectosescat-uninter","status":"publish","type":"post","link":"https:\/\/blogs.uninter.edu.mx\/ESCAT\/index.php\/diseno-ergonomico-de-un-envase-para-productos-de-consumo-diario-escat-proyectosescat-uninter\/","title":{"rendered":"Dise\u00f1o Ergon\u00f3mico de un Envase para Productos de Consumo Diario #ESCAT #ProyectosESCAT #Uninter"},"content":{"rendered":"<div class=\"wp-block-image\">\n<figure class=\"aligncenter size-full is-resized\"><a href=\"https:\/\/www.facebook.com\/EscatUninter\/?locale=es_LA\"><img loading=\"lazy\" decoding=\"async\" src=\"https:\/\/blogs.uninter.edu.mx\/ESCAT\/wp-content\/uploads\/2024\/01\/ESCAT-1.png\" alt=\"\" class=\"wp-image-63738\" width=\"201\" height=\"228\"\/><\/a><\/figure>\n<\/div>\n\n\n<p>El dise\u00f1o ergon\u00f3mico de un envase es una disciplina que combina la est\u00e9tica con la funcionalidad para crear productos que no solo sean atractivos, sino tambi\u00e9n c\u00f3modos y f\u00e1ciles de usar. <\/p>\n\n\n\n<!--more-->\n\n\n\n<p>La importancia de este enfoque radica en su impacto en la experiencia del usuario, la accesibilidad y la satisfacci\u00f3n general del consumidor. Aqu\u00ed exploramos por qu\u00e9 el dise\u00f1o ergon\u00f3mico es crucial y c\u00f3mo se puede aplicar eficazmente en el desarrollo de envases para productos cotidianos.<\/p>\n\n\n\n<h4 class=\"wp-block-heading\">1. <strong>Mejora de la Experiencia del Usuario<\/strong><\/h4>\n\n\n\n<p>El principal objetivo del dise\u00f1o ergon\u00f3mico es mejorar la experiencia del usuario. Un envase ergon\u00f3micamente dise\u00f1ado se adapta a las necesidades f\u00edsicas y cognitivas del usuario, facilitando su manejo y uso. Por ejemplo, un envase con una forma que se ajusta c\u00f3modamente a la mano reduce el esfuerzo necesario para sujetarlo y manipularlo, lo que es especialmente importante para personas con limitaciones f\u00edsicas o movilidad reducida.<\/p>\n\n\n<div class=\"wp-block-image\">\n<figure class=\"aligncenter size-full\"><img loading=\"lazy\" decoding=\"async\" width=\"732\" height=\"383\" src=\"https:\/\/blogs.uninter.edu.mx\/ESCAT\/wp-content\/uploads\/2024\/05\/DISENO-DE-ENVASE-.jpg\" alt=\"\" class=\"wp-image-66898\"\/><figcaption class=\"wp-element-caption\">Por&nbsp;<a href=\"https:\/\/www.domestika.org\/es\/andromsal\">Andromsal<\/a>&nbsp;en&nbsp;Dise\u00f1o de envase<\/figcaption><\/figure>\n<\/div>\n\n\n<h4 class=\"wp-block-heading\">2. <strong>Facilidad de Uso y Accesibilidad<\/strong><\/h4>\n\n\n\n<p>La accesibilidad es un aspecto cr\u00edtico del dise\u00f1o ergon\u00f3mico. Envases que son f\u00e1ciles de abrir, cerrar y dispensar su contenido permiten que un mayor n\u00famero de personas, incluidas aquellas con discapacidades o problemas de destreza, puedan utilizarlos sin dificultad. Elementos como tapones de rosca f\u00e1ciles de girar, mecanismos de apertura con una sola mano y etiquetas legibles son ejemplos de c\u00f3mo se puede mejorar la accesibilidad.<\/p>\n\n\n\n<h4 class=\"wp-block-heading\">3. <strong>Seguridad del Usuario<\/strong><\/h4>\n\n\n\n<p>La seguridad es otro factor vital. Un dise\u00f1o ergon\u00f3mico minimiza el riesgo de accidentes y lesiones durante el uso del producto. Envases con bordes redondeados, materiales no t\u00f3xicos y mecanismos de seguridad para evitar derrames o aperturas accidentales son fundamentales para proteger al usuario y garantizar un uso seguro.<\/p>\n\n\n\n<h4 class=\"wp-block-heading\">4. <strong>Eficiencia y Sostenibilidad<\/strong><\/h4>\n\n\n\n<p>El dise\u00f1o ergon\u00f3mico tambi\u00e9n puede contribuir a la eficiencia y la sostenibilidad. Envases que optimizan el espacio y reducen el material utilizado no solo son m\u00e1s f\u00e1ciles de manejar y almacenar, sino que tambi\u00e9n tienen un menor impacto ambiental. Adem\u00e1s, envases reutilizables o reciclables fomentan pr\u00e1cticas sostenibles entre los consumidores.<\/p>\n\n\n\n<h4 class=\"wp-block-heading\">5. <strong>Influencia en la Percepci\u00f3n de la Marca<\/strong><\/h4>\n\n\n\n<p>Un envase bien dise\u00f1ado refuerza la percepci\u00f3n positiva de la marca. Los consumidores asocian la calidad del envase con la calidad del producto, y un dise\u00f1o ergon\u00f3mico puede diferenciar a una marca de sus competidores. La atenci\u00f3n a los detalles en el dise\u00f1o del envase demuestra el compromiso de la marca con la satisfacci\u00f3n del cliente y la innovaci\u00f3n.<\/p>\n\n\n\n<h3 class=\"wp-block-heading\">Principios Clave del Dise\u00f1o Ergon\u00f3mico de Envases<\/h3>\n\n\n\n<ol class=\"wp-block-list\">\n<li><strong>Antropometr\u00eda<\/strong>: Utilizar datos antropom\u00e9tricos para dise\u00f1ar envases que se adapten a la mayor\u00eda de los usuarios. Esto incluye dimensiones, formas y tama\u00f1os que sean c\u00f3modos de sostener y utilizar.<\/li>\n\n\n\n<li><strong>Facilidad de Apertura<\/strong>: Dise\u00f1ar mecanismos de apertura intuitivos y sin esfuerzo. Esto puede incluir tapones con bordes texturizados para un mejor agarre o sistemas de apertura con una sola mano.<\/li>\n\n\n\n<li><strong>Legibilidad<\/strong>: Asegurarse de que las etiquetas sean claras y legibles, con fuentes grandes y contrastes adecuados para personas con problemas de visi\u00f3n.<\/li>\n\n\n\n<li><strong>Peso y Manejo<\/strong>: Considerar el peso del envase y su contenido, asegurando que no sea demasiado pesado para levantar y manejar con facilidad.<\/li>\n\n\n\n<li><strong>Materiales y Texturas<\/strong>: Elegir materiales que proporcionen un buen agarre y sean agradables al tacto, evitando superficies resbaladizas o inc\u00f3modas.<\/li>\n<\/ol>\n\n\n\n<h3 class=\"wp-block-heading\">Ejemplos de Buenas Pr\u00e1cticas en el Dise\u00f1o Ergon\u00f3mico de Envases<\/h3>\n\n\n\n<ul class=\"wp-block-list\">\n<li><strong>Botellas de Agua Deportiva<\/strong>: Dise\u00f1adas con formas contorneadas para un agarre f\u00e1cil durante el ejercicio, con boquillas que se abren y cierran f\u00e1cilmente.<\/li>\n\n\n\n<li><strong>Envases de Productos de Limpieza<\/strong>: Equipados con gatillos ergon\u00f3micos que requieren menos fuerza para usar y boquillas que permiten una aplicaci\u00f3n precisa.<\/li>\n\n\n\n<li><strong>Frascos de Alimentos<\/strong>: Con tapas grandes y texturizadas que facilitan la apertura, incluso para personas con artritis.<\/li>\n<\/ul>\n\n\n\n<h3 class=\"wp-block-heading\">Desarrollo de prototipo<\/h3>\n\n\n\n<p>Los estudiantes de la materia &#8220;Ergonom\u00eda&#8221; de la Universidad Internacional han dise\u00f1ado y desarrollado un envase primario ergon\u00f3mico, con capacidad de adaptarse a las necesidades del usuario. Este proyecto incluy\u00f3 la creaci\u00f3n de un prototipo digital en 3D, abordando la problem\u00e1tica identificada mediante la metodolog\u00eda proyectual.<\/p>\n\n\n\n<div class=\"wp-block-jetpack-slideshow aligncenter\" data-effect=\"slide\"><div class=\"wp-block-jetpack-slideshow_container swiper-container\"><ul class=\"wp-block-jetpack-slideshow_swiper-wrapper swiper-wrapper\"><li class=\"wp-block-jetpack-slideshow_slide swiper-slide\"><figure><img loading=\"lazy\" decoding=\"async\" width=\"861\" height=\"422\" alt=\"\" class=\"wp-block-jetpack-slideshow_image wp-image-66917\" data-id=\"66917\" src=\"https:\/\/blogs.uninter.edu.mx\/ESCAT\/wp-content\/uploads\/2024\/05\/Anotacion-2024-05-29-235705.jpg\"\/><figcaption class=\"wp-block-jetpack-slideshow_caption gallery-caption\">Datos antropom\u00e9tricos para dise\u00f1ar envases<\/figcaption><\/figure><\/li><li class=\"wp-block-jetpack-slideshow_slide swiper-slide\"><figure><img loading=\"lazy\" decoding=\"async\" width=\"870\" height=\"523\" alt=\"\" class=\"wp-block-jetpack-slideshow_image wp-image-66918\" data-id=\"66918\" src=\"https:\/\/blogs.uninter.edu.mx\/ESCAT\/wp-content\/uploads\/2024\/05\/Anotacion-2024-05-29-235732.jpg\"\/><figcaption class=\"wp-block-jetpack-slideshow_caption gallery-caption\">Fase de Experimentacion <\/figcaption><\/figure><\/li><li class=\"wp-block-jetpack-slideshow_slide swiper-slide\"><figure><img loading=\"lazy\" decoding=\"async\" width=\"913\" height=\"511\" alt=\"\" class=\"wp-block-jetpack-slideshow_image wp-image-66919\" data-id=\"66919\" src=\"https:\/\/blogs.uninter.edu.mx\/ESCAT\/wp-content\/uploads\/2024\/05\/Anotacion-2024-05-29-235752.jpg\"\/><figcaption class=\"wp-block-jetpack-slideshow_caption gallery-caption\">Dibujo Constructivo <\/figcaption><\/figure><\/li><li class=\"wp-block-jetpack-slideshow_slide swiper-slide\"><figure><img loading=\"lazy\" decoding=\"async\" width=\"889\" height=\"515\" alt=\"\" class=\"wp-block-jetpack-slideshow_image wp-image-66920\" data-id=\"66920\" src=\"https:\/\/blogs.uninter.edu.mx\/ESCAT\/wp-content\/uploads\/2024\/05\/Anotacion-2024-05-29-235821.jpg\"\/><figcaption class=\"wp-block-jetpack-slideshow_caption gallery-caption\">Termo infantil elaborado por: JOSTIN LISANDRO ARRIAGA PORRAS<\/figcaption><\/figure><\/li><li class=\"wp-block-jetpack-slideshow_slide swiper-slide\"><figure><img loading=\"lazy\" decoding=\"async\" width=\"945\" height=\"482\" alt=\"\" class=\"wp-block-jetpack-slideshow_image wp-image-66921\" data-id=\"66921\" src=\"https:\/\/blogs.uninter.edu.mx\/ESCAT\/wp-content\/uploads\/2024\/05\/Anotacion-2024-05-30-000011.jpg\"\/><figcaption class=\"wp-block-jetpack-slideshow_caption gallery-caption\">Labial para personas con discapacidad visual elaborado por: PAOLA RODRIGUEZ ACEVEDO\t<\/figcaption><\/figure><\/li><li class=\"wp-block-jetpack-slideshow_slide swiper-slide\"><figure><img loading=\"lazy\" decoding=\"async\" width=\"841\" height=\"440\" alt=\"\" class=\"wp-block-jetpack-slideshow_image wp-image-66922\" data-id=\"66922\" src=\"https:\/\/blogs.uninter.edu.mx\/ESCAT\/wp-content\/uploads\/2024\/05\/Anotacion-2024-05-30-000033.jpg\"\/><\/figure><\/li><li class=\"wp-block-jetpack-slideshow_slide swiper-slide\"><figure><img loading=\"lazy\" decoding=\"async\" width=\"1217\" height=\"542\" alt=\"\" class=\"wp-block-jetpack-slideshow_image wp-image-66923\" data-id=\"66923\" src=\"https:\/\/blogs.uninter.edu.mx\/ESCAT\/wp-content\/uploads\/2024\/05\/Anotacion-2024-05-30-000328.jpg\"\/><figcaption class=\"wp-block-jetpack-slideshow_caption gallery-caption\">Despachador de dent\u00edfrico elaborado por: NATHALIA CONTRERAS SALGADO<\/figcaption><\/figure><\/li><li class=\"wp-block-jetpack-slideshow_slide swiper-slide\"><figure><img loading=\"lazy\" decoding=\"async\" width=\"944\" height=\"498\" alt=\"\" class=\"wp-block-jetpack-slideshow_image wp-image-66924\" data-id=\"66924\" src=\"https:\/\/blogs.uninter.edu.mx\/ESCAT\/wp-content\/uploads\/2024\/05\/Anotacion-2024-05-30-000419.jpg\"\/><figcaption class=\"wp-block-jetpack-slideshow_caption gallery-caption\">Termo Para ni\u00f1os elaborado por: CHRISTIAN BARQUERA VILLAREJO<\/figcaption><\/figure><\/li><li class=\"wp-block-jetpack-slideshow_slide swiper-slide\"><figure><img loading=\"lazy\" decoding=\"async\" width=\"842\" height=\"510\" alt=\"\" class=\"wp-block-jetpack-slideshow_image wp-image-66925\" data-id=\"66925\" src=\"https:\/\/blogs.uninter.edu.mx\/ESCAT\/wp-content\/uploads\/2024\/05\/Anotacion-2024-05-30-000446.jpg\"\/><figcaption class=\"wp-block-jetpack-slideshow_caption gallery-caption\">Elaborado por: CHRISTIAN BARQUERA VILLAREJO<\/figcaption><\/figure><\/li><li class=\"wp-block-jetpack-slideshow_slide swiper-slide\"><figure><img loading=\"lazy\" decoding=\"async\" width=\"1174\" height=\"591\" alt=\"\" class=\"wp-block-jetpack-slideshow_image wp-image-66926\" data-id=\"66926\" src=\"https:\/\/blogs.uninter.edu.mx\/ESCAT\/wp-content\/uploads\/2024\/05\/Anotacion-2024-05-30-000629.jpg\"\/><figcaption class=\"wp-block-jetpack-slideshow_caption gallery-caption\">Pastillero para personas de la tercera edad elaborado por: NATALIA LUTGARDA XANAT ESTRADA NEGRETE<\/figcaption><\/figure><\/li><li class=\"wp-block-jetpack-slideshow_slide swiper-slide\"><figure><img loading=\"lazy\" decoding=\"async\" width=\"1288\" height=\"546\" alt=\"\" class=\"wp-block-jetpack-slideshow_image wp-image-66928\" data-id=\"66928\" src=\"https:\/\/blogs.uninter.edu.mx\/ESCAT\/wp-content\/uploads\/2024\/05\/Anotacion-2024-05-30-000717.jpg\"\/><figcaption class=\"wp-block-jetpack-slideshow_caption gallery-caption\">Elaborado por: NATALIA LUTGARDA XANAT ESTRADA NEGRETE<\/figcaption><\/figure><\/li><li class=\"wp-block-jetpack-slideshow_slide swiper-slide\"><figure><img loading=\"lazy\" decoding=\"async\" width=\"900\" height=\"599\" alt=\"\" class=\"wp-block-jetpack-slideshow_image wp-image-66929\" data-id=\"66929\" src=\"https:\/\/blogs.uninter.edu.mx\/ESCAT\/wp-content\/uploads\/2024\/05\/Anotacion-2024-05-30-000733.jpg\"\/><figcaption class=\"wp-block-jetpack-slideshow_caption gallery-caption\">Elaborado por: NATALIA LUTGARDA XANAT ESTRADA NEGRETE<\/figcaption><\/figure><\/li><li class=\"wp-block-jetpack-slideshow_slide swiper-slide\"><figure><img loading=\"lazy\" decoding=\"async\" width=\"1306\" height=\"526\" alt=\"\" class=\"wp-block-jetpack-slideshow_image wp-image-66946\" data-id=\"66946\" src=\"https:\/\/blogs.uninter.edu.mx\/ESCAT\/wp-content\/uploads\/2024\/05\/Anotacion-2024-05-30-001628.jpg\"\/><figcaption class=\"wp-block-jetpack-slideshow_caption gallery-caption\">Termo Biker elaborado por: GUILLERMO S\u00c1NCHEZ LABASTIDA<\/figcaption><\/figure><\/li><li class=\"wp-block-jetpack-slideshow_slide swiper-slide\"><figure><img loading=\"lazy\" decoding=\"async\" width=\"1307\" height=\"461\" alt=\"\" class=\"wp-block-jetpack-slideshow_image wp-image-66947\" data-id=\"66947\" src=\"https:\/\/blogs.uninter.edu.mx\/ESCAT\/wp-content\/uploads\/2024\/05\/Anotacion-2024-05-30-001653.jpg\"\/><figcaption class=\"wp-block-jetpack-slideshow_caption gallery-caption\">Termo Biker elaborado por: GUILLERMO S\u00c1NCHEZ LABASTIDA<\/figcaption><\/figure><\/li><li class=\"wp-block-jetpack-slideshow_slide swiper-slide\"><figure><img loading=\"lazy\" decoding=\"async\" width=\"789\" height=\"510\" alt=\"\" class=\"wp-block-jetpack-slideshow_image wp-image-66948\" data-id=\"66948\" src=\"https:\/\/blogs.uninter.edu.mx\/ESCAT\/wp-content\/uploads\/2024\/05\/Anotacion-2024-05-30-001719.jpg\"\/><figcaption class=\"wp-block-jetpack-slideshow_caption gallery-caption\">Termo Biker elaborado por: GUILLERMO S\u00c1NCHEZ LABASTIDA<\/figcaption><\/figure><\/li><\/ul><a class=\"wp-block-jetpack-slideshow_button-prev swiper-button-prev swiper-button-white\" role=\"button\"><\/a><a class=\"wp-block-jetpack-slideshow_button-next swiper-button-next swiper-button-white\" role=\"button\"><\/a><a aria-label=\"Pause Slideshow\" class=\"wp-block-jetpack-slideshow_button-pause\" role=\"button\"><\/a><div class=\"wp-block-jetpack-slideshow_pagination swiper-pagination swiper-pagination-white\"><\/div><\/div><\/div>\n\n\n\n<h3 class=\"wp-block-heading\">Conclusi\u00f3n<\/h3>\n\n\n\n<p>El dise\u00f1o ergon\u00f3mico de envases para productos de consumo diario es esencial para mejorar la experiencia del usuario, aumentar la accesibilidad, garantizar la seguridad y fomentar la sostenibilidad. A trav\u00e9s de un enfoque centrado en el usuario, las marcas pueden crear envases que no solo sean funcionales y seguros, sino tambi\u00e9n atractivos y responsables con el medio ambiente. La inversi\u00f3n en un buen dise\u00f1o ergon\u00f3mico es una inversi\u00f3n en la satisfacci\u00f3n y lealtad del cliente, as\u00ed como en el \u00e9xito a largo plazo de la marca.<\/p>\n\n\n\n<h6 class=\"wp-block-heading\">Fuente: Trabajos de alumnos <\/h6>\n\n\n\n<p class=\"has-text-align-right\"><a href=\"https:\/\/universidad.uninter.edu.mx\/Carreras\/Disenio-Grafico\">Licenciatura en Dise\u00f1o Gr\u00e1fico<\/a><\/p>\n\n\n\n<p class=\"has-text-align-right\"><a href=\"https:\/\/blogs.uninter.edu.mx\/ESCAT\/index.php\/category\/diseno-grafico\/\">M\u00e1s noticias sobre Dise\u00f1o Gr\u00e1fico<\/a><\/p>\n\n\n\n<figure class=\"wp-block-image size-full\"><a href=\"https:\/\/uninter.edu.mx\/\"><img loading=\"lazy\" decoding=\"async\" width=\"1024\" height=\"154\" src=\"https:\/\/blogs.uninter.edu.mx\/ESCAT\/wp-content\/uploads\/2023\/11\/image-53.png\" alt=\"\" class=\"wp-image-63432\"\/><\/a><\/figure>\n","protected":false},"excerpt":{"rendered":"<p>El dise\u00f1o ergon\u00f3mico de un envase es una disciplina que combina la est\u00e9tica con la funcionalidad para crear productos que no solo sean atractivos, sino tambi\u00e9n c\u00f3modos y f\u00e1ciles de usar.<\/p>\n","protected":false},"author":43,"featured_media":66953,"comment_status":"open","ping_status":"open","sticky":false,"template":"","format":"standard","meta":{"_jetpack_memberships_contains_paid_content":false,"footnotes":"","jetpack_publicize_message":"","jetpack_publicize_feature_enabled":true,"jetpack_social_post_already_shared":true,"jetpack_social_options":{"image_generator_settings":{"template":"highway","default_image_id":0,"font":"","enabled":false},"version":2}},"categories":[8,9,10],"tags":[416,4795,418,2083,4794,44,3192,3547,45,47,32,31,37],"class_list":["post-66896","post","type-post","status-publish","format-standard","has-post-thumbnail","hentry","category-diseno-grafico","category-diseno-industrial","category-disenos","tag-diseno-2","tag-diseno-de-producto-2","tag-diseno-grafico-2","tag-disenoindustrial","tag-ergonomia-2","tag-escat-2","tag-licenciaturas","tag-proyectosescat","tag-uninter-2","tag-universidad-internacional-2","tag-escat","tag-uninter","tag-universidad-internacional"],"yoast_head":"<!-- This site is optimized with the Yoast SEO plugin v26.8 - https:\/\/yoast.com\/product\/yoast-seo-wordpress\/ -->\r\n<title>Dise\u00f1o Ergon\u00f3mico de un Envase #ProyectosESCAT<\/title>\r\n<meta name=\"description\" content=\"El dise\u00f1o ergon\u00f3mico de un envase combina la est\u00e9tica con la funcionalidad para crear productos c\u00f3modos y f\u00e1ciles de usar.\" \/>\r\n<meta name=\"robots\" content=\"index, follow, max-snippet:-1, max-image-preview:large, max-video-preview:-1\" \/>\r\n<link rel=\"canonical\" href=\"https:\/\/blogs.uninter.edu.mx\/ESCAT\/index.php\/diseno-ergonomico-de-un-envase-para-productos-de-consumo-diario-escat-proyectosescat-uninter\/\" \/>\r\n<meta property=\"og:locale\" content=\"es_MX\" \/>\r\n<meta property=\"og:type\" content=\"article\" \/>\r\n<meta property=\"og:title\" content=\"Dise\u00f1o Ergon\u00f3mico de un Envase #ProyectosESCAT\" \/>\r\n<meta property=\"og:description\" content=\"El dise\u00f1o ergon\u00f3mico de un envase combina la est\u00e9tica con la funcionalidad para crear productos c\u00f3modos y f\u00e1ciles de usar.\" \/>\r\n<meta property=\"og:url\" content=\"https:\/\/blogs.uninter.edu.mx\/ESCAT\/index.php\/diseno-ergonomico-de-un-envase-para-productos-de-consumo-diario-escat-proyectosescat-uninter\/\" \/>\r\n<meta property=\"og:site_name\" content=\"Escuela de Ciencias, Artes y Tecnolog\u00eda\" \/>\r\n<meta property=\"article:publisher\" content=\"https:\/\/www.facebook.com\/EscatUninter\/\" \/>\r\n<meta property=\"article:published_time\" content=\"2025-01-07T15:00:00+00:00\" \/>\r\n<meta property=\"og:image\" content=\"https:\/\/blogs.uninter.edu.mx\/ESCAT\/wp-content\/uploads\/2024\/05\/desta-1.jpg\" \/>\r\n\t<meta property=\"og:image:width\" content=\"1200\" \/>\r\n\t<meta property=\"og:image:height\" content=\"800\" \/>\r\n\t<meta property=\"og:image:type\" content=\"image\/jpeg\" \/>\r\n<meta name=\"author\" content=\"Gabriela Vel\u00e1zquez D\u00edaz\" \/>\r\n<meta name=\"twitter:card\" content=\"summary_large_image\" \/>\r\n<meta name=\"twitter:image\" content=\"https:\/\/blogs.uninter.edu.mx\/ESCAT\/wp-content\/uploads\/2024\/05\/desta-1.jpg\" \/>\r\n<meta name=\"twitter:creator\" content=\"@EscatUninter\" \/>\r\n<meta name=\"twitter:site\" content=\"@EscatUninter\" \/>\r\n<meta name=\"twitter:label1\" content=\"Escrito por\" \/>\n\t<meta name=\"twitter:data1\" content=\"Gabriela Vel\u00e1zquez D\u00edaz\" \/>\n\t<meta name=\"twitter:label2\" content=\"Tiempo de lectura\" \/>\n\t<meta name=\"twitter:data2\" content=\"8 minutos\" \/>\r\n<script type=\"application\/ld+json\" class=\"yoast-schema-graph\">{\"@context\":\"https:\/\/schema.org\",\"@graph\":[{\"@type\":\"Article\",\"@id\":\"https:\/\/blogs.uninter.edu.mx\/ESCAT\/index.php\/diseno-ergonomico-de-un-envase-para-productos-de-consumo-diario-escat-proyectosescat-uninter\/#article\",\"isPartOf\":{\"@id\":\"https:\/\/blogs.uninter.edu.mx\/ESCAT\/index.php\/diseno-ergonomico-de-un-envase-para-productos-de-consumo-diario-escat-proyectosescat-uninter\/\"},\"author\":{\"name\":\"Gabriela Vel\u00e1zquez D\u00edaz\",\"@id\":\"https:\/\/blogs.uninter.edu.mx\/ESCAT\/#\/schema\/person\/d8791b199ecf754edfe84945f8b8abe0\"},\"headline\":\"Dise\u00f1o Ergon\u00f3mico de un Envase para Productos de Consumo Diario #ESCAT #ProyectosESCAT #Uninter\",\"datePublished\":\"2025-01-07T15:00:00+00:00\",\"mainEntityOfPage\":{\"@id\":\"https:\/\/blogs.uninter.edu.mx\/ESCAT\/index.php\/diseno-ergonomico-de-un-envase-para-productos-de-consumo-diario-escat-proyectosescat-uninter\/\"},\"wordCount\":957,\"commentCount\":0,\"image\":{\"@id\":\"https:\/\/blogs.uninter.edu.mx\/ESCAT\/index.php\/diseno-ergonomico-de-un-envase-para-productos-de-consumo-diario-escat-proyectosescat-uninter\/#primaryimage\"},\"thumbnailUrl\":\"https:\/\/blogs.uninter.edu.mx\/ESCAT\/wp-content\/uploads\/2024\/05\/desta.jpg\",\"keywords\":[\"#Dise\u00f1o\",\"#dise\u00f1o de producto\",\"#Dise\u00f1o Gr\u00e1fico\",\"#Dise\u00f1oIndustrial\",\"#Ergonom\u00eda\",\"#ESCAT\",\"#Licenciaturas\",\"#ProyectosESCAT\",\"#Uninter\",\"#Universidad Internacional\",\"ESCAT\",\"Uninter\",\"Universidad Internacional\"],\"articleSection\":[\"Dise\u00f1o Gr\u00e1fico\",\"Dise\u00f1o Industrial\",\"Dise\u00f1os\"],\"inLanguage\":\"es\",\"potentialAction\":[{\"@type\":\"CommentAction\",\"name\":\"Comment\",\"target\":[\"https:\/\/blogs.uninter.edu.mx\/ESCAT\/index.php\/diseno-ergonomico-de-un-envase-para-productos-de-consumo-diario-escat-proyectosescat-uninter\/#respond\"]}]},{\"@type\":\"WebPage\",\"@id\":\"https:\/\/blogs.uninter.edu.mx\/ESCAT\/index.php\/diseno-ergonomico-de-un-envase-para-productos-de-consumo-diario-escat-proyectosescat-uninter\/\",\"url\":\"https:\/\/blogs.uninter.edu.mx\/ESCAT\/index.php\/diseno-ergonomico-de-un-envase-para-productos-de-consumo-diario-escat-proyectosescat-uninter\/\",\"name\":\"Dise\u00f1o Ergon\u00f3mico de un Envase #ProyectosESCAT\",\"isPartOf\":{\"@id\":\"https:\/\/blogs.uninter.edu.mx\/ESCAT\/#website\"},\"primaryImageOfPage\":{\"@id\":\"https:\/\/blogs.uninter.edu.mx\/ESCAT\/index.php\/diseno-ergonomico-de-un-envase-para-productos-de-consumo-diario-escat-proyectosescat-uninter\/#primaryimage\"},\"image\":{\"@id\":\"https:\/\/blogs.uninter.edu.mx\/ESCAT\/index.php\/diseno-ergonomico-de-un-envase-para-productos-de-consumo-diario-escat-proyectosescat-uninter\/#primaryimage\"},\"thumbnailUrl\":\"https:\/\/blogs.uninter.edu.mx\/ESCAT\/wp-content\/uploads\/2024\/05\/desta.jpg\",\"datePublished\":\"2025-01-07T15:00:00+00:00\",\"author\":{\"@id\":\"https:\/\/blogs.uninter.edu.mx\/ESCAT\/#\/schema\/person\/d8791b199ecf754edfe84945f8b8abe0\"},\"description\":\"El dise\u00f1o ergon\u00f3mico de un envase combina la est\u00e9tica con la funcionalidad para crear productos c\u00f3modos y f\u00e1ciles de usar.\",\"breadcrumb\":{\"@id\":\"https:\/\/blogs.uninter.edu.mx\/ESCAT\/index.php\/diseno-ergonomico-de-un-envase-para-productos-de-consumo-diario-escat-proyectosescat-uninter\/#breadcrumb\"},\"inLanguage\":\"es\",\"potentialAction\":[{\"@type\":\"ReadAction\",\"target\":[\"https:\/\/blogs.uninter.edu.mx\/ESCAT\/index.php\/diseno-ergonomico-de-un-envase-para-productos-de-consumo-diario-escat-proyectosescat-uninter\/\"]}]},{\"@type\":\"ImageObject\",\"inLanguage\":\"es\",\"@id\":\"https:\/\/blogs.uninter.edu.mx\/ESCAT\/index.php\/diseno-ergonomico-de-un-envase-para-productos-de-consumo-diario-escat-proyectosescat-uninter\/#primaryimage\",\"url\":\"https:\/\/blogs.uninter.edu.mx\/ESCAT\/wp-content\/uploads\/2024\/05\/desta.jpg\",\"contentUrl\":\"https:\/\/blogs.uninter.edu.mx\/ESCAT\/wp-content\/uploads\/2024\/05\/desta.jpg\",\"width\":1200,\"height\":800},{\"@type\":\"BreadcrumbList\",\"@id\":\"https:\/\/blogs.uninter.edu.mx\/ESCAT\/index.php\/diseno-ergonomico-de-un-envase-para-productos-de-consumo-diario-escat-proyectosescat-uninter\/#breadcrumb\",\"itemListElement\":[{\"@type\":\"ListItem\",\"position\":1,\"name\":\"Inicio\",\"item\":\"https:\/\/blogs.uninter.edu.mx\/ESCAT\/\"},{\"@type\":\"ListItem\",\"position\":2,\"name\":\"Dise\u00f1o Ergon\u00f3mico de un Envase para Productos de Consumo Diario #ESCAT #ProyectosESCAT #Uninter\"}]},{\"@type\":\"WebSite\",\"@id\":\"https:\/\/blogs.uninter.edu.mx\/ESCAT\/#website\",\"url\":\"https:\/\/blogs.uninter.edu.mx\/ESCAT\/\",\"name\":\"Escuela de Ciencias, Artes y Tecnolog\u00eda UNINTER\",\"description\":\"ESCAT\",\"potentialAction\":[{\"@type\":\"SearchAction\",\"target\":{\"@type\":\"EntryPoint\",\"urlTemplate\":\"https:\/\/blogs.uninter.edu.mx\/ESCAT\/?s={search_term_string}\"},\"query-input\":{\"@type\":\"PropertyValueSpecification\",\"valueRequired\":true,\"valueName\":\"search_term_string\"}}],\"inLanguage\":\"es\"},{\"@type\":\"Person\",\"@id\":\"https:\/\/blogs.uninter.edu.mx\/ESCAT\/#\/schema\/person\/d8791b199ecf754edfe84945f8b8abe0\",\"name\":\"Gabriela Vel\u00e1zquez D\u00edaz\",\"image\":{\"@type\":\"ImageObject\",\"inLanguage\":\"es\",\"@id\":\"https:\/\/blogs.uninter.edu.mx\/ESCAT\/#\/schema\/person\/image\/\",\"url\":\"https:\/\/secure.gravatar.com\/avatar\/d9d89cea371d594e3d5f57d331d13b5f96f09500f66a995717b4a6ef5c1a0184?s=96&d=mm&r=g\",\"contentUrl\":\"https:\/\/secure.gravatar.com\/avatar\/d9d89cea371d594e3d5f57d331d13b5f96f09500f66a995717b4a6ef5c1a0184?s=96&d=mm&r=g\",\"caption\":\"Gabriela Vel\u00e1zquez D\u00edaz\"},\"url\":\"https:\/\/blogs.uninter.edu.mx\/ESCAT\/index.php\/author\/gvelazquez\/\"}]}<\/script>\r\n<!-- \/ Yoast SEO plugin. -->","yoast_head_json":{"title":"Dise\u00f1o Ergon\u00f3mico de un Envase #ProyectosESCAT","description":"El dise\u00f1o ergon\u00f3mico de un envase combina la est\u00e9tica con la funcionalidad para crear productos c\u00f3modos y f\u00e1ciles de usar.","robots":{"index":"index","follow":"follow","max-snippet":"max-snippet:-1","max-image-preview":"max-image-preview:large","max-video-preview":"max-video-preview:-1"},"canonical":"https:\/\/blogs.uninter.edu.mx\/ESCAT\/index.php\/diseno-ergonomico-de-un-envase-para-productos-de-consumo-diario-escat-proyectosescat-uninter\/","og_locale":"es_MX","og_type":"article","og_title":"Dise\u00f1o Ergon\u00f3mico de un Envase #ProyectosESCAT","og_description":"El dise\u00f1o ergon\u00f3mico de un envase combina la est\u00e9tica con la funcionalidad para crear productos c\u00f3modos y f\u00e1ciles de usar.","og_url":"https:\/\/blogs.uninter.edu.mx\/ESCAT\/index.php\/diseno-ergonomico-de-un-envase-para-productos-de-consumo-diario-escat-proyectosescat-uninter\/","og_site_name":"Escuela de Ciencias, Artes y Tecnolog\u00eda","article_publisher":"https:\/\/www.facebook.com\/EscatUninter\/","article_published_time":"2025-01-07T15:00:00+00:00","og_image":[{"width":1200,"height":800,"url":"https:\/\/blogs.uninter.edu.mx\/ESCAT\/wp-content\/uploads\/2024\/05\/desta-1.jpg","type":"image\/jpeg"}],"author":"Gabriela Vel\u00e1zquez D\u00edaz","twitter_card":"summary_large_image","twitter_image":"https:\/\/blogs.uninter.edu.mx\/ESCAT\/wp-content\/uploads\/2024\/05\/desta-1.jpg","twitter_creator":"@EscatUninter","twitter_site":"@EscatUninter","twitter_misc":{"Escrito por":"Gabriela Vel\u00e1zquez D\u00edaz","Tiempo de lectura":"8 minutos"},"schema":{"@context":"https:\/\/schema.org","@graph":[{"@type":"Article","@id":"https:\/\/blogs.uninter.edu.mx\/ESCAT\/index.php\/diseno-ergonomico-de-un-envase-para-productos-de-consumo-diario-escat-proyectosescat-uninter\/#article","isPartOf":{"@id":"https:\/\/blogs.uninter.edu.mx\/ESCAT\/index.php\/diseno-ergonomico-de-un-envase-para-productos-de-consumo-diario-escat-proyectosescat-uninter\/"},"author":{"name":"Gabriela Vel\u00e1zquez D\u00edaz","@id":"https:\/\/blogs.uninter.edu.mx\/ESCAT\/#\/schema\/person\/d8791b199ecf754edfe84945f8b8abe0"},"headline":"Dise\u00f1o Ergon\u00f3mico de un Envase para Productos de Consumo Diario #ESCAT #ProyectosESCAT #Uninter","datePublished":"2025-01-07T15:00:00+00:00","mainEntityOfPage":{"@id":"https:\/\/blogs.uninter.edu.mx\/ESCAT\/index.php\/diseno-ergonomico-de-un-envase-para-productos-de-consumo-diario-escat-proyectosescat-uninter\/"},"wordCount":957,"commentCount":0,"image":{"@id":"https:\/\/blogs.uninter.edu.mx\/ESCAT\/index.php\/diseno-ergonomico-de-un-envase-para-productos-de-consumo-diario-escat-proyectosescat-uninter\/#primaryimage"},"thumbnailUrl":"https:\/\/blogs.uninter.edu.mx\/ESCAT\/wp-content\/uploads\/2024\/05\/desta.jpg","keywords":["#Dise\u00f1o","#dise\u00f1o de producto","#Dise\u00f1o Gr\u00e1fico","#Dise\u00f1oIndustrial","#Ergonom\u00eda","#ESCAT","#Licenciaturas","#ProyectosESCAT","#Uninter","#Universidad Internacional","ESCAT","Uninter","Universidad Internacional"],"articleSection":["Dise\u00f1o Gr\u00e1fico","Dise\u00f1o Industrial","Dise\u00f1os"],"inLanguage":"es","potentialAction":[{"@type":"CommentAction","name":"Comment","target":["https:\/\/blogs.uninter.edu.mx\/ESCAT\/index.php\/diseno-ergonomico-de-un-envase-para-productos-de-consumo-diario-escat-proyectosescat-uninter\/#respond"]}]},{"@type":"WebPage","@id":"https:\/\/blogs.uninter.edu.mx\/ESCAT\/index.php\/diseno-ergonomico-de-un-envase-para-productos-de-consumo-diario-escat-proyectosescat-uninter\/","url":"https:\/\/blogs.uninter.edu.mx\/ESCAT\/index.php\/diseno-ergonomico-de-un-envase-para-productos-de-consumo-diario-escat-proyectosescat-uninter\/","name":"Dise\u00f1o Ergon\u00f3mico de un Envase #ProyectosESCAT","isPartOf":{"@id":"https:\/\/blogs.uninter.edu.mx\/ESCAT\/#website"},"primaryImageOfPage":{"@id":"https:\/\/blogs.uninter.edu.mx\/ESCAT\/index.php\/diseno-ergonomico-de-un-envase-para-productos-de-consumo-diario-escat-proyectosescat-uninter\/#primaryimage"},"image":{"@id":"https:\/\/blogs.uninter.edu.mx\/ESCAT\/index.php\/diseno-ergonomico-de-un-envase-para-productos-de-consumo-diario-escat-proyectosescat-uninter\/#primaryimage"},"thumbnailUrl":"https:\/\/blogs.uninter.edu.mx\/ESCAT\/wp-content\/uploads\/2024\/05\/desta.jpg","datePublished":"2025-01-07T15:00:00+00:00","author":{"@id":"https:\/\/blogs.uninter.edu.mx\/ESCAT\/#\/schema\/person\/d8791b199ecf754edfe84945f8b8abe0"},"description":"El dise\u00f1o ergon\u00f3mico de un envase combina la est\u00e9tica con la funcionalidad para crear productos c\u00f3modos y f\u00e1ciles de usar.","breadcrumb":{"@id":"https:\/\/blogs.uninter.edu.mx\/ESCAT\/index.php\/diseno-ergonomico-de-un-envase-para-productos-de-consumo-diario-escat-proyectosescat-uninter\/#breadcrumb"},"inLanguage":"es","potentialAction":[{"@type":"ReadAction","target":["https:\/\/blogs.uninter.edu.mx\/ESCAT\/index.php\/diseno-ergonomico-de-un-envase-para-productos-de-consumo-diario-escat-proyectosescat-uninter\/"]}]},{"@type":"ImageObject","inLanguage":"es","@id":"https:\/\/blogs.uninter.edu.mx\/ESCAT\/index.php\/diseno-ergonomico-de-un-envase-para-productos-de-consumo-diario-escat-proyectosescat-uninter\/#primaryimage","url":"https:\/\/blogs.uninter.edu.mx\/ESCAT\/wp-content\/uploads\/2024\/05\/desta.jpg","contentUrl":"https:\/\/blogs.uninter.edu.mx\/ESCAT\/wp-content\/uploads\/2024\/05\/desta.jpg","width":1200,"height":800},{"@type":"BreadcrumbList","@id":"https:\/\/blogs.uninter.edu.mx\/ESCAT\/index.php\/diseno-ergonomico-de-un-envase-para-productos-de-consumo-diario-escat-proyectosescat-uninter\/#breadcrumb","itemListElement":[{"@type":"ListItem","position":1,"name":"Inicio","item":"https:\/\/blogs.uninter.edu.mx\/ESCAT\/"},{"@type":"ListItem","position":2,"name":"Dise\u00f1o Ergon\u00f3mico de un Envase para Productos de Consumo Diario #ESCAT #ProyectosESCAT #Uninter"}]},{"@type":"WebSite","@id":"https:\/\/blogs.uninter.edu.mx\/ESCAT\/#website","url":"https:\/\/blogs.uninter.edu.mx\/ESCAT\/","name":"Escuela de Ciencias, Artes y Tecnolog\u00eda UNINTER","description":"ESCAT","potentialAction":[{"@type":"SearchAction","target":{"@type":"EntryPoint","urlTemplate":"https:\/\/blogs.uninter.edu.mx\/ESCAT\/?s={search_term_string}"},"query-input":{"@type":"PropertyValueSpecification","valueRequired":true,"valueName":"search_term_string"}}],"inLanguage":"es"},{"@type":"Person","@id":"https:\/\/blogs.uninter.edu.mx\/ESCAT\/#\/schema\/person\/d8791b199ecf754edfe84945f8b8abe0","name":"Gabriela Vel\u00e1zquez D\u00edaz","image":{"@type":"ImageObject","inLanguage":"es","@id":"https:\/\/blogs.uninter.edu.mx\/ESCAT\/#\/schema\/person\/image\/","url":"https:\/\/secure.gravatar.com\/avatar\/d9d89cea371d594e3d5f57d331d13b5f96f09500f66a995717b4a6ef5c1a0184?s=96&d=mm&r=g","contentUrl":"https:\/\/secure.gravatar.com\/avatar\/d9d89cea371d594e3d5f57d331d13b5f96f09500f66a995717b4a6ef5c1a0184?s=96&d=mm&r=g","caption":"Gabriela Vel\u00e1zquez D\u00edaz"},"url":"https:\/\/blogs.uninter.edu.mx\/ESCAT\/index.php\/author\/gvelazquez\/"}]}},"jetpack_publicize_connections":[],"jetpack_featured_media_url":"https:\/\/blogs.uninter.edu.mx\/ESCAT\/wp-content\/uploads\/2024\/05\/desta.jpg","jetpack_sharing_enabled":true,"_links":{"self":[{"href":"https:\/\/blogs.uninter.edu.mx\/ESCAT\/index.php\/wp-json\/wp\/v2\/posts\/66896","targetHints":{"allow":["GET"]}}],"collection":[{"href":"https:\/\/blogs.uninter.edu.mx\/ESCAT\/index.php\/wp-json\/wp\/v2\/posts"}],"about":[{"href":"https:\/\/blogs.uninter.edu.mx\/ESCAT\/index.php\/wp-json\/wp\/v2\/types\/post"}],"author":[{"embeddable":true,"href":"https:\/\/blogs.uninter.edu.mx\/ESCAT\/index.php\/wp-json\/wp\/v2\/users\/43"}],"replies":[{"embeddable":true,"href":"https:\/\/blogs.uninter.edu.mx\/ESCAT\/index.php\/wp-json\/wp\/v2\/comments?post=66896"}],"version-history":[{"count":4,"href":"https:\/\/blogs.uninter.edu.mx\/ESCAT\/index.php\/wp-json\/wp\/v2\/posts\/66896\/revisions"}],"predecessor-version":[{"id":70867,"href":"https:\/\/blogs.uninter.edu.mx\/ESCAT\/index.php\/wp-json\/wp\/v2\/posts\/66896\/revisions\/70867"}],"wp:featuredmedia":[{"embeddable":true,"href":"https:\/\/blogs.uninter.edu.mx\/ESCAT\/index.php\/wp-json\/wp\/v2\/media\/66953"}],"wp:attachment":[{"href":"https:\/\/blogs.uninter.edu.mx\/ESCAT\/index.php\/wp-json\/wp\/v2\/media?parent=66896"}],"wp:term":[{"taxonomy":"category","embeddable":true,"href":"https:\/\/blogs.uninter.edu.mx\/ESCAT\/index.php\/wp-json\/wp\/v2\/categories?post=66896"},{"taxonomy":"post_tag","embeddable":true,"href":"https:\/\/blogs.uninter.edu.mx\/ESCAT\/index.php\/wp-json\/wp\/v2\/tags?post=66896"}],"curies":[{"name":"wp","href":"https:\/\/api.w.org\/{rel}","templated":true}]}}