{"id":67856,"date":"2024-09-21T09:00:00","date_gmt":"2024-09-21T14:00:00","guid":{"rendered":"https:\/\/blogs.uninter.edu.mx\/ESCAT\/?p=67856"},"modified":"2024-06-26T12:20:57","modified_gmt":"2024-06-26T17:20:57","slug":"dia-de-la-paz-escat-uninter-21septiembre","status":"publish","type":"post","link":"https:\/\/blogs.uninter.edu.mx\/ESCAT\/index.php\/dia-de-la-paz-escat-uninter-21septiembre\/","title":{"rendered":"D\u00eda de la Paz #ESCAT #Uninter #21Septiembre"},"content":{"rendered":"<div class=\"wp-block-image\">\n<figure class=\"aligncenter size-full is-resized\"><a href=\"https:\/\/www.facebook.com\/EscatUninter\/?locale=es_LA\"><img loading=\"lazy\" decoding=\"async\" src=\"https:\/\/blogs.uninter.edu.mx\/ESCAT\/wp-content\/uploads\/2024\/05\/ESCAT-1.png\" alt=\"\" class=\"wp-image-66966\" width=\"203\" height=\"231\"\/><\/a><\/figure>\n<\/div>\n\n\n<p>En el a\u00f1o 1981, la Asamblea General de las Naciones Unidas (ONU) promulg\u00f3\u00a0el 21 de septiembre como el D\u00eda Internacional de la Paz.<\/p>\n\n\n\n<!--more-->\n\n\n\n<h2 class=\"wp-block-heading\" id=\"resTit_1\">Origen del D\u00eda Internacional de la Paz<\/h2>\n\n\n\n<p>Este a\u00f1o se cumple el 25\u00ba aniversario de la adopci\u00f3n por la Asamblea General de las Naciones Unidas de la&nbsp;Declaraci\u00f3n y Programa de Acci\u00f3n sobre una Cultura de Paz, es una fecha dedicada a conmemorar los ideales de paz de cada pueblo y cada naci\u00f3n, con especial \u00e9nfasis en el desarrollo social y econ\u00f3mico en diversas facetas: pobreza, hambre, salud, educaci\u00f3n, cambio clim\u00e1tico, igualdad de g\u00e9nero, agua, saneamiento, electricidad, medioambiente y justicia social.<\/p>\n\n\n<div class=\"wp-block-image\">\n<figure class=\"aligncenter size-full is-resized\"><img loading=\"lazy\" decoding=\"async\" src=\"https:\/\/blogs.uninter.edu.mx\/ESCAT\/wp-content\/uploads\/2024\/06\/image-152.png\" alt=\"\" class=\"wp-image-67857\" width=\"549\" height=\"366\"\/><\/figure>\n<\/div>\n\n\n<p>Para conmemorar el D\u00eda Internacional de la Paz, las Naciones Unidas hacen un llamado para que se tomen medidas destinadas a hacer frente al cambio clim\u00e1tico. Ya que todos somos parte de la soluci\u00f3n: desde apagar las luces hasta usar el transporte p\u00fablico, asimismo, se hace un llamado a los gobiernos locales para que emprendan acciones que sensibilicen a sus comunidades y emprendan acciones contra el cambio clim\u00e1tico.<\/p>\n\n\n<div class=\"wp-block-image\">\n<figure class=\"aligncenter size-full is-resized\"><img loading=\"lazy\" decoding=\"async\" src=\"https:\/\/blogs.uninter.edu.mx\/ESCAT\/wp-content\/uploads\/2024\/06\/image-153.png\" alt=\"\" class=\"wp-image-67858\" width=\"675\" height=\"506\"\/><\/figure>\n<\/div>\n\n\n<h3 class=\"wp-block-heading\" id=\"resTit_4_4\">Acci\u00f3n Clim\u00e1tica por la Paz<\/h3>\n\n\n\n<p>En medio de la creciente concienciaci\u00f3n sobre el clima y la capacidad del medio ambiente para alimentar la violencia y sufrirla, los defensores de la PE insisten en que el mundo natural puede ayudar a unir a la gente tanto como la separa: se trata de la otra cara optimista de la violencia clim\u00e1tica.<\/p>\n\n\n<div class=\"wp-block-image\">\n<figure class=\"aligncenter size-full is-resized\"><img loading=\"lazy\" decoding=\"async\" src=\"https:\/\/blogs.uninter.edu.mx\/ESCAT\/wp-content\/uploads\/2024\/06\/image-176.png\" alt=\"\" class=\"wp-image-68067\" width=\"603\" height=\"403\"\/><\/figure>\n<\/div>\n\n\n<p>En t\u00e9rminos t\u00e9cnicos, la consolidaci\u00f3n de la paz medioambiental describe todo el espectro de formas en que los problemas medioambientales pueden aprovecharse para prevenir, reducir, resolver y recuperarse de los conflictos. Esto puede significar cualquier cosa, desde asegurar el acceso a las tierras de cultivo para antiguos combatientes que, de otro modo, podr\u00edan volver a la violencia, hasta reconstruir el Estado de derecho despu\u00e9s de un conflicto formando a los jueces para que decidan mejor los casos medioambientales.<\/p>\n\n\n\n<h3 class=\"wp-block-heading\">\u00bfY por qu\u00e9 el cambio clim\u00e1tico puede influir en la paz?<\/h3>\n\n\n\n<p>Existen varias razones para aseverar que el medio ambiente puede influir en la paz mundial, siendo algunas de ellas las siguientes:<\/p>\n\n\n\n<ul class=\"wp-block-list\">\n<li>Los desastres naturales provocan muchos m\u00e1s desplazamientos que los conflictos, obligando a miles de personas a abandonar sus hogares en busca de refugio.<\/li>\n\n\n\n<li>La escasez de recursos crea tensiones entre las personas y los pueblos.<\/li>\n\n\n\n<li>La salinizaci\u00f3n del agua y los cultivos pone en peligro la seguridad alimentaria.<\/li>\n<\/ul>\n\n\n<div class=\"wp-block-image\">\n<figure class=\"aligncenter size-full\"><img loading=\"lazy\" decoding=\"async\" width=\"626\" height=\"626\" src=\"https:\/\/blogs.uninter.edu.mx\/ESCAT\/wp-content\/uploads\/2024\/06\/image-154.png\" alt=\"\" class=\"wp-image-67859\"\/><\/figure>\n<\/div>\n\n\n<p>En tal sentido, es fundamental luchar contra el cambio clim\u00e1tico para conseguir la paz en el mundo. Todas las personas pueden poner su granito de arena para conseguir los objetivos de paz y lucha contra el cambio clim\u00e1tico: reciclar, apagar las luces que no sean necesarias y usar el transporte p\u00fablico.<\/p>\n\n\n\n<h6 class=\"wp-block-heading\">Fuente: <a href=\"https:\/\/www.unesco.org\/es\/days\/peace\">UNESCO<\/a><\/h6>\n\n\n\n<p class=\"has-text-align-right\"><a href=\"https:\/\/blogs.uninter.edu.mx\/ESCAT\/index.php\/category\/noticias\/\">M\u00e1s noticias sobre..<\/a>.<\/p>\n\n\n\n<figure class=\"wp-block-image size-full\"><a href=\"https:\/\/uninter.edu.mx\/\"><img loading=\"lazy\" decoding=\"async\" width=\"1024\" height=\"154\" src=\"https:\/\/blogs.uninter.edu.mx\/ESCAT\/wp-content\/uploads\/2024\/06\/image-60.png\" alt=\"\" class=\"wp-image-67227\"\/><\/a><\/figure>\n","protected":false},"excerpt":{"rendered":"<p>En el a\u00f1o 1981, la Asamblea General de las Naciones Unidas (ONU) promulg\u00f3\u00a0el 21 de septiembre como el D\u00eda Internacional de la Paz.<\/p>\n","protected":false},"author":22,"featured_media":67861,"comment_status":"open","ping_status":"open","sticky":false,"template":"","format":"standard","meta":{"_jetpack_memberships_contains_paid_content":false,"footnotes":"","jetpack_publicize_message":"","jetpack_publicize_feature_enabled":true,"jetpack_social_post_already_shared":true,"jetpack_social_options":{"image_generator_settings":{"template":"highway","default_image_id":0,"font":"","enabled":false},"version":2}},"categories":[26],"tags":[3674,3951,32,3631,2348,1110,689,1980,31,37],"class_list":["post-67856","post","type-post","status-publish","format-standard","has-post-thumbnail","hentry","category-noticias","tag-dia-internacional-2","tag-diainternacionaldelapaz","tag-escat","tag-igualdad","tag-onu-2","tag-salud","tag-sociedad","tag-tranquilidad","tag-uninter","tag-universidad-internacional"],"yoast_head":"<!-- This site is optimized with the Yoast SEO plugin v26.8 - https:\/\/yoast.com\/product\/yoast-seo-wordpress\/ -->\r\n<title>D\u00eda de la Paz #ESCAT #Uninter<\/title>\r\n<meta name=\"description\" content=\"En el a\u00f1o 1981, la Asamblea General de las Naciones Unidas (ONU) promulg\u00f3 el 21 de septiembre como el D\u00eda Internacional de la Paz\" \/>\r\n<meta name=\"robots\" content=\"index, follow, max-snippet:-1, max-image-preview:large, max-video-preview:-1\" \/>\r\n<link rel=\"canonical\" href=\"https:\/\/blogs.uninter.edu.mx\/ESCAT\/index.php\/dia-de-la-paz-escat-uninter-21septiembre\/\" \/>\r\n<meta property=\"og:locale\" content=\"es_MX\" \/>\r\n<meta property=\"og:type\" content=\"article\" \/>\r\n<meta property=\"og:title\" content=\"D\u00eda de la Paz #ESCAT #Uninter\" \/>\r\n<meta property=\"og:description\" content=\"En el a\u00f1o 1981, la Asamblea General de las Naciones Unidas (ONU) promulg\u00f3 el 21 de septiembre como el D\u00eda Internacional de la Paz\" \/>\r\n<meta property=\"og:url\" content=\"https:\/\/blogs.uninter.edu.mx\/ESCAT\/index.php\/dia-de-la-paz-escat-uninter-21septiembre\/\" \/>\r\n<meta property=\"og:site_name\" content=\"Escuela de Ciencias, Artes y Tecnolog\u00eda\" \/>\r\n<meta property=\"article:publisher\" content=\"https:\/\/www.facebook.com\/EscatUninter\/\" \/>\r\n<meta property=\"article:published_time\" content=\"2024-09-21T14:00:00+00:00\" \/>\r\n<meta property=\"og:image\" content=\"https:\/\/blogs.uninter.edu.mx\/ESCAT\/wp-content\/uploads\/2024\/06\/images-1-1.jpeg\" \/>\r\n\t<meta property=\"og:image:width\" content=\"1200\" \/>\r\n\t<meta property=\"og:image:height\" content=\"800\" \/>\r\n\t<meta property=\"og:image:type\" content=\"image\/jpeg\" \/>\r\n<meta name=\"author\" content=\"EquipoEscat\" \/>\r\n<meta name=\"twitter:card\" content=\"summary_large_image\" \/>\r\n<meta name=\"twitter:image\" content=\"https:\/\/blogs.uninter.edu.mx\/ESCAT\/wp-content\/uploads\/2024\/06\/images-1-1.jpeg\" \/>\r\n<meta name=\"twitter:creator\" content=\"@EscatUninter\" \/>\r\n<meta name=\"twitter:site\" content=\"@EscatUninter\" \/>\r\n<meta name=\"twitter:label1\" content=\"Escrito por\" \/>\n\t<meta name=\"twitter:data1\" content=\"EquipoEscat\" \/>\n\t<meta name=\"twitter:label2\" content=\"Tiempo de lectura\" \/>\n\t<meta name=\"twitter:data2\" content=\"4 minutos\" \/>\r\n<script type=\"application\/ld+json\" class=\"yoast-schema-graph\">{\"@context\":\"https:\/\/schema.org\",\"@graph\":[{\"@type\":\"Article\",\"@id\":\"https:\/\/blogs.uninter.edu.mx\/ESCAT\/index.php\/dia-de-la-paz-escat-uninter-21septiembre\/#article\",\"isPartOf\":{\"@id\":\"https:\/\/blogs.uninter.edu.mx\/ESCAT\/index.php\/dia-de-la-paz-escat-uninter-21septiembre\/\"},\"author\":{\"name\":\"EquipoEscat\",\"@id\":\"https:\/\/blogs.uninter.edu.mx\/ESCAT\/#\/schema\/person\/df7b8f33d62433cb78a2104bda02490d\"},\"headline\":\"D\u00eda de la Paz #ESCAT #Uninter #21Septiembre\",\"datePublished\":\"2024-09-21T14:00:00+00:00\",\"mainEntityOfPage\":{\"@id\":\"https:\/\/blogs.uninter.edu.mx\/ESCAT\/index.php\/dia-de-la-paz-escat-uninter-21septiembre\/\"},\"wordCount\":485,\"commentCount\":0,\"image\":{\"@id\":\"https:\/\/blogs.uninter.edu.mx\/ESCAT\/index.php\/dia-de-la-paz-escat-uninter-21septiembre\/#primaryimage\"},\"thumbnailUrl\":\"https:\/\/blogs.uninter.edu.mx\/ESCAT\/wp-content\/uploads\/2024\/06\/images-1-1.jpeg\",\"keywords\":[\"Dia Internacional\",\"DiaInternacionaldelaPaz\",\"ESCAT\",\"Igualdad\",\"ONU\",\"Salud\",\"sociedad\",\"Tranquilidad\",\"Uninter\",\"Universidad Internacional\"],\"articleSection\":[\"Noticias\"],\"inLanguage\":\"es\",\"potentialAction\":[{\"@type\":\"CommentAction\",\"name\":\"Comment\",\"target\":[\"https:\/\/blogs.uninter.edu.mx\/ESCAT\/index.php\/dia-de-la-paz-escat-uninter-21septiembre\/#respond\"]}]},{\"@type\":\"WebPage\",\"@id\":\"https:\/\/blogs.uninter.edu.mx\/ESCAT\/index.php\/dia-de-la-paz-escat-uninter-21septiembre\/\",\"url\":\"https:\/\/blogs.uninter.edu.mx\/ESCAT\/index.php\/dia-de-la-paz-escat-uninter-21septiembre\/\",\"name\":\"D\u00eda de la Paz #ESCAT #Uninter\",\"isPartOf\":{\"@id\":\"https:\/\/blogs.uninter.edu.mx\/ESCAT\/#website\"},\"primaryImageOfPage\":{\"@id\":\"https:\/\/blogs.uninter.edu.mx\/ESCAT\/index.php\/dia-de-la-paz-escat-uninter-21septiembre\/#primaryimage\"},\"image\":{\"@id\":\"https:\/\/blogs.uninter.edu.mx\/ESCAT\/index.php\/dia-de-la-paz-escat-uninter-21septiembre\/#primaryimage\"},\"thumbnailUrl\":\"https:\/\/blogs.uninter.edu.mx\/ESCAT\/wp-content\/uploads\/2024\/06\/images-1-1.jpeg\",\"datePublished\":\"2024-09-21T14:00:00+00:00\",\"author\":{\"@id\":\"https:\/\/blogs.uninter.edu.mx\/ESCAT\/#\/schema\/person\/df7b8f33d62433cb78a2104bda02490d\"},\"description\":\"En el a\u00f1o 1981, la Asamblea General de las Naciones Unidas (ONU) promulg\u00f3 el 21 de septiembre como el D\u00eda Internacional de la Paz\",\"breadcrumb\":{\"@id\":\"https:\/\/blogs.uninter.edu.mx\/ESCAT\/index.php\/dia-de-la-paz-escat-uninter-21septiembre\/#breadcrumb\"},\"inLanguage\":\"es\",\"potentialAction\":[{\"@type\":\"ReadAction\",\"target\":[\"https:\/\/blogs.uninter.edu.mx\/ESCAT\/index.php\/dia-de-la-paz-escat-uninter-21septiembre\/\"]}]},{\"@type\":\"ImageObject\",\"inLanguage\":\"es\",\"@id\":\"https:\/\/blogs.uninter.edu.mx\/ESCAT\/index.php\/dia-de-la-paz-escat-uninter-21septiembre\/#primaryimage\",\"url\":\"https:\/\/blogs.uninter.edu.mx\/ESCAT\/wp-content\/uploads\/2024\/06\/images-1-1.jpeg\",\"contentUrl\":\"https:\/\/blogs.uninter.edu.mx\/ESCAT\/wp-content\/uploads\/2024\/06\/images-1-1.jpeg\",\"width\":1200,\"height\":800},{\"@type\":\"BreadcrumbList\",\"@id\":\"https:\/\/blogs.uninter.edu.mx\/ESCAT\/index.php\/dia-de-la-paz-escat-uninter-21septiembre\/#breadcrumb\",\"itemListElement\":[{\"@type\":\"ListItem\",\"position\":1,\"name\":\"Inicio\",\"item\":\"https:\/\/blogs.uninter.edu.mx\/ESCAT\/\"},{\"@type\":\"ListItem\",\"position\":2,\"name\":\"D\u00eda de la Paz #ESCAT #Uninter #21Septiembre\"}]},{\"@type\":\"WebSite\",\"@id\":\"https:\/\/blogs.uninter.edu.mx\/ESCAT\/#website\",\"url\":\"https:\/\/blogs.uninter.edu.mx\/ESCAT\/\",\"name\":\"Escuela de Ciencias, Artes y Tecnolog\u00eda UNINTER\",\"description\":\"ESCAT\",\"potentialAction\":[{\"@type\":\"SearchAction\",\"target\":{\"@type\":\"EntryPoint\",\"urlTemplate\":\"https:\/\/blogs.uninter.edu.mx\/ESCAT\/?s={search_term_string}\"},\"query-input\":{\"@type\":\"PropertyValueSpecification\",\"valueRequired\":true,\"valueName\":\"search_term_string\"}}],\"inLanguage\":\"es\"},{\"@type\":\"Person\",\"@id\":\"https:\/\/blogs.uninter.edu.mx\/ESCAT\/#\/schema\/person\/df7b8f33d62433cb78a2104bda02490d\",\"name\":\"EquipoEscat\",\"image\":{\"@type\":\"ImageObject\",\"inLanguage\":\"es\",\"@id\":\"https:\/\/blogs.uninter.edu.mx\/ESCAT\/#\/schema\/person\/image\/\",\"url\":\"https:\/\/secure.gravatar.com\/avatar\/d943e53cecc7e9e13c011abf6ec7475809c7d278834bde994b19ecd58034a9ff?s=96&d=mm&r=g\",\"contentUrl\":\"https:\/\/secure.gravatar.com\/avatar\/d943e53cecc7e9e13c011abf6ec7475809c7d278834bde994b19ecd58034a9ff?s=96&d=mm&r=g\",\"caption\":\"EquipoEscat\"},\"url\":\"https:\/\/blogs.uninter.edu.mx\/ESCAT\/index.php\/author\/equipoescat\/\"}]}<\/script>\r\n<!-- \/ Yoast SEO plugin. -->","yoast_head_json":{"title":"D\u00eda de la Paz #ESCAT #Uninter","description":"En el a\u00f1o 1981, la Asamblea General de las Naciones Unidas (ONU) promulg\u00f3 el 21 de septiembre como el D\u00eda Internacional de la Paz","robots":{"index":"index","follow":"follow","max-snippet":"max-snippet:-1","max-image-preview":"max-image-preview:large","max-video-preview":"max-video-preview:-1"},"canonical":"https:\/\/blogs.uninter.edu.mx\/ESCAT\/index.php\/dia-de-la-paz-escat-uninter-21septiembre\/","og_locale":"es_MX","og_type":"article","og_title":"D\u00eda de la Paz #ESCAT #Uninter","og_description":"En el a\u00f1o 1981, la Asamblea General de las Naciones Unidas (ONU) promulg\u00f3 el 21 de septiembre como el D\u00eda Internacional de la Paz","og_url":"https:\/\/blogs.uninter.edu.mx\/ESCAT\/index.php\/dia-de-la-paz-escat-uninter-21septiembre\/","og_site_name":"Escuela de Ciencias, Artes y Tecnolog\u00eda","article_publisher":"https:\/\/www.facebook.com\/EscatUninter\/","article_published_time":"2024-09-21T14:00:00+00:00","og_image":[{"width":1200,"height":800,"url":"https:\/\/blogs.uninter.edu.mx\/ESCAT\/wp-content\/uploads\/2024\/06\/images-1-1.jpeg","type":"image\/jpeg"}],"author":"EquipoEscat","twitter_card":"summary_large_image","twitter_image":"https:\/\/blogs.uninter.edu.mx\/ESCAT\/wp-content\/uploads\/2024\/06\/images-1-1.jpeg","twitter_creator":"@EscatUninter","twitter_site":"@EscatUninter","twitter_misc":{"Escrito por":"EquipoEscat","Tiempo de lectura":"4 minutos"},"schema":{"@context":"https:\/\/schema.org","@graph":[{"@type":"Article","@id":"https:\/\/blogs.uninter.edu.mx\/ESCAT\/index.php\/dia-de-la-paz-escat-uninter-21septiembre\/#article","isPartOf":{"@id":"https:\/\/blogs.uninter.edu.mx\/ESCAT\/index.php\/dia-de-la-paz-escat-uninter-21septiembre\/"},"author":{"name":"EquipoEscat","@id":"https:\/\/blogs.uninter.edu.mx\/ESCAT\/#\/schema\/person\/df7b8f33d62433cb78a2104bda02490d"},"headline":"D\u00eda de la Paz #ESCAT #Uninter #21Septiembre","datePublished":"2024-09-21T14:00:00+00:00","mainEntityOfPage":{"@id":"https:\/\/blogs.uninter.edu.mx\/ESCAT\/index.php\/dia-de-la-paz-escat-uninter-21septiembre\/"},"wordCount":485,"commentCount":0,"image":{"@id":"https:\/\/blogs.uninter.edu.mx\/ESCAT\/index.php\/dia-de-la-paz-escat-uninter-21septiembre\/#primaryimage"},"thumbnailUrl":"https:\/\/blogs.uninter.edu.mx\/ESCAT\/wp-content\/uploads\/2024\/06\/images-1-1.jpeg","keywords":["Dia Internacional","DiaInternacionaldelaPaz","ESCAT","Igualdad","ONU","Salud","sociedad","Tranquilidad","Uninter","Universidad Internacional"],"articleSection":["Noticias"],"inLanguage":"es","potentialAction":[{"@type":"CommentAction","name":"Comment","target":["https:\/\/blogs.uninter.edu.mx\/ESCAT\/index.php\/dia-de-la-paz-escat-uninter-21septiembre\/#respond"]}]},{"@type":"WebPage","@id":"https:\/\/blogs.uninter.edu.mx\/ESCAT\/index.php\/dia-de-la-paz-escat-uninter-21septiembre\/","url":"https:\/\/blogs.uninter.edu.mx\/ESCAT\/index.php\/dia-de-la-paz-escat-uninter-21septiembre\/","name":"D\u00eda de la Paz #ESCAT #Uninter","isPartOf":{"@id":"https:\/\/blogs.uninter.edu.mx\/ESCAT\/#website"},"primaryImageOfPage":{"@id":"https:\/\/blogs.uninter.edu.mx\/ESCAT\/index.php\/dia-de-la-paz-escat-uninter-21septiembre\/#primaryimage"},"image":{"@id":"https:\/\/blogs.uninter.edu.mx\/ESCAT\/index.php\/dia-de-la-paz-escat-uninter-21septiembre\/#primaryimage"},"thumbnailUrl":"https:\/\/blogs.uninter.edu.mx\/ESCAT\/wp-content\/uploads\/2024\/06\/images-1-1.jpeg","datePublished":"2024-09-21T14:00:00+00:00","author":{"@id":"https:\/\/blogs.uninter.edu.mx\/ESCAT\/#\/schema\/person\/df7b8f33d62433cb78a2104bda02490d"},"description":"En el a\u00f1o 1981, la Asamblea General de las Naciones Unidas (ONU) promulg\u00f3 el 21 de septiembre como el D\u00eda Internacional de la Paz","breadcrumb":{"@id":"https:\/\/blogs.uninter.edu.mx\/ESCAT\/index.php\/dia-de-la-paz-escat-uninter-21septiembre\/#breadcrumb"},"inLanguage":"es","potentialAction":[{"@type":"ReadAction","target":["https:\/\/blogs.uninter.edu.mx\/ESCAT\/index.php\/dia-de-la-paz-escat-uninter-21septiembre\/"]}]},{"@type":"ImageObject","inLanguage":"es","@id":"https:\/\/blogs.uninter.edu.mx\/ESCAT\/index.php\/dia-de-la-paz-escat-uninter-21septiembre\/#primaryimage","url":"https:\/\/blogs.uninter.edu.mx\/ESCAT\/wp-content\/uploads\/2024\/06\/images-1-1.jpeg","contentUrl":"https:\/\/blogs.uninter.edu.mx\/ESCAT\/wp-content\/uploads\/2024\/06\/images-1-1.jpeg","width":1200,"height":800},{"@type":"BreadcrumbList","@id":"https:\/\/blogs.uninter.edu.mx\/ESCAT\/index.php\/dia-de-la-paz-escat-uninter-21septiembre\/#breadcrumb","itemListElement":[{"@type":"ListItem","position":1,"name":"Inicio","item":"https:\/\/blogs.uninter.edu.mx\/ESCAT\/"},{"@type":"ListItem","position":2,"name":"D\u00eda de la Paz #ESCAT #Uninter #21Septiembre"}]},{"@type":"WebSite","@id":"https:\/\/blogs.uninter.edu.mx\/ESCAT\/#website","url":"https:\/\/blogs.uninter.edu.mx\/ESCAT\/","name":"Escuela de Ciencias, Artes y Tecnolog\u00eda UNINTER","description":"ESCAT","potentialAction":[{"@type":"SearchAction","target":{"@type":"EntryPoint","urlTemplate":"https:\/\/blogs.uninter.edu.mx\/ESCAT\/?s={search_term_string}"},"query-input":{"@type":"PropertyValueSpecification","valueRequired":true,"valueName":"search_term_string"}}],"inLanguage":"es"},{"@type":"Person","@id":"https:\/\/blogs.uninter.edu.mx\/ESCAT\/#\/schema\/person\/df7b8f33d62433cb78a2104bda02490d","name":"EquipoEscat","image":{"@type":"ImageObject","inLanguage":"es","@id":"https:\/\/blogs.uninter.edu.mx\/ESCAT\/#\/schema\/person\/image\/","url":"https:\/\/secure.gravatar.com\/avatar\/d943e53cecc7e9e13c011abf6ec7475809c7d278834bde994b19ecd58034a9ff?s=96&d=mm&r=g","contentUrl":"https:\/\/secure.gravatar.com\/avatar\/d943e53cecc7e9e13c011abf6ec7475809c7d278834bde994b19ecd58034a9ff?s=96&d=mm&r=g","caption":"EquipoEscat"},"url":"https:\/\/blogs.uninter.edu.mx\/ESCAT\/index.php\/author\/equipoescat\/"}]}},"jetpack_publicize_connections":[],"jetpack_featured_media_url":"https:\/\/blogs.uninter.edu.mx\/ESCAT\/wp-content\/uploads\/2024\/06\/images-1-1.jpeg","jetpack_sharing_enabled":true,"_links":{"self":[{"href":"https:\/\/blogs.uninter.edu.mx\/ESCAT\/index.php\/wp-json\/wp\/v2\/posts\/67856","targetHints":{"allow":["GET"]}}],"collection":[{"href":"https:\/\/blogs.uninter.edu.mx\/ESCAT\/index.php\/wp-json\/wp\/v2\/posts"}],"about":[{"href":"https:\/\/blogs.uninter.edu.mx\/ESCAT\/index.php\/wp-json\/wp\/v2\/types\/post"}],"author":[{"embeddable":true,"href":"https:\/\/blogs.uninter.edu.mx\/ESCAT\/index.php\/wp-json\/wp\/v2\/users\/22"}],"replies":[{"embeddable":true,"href":"https:\/\/blogs.uninter.edu.mx\/ESCAT\/index.php\/wp-json\/wp\/v2\/comments?post=67856"}],"version-history":[{"count":7,"href":"https:\/\/blogs.uninter.edu.mx\/ESCAT\/index.php\/wp-json\/wp\/v2\/posts\/67856\/revisions"}],"predecessor-version":[{"id":68139,"href":"https:\/\/blogs.uninter.edu.mx\/ESCAT\/index.php\/wp-json\/wp\/v2\/posts\/67856\/revisions\/68139"}],"wp:featuredmedia":[{"embeddable":true,"href":"https:\/\/blogs.uninter.edu.mx\/ESCAT\/index.php\/wp-json\/wp\/v2\/media\/67861"}],"wp:attachment":[{"href":"https:\/\/blogs.uninter.edu.mx\/ESCAT\/index.php\/wp-json\/wp\/v2\/media?parent=67856"}],"wp:term":[{"taxonomy":"category","embeddable":true,"href":"https:\/\/blogs.uninter.edu.mx\/ESCAT\/index.php\/wp-json\/wp\/v2\/categories?post=67856"},{"taxonomy":"post_tag","embeddable":true,"href":"https:\/\/blogs.uninter.edu.mx\/ESCAT\/index.php\/wp-json\/wp\/v2\/tags?post=67856"}],"curies":[{"name":"wp","href":"https:\/\/api.w.org\/{rel}","templated":true}]}}