{"id":70351,"date":"2025-01-06T09:00:00","date_gmt":"2025-01-06T15:00:00","guid":{"rendered":"https:\/\/blogs.uninter.edu.mx\/ESCAT\/?p=70351"},"modified":"2024-10-24T08:19:30","modified_gmt":"2024-10-24T13:19:30","slug":"revolucion-del-transporte-publico-de-cuernavaca","status":"publish","type":"post","link":"https:\/\/blogs.uninter.edu.mx\/ESCAT\/index.php\/revolucion-del-transporte-publico-de-cuernavaca\/","title":{"rendered":"Revoluci\u00f3n del Transporte P\u00fablico de Cuernavaca ##ProyectosEscat #ESCAT #Uninter"},"content":{"rendered":"<div class=\"wp-block-image\">\n<figure class=\"aligncenter size-full is-resized\"><a href=\"https:\/\/www.facebook.com\/EscatUninter\"><img loading=\"lazy\" decoding=\"async\" src=\"https:\/\/blogs.uninter.edu.mx\/ESCAT\/wp-content\/uploads\/2024\/03\/image-19.png\" alt=\"\" class=\"wp-image-65404\" width=\"197\" height=\"223\"\/><\/a><\/figure>\n<\/div>\n\n\n<p><\/p>\n\n\n\n<p>El pasado viernes 23 de agosto, Roberto Javier Luengas Arzate dio un paso significativo en su carrera profesional al aprobar con \u00e9xito su Examen Profesional como Ingeniero en Sistemas Computacionales donde nos mostr\u00f3 lo que podr\u00eda ser la revoluci\u00f3n del transporte p\u00fablico de Cuernavaca.<\/p>\n\n\n\n<!--more-->\n\n\n\n<p>Este logro no solo marca el cierre de una etapa acad\u00e9mica, sino tambi\u00e9n el comienzo de una prometedora trayectoria en el mundo de la tecnolog\u00eda y la ingenier\u00eda.<\/p>\n\n\n\n<h2 class=\"wp-block-heading\">Presentaci\u00f3n del proyecto<\/h2>\n\n\n\n<p>Para su examen, Roberto present\u00f3 un proyecto innovador titulado <strong>&#8220;Desarrollo de una Aplicaci\u00f3n M\u00f3vil para Localizar y Acceder al Recorrido del Transporte P\u00fablico con Direcci\u00f3n Hacia Ahuatl\u00e1n en Cuernavaca, Morelos&#8221;<\/strong>. <\/p>\n\n\n<div class=\"wp-block-image\">\n<figure class=\"aligncenter size-full\"><img loading=\"lazy\" decoding=\"async\" width=\"513\" height=\"640\" src=\"https:\/\/blogs.uninter.edu.mx\/ESCAT\/wp-content\/uploads\/2024\/08\/image-210.png\" alt=\"\" class=\"wp-image-70352\"\/><\/figure>\n<\/div>\n\n\n<p><\/p>\n\n\n\n<p>Este proyecto responde a una necesidad real y concreta en la ciudad de Cuernavaca, facilitando a los usuarios del transporte p\u00fablico la posibilidad de localizar y seguir en tiempo real el recorrido de las unidades que se dirigen hacia Ahuatl\u00e1n.<\/p>\n\n\n\n<h2 class=\"wp-block-heading\">Desarrollo<\/h2>\n\n\n\n<p>El desarrollo de esta aplicaci\u00f3n m\u00f3vil no solo demuestra el dominio t\u00e9cnico de Roberto en \u00e1reas clave como la programaci\u00f3n, la geolocalizaci\u00f3n y el dise\u00f1o de interfaces de usuario, sino que tambi\u00e9n refleja su compromiso con mejorar la calidad de vida de las personas a trav\u00e9s de soluciones tecnol\u00f3gicas pr\u00e1cticas y accesibles. <\/p>\n\n\n\n<figure class=\"wp-block-image size-full\"><img loading=\"lazy\" decoding=\"async\" width=\"1024\" height=\"683\" src=\"https:\/\/blogs.uninter.edu.mx\/ESCAT\/wp-content\/uploads\/2024\/08\/image-211.png\" alt=\"\" class=\"wp-image-70353\"\/><\/figure>\n\n\n\n<p><\/p>\n\n\n\n<p>La aplicaci\u00f3n, que integra mapas interactivos y actualizaciones en tiempo real, promete ser una herramienta valiosa para residentes y visitantes de Cuernavaca que dependen del transporte p\u00fablico.<\/p>\n\n\n\n<p>La presentaci\u00f3n de su proyecto durante el examen fue recibida con gran entusiasmo por el jurado, quienes elogiaron la aplicabilidad y la utilidad del proyecto, as\u00ed como el enfoque met\u00f3dico y profesional que Roberto demostr\u00f3 a lo largo de su desarrollo. <\/p>\n\n\n\n<p>Su capacidad para identificar un problema cotidiano y ofrecer una soluci\u00f3n eficiente y tecnol\u00f3gica es un claro indicador de su potencial como ingeniero.<\/p>\n\n\n<div class=\"wp-block-image\">\n<figure class=\"aligncenter size-full\"><img loading=\"lazy\" decoding=\"async\" width=\"1300\" height=\"731\" src=\"https:\/\/blogs.uninter.edu.mx\/ESCAT\/wp-content\/uploads\/2024\/08\/image-212.png\" alt=\"\" class=\"wp-image-70354\"\/><\/figure>\n<\/div>\n\n\n<p><\/p>\n\n\n\n<p>Con la aprobaci\u00f3n de su Examen Profesional, Roberto Javier Luengas Arzate se une oficialmente a la comunidad de Ingenieros en Sistemas Computacionales, listo para enfrentar nuevos desaf\u00edos y contribuir con su conocimiento y habilidades al mundo de la tecnolog\u00eda. <\/p>\n\n\n\n<h6 class=\"wp-block-heading\">Fuente: Proyecto del alumno<\/h6>\n\n\n\n<p class=\"has-text-align-right\"><a href=\"https:\/\/universidad.uninter.edu.mx\/carreras\/ISC\">Ingenier\u00eda en Sistemas Computacionales<\/a><br><a href=\"https:\/\/blogs.uninter.edu.mx\/ESCAT\/index.php\/category\/ingenieria-en-sistemas-computacionales\/\">M\u00e1s noticias sobre Ingenier\u00eda en Sistemas Computacionales\u2026<\/a><\/p>\n\n\n\n<figure class=\"wp-block-image size-full\"><a href=\"https:\/\/uninter.edu.mx\/\"><img loading=\"lazy\" decoding=\"async\" width=\"1024\" height=\"154\" src=\"https:\/\/blogs.uninter.edu.mx\/ESCAT\/wp-content\/uploads\/2024\/08\/image-10.png\" alt=\"\" class=\"wp-image-69556\"\/><\/a><\/figure>\n","protected":false},"excerpt":{"rendered":"<p>El pasado viernes 23 de agosto, Roberto Javier Luengas Arzate dio un paso significativo en su carrera profesional al aprobar con \u00e9xito su Examen Profesional como Ingeniero en Sistemas Computacionales donde nos mostr\u00f3 lo que podr\u00eda ser la revoluci\u00f3n del transporte p\u00fablico de Cuernavaca.<\/p>\n","protected":false},"author":37,"featured_media":70356,"comment_status":"open","ping_status":"open","sticky":false,"template":"","format":"standard","meta":{"_jetpack_memberships_contains_paid_content":false,"footnotes":"","jetpack_publicize_message":"","jetpack_publicize_feature_enabled":true,"jetpack_social_post_already_shared":true,"jetpack_social_options":{"image_generator_settings":{"template":"highway","default_image_id":0,"font":"","enabled":false},"version":2}},"categories":[17,22],"tags":[1236,32,2317,4774,2318,2800,2760,2799,5317,31,37],"class_list":["post-70351","post","type-post","status-publish","format-standard","has-post-thumbnail","hentry","category-ingenieria-en-sistemas-computacionales","category-ingenierias","tag-cuernavaca","tag-escat","tag-examen-2","tag-logro","tag-profesional-2","tag-publico","tag-revolucion-2","tag-transporte-2","tag-trayectoria","tag-uninter","tag-universidad-internacional"],"yoast_head":"<!-- This site is optimized with the Yoast SEO plugin v26.8 - https:\/\/yoast.com\/product\/yoast-seo-wordpress\/ -->\r\n<title>Revoluci\u00f3n del Transporte P\u00fablico de Cuernavaca #ProyectosEscat<\/title>\r\n<meta name=\"description\" content=\"El pasado viernes 23 de agosto, Roberto Javier Luengas Arzate dio un paso significativo en su carrera profesional al aprobar con \u00e9xito su Examen Profesional como Ingeniero en Sistemas Computacionales donde nos mostr\u00f3 lo que podr\u00eda ser la revoluci\u00f3n del transporte p\u00fablico de Cuernavaca.\" \/>\r\n<meta name=\"robots\" content=\"index, follow, max-snippet:-1, max-image-preview:large, max-video-preview:-1\" \/>\r\n<link rel=\"canonical\" href=\"https:\/\/blogs.uninter.edu.mx\/ESCAT\/index.php\/revolucion-del-transporte-publico-de-cuernavaca\/\" \/>\r\n<meta property=\"og:locale\" content=\"es_MX\" \/>\r\n<meta property=\"og:type\" content=\"article\" \/>\r\n<meta property=\"og:title\" content=\"Revoluci\u00f3n del Transporte P\u00fablico de Cuernavaca #ProyectosEscat\" \/>\r\n<meta property=\"og:description\" content=\"El pasado viernes 23 de agosto, Roberto Javier Luengas Arzate dio un paso significativo en su carrera profesional al aprobar con \u00e9xito su Examen Profesional como Ingeniero en Sistemas Computacionales donde nos mostr\u00f3 lo que podr\u00eda ser la revoluci\u00f3n del transporte p\u00fablico de Cuernavaca.\" \/>\r\n<meta property=\"og:url\" content=\"https:\/\/blogs.uninter.edu.mx\/ESCAT\/index.php\/revolucion-del-transporte-publico-de-cuernavaca\/\" \/>\r\n<meta property=\"og:site_name\" content=\"Escuela de Ciencias, Artes y Tecnolog\u00eda\" \/>\r\n<meta property=\"article:publisher\" content=\"https:\/\/www.facebook.com\/EscatUninter\/\" \/>\r\n<meta property=\"article:published_time\" content=\"2025-01-06T15:00:00+00:00\" \/>\r\n<meta property=\"og:image\" content=\"https:\/\/blogs.uninter.edu.mx\/ESCAT\/wp-content\/uploads\/2024\/08\/image-212-1.png\" \/>\r\n\t<meta property=\"og:image:width\" content=\"1200\" \/>\r\n\t<meta property=\"og:image:height\" content=\"800\" \/>\r\n\t<meta property=\"og:image:type\" content=\"image\/png\" \/>\r\n<meta name=\"author\" content=\"Mariana Martinez Silva\" \/>\r\n<meta name=\"twitter:card\" content=\"summary_large_image\" \/>\r\n<meta name=\"twitter:image\" content=\"https:\/\/blogs.uninter.edu.mx\/ESCAT\/wp-content\/uploads\/2024\/08\/image-212-1.png\" \/>\r\n<meta name=\"twitter:creator\" content=\"@EscatUninter\" \/>\r\n<meta name=\"twitter:site\" content=\"@EscatUninter\" \/>\r\n<meta name=\"twitter:label1\" content=\"Escrito por\" \/>\n\t<meta name=\"twitter:data1\" content=\"Mariana Martinez Silva\" \/>\n\t<meta name=\"twitter:label2\" content=\"Tiempo de lectura\" \/>\n\t<meta name=\"twitter:data2\" content=\"3 minutos\" \/>\r\n<script type=\"application\/ld+json\" class=\"yoast-schema-graph\">{\"@context\":\"https:\/\/schema.org\",\"@graph\":[{\"@type\":\"Article\",\"@id\":\"https:\/\/blogs.uninter.edu.mx\/ESCAT\/index.php\/revolucion-del-transporte-publico-de-cuernavaca\/#article\",\"isPartOf\":{\"@id\":\"https:\/\/blogs.uninter.edu.mx\/ESCAT\/index.php\/revolucion-del-transporte-publico-de-cuernavaca\/\"},\"author\":{\"name\":\"Mariana Martinez Silva\",\"@id\":\"https:\/\/blogs.uninter.edu.mx\/ESCAT\/#\/schema\/person\/17e41a456392d6e28254b88a1f3a4555\"},\"headline\":\"Revoluci\u00f3n del Transporte P\u00fablico de Cuernavaca ##ProyectosEscat #ESCAT #Uninter\",\"datePublished\":\"2025-01-06T15:00:00+00:00\",\"mainEntityOfPage\":{\"@id\":\"https:\/\/blogs.uninter.edu.mx\/ESCAT\/index.php\/revolucion-del-transporte-publico-de-cuernavaca\/\"},\"wordCount\":390,\"commentCount\":0,\"image\":{\"@id\":\"https:\/\/blogs.uninter.edu.mx\/ESCAT\/index.php\/revolucion-del-transporte-publico-de-cuernavaca\/#primaryimage\"},\"thumbnailUrl\":\"https:\/\/blogs.uninter.edu.mx\/ESCAT\/wp-content\/uploads\/2024\/08\/image-212-1.png\",\"keywords\":[\"Cuernavaca\",\"ESCAT\",\"Examen\",\"Logro\",\"Profesional\",\"P\u00fablico\",\"Revoluci\u00f3n\",\"Transporte\",\"Trayectoria\",\"Uninter\",\"Universidad Internacional\"],\"articleSection\":[\"Ingenier\u00eda en Sistemas Computacionales\",\"Ingenier\u00edas\"],\"inLanguage\":\"es\",\"potentialAction\":[{\"@type\":\"CommentAction\",\"name\":\"Comment\",\"target\":[\"https:\/\/blogs.uninter.edu.mx\/ESCAT\/index.php\/revolucion-del-transporte-publico-de-cuernavaca\/#respond\"]}]},{\"@type\":\"WebPage\",\"@id\":\"https:\/\/blogs.uninter.edu.mx\/ESCAT\/index.php\/revolucion-del-transporte-publico-de-cuernavaca\/\",\"url\":\"https:\/\/blogs.uninter.edu.mx\/ESCAT\/index.php\/revolucion-del-transporte-publico-de-cuernavaca\/\",\"name\":\"Revoluci\u00f3n del Transporte P\u00fablico de Cuernavaca #ProyectosEscat\",\"isPartOf\":{\"@id\":\"https:\/\/blogs.uninter.edu.mx\/ESCAT\/#website\"},\"primaryImageOfPage\":{\"@id\":\"https:\/\/blogs.uninter.edu.mx\/ESCAT\/index.php\/revolucion-del-transporte-publico-de-cuernavaca\/#primaryimage\"},\"image\":{\"@id\":\"https:\/\/blogs.uninter.edu.mx\/ESCAT\/index.php\/revolucion-del-transporte-publico-de-cuernavaca\/#primaryimage\"},\"thumbnailUrl\":\"https:\/\/blogs.uninter.edu.mx\/ESCAT\/wp-content\/uploads\/2024\/08\/image-212-1.png\",\"datePublished\":\"2025-01-06T15:00:00+00:00\",\"author\":{\"@id\":\"https:\/\/blogs.uninter.edu.mx\/ESCAT\/#\/schema\/person\/17e41a456392d6e28254b88a1f3a4555\"},\"description\":\"El pasado viernes 23 de agosto, Roberto Javier Luengas Arzate dio un paso significativo en su carrera profesional al aprobar con \u00e9xito su Examen Profesional como Ingeniero en Sistemas Computacionales donde nos mostr\u00f3 lo que podr\u00eda ser la revoluci\u00f3n del transporte p\u00fablico de Cuernavaca.\",\"breadcrumb\":{\"@id\":\"https:\/\/blogs.uninter.edu.mx\/ESCAT\/index.php\/revolucion-del-transporte-publico-de-cuernavaca\/#breadcrumb\"},\"inLanguage\":\"es\",\"potentialAction\":[{\"@type\":\"ReadAction\",\"target\":[\"https:\/\/blogs.uninter.edu.mx\/ESCAT\/index.php\/revolucion-del-transporte-publico-de-cuernavaca\/\"]}]},{\"@type\":\"ImageObject\",\"inLanguage\":\"es\",\"@id\":\"https:\/\/blogs.uninter.edu.mx\/ESCAT\/index.php\/revolucion-del-transporte-publico-de-cuernavaca\/#primaryimage\",\"url\":\"https:\/\/blogs.uninter.edu.mx\/ESCAT\/wp-content\/uploads\/2024\/08\/image-212-1.png\",\"contentUrl\":\"https:\/\/blogs.uninter.edu.mx\/ESCAT\/wp-content\/uploads\/2024\/08\/image-212-1.png\",\"width\":1200,\"height\":800},{\"@type\":\"BreadcrumbList\",\"@id\":\"https:\/\/blogs.uninter.edu.mx\/ESCAT\/index.php\/revolucion-del-transporte-publico-de-cuernavaca\/#breadcrumb\",\"itemListElement\":[{\"@type\":\"ListItem\",\"position\":1,\"name\":\"Inicio\",\"item\":\"https:\/\/blogs.uninter.edu.mx\/ESCAT\/\"},{\"@type\":\"ListItem\",\"position\":2,\"name\":\"Revoluci\u00f3n del Transporte P\u00fablico de Cuernavaca ##ProyectosEscat #ESCAT #Uninter\"}]},{\"@type\":\"WebSite\",\"@id\":\"https:\/\/blogs.uninter.edu.mx\/ESCAT\/#website\",\"url\":\"https:\/\/blogs.uninter.edu.mx\/ESCAT\/\",\"name\":\"Escuela de Ciencias, Artes y Tecnolog\u00eda UNINTER\",\"description\":\"ESCAT\",\"potentialAction\":[{\"@type\":\"SearchAction\",\"target\":{\"@type\":\"EntryPoint\",\"urlTemplate\":\"https:\/\/blogs.uninter.edu.mx\/ESCAT\/?s={search_term_string}\"},\"query-input\":{\"@type\":\"PropertyValueSpecification\",\"valueRequired\":true,\"valueName\":\"search_term_string\"}}],\"inLanguage\":\"es\"},{\"@type\":\"Person\",\"@id\":\"https:\/\/blogs.uninter.edu.mx\/ESCAT\/#\/schema\/person\/17e41a456392d6e28254b88a1f3a4555\",\"name\":\"Mariana Martinez Silva\",\"image\":{\"@type\":\"ImageObject\",\"inLanguage\":\"es\",\"@id\":\"https:\/\/blogs.uninter.edu.mx\/ESCAT\/#\/schema\/person\/image\/\",\"url\":\"https:\/\/secure.gravatar.com\/avatar\/0b220cb19d8531cc74ec72ea747109d2a4adc63cb79703bb1943dad9672936d4?s=96&d=mm&r=g\",\"contentUrl\":\"https:\/\/secure.gravatar.com\/avatar\/0b220cb19d8531cc74ec72ea747109d2a4adc63cb79703bb1943dad9672936d4?s=96&d=mm&r=g\",\"caption\":\"Mariana Martinez Silva\"},\"url\":\"https:\/\/blogs.uninter.edu.mx\/ESCAT\/index.php\/author\/masilva\/\"}]}<\/script>\r\n<!-- \/ Yoast SEO plugin. -->","yoast_head_json":{"title":"Revoluci\u00f3n del Transporte P\u00fablico de Cuernavaca #ProyectosEscat","description":"El pasado viernes 23 de agosto, Roberto Javier Luengas Arzate dio un paso significativo en su carrera profesional al aprobar con \u00e9xito su Examen Profesional como Ingeniero en Sistemas Computacionales donde nos mostr\u00f3 lo que podr\u00eda ser la revoluci\u00f3n del transporte p\u00fablico de Cuernavaca.","robots":{"index":"index","follow":"follow","max-snippet":"max-snippet:-1","max-image-preview":"max-image-preview:large","max-video-preview":"max-video-preview:-1"},"canonical":"https:\/\/blogs.uninter.edu.mx\/ESCAT\/index.php\/revolucion-del-transporte-publico-de-cuernavaca\/","og_locale":"es_MX","og_type":"article","og_title":"Revoluci\u00f3n del Transporte P\u00fablico de Cuernavaca #ProyectosEscat","og_description":"El pasado viernes 23 de agosto, Roberto Javier Luengas Arzate dio un paso significativo en su carrera profesional al aprobar con \u00e9xito su Examen Profesional como Ingeniero en Sistemas Computacionales donde nos mostr\u00f3 lo que podr\u00eda ser la revoluci\u00f3n del transporte p\u00fablico de Cuernavaca.","og_url":"https:\/\/blogs.uninter.edu.mx\/ESCAT\/index.php\/revolucion-del-transporte-publico-de-cuernavaca\/","og_site_name":"Escuela de Ciencias, Artes y Tecnolog\u00eda","article_publisher":"https:\/\/www.facebook.com\/EscatUninter\/","article_published_time":"2025-01-06T15:00:00+00:00","og_image":[{"width":1200,"height":800,"url":"https:\/\/blogs.uninter.edu.mx\/ESCAT\/wp-content\/uploads\/2024\/08\/image-212-1.png","type":"image\/png"}],"author":"Mariana Martinez Silva","twitter_card":"summary_large_image","twitter_image":"https:\/\/blogs.uninter.edu.mx\/ESCAT\/wp-content\/uploads\/2024\/08\/image-212-1.png","twitter_creator":"@EscatUninter","twitter_site":"@EscatUninter","twitter_misc":{"Escrito por":"Mariana Martinez Silva","Tiempo de lectura":"3 minutos"},"schema":{"@context":"https:\/\/schema.org","@graph":[{"@type":"Article","@id":"https:\/\/blogs.uninter.edu.mx\/ESCAT\/index.php\/revolucion-del-transporte-publico-de-cuernavaca\/#article","isPartOf":{"@id":"https:\/\/blogs.uninter.edu.mx\/ESCAT\/index.php\/revolucion-del-transporte-publico-de-cuernavaca\/"},"author":{"name":"Mariana Martinez Silva","@id":"https:\/\/blogs.uninter.edu.mx\/ESCAT\/#\/schema\/person\/17e41a456392d6e28254b88a1f3a4555"},"headline":"Revoluci\u00f3n del Transporte P\u00fablico de Cuernavaca ##ProyectosEscat #ESCAT #Uninter","datePublished":"2025-01-06T15:00:00+00:00","mainEntityOfPage":{"@id":"https:\/\/blogs.uninter.edu.mx\/ESCAT\/index.php\/revolucion-del-transporte-publico-de-cuernavaca\/"},"wordCount":390,"commentCount":0,"image":{"@id":"https:\/\/blogs.uninter.edu.mx\/ESCAT\/index.php\/revolucion-del-transporte-publico-de-cuernavaca\/#primaryimage"},"thumbnailUrl":"https:\/\/blogs.uninter.edu.mx\/ESCAT\/wp-content\/uploads\/2024\/08\/image-212-1.png","keywords":["Cuernavaca","ESCAT","Examen","Logro","Profesional","P\u00fablico","Revoluci\u00f3n","Transporte","Trayectoria","Uninter","Universidad Internacional"],"articleSection":["Ingenier\u00eda en Sistemas Computacionales","Ingenier\u00edas"],"inLanguage":"es","potentialAction":[{"@type":"CommentAction","name":"Comment","target":["https:\/\/blogs.uninter.edu.mx\/ESCAT\/index.php\/revolucion-del-transporte-publico-de-cuernavaca\/#respond"]}]},{"@type":"WebPage","@id":"https:\/\/blogs.uninter.edu.mx\/ESCAT\/index.php\/revolucion-del-transporte-publico-de-cuernavaca\/","url":"https:\/\/blogs.uninter.edu.mx\/ESCAT\/index.php\/revolucion-del-transporte-publico-de-cuernavaca\/","name":"Revoluci\u00f3n del Transporte P\u00fablico de Cuernavaca #ProyectosEscat","isPartOf":{"@id":"https:\/\/blogs.uninter.edu.mx\/ESCAT\/#website"},"primaryImageOfPage":{"@id":"https:\/\/blogs.uninter.edu.mx\/ESCAT\/index.php\/revolucion-del-transporte-publico-de-cuernavaca\/#primaryimage"},"image":{"@id":"https:\/\/blogs.uninter.edu.mx\/ESCAT\/index.php\/revolucion-del-transporte-publico-de-cuernavaca\/#primaryimage"},"thumbnailUrl":"https:\/\/blogs.uninter.edu.mx\/ESCAT\/wp-content\/uploads\/2024\/08\/image-212-1.png","datePublished":"2025-01-06T15:00:00+00:00","author":{"@id":"https:\/\/blogs.uninter.edu.mx\/ESCAT\/#\/schema\/person\/17e41a456392d6e28254b88a1f3a4555"},"description":"El pasado viernes 23 de agosto, Roberto Javier Luengas Arzate dio un paso significativo en su carrera profesional al aprobar con \u00e9xito su Examen Profesional como Ingeniero en Sistemas Computacionales donde nos mostr\u00f3 lo que podr\u00eda ser la revoluci\u00f3n del transporte p\u00fablico de Cuernavaca.","breadcrumb":{"@id":"https:\/\/blogs.uninter.edu.mx\/ESCAT\/index.php\/revolucion-del-transporte-publico-de-cuernavaca\/#breadcrumb"},"inLanguage":"es","potentialAction":[{"@type":"ReadAction","target":["https:\/\/blogs.uninter.edu.mx\/ESCAT\/index.php\/revolucion-del-transporte-publico-de-cuernavaca\/"]}]},{"@type":"ImageObject","inLanguage":"es","@id":"https:\/\/blogs.uninter.edu.mx\/ESCAT\/index.php\/revolucion-del-transporte-publico-de-cuernavaca\/#primaryimage","url":"https:\/\/blogs.uninter.edu.mx\/ESCAT\/wp-content\/uploads\/2024\/08\/image-212-1.png","contentUrl":"https:\/\/blogs.uninter.edu.mx\/ESCAT\/wp-content\/uploads\/2024\/08\/image-212-1.png","width":1200,"height":800},{"@type":"BreadcrumbList","@id":"https:\/\/blogs.uninter.edu.mx\/ESCAT\/index.php\/revolucion-del-transporte-publico-de-cuernavaca\/#breadcrumb","itemListElement":[{"@type":"ListItem","position":1,"name":"Inicio","item":"https:\/\/blogs.uninter.edu.mx\/ESCAT\/"},{"@type":"ListItem","position":2,"name":"Revoluci\u00f3n del Transporte P\u00fablico de Cuernavaca ##ProyectosEscat #ESCAT #Uninter"}]},{"@type":"WebSite","@id":"https:\/\/blogs.uninter.edu.mx\/ESCAT\/#website","url":"https:\/\/blogs.uninter.edu.mx\/ESCAT\/","name":"Escuela de Ciencias, Artes y Tecnolog\u00eda UNINTER","description":"ESCAT","potentialAction":[{"@type":"SearchAction","target":{"@type":"EntryPoint","urlTemplate":"https:\/\/blogs.uninter.edu.mx\/ESCAT\/?s={search_term_string}"},"query-input":{"@type":"PropertyValueSpecification","valueRequired":true,"valueName":"search_term_string"}}],"inLanguage":"es"},{"@type":"Person","@id":"https:\/\/blogs.uninter.edu.mx\/ESCAT\/#\/schema\/person\/17e41a456392d6e28254b88a1f3a4555","name":"Mariana Martinez Silva","image":{"@type":"ImageObject","inLanguage":"es","@id":"https:\/\/blogs.uninter.edu.mx\/ESCAT\/#\/schema\/person\/image\/","url":"https:\/\/secure.gravatar.com\/avatar\/0b220cb19d8531cc74ec72ea747109d2a4adc63cb79703bb1943dad9672936d4?s=96&d=mm&r=g","contentUrl":"https:\/\/secure.gravatar.com\/avatar\/0b220cb19d8531cc74ec72ea747109d2a4adc63cb79703bb1943dad9672936d4?s=96&d=mm&r=g","caption":"Mariana Martinez Silva"},"url":"https:\/\/blogs.uninter.edu.mx\/ESCAT\/index.php\/author\/masilva\/"}]}},"jetpack_publicize_connections":[],"jetpack_featured_media_url":"https:\/\/blogs.uninter.edu.mx\/ESCAT\/wp-content\/uploads\/2024\/08\/image-212-1.png","jetpack_sharing_enabled":true,"_links":{"self":[{"href":"https:\/\/blogs.uninter.edu.mx\/ESCAT\/index.php\/wp-json\/wp\/v2\/posts\/70351","targetHints":{"allow":["GET"]}}],"collection":[{"href":"https:\/\/blogs.uninter.edu.mx\/ESCAT\/index.php\/wp-json\/wp\/v2\/posts"}],"about":[{"href":"https:\/\/blogs.uninter.edu.mx\/ESCAT\/index.php\/wp-json\/wp\/v2\/types\/post"}],"author":[{"embeddable":true,"href":"https:\/\/blogs.uninter.edu.mx\/ESCAT\/index.php\/wp-json\/wp\/v2\/users\/37"}],"replies":[{"embeddable":true,"href":"https:\/\/blogs.uninter.edu.mx\/ESCAT\/index.php\/wp-json\/wp\/v2\/comments?post=70351"}],"version-history":[{"count":3,"href":"https:\/\/blogs.uninter.edu.mx\/ESCAT\/index.php\/wp-json\/wp\/v2\/posts\/70351\/revisions"}],"predecessor-version":[{"id":70863,"href":"https:\/\/blogs.uninter.edu.mx\/ESCAT\/index.php\/wp-json\/wp\/v2\/posts\/70351\/revisions\/70863"}],"wp:featuredmedia":[{"embeddable":true,"href":"https:\/\/blogs.uninter.edu.mx\/ESCAT\/index.php\/wp-json\/wp\/v2\/media\/70356"}],"wp:attachment":[{"href":"https:\/\/blogs.uninter.edu.mx\/ESCAT\/index.php\/wp-json\/wp\/v2\/media?parent=70351"}],"wp:term":[{"taxonomy":"category","embeddable":true,"href":"https:\/\/blogs.uninter.edu.mx\/ESCAT\/index.php\/wp-json\/wp\/v2\/categories?post=70351"},{"taxonomy":"post_tag","embeddable":true,"href":"https:\/\/blogs.uninter.edu.mx\/ESCAT\/index.php\/wp-json\/wp\/v2\/tags?post=70351"}],"curies":[{"name":"wp","href":"https:\/\/api.w.org\/{rel}","templated":true}]}}