{"id":71051,"date":"2025-03-11T08:00:00","date_gmt":"2025-03-11T14:00:00","guid":{"rendered":"https:\/\/blogs.uninter.edu.mx\/ESCAT\/?p=71051"},"modified":"2025-02-13T14:27:05","modified_gmt":"2025-02-13T20:27:05","slug":"la-importancia-de-las-reticulas-en-el-diseno-grafico","status":"publish","type":"post","link":"https:\/\/blogs.uninter.edu.mx\/ESCAT\/index.php\/la-importancia-de-las-reticulas-en-el-diseno-grafico\/","title":{"rendered":"La importancia de las ret\u00edculas en el dise\u00f1o gr\u00e1fico #ESCAT #ProyectosEscat #Uninter"},"content":{"rendered":"<div class=\"wp-block-image\">\n<figure class=\"aligncenter is-resized\"><a href=\"https:\/\/www.facebook.com\/EscatUninter\"><img loading=\"lazy\" decoding=\"async\" src=\"https:\/\/blogs.uninter.edu.mx\/ESCAT\/wp-content\/uploads\/2023\/03\/image-98.png\" alt=\"ESCAT\" class=\"wp-image-57729\" width=\"187\" height=\"213\"\/><\/a><\/figure>\n<\/div>\n\n\n<p>En el \u00e1mbito del <strong>dise\u00f1o gr\u00e1fico<\/strong>, las <strong>ret\u00edculas<\/strong> son una herramienta fundamental para lograr una composici\u00f3n ordenada y equilibrada. Estas estructuras de l\u00edneas y gu\u00edas ayudan a organizar los elementos visuales en un espacio determinado, facilitando la creaci\u00f3n de dise\u00f1os armoniosos y funcionales.<\/p>\n\n\n\n<!--more-->\n\n\n\n<h2 class=\"wp-block-heading\"><strong>La importancia de las ret\u00edculas en el dise\u00f1o publicitario<\/strong><\/h2>\n\n\n\n<p>Este concepto fue central en el reciente taller <strong>Dise\u00f1o II: Signos y S\u00edmbolos<\/strong>, donde los alumnos exploraron el papel de las ret\u00edculas en la creaci\u00f3n de composiciones publicitarias para productos espec\u00edficos.<\/p>\n\n\n\n<p>Durante el taller, los estudiantes seleccionaron un producto y desarrollaron una campa\u00f1a publicitaria adaptada a distintos formatos, tales como:<\/p>\n\n\n\n<ul class=\"wp-block-list\">\n<li><strong>Horizontal<\/strong><\/li>\n\n\n\n<li><strong>Vertical<\/strong><\/li>\n\n\n\n<li><strong>Cuadrado<\/strong><\/li>\n\n\n\n<li><strong>Portada para redes sociales<\/strong><\/li>\n\n\n\n<li><strong>Tama\u00f1o carta<\/strong><\/li>\n<\/ul>\n\n\n\n<p>Cada formato se present\u00f3 en tres versiones:<\/p>\n\n\n\n<ol class=\"wp-block-list\">\n<li>Dise\u00f1o final limpio<\/li>\n\n\n\n<li>Dise\u00f1o con ret\u00edcula sobrepuesta<\/li>\n\n\n\n<li>Solo la ret\u00edcula<\/li>\n<\/ol>\n\n\n\n<figure class=\"wp-block-gallery has-nested-images columns-default is-cropped wp-block-gallery-1 is-layout-flex wp-block-gallery-is-layout-flex\">\n<figure class=\"wp-block-image size-large\"><img loading=\"lazy\" decoding=\"async\" width=\"2048\" height=\"2048\" data-id=\"71053\" src=\"https:\/\/blogs.uninter.edu.mx\/ESCAT\/wp-content\/uploads\/2024\/10\/Ilustracion_sin_titulo-7.jpg\" alt=\"\" class=\"wp-image-71053\"\/><\/figure>\n\n\n\n<figure class=\"wp-block-image size-large\"><img loading=\"lazy\" decoding=\"async\" width=\"2048\" height=\"2048\" data-id=\"71054\" src=\"https:\/\/blogs.uninter.edu.mx\/ESCAT\/wp-content\/uploads\/2024\/10\/Ilustracion_sin_titulo-8.jpg\" alt=\"\" class=\"wp-image-71054\"\/><\/figure>\n\n\n\n<figure class=\"wp-block-image size-large\"><img loading=\"lazy\" decoding=\"async\" width=\"2048\" height=\"2048\" data-id=\"71052\" src=\"https:\/\/blogs.uninter.edu.mx\/ESCAT\/wp-content\/uploads\/2024\/10\/Ilustracion_sin_titulo-9.jpg\" alt=\"\" class=\"wp-image-71052\"\/><\/figure>\n<\/figure>\n\n\n\n<h6 class=\"wp-block-heading\">Trabajo de: Valentina Rivera<\/h6>\n\n\n\n<h3 class=\"wp-block-heading\"><strong>Aplicaci\u00f3n de ret\u00edculas en el dise\u00f1o<\/strong><\/h3>\n\n\n\n<p>Este proceso permiti\u00f3 a los estudiantes comprender c\u00f3mo las gu\u00edas y divisiones ayudan a posicionar elementos de manera precisa, asegurando que cada formato conserve la armon\u00eda visual y la efectividad del mensaje.<\/p>\n\n\n\n<h3 class=\"wp-block-heading\"><strong>Dise\u00f1o org\u00e1nico en la publicidad<\/strong><\/h3>\n\n\n\n<p>Adem\u00e1s, el dise\u00f1o publicitario deb\u00eda incorporar dos tipos de fondos distintos. El primero estaba basado en un <strong>dise\u00f1o org\u00e1nico<\/strong>, conceptualizado para resaltar el mensaje y la personalidad del producto.<\/p>\n\n\n\n<figure class=\"wp-block-gallery has-nested-images columns-default is-cropped wp-block-gallery-2 is-layout-flex wp-block-gallery-is-layout-flex\">\n<figure class=\"wp-block-image size-large\"><img loading=\"lazy\" decoding=\"async\" width=\"2480\" height=\"3508\" data-id=\"71057\" src=\"https:\/\/blogs.uninter.edu.mx\/ESCAT\/wp-content\/uploads\/2024\/10\/CARTA.png\" alt=\"\" class=\"wp-image-71057\"\/><\/figure>\n\n\n\n<figure class=\"wp-block-image size-large\"><img loading=\"lazy\" decoding=\"async\" width=\"1668\" height=\"2388\" data-id=\"71055\" src=\"https:\/\/blogs.uninter.edu.mx\/ESCAT\/wp-content\/uploads\/2024\/10\/Ilustracion_sin_titulo-1.jpg\" alt=\"\" class=\"wp-image-71055\"\/><\/figure>\n\n\n\n<figure class=\"wp-block-image size-large\"><img loading=\"lazy\" decoding=\"async\" width=\"1178\" height=\"1524\" data-id=\"71056\" src=\"https:\/\/blogs.uninter.edu.mx\/ESCAT\/wp-content\/uploads\/2024\/10\/reticulas-organico-16.jpg\" alt=\"\" class=\"wp-image-71056\"\/><\/figure>\n<\/figure>\n\n\n\n<h6 class=\"wp-block-heading\">Trabajo de: Monica El\u00edas, Valentina Rivera y Emmanuel Tapia<\/h6>\n\n\n\n<h3 class=\"wp-block-heading\"><strong>Patrones modulares en el dise\u00f1o gr\u00e1fico<\/strong><\/h3>\n\n\n\n<p>El segundo fondo se realiz\u00f3 mediante un <strong>patr\u00f3n modular<\/strong>, empleando la estructura de m\u00f3dulo, subm\u00f3dulo y superm\u00f3dulo para generar un dise\u00f1o uniforme y repetitivo.<\/p>\n\n\n\n<figure class=\"wp-block-gallery has-nested-images columns-default is-cropped wp-block-gallery-3 is-layout-flex wp-block-gallery-is-layout-flex\">\n<figure class=\"wp-block-image size-large\"><img loading=\"lazy\" decoding=\"async\" width=\"630\" height=\"584\" data-id=\"71058\" src=\"https:\/\/blogs.uninter.edu.mx\/ESCAT\/wp-content\/uploads\/2024\/10\/reticulas-patron-vale.jpg\" alt=\"\" class=\"wp-image-71058\"\/><\/figure>\n\n\n\n<figure class=\"wp-block-image size-large\"><img loading=\"lazy\" decoding=\"async\" width=\"1117\" height=\"1117\" data-id=\"71059\" src=\"https:\/\/blogs.uninter.edu.mx\/ESCAT\/wp-content\/uploads\/2024\/10\/reticulas-patron-01.jpg\" alt=\"\" class=\"wp-image-71059\"\/><\/figure>\n\n\n\n<figure class=\"wp-block-image size-large\"><img loading=\"lazy\" decoding=\"async\" width=\"1080\" height=\"1080\" data-id=\"71060\" src=\"https:\/\/blogs.uninter.edu.mx\/ESCAT\/wp-content\/uploads\/2024\/10\/SU\u2560uPER-MO\u2560uDULOS.png\" alt=\"\" class=\"wp-image-71060\"\/><\/figure>\n<\/figure>\n\n\n\n<p><\/p>\n\n\n\n<h2 class=\"wp-block-heading\"><strong>Resultados del taller y conclusiones<\/strong><\/h2>\n\n\n\n<p>Este ejercicio permiti\u00f3 a los alumnos introducirse en el uso de patrones como herramienta de repetici\u00f3n y consistencia. Adem\u00e1s, comprendieron la flexibilidad de las ret\u00edculas en la construcci\u00f3n de composiciones visuales complejas y atractivas.<\/p>\n\n\n\n<div class=\"wp-block-jetpack-slideshow aligncenter\" data-effect=\"slide\"><div class=\"wp-block-jetpack-slideshow_container swiper-container\"><ul class=\"wp-block-jetpack-slideshow_swiper-wrapper swiper-wrapper\"><li class=\"wp-block-jetpack-slideshow_slide swiper-slide\"><figure><img loading=\"lazy\" decoding=\"async\" width=\"259\" height=\"461\" alt=\"\" class=\"wp-block-jetpack-slideshow_image wp-image-71066\" data-id=\"71066\" src=\"https:\/\/blogs.uninter.edu.mx\/ESCAT\/wp-content\/uploads\/2024\/10\/reticulas-patron-10.jpg\"\/><\/figure><\/li><li class=\"wp-block-jetpack-slideshow_slide swiper-slide\"><figure><img loading=\"lazy\" decoding=\"async\" width=\"1668\" height=\"2388\" alt=\"\" class=\"wp-block-jetpack-slideshow_image wp-image-71063\" data-id=\"71063\" src=\"https:\/\/blogs.uninter.edu.mx\/ESCAT\/wp-content\/uploads\/2024\/10\/Ilustracion_sin_titulo-1-1.jpg\"\/><\/figure><\/li><li class=\"wp-block-jetpack-slideshow_slide swiper-slide\"><figure><img loading=\"lazy\" decoding=\"async\" width=\"1668\" height=\"2388\" alt=\"\" class=\"wp-block-jetpack-slideshow_image wp-image-71064\" data-id=\"71064\" src=\"https:\/\/blogs.uninter.edu.mx\/ESCAT\/wp-content\/uploads\/2024\/10\/Ilustracion_sin_titulo-10.jpg\"\/><\/figure><\/li><li class=\"wp-block-jetpack-slideshow_slide swiper-slide\"><figure><img loading=\"lazy\" decoding=\"async\" width=\"1178\" height=\"1524\" alt=\"\" class=\"wp-block-jetpack-slideshow_image wp-image-71065\" data-id=\"71065\" src=\"https:\/\/blogs.uninter.edu.mx\/ESCAT\/wp-content\/uploads\/2024\/10\/reticulas-organico-16-1.jpg\"\/><\/figure><\/li><li class=\"wp-block-jetpack-slideshow_slide swiper-slide\"><figure><img loading=\"lazy\" decoding=\"async\" width=\"2480\" height=\"3508\" alt=\"\" class=\"wp-block-jetpack-slideshow_image wp-image-71061\" data-id=\"71061\" src=\"https:\/\/blogs.uninter.edu.mx\/ESCAT\/wp-content\/uploads\/2024\/10\/CARTA-1.png\"\/><\/figure><\/li><li class=\"wp-block-jetpack-slideshow_slide swiper-slide\"><figure><img loading=\"lazy\" decoding=\"async\" width=\"2480\" height=\"3508\" alt=\"\" class=\"wp-block-jetpack-slideshow_image wp-image-71062\" data-id=\"71062\" src=\"https:\/\/blogs.uninter.edu.mx\/ESCAT\/wp-content\/uploads\/2024\/10\/CARTA-2.png\"\/><\/figure><\/li><\/ul><a class=\"wp-block-jetpack-slideshow_button-prev swiper-button-prev swiper-button-white\" role=\"button\"><\/a><a class=\"wp-block-jetpack-slideshow_button-next swiper-button-next swiper-button-white\" role=\"button\"><\/a><a aria-label=\"Pause Slideshow\" class=\"wp-block-jetpack-slideshow_button-pause\" role=\"button\"><\/a><div class=\"wp-block-jetpack-slideshow_pagination swiper-pagination swiper-pagination-white\"><\/div><\/div><\/div>\n\n\n\n<p>Gracias a esta pr\u00e1ctica, los estudiantes no solo aprendieron a utilizar las ret\u00edculas como base para un dise\u00f1o equilibrado, sino que tambi\u00e9n desarrollaron una visi\u00f3n estructurada del proceso creativo, integrando <strong>est\u00e9tica, funcionalidad y orden<\/strong> en sus piezas publicitarias.<\/p>\n\n\n\n<h6 class=\"wp-block-heading\">Fuente: Trabajos de Alumnos<\/h6>\n\n\n\n<p class=\"has-text-align-right\"><a href=\"https:\/\/universidad.uninter.edu.mx\/carreras\/LDG\" target=\"_blank\" rel=\"noreferrer noopener\">Licenciatura en Dise\u00f1o Gr\u00e1fico&#8230;<\/a><\/p>\n\n\n\n<p class=\"has-text-align-right\"><a href=\"https:\/\/blogs.uninter.edu.mx\/ESCAT\/index.php\/category\/diseno-grafico\/\" target=\"_blank\" rel=\"noreferrer noopener\">M\u00e1s noticias sobre Dise\u00f1o Gr\u00e1fico&#8230;<\/a><\/p>\n\n\n\n<figure class=\"wp-block-image\"><a href=\"https:\/\/uninter.edu.mx\/\"><img loading=\"lazy\" decoding=\"async\" width=\"1024\" height=\"154\" src=\"https:\/\/blogs.uninter.edu.mx\/ESCAT\/wp-content\/uploads\/2023\/03\/image-99.png\" alt=\"Universidad Internacional\" class=\"wp-image-57730\"\/><\/a><\/figure>\n","protected":false},"excerpt":{"rendered":"<p>En el \u00e1mbito del dise\u00f1o gr\u00e1fico, las ret\u00edculas son una herramienta fundamental para lograr una composici\u00f3n ordenada y equilibrada. Estas estructuras de l\u00edneas y gu\u00edas ayudan a organizar los elementos visuales en un espacio determinado, facilitando la creaci\u00f3n de dise\u00f1os armoniosos y funcionales.<\/p>\n","protected":false},"author":22,"featured_media":71067,"comment_status":"open","ping_status":"open","sticky":false,"template":"","format":"standard","meta":{"_jetpack_memberships_contains_paid_content":false,"footnotes":"","jetpack_publicize_message":"","jetpack_publicize_feature_enabled":true,"jetpack_social_post_already_shared":true,"jetpack_social_options":{"image_generator_settings":{"template":"highway","default_image_id":0,"font":"","enabled":false},"version":2}},"categories":[8,10],"tags":[61,32,5361,5362,457,384,5360,31,37],"class_list":["post-71051","post","type-post","status-publish","format-standard","has-post-thumbnail","hentry","category-diseno-grafico","category-disenos","tag-diseno","tag-escat","tag-formatos","tag-patrones","tag-producto","tag-publicidad","tag-reticulas","tag-uninter","tag-universidad-internacional"],"yoast_head":"<!-- This site is optimized with the Yoast SEO plugin v26.8 - https:\/\/yoast.com\/product\/yoast-seo-wordpress\/ -->\r\n<title>La importancia de las ret\u00edculas en el dise\u00f1o gr\u00e1fico #ProyectosEscat<\/title>\r\n<meta name=\"description\" content=\"En el \u00e1mbito del dise\u00f1o gr\u00e1fico, las ret\u00edculas son una herramienta fundamental para lograr una composici\u00f3n ordenada y visualmente equilibrada.\" \/>\r\n<meta name=\"robots\" content=\"index, follow, max-snippet:-1, max-image-preview:large, max-video-preview:-1\" \/>\r\n<link rel=\"canonical\" href=\"https:\/\/blogs.uninter.edu.mx\/ESCAT\/index.php\/la-importancia-de-las-reticulas-en-el-diseno-grafico\/\" \/>\r\n<meta property=\"og:locale\" content=\"es_MX\" \/>\r\n<meta property=\"og:type\" content=\"article\" \/>\r\n<meta property=\"og:title\" content=\"La importancia de las ret\u00edculas en el dise\u00f1o gr\u00e1fico\" \/>\r\n<meta property=\"og:description\" content=\"En el \u00e1mbito del dise\u00f1o gr\u00e1fico, las ret\u00edculas son una herramienta fundamental para lograr una composici\u00f3n ordenada y visualmente equilibrada.\" \/>\r\n<meta property=\"og:url\" content=\"https:\/\/blogs.uninter.edu.mx\/ESCAT\/index.php\/la-importancia-de-las-reticulas-en-el-diseno-grafico\/\" \/>\r\n<meta property=\"og:site_name\" content=\"Escuela de Ciencias, Artes y Tecnolog\u00eda\" \/>\r\n<meta property=\"article:publisher\" content=\"https:\/\/www.facebook.com\/EscatUninter\/\" \/>\r\n<meta property=\"article:published_time\" content=\"2025-03-11T14:00:00+00:00\" \/>\r\n<meta property=\"og:image\" content=\"https:\/\/blogs.uninter.edu.mx\/ESCAT\/wp-content\/uploads\/2024\/10\/27.jpg\" \/>\r\n\t<meta property=\"og:image:width\" content=\"1200\" \/>\r\n\t<meta property=\"og:image:height\" content=\"800\" \/>\r\n\t<meta property=\"og:image:type\" content=\"image\/jpeg\" \/>\r\n<meta name=\"author\" content=\"EquipoEscat\" \/>\r\n<meta name=\"twitter:card\" content=\"summary_large_image\" \/>\r\n<meta name=\"twitter:title\" content=\"La importancia de las ret\u00edculas en el dise\u00f1o gr\u00e1fico\" \/>\r\n<meta name=\"twitter:description\" content=\"En el \u00e1mbito del dise\u00f1o gr\u00e1fico, las ret\u00edculas son una herramienta fundamental para lograr una composici\u00f3n ordenada y visualmente equilibrada.\" \/>\r\n<meta name=\"twitter:image\" content=\"https:\/\/blogs.uninter.edu.mx\/ESCAT\/wp-content\/uploads\/2024\/10\/27.jpg\" \/>\r\n<meta name=\"twitter:creator\" content=\"@EscatUninter\" \/>\r\n<meta name=\"twitter:site\" content=\"@EscatUninter\" \/>\r\n<meta name=\"twitter:label1\" content=\"Escrito por\" \/>\n\t<meta name=\"twitter:data1\" content=\"EquipoEscat\" \/>\n\t<meta name=\"twitter:label2\" content=\"Tiempo de lectura\" \/>\n\t<meta name=\"twitter:data2\" content=\"5 minutos\" \/>\r\n<script type=\"application\/ld+json\" class=\"yoast-schema-graph\">{\"@context\":\"https:\/\/schema.org\",\"@graph\":[{\"@type\":\"Article\",\"@id\":\"https:\/\/blogs.uninter.edu.mx\/ESCAT\/index.php\/la-importancia-de-las-reticulas-en-el-diseno-grafico\/#article\",\"isPartOf\":{\"@id\":\"https:\/\/blogs.uninter.edu.mx\/ESCAT\/index.php\/la-importancia-de-las-reticulas-en-el-diseno-grafico\/\"},\"author\":{\"name\":\"EquipoEscat\",\"@id\":\"https:\/\/blogs.uninter.edu.mx\/ESCAT\/#\/schema\/person\/df7b8f33d62433cb78a2104bda02490d\"},\"headline\":\"La importancia de las ret\u00edculas en el dise\u00f1o gr\u00e1fico #ESCAT #ProyectosEscat #Uninter\",\"datePublished\":\"2025-03-11T14:00:00+00:00\",\"mainEntityOfPage\":{\"@id\":\"https:\/\/blogs.uninter.edu.mx\/ESCAT\/index.php\/la-importancia-de-las-reticulas-en-el-diseno-grafico\/\"},\"wordCount\":405,\"commentCount\":0,\"image\":{\"@id\":\"https:\/\/blogs.uninter.edu.mx\/ESCAT\/index.php\/la-importancia-de-las-reticulas-en-el-diseno-grafico\/#primaryimage\"},\"thumbnailUrl\":\"https:\/\/blogs.uninter.edu.mx\/ESCAT\/wp-content\/uploads\/2024\/10\/27.jpg\",\"keywords\":[\"Dise\u00f1o\",\"ESCAT\",\"formatos\",\"patr\u00f3nes\",\"Producto\",\"Publicidad\",\"ret\u00edculas\",\"Uninter\",\"Universidad Internacional\"],\"articleSection\":[\"Dise\u00f1o Gr\u00e1fico\",\"Dise\u00f1os\"],\"inLanguage\":\"es\",\"potentialAction\":[{\"@type\":\"CommentAction\",\"name\":\"Comment\",\"target\":[\"https:\/\/blogs.uninter.edu.mx\/ESCAT\/index.php\/la-importancia-de-las-reticulas-en-el-diseno-grafico\/#respond\"]}]},{\"@type\":\"WebPage\",\"@id\":\"https:\/\/blogs.uninter.edu.mx\/ESCAT\/index.php\/la-importancia-de-las-reticulas-en-el-diseno-grafico\/\",\"url\":\"https:\/\/blogs.uninter.edu.mx\/ESCAT\/index.php\/la-importancia-de-las-reticulas-en-el-diseno-grafico\/\",\"name\":\"La importancia de las ret\u00edculas en el dise\u00f1o gr\u00e1fico #ProyectosEscat\",\"isPartOf\":{\"@id\":\"https:\/\/blogs.uninter.edu.mx\/ESCAT\/#website\"},\"primaryImageOfPage\":{\"@id\":\"https:\/\/blogs.uninter.edu.mx\/ESCAT\/index.php\/la-importancia-de-las-reticulas-en-el-diseno-grafico\/#primaryimage\"},\"image\":{\"@id\":\"https:\/\/blogs.uninter.edu.mx\/ESCAT\/index.php\/la-importancia-de-las-reticulas-en-el-diseno-grafico\/#primaryimage\"},\"thumbnailUrl\":\"https:\/\/blogs.uninter.edu.mx\/ESCAT\/wp-content\/uploads\/2024\/10\/27.jpg\",\"datePublished\":\"2025-03-11T14:00:00+00:00\",\"author\":{\"@id\":\"https:\/\/blogs.uninter.edu.mx\/ESCAT\/#\/schema\/person\/df7b8f33d62433cb78a2104bda02490d\"},\"description\":\"En el \u00e1mbito del dise\u00f1o gr\u00e1fico, las ret\u00edculas son una herramienta fundamental para lograr una composici\u00f3n ordenada y visualmente equilibrada.\",\"breadcrumb\":{\"@id\":\"https:\/\/blogs.uninter.edu.mx\/ESCAT\/index.php\/la-importancia-de-las-reticulas-en-el-diseno-grafico\/#breadcrumb\"},\"inLanguage\":\"es\",\"potentialAction\":[{\"@type\":\"ReadAction\",\"target\":[\"https:\/\/blogs.uninter.edu.mx\/ESCAT\/index.php\/la-importancia-de-las-reticulas-en-el-diseno-grafico\/\"]}]},{\"@type\":\"ImageObject\",\"inLanguage\":\"es\",\"@id\":\"https:\/\/blogs.uninter.edu.mx\/ESCAT\/index.php\/la-importancia-de-las-reticulas-en-el-diseno-grafico\/#primaryimage\",\"url\":\"https:\/\/blogs.uninter.edu.mx\/ESCAT\/wp-content\/uploads\/2024\/10\/27.jpg\",\"contentUrl\":\"https:\/\/blogs.uninter.edu.mx\/ESCAT\/wp-content\/uploads\/2024\/10\/27.jpg\",\"width\":1200,\"height\":800},{\"@type\":\"BreadcrumbList\",\"@id\":\"https:\/\/blogs.uninter.edu.mx\/ESCAT\/index.php\/la-importancia-de-las-reticulas-en-el-diseno-grafico\/#breadcrumb\",\"itemListElement\":[{\"@type\":\"ListItem\",\"position\":1,\"name\":\"Inicio\",\"item\":\"https:\/\/blogs.uninter.edu.mx\/ESCAT\/\"},{\"@type\":\"ListItem\",\"position\":2,\"name\":\"La importancia de las ret\u00edculas en el dise\u00f1o gr\u00e1fico #ESCAT #ProyectosEscat #Uninter\"}]},{\"@type\":\"WebSite\",\"@id\":\"https:\/\/blogs.uninter.edu.mx\/ESCAT\/#website\",\"url\":\"https:\/\/blogs.uninter.edu.mx\/ESCAT\/\",\"name\":\"Escuela de Ciencias, Artes y Tecnolog\u00eda UNINTER\",\"description\":\"ESCAT\",\"potentialAction\":[{\"@type\":\"SearchAction\",\"target\":{\"@type\":\"EntryPoint\",\"urlTemplate\":\"https:\/\/blogs.uninter.edu.mx\/ESCAT\/?s={search_term_string}\"},\"query-input\":{\"@type\":\"PropertyValueSpecification\",\"valueRequired\":true,\"valueName\":\"search_term_string\"}}],\"inLanguage\":\"es\"},{\"@type\":\"Person\",\"@id\":\"https:\/\/blogs.uninter.edu.mx\/ESCAT\/#\/schema\/person\/df7b8f33d62433cb78a2104bda02490d\",\"name\":\"EquipoEscat\",\"image\":{\"@type\":\"ImageObject\",\"inLanguage\":\"es\",\"@id\":\"https:\/\/blogs.uninter.edu.mx\/ESCAT\/#\/schema\/person\/image\/\",\"url\":\"https:\/\/secure.gravatar.com\/avatar\/d943e53cecc7e9e13c011abf6ec7475809c7d278834bde994b19ecd58034a9ff?s=96&d=mm&r=g\",\"contentUrl\":\"https:\/\/secure.gravatar.com\/avatar\/d943e53cecc7e9e13c011abf6ec7475809c7d278834bde994b19ecd58034a9ff?s=96&d=mm&r=g\",\"caption\":\"EquipoEscat\"},\"url\":\"https:\/\/blogs.uninter.edu.mx\/ESCAT\/index.php\/author\/equipoescat\/\"}]}<\/script>\r\n<!-- \/ Yoast SEO plugin. -->","yoast_head_json":{"title":"La importancia de las ret\u00edculas en el dise\u00f1o gr\u00e1fico #ProyectosEscat","description":"En el \u00e1mbito del dise\u00f1o gr\u00e1fico, las ret\u00edculas son una herramienta fundamental para lograr una composici\u00f3n ordenada y visualmente equilibrada.","robots":{"index":"index","follow":"follow","max-snippet":"max-snippet:-1","max-image-preview":"max-image-preview:large","max-video-preview":"max-video-preview:-1"},"canonical":"https:\/\/blogs.uninter.edu.mx\/ESCAT\/index.php\/la-importancia-de-las-reticulas-en-el-diseno-grafico\/","og_locale":"es_MX","og_type":"article","og_title":"La importancia de las ret\u00edculas en el dise\u00f1o gr\u00e1fico","og_description":"En el \u00e1mbito del dise\u00f1o gr\u00e1fico, las ret\u00edculas son una herramienta fundamental para lograr una composici\u00f3n ordenada y visualmente equilibrada.","og_url":"https:\/\/blogs.uninter.edu.mx\/ESCAT\/index.php\/la-importancia-de-las-reticulas-en-el-diseno-grafico\/","og_site_name":"Escuela de Ciencias, Artes y Tecnolog\u00eda","article_publisher":"https:\/\/www.facebook.com\/EscatUninter\/","article_published_time":"2025-03-11T14:00:00+00:00","og_image":[{"width":1200,"height":800,"url":"https:\/\/blogs.uninter.edu.mx\/ESCAT\/wp-content\/uploads\/2024\/10\/27.jpg","type":"image\/jpeg"}],"author":"EquipoEscat","twitter_card":"summary_large_image","twitter_title":"La importancia de las ret\u00edculas en el dise\u00f1o gr\u00e1fico","twitter_description":"En el \u00e1mbito del dise\u00f1o gr\u00e1fico, las ret\u00edculas son una herramienta fundamental para lograr una composici\u00f3n ordenada y visualmente equilibrada.","twitter_image":"https:\/\/blogs.uninter.edu.mx\/ESCAT\/wp-content\/uploads\/2024\/10\/27.jpg","twitter_creator":"@EscatUninter","twitter_site":"@EscatUninter","twitter_misc":{"Escrito por":"EquipoEscat","Tiempo de lectura":"5 minutos"},"schema":{"@context":"https:\/\/schema.org","@graph":[{"@type":"Article","@id":"https:\/\/blogs.uninter.edu.mx\/ESCAT\/index.php\/la-importancia-de-las-reticulas-en-el-diseno-grafico\/#article","isPartOf":{"@id":"https:\/\/blogs.uninter.edu.mx\/ESCAT\/index.php\/la-importancia-de-las-reticulas-en-el-diseno-grafico\/"},"author":{"name":"EquipoEscat","@id":"https:\/\/blogs.uninter.edu.mx\/ESCAT\/#\/schema\/person\/df7b8f33d62433cb78a2104bda02490d"},"headline":"La importancia de las ret\u00edculas en el dise\u00f1o gr\u00e1fico #ESCAT #ProyectosEscat #Uninter","datePublished":"2025-03-11T14:00:00+00:00","mainEntityOfPage":{"@id":"https:\/\/blogs.uninter.edu.mx\/ESCAT\/index.php\/la-importancia-de-las-reticulas-en-el-diseno-grafico\/"},"wordCount":405,"commentCount":0,"image":{"@id":"https:\/\/blogs.uninter.edu.mx\/ESCAT\/index.php\/la-importancia-de-las-reticulas-en-el-diseno-grafico\/#primaryimage"},"thumbnailUrl":"https:\/\/blogs.uninter.edu.mx\/ESCAT\/wp-content\/uploads\/2024\/10\/27.jpg","keywords":["Dise\u00f1o","ESCAT","formatos","patr\u00f3nes","Producto","Publicidad","ret\u00edculas","Uninter","Universidad Internacional"],"articleSection":["Dise\u00f1o Gr\u00e1fico","Dise\u00f1os"],"inLanguage":"es","potentialAction":[{"@type":"CommentAction","name":"Comment","target":["https:\/\/blogs.uninter.edu.mx\/ESCAT\/index.php\/la-importancia-de-las-reticulas-en-el-diseno-grafico\/#respond"]}]},{"@type":"WebPage","@id":"https:\/\/blogs.uninter.edu.mx\/ESCAT\/index.php\/la-importancia-de-las-reticulas-en-el-diseno-grafico\/","url":"https:\/\/blogs.uninter.edu.mx\/ESCAT\/index.php\/la-importancia-de-las-reticulas-en-el-diseno-grafico\/","name":"La importancia de las ret\u00edculas en el dise\u00f1o gr\u00e1fico #ProyectosEscat","isPartOf":{"@id":"https:\/\/blogs.uninter.edu.mx\/ESCAT\/#website"},"primaryImageOfPage":{"@id":"https:\/\/blogs.uninter.edu.mx\/ESCAT\/index.php\/la-importancia-de-las-reticulas-en-el-diseno-grafico\/#primaryimage"},"image":{"@id":"https:\/\/blogs.uninter.edu.mx\/ESCAT\/index.php\/la-importancia-de-las-reticulas-en-el-diseno-grafico\/#primaryimage"},"thumbnailUrl":"https:\/\/blogs.uninter.edu.mx\/ESCAT\/wp-content\/uploads\/2024\/10\/27.jpg","datePublished":"2025-03-11T14:00:00+00:00","author":{"@id":"https:\/\/blogs.uninter.edu.mx\/ESCAT\/#\/schema\/person\/df7b8f33d62433cb78a2104bda02490d"},"description":"En el \u00e1mbito del dise\u00f1o gr\u00e1fico, las ret\u00edculas son una herramienta fundamental para lograr una composici\u00f3n ordenada y visualmente equilibrada.","breadcrumb":{"@id":"https:\/\/blogs.uninter.edu.mx\/ESCAT\/index.php\/la-importancia-de-las-reticulas-en-el-diseno-grafico\/#breadcrumb"},"inLanguage":"es","potentialAction":[{"@type":"ReadAction","target":["https:\/\/blogs.uninter.edu.mx\/ESCAT\/index.php\/la-importancia-de-las-reticulas-en-el-diseno-grafico\/"]}]},{"@type":"ImageObject","inLanguage":"es","@id":"https:\/\/blogs.uninter.edu.mx\/ESCAT\/index.php\/la-importancia-de-las-reticulas-en-el-diseno-grafico\/#primaryimage","url":"https:\/\/blogs.uninter.edu.mx\/ESCAT\/wp-content\/uploads\/2024\/10\/27.jpg","contentUrl":"https:\/\/blogs.uninter.edu.mx\/ESCAT\/wp-content\/uploads\/2024\/10\/27.jpg","width":1200,"height":800},{"@type":"BreadcrumbList","@id":"https:\/\/blogs.uninter.edu.mx\/ESCAT\/index.php\/la-importancia-de-las-reticulas-en-el-diseno-grafico\/#breadcrumb","itemListElement":[{"@type":"ListItem","position":1,"name":"Inicio","item":"https:\/\/blogs.uninter.edu.mx\/ESCAT\/"},{"@type":"ListItem","position":2,"name":"La importancia de las ret\u00edculas en el dise\u00f1o gr\u00e1fico #ESCAT #ProyectosEscat #Uninter"}]},{"@type":"WebSite","@id":"https:\/\/blogs.uninter.edu.mx\/ESCAT\/#website","url":"https:\/\/blogs.uninter.edu.mx\/ESCAT\/","name":"Escuela de Ciencias, Artes y Tecnolog\u00eda UNINTER","description":"ESCAT","potentialAction":[{"@type":"SearchAction","target":{"@type":"EntryPoint","urlTemplate":"https:\/\/blogs.uninter.edu.mx\/ESCAT\/?s={search_term_string}"},"query-input":{"@type":"PropertyValueSpecification","valueRequired":true,"valueName":"search_term_string"}}],"inLanguage":"es"},{"@type":"Person","@id":"https:\/\/blogs.uninter.edu.mx\/ESCAT\/#\/schema\/person\/df7b8f33d62433cb78a2104bda02490d","name":"EquipoEscat","image":{"@type":"ImageObject","inLanguage":"es","@id":"https:\/\/blogs.uninter.edu.mx\/ESCAT\/#\/schema\/person\/image\/","url":"https:\/\/secure.gravatar.com\/avatar\/d943e53cecc7e9e13c011abf6ec7475809c7d278834bde994b19ecd58034a9ff?s=96&d=mm&r=g","contentUrl":"https:\/\/secure.gravatar.com\/avatar\/d943e53cecc7e9e13c011abf6ec7475809c7d278834bde994b19ecd58034a9ff?s=96&d=mm&r=g","caption":"EquipoEscat"},"url":"https:\/\/blogs.uninter.edu.mx\/ESCAT\/index.php\/author\/equipoescat\/"}]}},"jetpack_publicize_connections":[],"jetpack_featured_media_url":"https:\/\/blogs.uninter.edu.mx\/ESCAT\/wp-content\/uploads\/2024\/10\/27.jpg","jetpack_sharing_enabled":true,"_links":{"self":[{"href":"https:\/\/blogs.uninter.edu.mx\/ESCAT\/index.php\/wp-json\/wp\/v2\/posts\/71051","targetHints":{"allow":["GET"]}}],"collection":[{"href":"https:\/\/blogs.uninter.edu.mx\/ESCAT\/index.php\/wp-json\/wp\/v2\/posts"}],"about":[{"href":"https:\/\/blogs.uninter.edu.mx\/ESCAT\/index.php\/wp-json\/wp\/v2\/types\/post"}],"author":[{"embeddable":true,"href":"https:\/\/blogs.uninter.edu.mx\/ESCAT\/index.php\/wp-json\/wp\/v2\/users\/22"}],"replies":[{"embeddable":true,"href":"https:\/\/blogs.uninter.edu.mx\/ESCAT\/index.php\/wp-json\/wp\/v2\/comments?post=71051"}],"version-history":[{"count":3,"href":"https:\/\/blogs.uninter.edu.mx\/ESCAT\/index.php\/wp-json\/wp\/v2\/posts\/71051\/revisions"}],"predecessor-version":[{"id":72182,"href":"https:\/\/blogs.uninter.edu.mx\/ESCAT\/index.php\/wp-json\/wp\/v2\/posts\/71051\/revisions\/72182"}],"wp:featuredmedia":[{"embeddable":true,"href":"https:\/\/blogs.uninter.edu.mx\/ESCAT\/index.php\/wp-json\/wp\/v2\/media\/71067"}],"wp:attachment":[{"href":"https:\/\/blogs.uninter.edu.mx\/ESCAT\/index.php\/wp-json\/wp\/v2\/media?parent=71051"}],"wp:term":[{"taxonomy":"category","embeddable":true,"href":"https:\/\/blogs.uninter.edu.mx\/ESCAT\/index.php\/wp-json\/wp\/v2\/categories?post=71051"},{"taxonomy":"post_tag","embeddable":true,"href":"https:\/\/blogs.uninter.edu.mx\/ESCAT\/index.php\/wp-json\/wp\/v2\/tags?post=71051"}],"curies":[{"name":"wp","href":"https:\/\/api.w.org\/{rel}","templated":true}]}}