{"id":71480,"date":"2025-06-15T08:00:00","date_gmt":"2025-06-15T13:00:00","guid":{"rendered":"https:\/\/blogs.uninter.edu.mx\/ESCAT\/?p=71480"},"modified":"2025-05-30T13:40:44","modified_gmt":"2025-05-30T18:40:44","slug":"15-de-junio-celebrando-a-el-dia-del-padre-escat-uninter-padre","status":"publish","type":"post","link":"https:\/\/blogs.uninter.edu.mx\/ESCAT\/index.php\/15-de-junio-celebrando-a-el-dia-del-padre-escat-uninter-padre\/","title":{"rendered":"15 de Junio: Celebrando a el D\u00eda del Padre #ESCAT #Uninter #Padre"},"content":{"rendered":"<div class=\"wp-block-image\">\n<figure class=\"aligncenter size-full is-resized\"><a href=\"https:\/\/www.facebook.com\/EscatUninter\/\"><img loading=\"lazy\" decoding=\"async\" src=\"https:\/\/blogs.uninter.edu.mx\/ESCAT\/wp-content\/uploads\/2025\/01\/image-35.png\" alt=\"\" class=\"wp-image-71454\" width=\"164\" height=\"185\"\/><\/a><\/figure>\n<\/div>\n\n\n<p>El D\u00eda del Padre es una fecha especial para reconocer y agradecer el esfuerzo, el amor y la dedicaci\u00f3n de esos hombres que han marcado nuestras vidas con su ejemplo y apoyo incondicional. Cada tercer domingo de junio, nos reunimos para celebrar a los pap\u00e1s, abuelos, padrastros y figuras paternas que han dejado una huella imborrable en nuestros corazones.<\/p>\n\n\n\n<!--more-->\n\n\n<div class=\"wp-block-image\">\n<figure class=\"aligncenter size-full is-resized\"><img loading=\"lazy\" decoding=\"async\" src=\"https:\/\/blogs.uninter.edu.mx\/ESCAT\/wp-content\/uploads\/2025\/01\/image-42.png\" alt=\"\" class=\"wp-image-71481\" width=\"428\" height=\"285\"\/><\/figure>\n<\/div>\n\n\n<h4 class=\"wp-block-heading\"><strong>El origen del D\u00eda del Padre<\/strong><\/h4>\n\n\n\n<p>Aunque la celebraci\u00f3n tiene ra\u00edces antiguas, el D\u00eda del Padre, tal como lo conocemos hoy, naci\u00f3 en Estados Unidos en 1910, gracias a la iniciativa de Sonora Smart Dodd. Inspirada por el D\u00eda de la Madre, quiso rendir homenaje a su padre, un veterano de guerra que cri\u00f3 a sus seis hijos solo. Esta tradici\u00f3n se extendi\u00f3 r\u00e1pidamente por todo el mundo, adapt\u00e1ndose a las costumbres de cada pa\u00eds.<\/p>\n\n\n<div class=\"wp-block-image\">\n<figure class=\"alignright size-full is-resized\"><img loading=\"lazy\" decoding=\"async\" src=\"https:\/\/blogs.uninter.edu.mx\/ESCAT\/wp-content\/uploads\/2025\/01\/image-44.png\" alt=\"\" class=\"wp-image-71483\" width=\"339\" height=\"225\"\/><\/figure>\n<\/div>\n\n\n<p>En M\u00e9xico, la celebraci\u00f3n ha tomado un tono \u00fanico, lleno de calidez familiar, comida deliciosa y, por supuesto, mucha gratitud.<\/p>\n\n\n\n<h4 class=\"wp-block-heading\"><strong>El papel del padre en la familia moderna<\/strong><\/h4>\n\n\n\n<p>El rol paterno ha evolucionado con el tiempo. Hoy en d\u00eda, los padres no solo son proveedores, sino tambi\u00e9n compa\u00f1eros de juego, gu\u00edas emocionales y pilares de apoyo. Su presencia activa en la crianza y educaci\u00f3n de sus hijos fortalece los lazos familiares y deja una marca positiva en el desarrollo de los m\u00e1s peque\u00f1os.<\/p>\n\n\n<div class=\"wp-block-image\">\n<figure class=\"aligncenter size-full is-resized\"><img loading=\"lazy\" decoding=\"async\" src=\"https:\/\/blogs.uninter.edu.mx\/ESCAT\/wp-content\/uploads\/2025\/01\/image-43.png\" alt=\"\" class=\"wp-image-71482\" width=\"398\" height=\"398\"\/><\/figure>\n<\/div>\n\n\n<h4 class=\"wp-block-heading\"><strong>Ideas para celebrar este D\u00eda del Padre<\/strong><\/h4>\n\n\n\n<p>Si buscas formas de hacer de este d\u00eda algo especial, aqu\u00ed te dejamos algunas ideas:<\/p>\n\n\n\n<ul class=\"wp-block-list\">\n<li><strong>Un desayuno sorpresa.<\/strong>&nbsp;Nada como empezar el d\u00eda con su comida favorita preparada con cari\u00f1o.<\/li>\n\n\n\n<li><strong>Un regalo personalizado.<\/strong>&nbsp;Una carta, un \u00e1lbum de fotos o un objeto hecho a mano tiene un valor sentimental \u00fanico.<\/li>\n\n\n\n<li><strong>Tiempo de calidad.<\/strong>&nbsp;Planea una actividad que disfruten juntos: una tarde de pel\u00edculas, un paseo al aire libre o un juego de mesa en familia.<\/li>\n\n\n\n<li><strong>Palabras desde el coraz\u00f3n.<\/strong>&nbsp;A veces, lo que m\u00e1s necesita un padre es escuchar cu\u00e1nto lo apreciamos y valoramos.<\/li>\n<\/ul>\n\n\n\n<h4 class=\"wp-block-heading\"><strong>Reflexi\u00f3n final<\/strong><\/h4>\n\n\n\n<p>El D\u00eda del Padre no se trata de gastar mucho dinero, sino de expresar lo mucho que valoramos su presencia en nuestras vidas. Es una oportunidad para reforzar el amor y la conexi\u00f3n que nos une, record\u00e1ndonos que los verdaderos regalos son el tiempo y el cari\u00f1o compartido.<\/p>\n\n\n\n<p>\u00a1Feliz D\u00eda del Padre a todos los h\u00e9roes de la familia! \ud83d\udc68\u200d\ud83d\udc67\u200d\ud83d\udc66\ud83d\udc99<\/p>\n\n\n\n<h6 class=\"wp-block-heading\">Fuente: <a href=\"https:\/\/www.gob.mx\/conapo\/prensa\/17-de-junio-dia-del-padre?idiom=fr\">Gobierno de M\u00e9xico<\/a><\/h6>\n\n\n\n<p class=\"has-text-align-right\"><a href=\"https:\/\/blogs.uninter.edu.mx\/ESCAT\/index.php\/category\/noticias\/\">M\u00e1s noticias sobre\u2026<\/a><\/p>\n\n\n\n<figure class=\"wp-block-image size-full\"><a href=\"https:\/\/uninter.edu.mx\"><img loading=\"lazy\" decoding=\"async\" width=\"1024\" height=\"154\" src=\"https:\/\/blogs.uninter.edu.mx\/ESCAT\/wp-content\/uploads\/2025\/01\/image-37.png\" alt=\"\" class=\"wp-image-71456\"\/><\/a><\/figure>\n","protected":false},"excerpt":{"rendered":"<p>El D\u00eda del Padre es una fecha especial para reconocer y agradecer el esfuerzo, el amor y la dedicaci\u00f3n de esos hombres que han marcado nuestras vidas con su ejemplo y apoyo incondicional. Cada tercer domingo de junio, nos reunimos para celebrar a los pap\u00e1s, abuelos, padrastros y figuras paternas que han dejado una huella&hellip;<\/p>\n","protected":false},"author":22,"featured_media":74396,"comment_status":"open","ping_status":"open","sticky":false,"template":"","format":"standard","meta":{"_jetpack_memberships_contains_paid_content":false,"footnotes":"","jetpack_publicize_message":"","jetpack_publicize_feature_enabled":true,"jetpack_social_post_already_shared":true,"jetpack_social_options":{"image_generator_settings":{"template":"highway","default_image_id":0,"font":"","enabled":false},"version":2}},"categories":[26],"tags":[5395,3906,2809,61,32,5398,104,5396,5399,31,37,2708],"class_list":["post-71480","post","type-post","status-publish","format-standard","has-post-thumbnail","hentry","category-noticias","tag-5395","tag-abuelos","tag-celebrar","tag-diseno","tag-escat","tag-heroe","tag-ingenierias","tag-padre","tag-papas","tag-uninter","tag-universidad-internacional","tag-vida-2"],"yoast_head":"<!-- This site is optimized with the Yoast SEO plugin v26.8 - https:\/\/yoast.com\/product\/yoast-seo-wordpress\/ -->\r\n<title>15 de Junio: Celebrando el D\u00eda del Padre #ESCAT - Escuela de Ciencias, Artes y Tecnolog\u00eda<\/title>\r\n<meta name=\"description\" content=\"El D\u00eda del Padre es una fecha especial para reconocer y agradecer el esfuerzo, el amor y la dedicaci\u00f3n de esos hombres.\" \/>\r\n<meta name=\"robots\" content=\"index, follow, max-snippet:-1, max-image-preview:large, max-video-preview:-1\" \/>\r\n<link rel=\"canonical\" href=\"https:\/\/blogs.uninter.edu.mx\/ESCAT\/index.php\/15-de-junio-celebrando-a-el-dia-del-padre-escat-uninter-padre\/\" \/>\r\n<meta property=\"og:locale\" content=\"es_MX\" \/>\r\n<meta property=\"og:type\" content=\"article\" \/>\r\n<meta property=\"og:title\" content=\"15 de Junio: Celebrando el D\u00eda del Padre #ESCAT - Escuela de Ciencias, Artes y Tecnolog\u00eda\" \/>\r\n<meta property=\"og:description\" content=\"El D\u00eda del Padre es una fecha especial para reconocer y agradecer el esfuerzo, el amor y la dedicaci\u00f3n de esos hombres.\" \/>\r\n<meta property=\"og:url\" content=\"https:\/\/blogs.uninter.edu.mx\/ESCAT\/index.php\/15-de-junio-celebrando-a-el-dia-del-padre-escat-uninter-padre\/\" \/>\r\n<meta property=\"og:site_name\" content=\"Escuela de Ciencias, Artes y Tecnolog\u00eda\" \/>\r\n<meta property=\"article:publisher\" content=\"https:\/\/www.facebook.com\/EscatUninter\/\" \/>\r\n<meta property=\"article:published_time\" content=\"2025-06-15T13:00:00+00:00\" \/>\r\n<meta property=\"og:image\" content=\"https:\/\/blogs.uninter.edu.mx\/ESCAT\/wp-content\/uploads\/2025\/06\/image-43.png\" \/>\r\n\t<meta property=\"og:image:width\" content=\"1200\" \/>\r\n\t<meta property=\"og:image:height\" content=\"800\" \/>\r\n\t<meta property=\"og:image:type\" content=\"image\/png\" \/>\r\n<meta name=\"author\" content=\"EquipoEscat\" \/>\r\n<meta name=\"twitter:card\" content=\"summary_large_image\" \/>\r\n<meta name=\"twitter:image\" content=\"https:\/\/blogs.uninter.edu.mx\/ESCAT\/wp-content\/uploads\/2025\/06\/image-43.png\" \/>\r\n<meta name=\"twitter:creator\" content=\"@EscatUninter\" \/>\r\n<meta name=\"twitter:site\" content=\"@EscatUninter\" \/>\r\n<meta name=\"twitter:label1\" content=\"Escrito por\" \/>\n\t<meta name=\"twitter:data1\" content=\"EquipoEscat\" \/>\n\t<meta name=\"twitter:label2\" content=\"Tiempo de lectura\" \/>\n\t<meta name=\"twitter:data2\" content=\"3 minutos\" \/>\r\n<script type=\"application\/ld+json\" class=\"yoast-schema-graph\">{\"@context\":\"https:\/\/schema.org\",\"@graph\":[{\"@type\":\"Article\",\"@id\":\"https:\/\/blogs.uninter.edu.mx\/ESCAT\/index.php\/15-de-junio-celebrando-a-el-dia-del-padre-escat-uninter-padre\/#article\",\"isPartOf\":{\"@id\":\"https:\/\/blogs.uninter.edu.mx\/ESCAT\/index.php\/15-de-junio-celebrando-a-el-dia-del-padre-escat-uninter-padre\/\"},\"author\":{\"name\":\"EquipoEscat\",\"@id\":\"https:\/\/blogs.uninter.edu.mx\/ESCAT\/#\/schema\/person\/df7b8f33d62433cb78a2104bda02490d\"},\"headline\":\"15 de Junio: Celebrando a el D\u00eda del Padre #ESCAT #Uninter #Padre\",\"datePublished\":\"2025-06-15T13:00:00+00:00\",\"mainEntityOfPage\":{\"@id\":\"https:\/\/blogs.uninter.edu.mx\/ESCAT\/index.php\/15-de-junio-celebrando-a-el-dia-del-padre-escat-uninter-padre\/\"},\"wordCount\":439,\"commentCount\":0,\"image\":{\"@id\":\"https:\/\/blogs.uninter.edu.mx\/ESCAT\/index.php\/15-de-junio-celebrando-a-el-dia-del-padre-escat-uninter-padre\/#primaryimage\"},\"thumbnailUrl\":\"https:\/\/blogs.uninter.edu.mx\/ESCAT\/wp-content\/uploads\/2025\/06\/image-43.png\",\"keywords\":[\"2025\",\"abuelos\",\"Celebrar\",\"Dise\u00f1o\",\"ESCAT\",\"H\u00e9roe\",\"Ingenier\u00edas\",\"Padre\",\"Pap\u00e1s\",\"Uninter\",\"Universidad Internacional\",\"Vida\"],\"articleSection\":[\"Noticias\"],\"inLanguage\":\"es\",\"potentialAction\":[{\"@type\":\"CommentAction\",\"name\":\"Comment\",\"target\":[\"https:\/\/blogs.uninter.edu.mx\/ESCAT\/index.php\/15-de-junio-celebrando-a-el-dia-del-padre-escat-uninter-padre\/#respond\"]}]},{\"@type\":\"WebPage\",\"@id\":\"https:\/\/blogs.uninter.edu.mx\/ESCAT\/index.php\/15-de-junio-celebrando-a-el-dia-del-padre-escat-uninter-padre\/\",\"url\":\"https:\/\/blogs.uninter.edu.mx\/ESCAT\/index.php\/15-de-junio-celebrando-a-el-dia-del-padre-escat-uninter-padre\/\",\"name\":\"15 de Junio: Celebrando el D\u00eda del Padre #ESCAT - Escuela de Ciencias, Artes y Tecnolog\u00eda\",\"isPartOf\":{\"@id\":\"https:\/\/blogs.uninter.edu.mx\/ESCAT\/#website\"},\"primaryImageOfPage\":{\"@id\":\"https:\/\/blogs.uninter.edu.mx\/ESCAT\/index.php\/15-de-junio-celebrando-a-el-dia-del-padre-escat-uninter-padre\/#primaryimage\"},\"image\":{\"@id\":\"https:\/\/blogs.uninter.edu.mx\/ESCAT\/index.php\/15-de-junio-celebrando-a-el-dia-del-padre-escat-uninter-padre\/#primaryimage\"},\"thumbnailUrl\":\"https:\/\/blogs.uninter.edu.mx\/ESCAT\/wp-content\/uploads\/2025\/06\/image-43.png\",\"datePublished\":\"2025-06-15T13:00:00+00:00\",\"author\":{\"@id\":\"https:\/\/blogs.uninter.edu.mx\/ESCAT\/#\/schema\/person\/df7b8f33d62433cb78a2104bda02490d\"},\"description\":\"El D\u00eda del Padre es una fecha especial para reconocer y agradecer el esfuerzo, el amor y la dedicaci\u00f3n de esos hombres.\",\"breadcrumb\":{\"@id\":\"https:\/\/blogs.uninter.edu.mx\/ESCAT\/index.php\/15-de-junio-celebrando-a-el-dia-del-padre-escat-uninter-padre\/#breadcrumb\"},\"inLanguage\":\"es\",\"potentialAction\":[{\"@type\":\"ReadAction\",\"target\":[\"https:\/\/blogs.uninter.edu.mx\/ESCAT\/index.php\/15-de-junio-celebrando-a-el-dia-del-padre-escat-uninter-padre\/\"]}]},{\"@type\":\"ImageObject\",\"inLanguage\":\"es\",\"@id\":\"https:\/\/blogs.uninter.edu.mx\/ESCAT\/index.php\/15-de-junio-celebrando-a-el-dia-del-padre-escat-uninter-padre\/#primaryimage\",\"url\":\"https:\/\/blogs.uninter.edu.mx\/ESCAT\/wp-content\/uploads\/2025\/06\/image-43.png\",\"contentUrl\":\"https:\/\/blogs.uninter.edu.mx\/ESCAT\/wp-content\/uploads\/2025\/06\/image-43.png\",\"width\":1200,\"height\":800},{\"@type\":\"BreadcrumbList\",\"@id\":\"https:\/\/blogs.uninter.edu.mx\/ESCAT\/index.php\/15-de-junio-celebrando-a-el-dia-del-padre-escat-uninter-padre\/#breadcrumb\",\"itemListElement\":[{\"@type\":\"ListItem\",\"position\":1,\"name\":\"Inicio\",\"item\":\"https:\/\/blogs.uninter.edu.mx\/ESCAT\/\"},{\"@type\":\"ListItem\",\"position\":2,\"name\":\"15 de Junio: Celebrando a el D\u00eda del Padre #ESCAT #Uninter #Padre\"}]},{\"@type\":\"WebSite\",\"@id\":\"https:\/\/blogs.uninter.edu.mx\/ESCAT\/#website\",\"url\":\"https:\/\/blogs.uninter.edu.mx\/ESCAT\/\",\"name\":\"Escuela de Ciencias, Artes y Tecnolog\u00eda UNINTER\",\"description\":\"ESCAT\",\"potentialAction\":[{\"@type\":\"SearchAction\",\"target\":{\"@type\":\"EntryPoint\",\"urlTemplate\":\"https:\/\/blogs.uninter.edu.mx\/ESCAT\/?s={search_term_string}\"},\"query-input\":{\"@type\":\"PropertyValueSpecification\",\"valueRequired\":true,\"valueName\":\"search_term_string\"}}],\"inLanguage\":\"es\"},{\"@type\":\"Person\",\"@id\":\"https:\/\/blogs.uninter.edu.mx\/ESCAT\/#\/schema\/person\/df7b8f33d62433cb78a2104bda02490d\",\"name\":\"EquipoEscat\",\"image\":{\"@type\":\"ImageObject\",\"inLanguage\":\"es\",\"@id\":\"https:\/\/blogs.uninter.edu.mx\/ESCAT\/#\/schema\/person\/image\/\",\"url\":\"https:\/\/secure.gravatar.com\/avatar\/d943e53cecc7e9e13c011abf6ec7475809c7d278834bde994b19ecd58034a9ff?s=96&d=mm&r=g\",\"contentUrl\":\"https:\/\/secure.gravatar.com\/avatar\/d943e53cecc7e9e13c011abf6ec7475809c7d278834bde994b19ecd58034a9ff?s=96&d=mm&r=g\",\"caption\":\"EquipoEscat\"},\"url\":\"https:\/\/blogs.uninter.edu.mx\/ESCAT\/index.php\/author\/equipoescat\/\"}]}<\/script>\r\n<!-- \/ Yoast SEO plugin. -->","yoast_head_json":{"title":"15 de Junio: Celebrando el D\u00eda del Padre #ESCAT - Escuela de Ciencias, Artes y Tecnolog\u00eda","description":"El D\u00eda del Padre es una fecha especial para reconocer y agradecer el esfuerzo, el amor y la dedicaci\u00f3n de esos hombres.","robots":{"index":"index","follow":"follow","max-snippet":"max-snippet:-1","max-image-preview":"max-image-preview:large","max-video-preview":"max-video-preview:-1"},"canonical":"https:\/\/blogs.uninter.edu.mx\/ESCAT\/index.php\/15-de-junio-celebrando-a-el-dia-del-padre-escat-uninter-padre\/","og_locale":"es_MX","og_type":"article","og_title":"15 de Junio: Celebrando el D\u00eda del Padre #ESCAT - Escuela de Ciencias, Artes y Tecnolog\u00eda","og_description":"El D\u00eda del Padre es una fecha especial para reconocer y agradecer el esfuerzo, el amor y la dedicaci\u00f3n de esos hombres.","og_url":"https:\/\/blogs.uninter.edu.mx\/ESCAT\/index.php\/15-de-junio-celebrando-a-el-dia-del-padre-escat-uninter-padre\/","og_site_name":"Escuela de Ciencias, Artes y Tecnolog\u00eda","article_publisher":"https:\/\/www.facebook.com\/EscatUninter\/","article_published_time":"2025-06-15T13:00:00+00:00","og_image":[{"width":1200,"height":800,"url":"https:\/\/blogs.uninter.edu.mx\/ESCAT\/wp-content\/uploads\/2025\/06\/image-43.png","type":"image\/png"}],"author":"EquipoEscat","twitter_card":"summary_large_image","twitter_image":"https:\/\/blogs.uninter.edu.mx\/ESCAT\/wp-content\/uploads\/2025\/06\/image-43.png","twitter_creator":"@EscatUninter","twitter_site":"@EscatUninter","twitter_misc":{"Escrito por":"EquipoEscat","Tiempo de lectura":"3 minutos"},"schema":{"@context":"https:\/\/schema.org","@graph":[{"@type":"Article","@id":"https:\/\/blogs.uninter.edu.mx\/ESCAT\/index.php\/15-de-junio-celebrando-a-el-dia-del-padre-escat-uninter-padre\/#article","isPartOf":{"@id":"https:\/\/blogs.uninter.edu.mx\/ESCAT\/index.php\/15-de-junio-celebrando-a-el-dia-del-padre-escat-uninter-padre\/"},"author":{"name":"EquipoEscat","@id":"https:\/\/blogs.uninter.edu.mx\/ESCAT\/#\/schema\/person\/df7b8f33d62433cb78a2104bda02490d"},"headline":"15 de Junio: Celebrando a el D\u00eda del Padre #ESCAT #Uninter #Padre","datePublished":"2025-06-15T13:00:00+00:00","mainEntityOfPage":{"@id":"https:\/\/blogs.uninter.edu.mx\/ESCAT\/index.php\/15-de-junio-celebrando-a-el-dia-del-padre-escat-uninter-padre\/"},"wordCount":439,"commentCount":0,"image":{"@id":"https:\/\/blogs.uninter.edu.mx\/ESCAT\/index.php\/15-de-junio-celebrando-a-el-dia-del-padre-escat-uninter-padre\/#primaryimage"},"thumbnailUrl":"https:\/\/blogs.uninter.edu.mx\/ESCAT\/wp-content\/uploads\/2025\/06\/image-43.png","keywords":["2025","abuelos","Celebrar","Dise\u00f1o","ESCAT","H\u00e9roe","Ingenier\u00edas","Padre","Pap\u00e1s","Uninter","Universidad Internacional","Vida"],"articleSection":["Noticias"],"inLanguage":"es","potentialAction":[{"@type":"CommentAction","name":"Comment","target":["https:\/\/blogs.uninter.edu.mx\/ESCAT\/index.php\/15-de-junio-celebrando-a-el-dia-del-padre-escat-uninter-padre\/#respond"]}]},{"@type":"WebPage","@id":"https:\/\/blogs.uninter.edu.mx\/ESCAT\/index.php\/15-de-junio-celebrando-a-el-dia-del-padre-escat-uninter-padre\/","url":"https:\/\/blogs.uninter.edu.mx\/ESCAT\/index.php\/15-de-junio-celebrando-a-el-dia-del-padre-escat-uninter-padre\/","name":"15 de Junio: Celebrando el D\u00eda del Padre #ESCAT - Escuela de Ciencias, Artes y Tecnolog\u00eda","isPartOf":{"@id":"https:\/\/blogs.uninter.edu.mx\/ESCAT\/#website"},"primaryImageOfPage":{"@id":"https:\/\/blogs.uninter.edu.mx\/ESCAT\/index.php\/15-de-junio-celebrando-a-el-dia-del-padre-escat-uninter-padre\/#primaryimage"},"image":{"@id":"https:\/\/blogs.uninter.edu.mx\/ESCAT\/index.php\/15-de-junio-celebrando-a-el-dia-del-padre-escat-uninter-padre\/#primaryimage"},"thumbnailUrl":"https:\/\/blogs.uninter.edu.mx\/ESCAT\/wp-content\/uploads\/2025\/06\/image-43.png","datePublished":"2025-06-15T13:00:00+00:00","author":{"@id":"https:\/\/blogs.uninter.edu.mx\/ESCAT\/#\/schema\/person\/df7b8f33d62433cb78a2104bda02490d"},"description":"El D\u00eda del Padre es una fecha especial para reconocer y agradecer el esfuerzo, el amor y la dedicaci\u00f3n de esos hombres.","breadcrumb":{"@id":"https:\/\/blogs.uninter.edu.mx\/ESCAT\/index.php\/15-de-junio-celebrando-a-el-dia-del-padre-escat-uninter-padre\/#breadcrumb"},"inLanguage":"es","potentialAction":[{"@type":"ReadAction","target":["https:\/\/blogs.uninter.edu.mx\/ESCAT\/index.php\/15-de-junio-celebrando-a-el-dia-del-padre-escat-uninter-padre\/"]}]},{"@type":"ImageObject","inLanguage":"es","@id":"https:\/\/blogs.uninter.edu.mx\/ESCAT\/index.php\/15-de-junio-celebrando-a-el-dia-del-padre-escat-uninter-padre\/#primaryimage","url":"https:\/\/blogs.uninter.edu.mx\/ESCAT\/wp-content\/uploads\/2025\/06\/image-43.png","contentUrl":"https:\/\/blogs.uninter.edu.mx\/ESCAT\/wp-content\/uploads\/2025\/06\/image-43.png","width":1200,"height":800},{"@type":"BreadcrumbList","@id":"https:\/\/blogs.uninter.edu.mx\/ESCAT\/index.php\/15-de-junio-celebrando-a-el-dia-del-padre-escat-uninter-padre\/#breadcrumb","itemListElement":[{"@type":"ListItem","position":1,"name":"Inicio","item":"https:\/\/blogs.uninter.edu.mx\/ESCAT\/"},{"@type":"ListItem","position":2,"name":"15 de Junio: Celebrando a el D\u00eda del Padre #ESCAT #Uninter #Padre"}]},{"@type":"WebSite","@id":"https:\/\/blogs.uninter.edu.mx\/ESCAT\/#website","url":"https:\/\/blogs.uninter.edu.mx\/ESCAT\/","name":"Escuela de Ciencias, Artes y Tecnolog\u00eda UNINTER","description":"ESCAT","potentialAction":[{"@type":"SearchAction","target":{"@type":"EntryPoint","urlTemplate":"https:\/\/blogs.uninter.edu.mx\/ESCAT\/?s={search_term_string}"},"query-input":{"@type":"PropertyValueSpecification","valueRequired":true,"valueName":"search_term_string"}}],"inLanguage":"es"},{"@type":"Person","@id":"https:\/\/blogs.uninter.edu.mx\/ESCAT\/#\/schema\/person\/df7b8f33d62433cb78a2104bda02490d","name":"EquipoEscat","image":{"@type":"ImageObject","inLanguage":"es","@id":"https:\/\/blogs.uninter.edu.mx\/ESCAT\/#\/schema\/person\/image\/","url":"https:\/\/secure.gravatar.com\/avatar\/d943e53cecc7e9e13c011abf6ec7475809c7d278834bde994b19ecd58034a9ff?s=96&d=mm&r=g","contentUrl":"https:\/\/secure.gravatar.com\/avatar\/d943e53cecc7e9e13c011abf6ec7475809c7d278834bde994b19ecd58034a9ff?s=96&d=mm&r=g","caption":"EquipoEscat"},"url":"https:\/\/blogs.uninter.edu.mx\/ESCAT\/index.php\/author\/equipoescat\/"}]}},"jetpack_publicize_connections":[],"jetpack_featured_media_url":"https:\/\/blogs.uninter.edu.mx\/ESCAT\/wp-content\/uploads\/2025\/06\/image-43.png","jetpack_sharing_enabled":true,"_links":{"self":[{"href":"https:\/\/blogs.uninter.edu.mx\/ESCAT\/index.php\/wp-json\/wp\/v2\/posts\/71480","targetHints":{"allow":["GET"]}}],"collection":[{"href":"https:\/\/blogs.uninter.edu.mx\/ESCAT\/index.php\/wp-json\/wp\/v2\/posts"}],"about":[{"href":"https:\/\/blogs.uninter.edu.mx\/ESCAT\/index.php\/wp-json\/wp\/v2\/types\/post"}],"author":[{"embeddable":true,"href":"https:\/\/blogs.uninter.edu.mx\/ESCAT\/index.php\/wp-json\/wp\/v2\/users\/22"}],"replies":[{"embeddable":true,"href":"https:\/\/blogs.uninter.edu.mx\/ESCAT\/index.php\/wp-json\/wp\/v2\/comments?post=71480"}],"version-history":[{"count":2,"href":"https:\/\/blogs.uninter.edu.mx\/ESCAT\/index.php\/wp-json\/wp\/v2\/posts\/71480\/revisions"}],"predecessor-version":[{"id":74395,"href":"https:\/\/blogs.uninter.edu.mx\/ESCAT\/index.php\/wp-json\/wp\/v2\/posts\/71480\/revisions\/74395"}],"wp:featuredmedia":[{"embeddable":true,"href":"https:\/\/blogs.uninter.edu.mx\/ESCAT\/index.php\/wp-json\/wp\/v2\/media\/74396"}],"wp:attachment":[{"href":"https:\/\/blogs.uninter.edu.mx\/ESCAT\/index.php\/wp-json\/wp\/v2\/media?parent=71480"}],"wp:term":[{"taxonomy":"category","embeddable":true,"href":"https:\/\/blogs.uninter.edu.mx\/ESCAT\/index.php\/wp-json\/wp\/v2\/categories?post=71480"},{"taxonomy":"post_tag","embeddable":true,"href":"https:\/\/blogs.uninter.edu.mx\/ESCAT\/index.php\/wp-json\/wp\/v2\/tags?post=71480"}],"curies":[{"name":"wp","href":"https:\/\/api.w.org\/{rel}","templated":true}]}}