{"id":71486,"date":"2025-06-29T08:00:00","date_gmt":"2025-06-29T13:00:00","guid":{"rendered":"https:\/\/blogs.uninter.edu.mx\/ESCAT\/?p=71486"},"modified":"2025-06-02T14:51:54","modified_gmt":"2025-06-02T19:51:54","slug":"29-de-junio-dia-del-disenador-industria","status":"publish","type":"post","link":"https:\/\/blogs.uninter.edu.mx\/ESCAT\/index.php\/29-de-junio-dia-del-disenador-industria\/","title":{"rendered":"29 de Junio: Celebrando el D\u00eda del Dise\u00f1ador Industrial #ESCAT #Uninter #Dise\u00f1o"},"content":{"rendered":"<div class=\"wp-block-image\">\n<figure class=\"aligncenter size-full is-resized\"><a href=\"https:\/\/www.facebook.com\/EscatUninter\/\"><img loading=\"lazy\" decoding=\"async\" src=\"https:\/\/blogs.uninter.edu.mx\/ESCAT\/wp-content\/uploads\/2025\/01\/image-35.png\" alt=\"\" class=\"wp-image-71454\" width=\"165\" height=\"187\"\/><\/a><\/figure>\n<\/div>\n\n\n<p>Cada 29 de junio, el mundo conmemora el D\u00eda del Dise\u00f1ador Industrial, una profesi\u00f3n que transforma ideas en objetos tangibles que impactan nuestras vidas diarias. Desde el mobiliario en nuestros hogares hasta los dispositivos tecnol\u00f3gicos que usamos, el dise\u00f1o industrial est\u00e1 en todas partes, mejorando la funcionalidad, la est\u00e9tica y la sostenibilidad de los productos que utilizamos.<\/p>\n\n\n\n<!--more-->\n\n\n<div class=\"wp-block-image\">\n<figure class=\"aligncenter size-full is-resized\"><img loading=\"lazy\" decoding=\"async\" src=\"https:\/\/blogs.uninter.edu.mx\/ESCAT\/wp-content\/uploads\/2025\/01\/Imagen-1.jpeg\" alt=\"29\" class=\"wp-image-71488\" width=\"369\" height=\"246\"\/><\/figure>\n<\/div>\n\n\n<h4 class=\"wp-block-heading\">Or\u00edgenes del D\u00eda del Dise\u00f1ador Industrial<\/h4>\n\n\n\n<p>Esta celebraci\u00f3n fue instaurada por el Consejo Internacional de Sociedades de Dise\u00f1o Industrial (ICSID, ahora conocido como la Organizaci\u00f3n Mundial del Dise\u00f1o) para destacar la importancia del dise\u00f1o industrial en el desarrollo social, cultural y econ\u00f3mico. La fecha busca reconocer a los profesionales que imaginan y crean soluciones innovadoras que benefician a las personas y al planeta.<\/p>\n\n\n\n<h4 class=\"wp-block-heading\">La Importancia del Dise\u00f1o Industrial<\/h4>\n\n\n<div class=\"wp-block-image\">\n<figure class=\"alignright size-full is-resized\"><img loading=\"lazy\" decoding=\"async\" src=\"https:\/\/blogs.uninter.edu.mx\/ESCAT\/wp-content\/uploads\/2025\/01\/image-45.png\" alt=\"29\" class=\"wp-image-71487\" width=\"341\" height=\"306\"\/><\/figure>\n<\/div>\n\n\n<p>El dise\u00f1o industrial es mucho m\u00e1s que crear productos bonitos. Esta disciplina combina creatividad, ciencia y tecnolog\u00eda para resolver problemas de manera eficiente. Los dise\u00f1adores industriales tienen un papel crucial en:<\/p>\n\n\n\n<ul class=\"wp-block-list\">\n<li><strong>Innovaci\u00f3n:<\/strong>&nbsp;Desarrollan nuevas tecnolog\u00edas y productos que facilitan nuestras vidas.<\/li>\n\n\n\n<li><strong>Sostenibilidad:<\/strong>&nbsp;Dise\u00f1an soluciones que minimizan el impacto ambiental.<\/li>\n\n\n\n<li><strong>Ergonom\u00eda:<\/strong>&nbsp;Aseguran que los productos sean c\u00f3modos y funcionales.<\/li>\n\n\n\n<li><strong>Est\u00e9tica:<\/strong>&nbsp;Logran que los objetos sean atractivos visualmente, mejorando nuestra experiencia como usuarios.<\/li>\n<\/ul>\n\n\n\n<h4 class=\"wp-block-heading\">Celebrando a los Dise\u00f1adores Industriales<\/h4>\n\n\n\n<p>En este d\u00eda, se realizan eventos en todo el mundo, como exposiciones, talleres, conferencias y premiaciones, que destacan los logros de los dise\u00f1adores industriales. Tambi\u00e9n es una oportunidad para reflexionar sobre el impacto de esta profesi\u00f3n en nuestra vida cotidiana y en el futuro de nuestro planeta.<\/p>\n\n\n\n<h4 class=\"wp-block-heading\">Dise\u00f1o Industrial en la Era Moderna<\/h4>\n\n\n<div class=\"wp-block-image\">\n<figure class=\"alignleft size-full is-resized\"><img loading=\"lazy\" decoding=\"async\" src=\"https:\/\/blogs.uninter.edu.mx\/ESCAT\/wp-content\/uploads\/2025\/01\/image-46.png\" alt=\"29\" class=\"wp-image-71489\" width=\"532\" height=\"269\"\/><\/figure>\n<\/div>\n\n\n<p>Hoy en d\u00eda, el dise\u00f1o industrial est\u00e1 m\u00e1s conectado que nunca con la tecnolog\u00eda digital. Los dise\u00f1adores utilizan herramientas avanzadas como impresi\u00f3n 3D, realidad virtual y software de modelado para crear productos que responden a las necesidades de un mundo en constante cambio.<\/p>\n\n\n\n<h4 class=\"wp-block-heading\">\u00a1Agradezcamos a los Dise\u00f1adores!<\/h4>\n\n\n\n<p>En el D\u00eda del Dise\u00f1ador Industrial, celebremos a estos visionarios que hacen del mundo un lugar mejor. Su trabajo no solo mejora nuestra calidad de vida, sino que tambi\u00e9n nos inspira a imaginar un futuro lleno de posibilidades.<\/p>\n\n\n\n<p>As\u00ed que, si conoces a un dise\u00f1ador industrial, no dudes en agradecerle por su creatividad y dedicaci\u00f3n. \u00a1Feliz D\u00eda del Dise\u00f1ador Industrial!<\/p>\n\n\n\n<h6 class=\"wp-block-heading\">Fuente: <a href=\"https:\/\/blog.cedim.edu.mx\/diseno-industrial\/dia-mundial-del-diseno-industrial\/\">CEDIM<\/a><\/h6>\n\n\n\n<p class=\"has-text-align-right\"><a href=\"https:\/\/blogs.uninter.edu.mx\/ESCAT\/index.php\/interaccion-redes-clave-exito-ecommerce\/?fbclid=IwY2xjawHyHr1leHRuA2FlbQIxMQABHX9Eo3yBfWb60I5z-0qjmempc4Y06rYZWxe4MSPMUnZqUIhJTUsqI2MQjw_aem_4ONO7ckTSwBJVb8Kde4kjA\">M\u00e1s noticias sobre\u2026<\/a><\/p>\n\n\n\n<figure class=\"wp-block-image size-full\"><a href=\"https:\/\/uninter.edu.mx\"><img loading=\"lazy\" decoding=\"async\" width=\"1024\" height=\"154\" src=\"https:\/\/blogs.uninter.edu.mx\/ESCAT\/wp-content\/uploads\/2025\/01\/image-37.png\" alt=\"\" class=\"wp-image-71456\"\/><\/a><\/figure>\n","protected":false},"excerpt":{"rendered":"<p>Cada 29 de junio, el mundo conmemora el D\u00eda del Dise\u00f1ador Industrial, una profesi\u00f3n que transforma ideas en objetos tangibles que impactan nuestras vidas diarias. Desde el mobiliario en nuestros hogares hasta los dispositivos tecnol\u00f3gicos que usamos, el dise\u00f1o industrial est\u00e1 en todas partes, mejorando la funcionalidad, la est\u00e9tica y la sostenibilidad de los productos&hellip;<\/p>\n","protected":false},"author":22,"featured_media":71488,"comment_status":"open","ping_status":"open","sticky":false,"template":"","format":"standard","meta":{"_jetpack_memberships_contains_paid_content":false,"footnotes":"","jetpack_publicize_message":"","jetpack_publicize_feature_enabled":true,"jetpack_social_post_already_shared":true,"jetpack_social_options":{"image_generator_settings":{"template":"highway","default_image_id":0,"font":"","enabled":false},"version":2}},"categories":[26],"tags":[61,188,32,144,2128,5400,373,490,31,37],"class_list":["post-71486","post","type-post","status-publish","format-standard","has-post-thumbnail","hentry","category-noticias","tag-diseno","tag-disenos","tag-escat","tag-industrial","tag-ingenieria-3","tag-junio-2","tag-noticias","tag-sillas","tag-uninter","tag-universidad-internacional"],"yoast_head":"<!-- This site is optimized with the Yoast SEO plugin v26.8 - https:\/\/yoast.com\/product\/yoast-seo-wordpress\/ -->\r\n<title>29 de Junio: Celebrando el D\u00eda del Dise\u00f1ador Industrial #ESCAT - Escuela de Ciencias, Artes y Tecnolog\u00eda<\/title>\r\n<meta name=\"description\" content=\"Cada 29 de junio, el mundo conmemora el D\u00eda del Dise\u00f1ador Industrial, una profesi\u00f3n que transforma ideas en objetos tangibles.\" \/>\r\n<meta name=\"robots\" content=\"index, follow, max-snippet:-1, max-image-preview:large, max-video-preview:-1\" \/>\r\n<link rel=\"canonical\" href=\"https:\/\/blogs.uninter.edu.mx\/ESCAT\/index.php\/29-de-junio-dia-del-disenador-industria\/\" \/>\r\n<meta property=\"og:locale\" content=\"es_MX\" \/>\r\n<meta property=\"og:type\" content=\"article\" \/>\r\n<meta property=\"og:title\" content=\"29 de Junio: Celebrando el D\u00eda del Dise\u00f1ador Industrial #ESCAT - Escuela de Ciencias, Artes y Tecnolog\u00eda\" \/>\r\n<meta property=\"og:description\" content=\"Cada 29 de junio, el mundo conmemora el D\u00eda del Dise\u00f1ador Industrial, una profesi\u00f3n que transforma ideas en objetos tangibles.\" \/>\r\n<meta property=\"og:url\" content=\"https:\/\/blogs.uninter.edu.mx\/ESCAT\/index.php\/29-de-junio-dia-del-disenador-industria\/\" \/>\r\n<meta property=\"og:site_name\" content=\"Escuela de Ciencias, Artes y Tecnolog\u00eda\" \/>\r\n<meta property=\"article:publisher\" content=\"https:\/\/www.facebook.com\/EscatUninter\/\" \/>\r\n<meta property=\"article:published_time\" content=\"2025-06-29T13:00:00+00:00\" \/>\r\n<meta property=\"og:image\" content=\"https:\/\/blogs.uninter.edu.mx\/ESCAT\/wp-content\/uploads\/2025\/01\/Imagen-1.jpeg\" \/>\r\n\t<meta property=\"og:image:width\" content=\"1200\" \/>\r\n\t<meta property=\"og:image:height\" content=\"800\" \/>\r\n\t<meta property=\"og:image:type\" content=\"image\/jpeg\" \/>\r\n<meta name=\"author\" content=\"EquipoEscat\" \/>\r\n<meta name=\"twitter:card\" content=\"summary_large_image\" \/>\r\n<meta name=\"twitter:image\" content=\"https:\/\/blogs.uninter.edu.mx\/ESCAT\/wp-content\/uploads\/2025\/01\/Imagen-1.jpeg\" \/>\r\n<meta name=\"twitter:creator\" content=\"@EscatUninter\" \/>\r\n<meta name=\"twitter:site\" content=\"@EscatUninter\" \/>\r\n<meta name=\"twitter:label1\" content=\"Escrito por\" \/>\n\t<meta name=\"twitter:data1\" content=\"EquipoEscat\" \/>\n\t<meta name=\"twitter:label2\" content=\"Tiempo de lectura\" \/>\n\t<meta name=\"twitter:data2\" content=\"3 minutos\" \/>\r\n<script type=\"application\/ld+json\" class=\"yoast-schema-graph\">{\"@context\":\"https:\/\/schema.org\",\"@graph\":[{\"@type\":\"Article\",\"@id\":\"https:\/\/blogs.uninter.edu.mx\/ESCAT\/index.php\/29-de-junio-dia-del-disenador-industria\/#article\",\"isPartOf\":{\"@id\":\"https:\/\/blogs.uninter.edu.mx\/ESCAT\/index.php\/29-de-junio-dia-del-disenador-industria\/\"},\"author\":{\"name\":\"EquipoEscat\",\"@id\":\"https:\/\/blogs.uninter.edu.mx\/ESCAT\/#\/schema\/person\/df7b8f33d62433cb78a2104bda02490d\"},\"headline\":\"29 de Junio: Celebrando el D\u00eda del Dise\u00f1ador Industrial #ESCAT #Uninter #Dise\u00f1o\",\"datePublished\":\"2025-06-29T13:00:00+00:00\",\"mainEntityOfPage\":{\"@id\":\"https:\/\/blogs.uninter.edu.mx\/ESCAT\/index.php\/29-de-junio-dia-del-disenador-industria\/\"},\"wordCount\":430,\"commentCount\":0,\"image\":{\"@id\":\"https:\/\/blogs.uninter.edu.mx\/ESCAT\/index.php\/29-de-junio-dia-del-disenador-industria\/#primaryimage\"},\"thumbnailUrl\":\"https:\/\/blogs.uninter.edu.mx\/ESCAT\/wp-content\/uploads\/2025\/01\/Imagen-1.jpeg\",\"keywords\":[\"Dise\u00f1o\",\"Dise\u00f1os\",\"ESCAT\",\"Industrial\",\"INGENIERIA\",\"junio\",\"NOTICIAS\",\"SILLAS\",\"Uninter\",\"Universidad Internacional\"],\"articleSection\":[\"Noticias\"],\"inLanguage\":\"es\",\"potentialAction\":[{\"@type\":\"CommentAction\",\"name\":\"Comment\",\"target\":[\"https:\/\/blogs.uninter.edu.mx\/ESCAT\/index.php\/29-de-junio-dia-del-disenador-industria\/#respond\"]}]},{\"@type\":\"WebPage\",\"@id\":\"https:\/\/blogs.uninter.edu.mx\/ESCAT\/index.php\/29-de-junio-dia-del-disenador-industria\/\",\"url\":\"https:\/\/blogs.uninter.edu.mx\/ESCAT\/index.php\/29-de-junio-dia-del-disenador-industria\/\",\"name\":\"29 de Junio: Celebrando el D\u00eda del Dise\u00f1ador Industrial #ESCAT - Escuela de Ciencias, Artes y Tecnolog\u00eda\",\"isPartOf\":{\"@id\":\"https:\/\/blogs.uninter.edu.mx\/ESCAT\/#website\"},\"primaryImageOfPage\":{\"@id\":\"https:\/\/blogs.uninter.edu.mx\/ESCAT\/index.php\/29-de-junio-dia-del-disenador-industria\/#primaryimage\"},\"image\":{\"@id\":\"https:\/\/blogs.uninter.edu.mx\/ESCAT\/index.php\/29-de-junio-dia-del-disenador-industria\/#primaryimage\"},\"thumbnailUrl\":\"https:\/\/blogs.uninter.edu.mx\/ESCAT\/wp-content\/uploads\/2025\/01\/Imagen-1.jpeg\",\"datePublished\":\"2025-06-29T13:00:00+00:00\",\"author\":{\"@id\":\"https:\/\/blogs.uninter.edu.mx\/ESCAT\/#\/schema\/person\/df7b8f33d62433cb78a2104bda02490d\"},\"description\":\"Cada 29 de junio, el mundo conmemora el D\u00eda del Dise\u00f1ador Industrial, una profesi\u00f3n que transforma ideas en objetos tangibles.\",\"breadcrumb\":{\"@id\":\"https:\/\/blogs.uninter.edu.mx\/ESCAT\/index.php\/29-de-junio-dia-del-disenador-industria\/#breadcrumb\"},\"inLanguage\":\"es\",\"potentialAction\":[{\"@type\":\"ReadAction\",\"target\":[\"https:\/\/blogs.uninter.edu.mx\/ESCAT\/index.php\/29-de-junio-dia-del-disenador-industria\/\"]}]},{\"@type\":\"ImageObject\",\"inLanguage\":\"es\",\"@id\":\"https:\/\/blogs.uninter.edu.mx\/ESCAT\/index.php\/29-de-junio-dia-del-disenador-industria\/#primaryimage\",\"url\":\"https:\/\/blogs.uninter.edu.mx\/ESCAT\/wp-content\/uploads\/2025\/01\/Imagen-1.jpeg\",\"contentUrl\":\"https:\/\/blogs.uninter.edu.mx\/ESCAT\/wp-content\/uploads\/2025\/01\/Imagen-1.jpeg\",\"width\":1200,\"height\":800},{\"@type\":\"BreadcrumbList\",\"@id\":\"https:\/\/blogs.uninter.edu.mx\/ESCAT\/index.php\/29-de-junio-dia-del-disenador-industria\/#breadcrumb\",\"itemListElement\":[{\"@type\":\"ListItem\",\"position\":1,\"name\":\"Inicio\",\"item\":\"https:\/\/blogs.uninter.edu.mx\/ESCAT\/\"},{\"@type\":\"ListItem\",\"position\":2,\"name\":\"29 de Junio: Celebrando el D\u00eda del Dise\u00f1ador Industrial #ESCAT #Uninter #Dise\u00f1o\"}]},{\"@type\":\"WebSite\",\"@id\":\"https:\/\/blogs.uninter.edu.mx\/ESCAT\/#website\",\"url\":\"https:\/\/blogs.uninter.edu.mx\/ESCAT\/\",\"name\":\"Escuela de Ciencias, Artes y Tecnolog\u00eda UNINTER\",\"description\":\"ESCAT\",\"potentialAction\":[{\"@type\":\"SearchAction\",\"target\":{\"@type\":\"EntryPoint\",\"urlTemplate\":\"https:\/\/blogs.uninter.edu.mx\/ESCAT\/?s={search_term_string}\"},\"query-input\":{\"@type\":\"PropertyValueSpecification\",\"valueRequired\":true,\"valueName\":\"search_term_string\"}}],\"inLanguage\":\"es\"},{\"@type\":\"Person\",\"@id\":\"https:\/\/blogs.uninter.edu.mx\/ESCAT\/#\/schema\/person\/df7b8f33d62433cb78a2104bda02490d\",\"name\":\"EquipoEscat\",\"image\":{\"@type\":\"ImageObject\",\"inLanguage\":\"es\",\"@id\":\"https:\/\/blogs.uninter.edu.mx\/ESCAT\/#\/schema\/person\/image\/\",\"url\":\"https:\/\/secure.gravatar.com\/avatar\/d943e53cecc7e9e13c011abf6ec7475809c7d278834bde994b19ecd58034a9ff?s=96&d=mm&r=g\",\"contentUrl\":\"https:\/\/secure.gravatar.com\/avatar\/d943e53cecc7e9e13c011abf6ec7475809c7d278834bde994b19ecd58034a9ff?s=96&d=mm&r=g\",\"caption\":\"EquipoEscat\"},\"url\":\"https:\/\/blogs.uninter.edu.mx\/ESCAT\/index.php\/author\/equipoescat\/\"}]}<\/script>\r\n<!-- \/ Yoast SEO plugin. -->","yoast_head_json":{"title":"29 de Junio: Celebrando el D\u00eda del Dise\u00f1ador Industrial #ESCAT - Escuela de Ciencias, Artes y Tecnolog\u00eda","description":"Cada 29 de junio, el mundo conmemora el D\u00eda del Dise\u00f1ador Industrial, una profesi\u00f3n que transforma ideas en objetos tangibles.","robots":{"index":"index","follow":"follow","max-snippet":"max-snippet:-1","max-image-preview":"max-image-preview:large","max-video-preview":"max-video-preview:-1"},"canonical":"https:\/\/blogs.uninter.edu.mx\/ESCAT\/index.php\/29-de-junio-dia-del-disenador-industria\/","og_locale":"es_MX","og_type":"article","og_title":"29 de Junio: Celebrando el D\u00eda del Dise\u00f1ador Industrial #ESCAT - Escuela de Ciencias, Artes y Tecnolog\u00eda","og_description":"Cada 29 de junio, el mundo conmemora el D\u00eda del Dise\u00f1ador Industrial, una profesi\u00f3n que transforma ideas en objetos tangibles.","og_url":"https:\/\/blogs.uninter.edu.mx\/ESCAT\/index.php\/29-de-junio-dia-del-disenador-industria\/","og_site_name":"Escuela de Ciencias, Artes y Tecnolog\u00eda","article_publisher":"https:\/\/www.facebook.com\/EscatUninter\/","article_published_time":"2025-06-29T13:00:00+00:00","og_image":[{"width":1200,"height":800,"url":"https:\/\/blogs.uninter.edu.mx\/ESCAT\/wp-content\/uploads\/2025\/01\/Imagen-1.jpeg","type":"image\/jpeg"}],"author":"EquipoEscat","twitter_card":"summary_large_image","twitter_image":"https:\/\/blogs.uninter.edu.mx\/ESCAT\/wp-content\/uploads\/2025\/01\/Imagen-1.jpeg","twitter_creator":"@EscatUninter","twitter_site":"@EscatUninter","twitter_misc":{"Escrito por":"EquipoEscat","Tiempo de lectura":"3 minutos"},"schema":{"@context":"https:\/\/schema.org","@graph":[{"@type":"Article","@id":"https:\/\/blogs.uninter.edu.mx\/ESCAT\/index.php\/29-de-junio-dia-del-disenador-industria\/#article","isPartOf":{"@id":"https:\/\/blogs.uninter.edu.mx\/ESCAT\/index.php\/29-de-junio-dia-del-disenador-industria\/"},"author":{"name":"EquipoEscat","@id":"https:\/\/blogs.uninter.edu.mx\/ESCAT\/#\/schema\/person\/df7b8f33d62433cb78a2104bda02490d"},"headline":"29 de Junio: Celebrando el D\u00eda del Dise\u00f1ador Industrial #ESCAT #Uninter #Dise\u00f1o","datePublished":"2025-06-29T13:00:00+00:00","mainEntityOfPage":{"@id":"https:\/\/blogs.uninter.edu.mx\/ESCAT\/index.php\/29-de-junio-dia-del-disenador-industria\/"},"wordCount":430,"commentCount":0,"image":{"@id":"https:\/\/blogs.uninter.edu.mx\/ESCAT\/index.php\/29-de-junio-dia-del-disenador-industria\/#primaryimage"},"thumbnailUrl":"https:\/\/blogs.uninter.edu.mx\/ESCAT\/wp-content\/uploads\/2025\/01\/Imagen-1.jpeg","keywords":["Dise\u00f1o","Dise\u00f1os","ESCAT","Industrial","INGENIERIA","junio","NOTICIAS","SILLAS","Uninter","Universidad Internacional"],"articleSection":["Noticias"],"inLanguage":"es","potentialAction":[{"@type":"CommentAction","name":"Comment","target":["https:\/\/blogs.uninter.edu.mx\/ESCAT\/index.php\/29-de-junio-dia-del-disenador-industria\/#respond"]}]},{"@type":"WebPage","@id":"https:\/\/blogs.uninter.edu.mx\/ESCAT\/index.php\/29-de-junio-dia-del-disenador-industria\/","url":"https:\/\/blogs.uninter.edu.mx\/ESCAT\/index.php\/29-de-junio-dia-del-disenador-industria\/","name":"29 de Junio: Celebrando el D\u00eda del Dise\u00f1ador Industrial #ESCAT - Escuela de Ciencias, Artes y Tecnolog\u00eda","isPartOf":{"@id":"https:\/\/blogs.uninter.edu.mx\/ESCAT\/#website"},"primaryImageOfPage":{"@id":"https:\/\/blogs.uninter.edu.mx\/ESCAT\/index.php\/29-de-junio-dia-del-disenador-industria\/#primaryimage"},"image":{"@id":"https:\/\/blogs.uninter.edu.mx\/ESCAT\/index.php\/29-de-junio-dia-del-disenador-industria\/#primaryimage"},"thumbnailUrl":"https:\/\/blogs.uninter.edu.mx\/ESCAT\/wp-content\/uploads\/2025\/01\/Imagen-1.jpeg","datePublished":"2025-06-29T13:00:00+00:00","author":{"@id":"https:\/\/blogs.uninter.edu.mx\/ESCAT\/#\/schema\/person\/df7b8f33d62433cb78a2104bda02490d"},"description":"Cada 29 de junio, el mundo conmemora el D\u00eda del Dise\u00f1ador Industrial, una profesi\u00f3n que transforma ideas en objetos tangibles.","breadcrumb":{"@id":"https:\/\/blogs.uninter.edu.mx\/ESCAT\/index.php\/29-de-junio-dia-del-disenador-industria\/#breadcrumb"},"inLanguage":"es","potentialAction":[{"@type":"ReadAction","target":["https:\/\/blogs.uninter.edu.mx\/ESCAT\/index.php\/29-de-junio-dia-del-disenador-industria\/"]}]},{"@type":"ImageObject","inLanguage":"es","@id":"https:\/\/blogs.uninter.edu.mx\/ESCAT\/index.php\/29-de-junio-dia-del-disenador-industria\/#primaryimage","url":"https:\/\/blogs.uninter.edu.mx\/ESCAT\/wp-content\/uploads\/2025\/01\/Imagen-1.jpeg","contentUrl":"https:\/\/blogs.uninter.edu.mx\/ESCAT\/wp-content\/uploads\/2025\/01\/Imagen-1.jpeg","width":1200,"height":800},{"@type":"BreadcrumbList","@id":"https:\/\/blogs.uninter.edu.mx\/ESCAT\/index.php\/29-de-junio-dia-del-disenador-industria\/#breadcrumb","itemListElement":[{"@type":"ListItem","position":1,"name":"Inicio","item":"https:\/\/blogs.uninter.edu.mx\/ESCAT\/"},{"@type":"ListItem","position":2,"name":"29 de Junio: Celebrando el D\u00eda del Dise\u00f1ador Industrial #ESCAT #Uninter #Dise\u00f1o"}]},{"@type":"WebSite","@id":"https:\/\/blogs.uninter.edu.mx\/ESCAT\/#website","url":"https:\/\/blogs.uninter.edu.mx\/ESCAT\/","name":"Escuela de Ciencias, Artes y Tecnolog\u00eda UNINTER","description":"ESCAT","potentialAction":[{"@type":"SearchAction","target":{"@type":"EntryPoint","urlTemplate":"https:\/\/blogs.uninter.edu.mx\/ESCAT\/?s={search_term_string}"},"query-input":{"@type":"PropertyValueSpecification","valueRequired":true,"valueName":"search_term_string"}}],"inLanguage":"es"},{"@type":"Person","@id":"https:\/\/blogs.uninter.edu.mx\/ESCAT\/#\/schema\/person\/df7b8f33d62433cb78a2104bda02490d","name":"EquipoEscat","image":{"@type":"ImageObject","inLanguage":"es","@id":"https:\/\/blogs.uninter.edu.mx\/ESCAT\/#\/schema\/person\/image\/","url":"https:\/\/secure.gravatar.com\/avatar\/d943e53cecc7e9e13c011abf6ec7475809c7d278834bde994b19ecd58034a9ff?s=96&d=mm&r=g","contentUrl":"https:\/\/secure.gravatar.com\/avatar\/d943e53cecc7e9e13c011abf6ec7475809c7d278834bde994b19ecd58034a9ff?s=96&d=mm&r=g","caption":"EquipoEscat"},"url":"https:\/\/blogs.uninter.edu.mx\/ESCAT\/index.php\/author\/equipoescat\/"}]}},"jetpack_publicize_connections":[],"jetpack_featured_media_url":"https:\/\/blogs.uninter.edu.mx\/ESCAT\/wp-content\/uploads\/2025\/01\/Imagen-1.jpeg","jetpack_sharing_enabled":true,"_links":{"self":[{"href":"https:\/\/blogs.uninter.edu.mx\/ESCAT\/index.php\/wp-json\/wp\/v2\/posts\/71486","targetHints":{"allow":["GET"]}}],"collection":[{"href":"https:\/\/blogs.uninter.edu.mx\/ESCAT\/index.php\/wp-json\/wp\/v2\/posts"}],"about":[{"href":"https:\/\/blogs.uninter.edu.mx\/ESCAT\/index.php\/wp-json\/wp\/v2\/types\/post"}],"author":[{"embeddable":true,"href":"https:\/\/blogs.uninter.edu.mx\/ESCAT\/index.php\/wp-json\/wp\/v2\/users\/22"}],"replies":[{"embeddable":true,"href":"https:\/\/blogs.uninter.edu.mx\/ESCAT\/index.php\/wp-json\/wp\/v2\/comments?post=71486"}],"version-history":[{"count":2,"href":"https:\/\/blogs.uninter.edu.mx\/ESCAT\/index.php\/wp-json\/wp\/v2\/posts\/71486\/revisions"}],"predecessor-version":[{"id":74489,"href":"https:\/\/blogs.uninter.edu.mx\/ESCAT\/index.php\/wp-json\/wp\/v2\/posts\/71486\/revisions\/74489"}],"wp:featuredmedia":[{"embeddable":true,"href":"https:\/\/blogs.uninter.edu.mx\/ESCAT\/index.php\/wp-json\/wp\/v2\/media\/71488"}],"wp:attachment":[{"href":"https:\/\/blogs.uninter.edu.mx\/ESCAT\/index.php\/wp-json\/wp\/v2\/media?parent=71486"}],"wp:term":[{"taxonomy":"category","embeddable":true,"href":"https:\/\/blogs.uninter.edu.mx\/ESCAT\/index.php\/wp-json\/wp\/v2\/categories?post=71486"},{"taxonomy":"post_tag","embeddable":true,"href":"https:\/\/blogs.uninter.edu.mx\/ESCAT\/index.php\/wp-json\/wp\/v2\/tags?post=71486"}],"curies":[{"name":"wp","href":"https:\/\/api.w.org\/{rel}","templated":true}]}}