{"id":71916,"date":"2025-04-07T08:00:00","date_gmt":"2025-04-07T13:00:00","guid":{"rendered":"https:\/\/blogs.uninter.edu.mx\/ESCAT\/?p=71916"},"modified":"2025-04-03T15:48:41","modified_gmt":"2025-04-03T21:48:41","slug":"sello-hecho-en-mexico-regresa","status":"publish","type":"post","link":"https:\/\/blogs.uninter.edu.mx\/ESCAT\/index.php\/sello-hecho-en-mexico-regresa\/","title":{"rendered":"Sello &#8216;Hecho En M\u00e9xico&#8217; Regresa: Dise\u00f1o y Lanzamiento en 2025 #ESCAT #UNINTER"},"content":{"rendered":"<div class=\"wp-block-image\">\n<figure class=\"aligncenter size-full is-resized\"><a href=\"https:\/\/www.facebook.com\/EscatUninter?locale=es_LA\"><img loading=\"lazy\" decoding=\"async\" src=\"https:\/\/blogs.uninter.edu.mx\/ESCAT\/wp-content\/uploads\/2025\/02\/image-28.png\" alt=\"\" class=\"wp-image-71917\" width=\"214\" height=\"214\"\/><\/a><\/figure>\n<\/div>\n\n\n<p>Sello &#8216;Hecho En M\u00e9xico&#8217; Regresa. La Secretar\u00eda de Econom\u00eda anunci\u00f3 el regreso de &#8220;Hecho en M\u00e9xico&#8221; este 2025, logo que ha dado fuerza a la identidad de los productos mexicanos en el mundo<\/p>\n\n\n\n<!--more-->\n\n\n\n<figure class=\"wp-block-image size-full is-resized\"><img loading=\"lazy\" decoding=\"async\" src=\"https:\/\/blogs.uninter.edu.mx\/ESCAT\/wp-content\/uploads\/2025\/02\/image-29.png\" alt=\"\" class=\"wp-image-71918\" width=\"836\" height=\"470\"\/><\/figure>\n\n\n\n<p>En medio de la controversia con Estados Unidos por la imposici\u00f3n de aranceles para nuestro pa\u00eds, el secretario de Econom\u00eda (SE), Marcelo Ebrard, anunci\u00f3 hoy que el distintivo oficial conocido como &#8220;<strong>Hecho en M\u00e9xico<\/strong>&#8221; est\u00e1 de regreso en&nbsp;<strong>2025<\/strong>. En N+ te explicamos&nbsp;<strong>qui\u00e9n dise\u00f1\u00f3 este &#8220;sello&#8221;<\/strong>, cu\u00e1ndo ser\u00e1 relanzada la&nbsp;<strong>campa\u00f1a<\/strong>&nbsp;y m\u00e1s detalles.<\/p>\n\n\n\n<p>Ideado hace casi 47 a\u00f1os, el&nbsp;<strong>logo<\/strong>&nbsp;de &#8220;<strong>Hecho en M\u00e9xico<\/strong>&#8221; se ha convertido en una imagen de amplio uso y conocimiento popular, en parte porque ha estado presente en las etiquetas de miles de productos a lo largo de estos a\u00f1os. Incluso, a la fecha hay personas que han utilizado este sello para pon\u00e9rselo de tatuaje. En Google hay miles de im\u00e1genes y numerosas b\u00fasquedas sobre este&nbsp;<strong>sello<\/strong>&nbsp;convertido en tattoo, pero, \u00bf<strong>qu\u00e9 significa<\/strong>&nbsp;realmente y qui\u00e9n est\u00e1 detr\u00e1s de su&nbsp;<strong>dise\u00f1o<\/strong>?<\/p>\n\n\n\n<h4 class=\"wp-block-heading\">Logo Hecho en M\u00e9xico: qu\u00e9 es, qui\u00e9n lo hizo y significado<\/h4>\n\n\n\n<p>El&nbsp;<strong>logotipo<\/strong>&nbsp;&#8220;<strong>Hecho en M\u00e9xico<\/strong>&#8221; es un distintivo oficial que identifica los productos fabricados en territorio mexicano. Este s\u00edmbolo no solo representa la autenticidad de los bienes producidos en nuestro pa\u00eds, sino que tambi\u00e9n es un emblema de identidad cultural, orgullo nacional y calidad.<\/p>\n\n\n\n<figure class=\"wp-block-image size-full\"><img loading=\"lazy\" decoding=\"async\" width=\"1200\" height=\"800\" src=\"https:\/\/blogs.uninter.edu.mx\/ESCAT\/wp-content\/uploads\/2025\/02\/image-35.png\" alt=\"\" class=\"wp-image-71924\"\/><\/figure>\n\n\n\n<h4 class=\"wp-block-heading\">Origen y creaci\u00f3n del logotipo Hecho en M\u00e9xico<\/h4>\n\n\n\n<p>El&nbsp;<strong>logo<\/strong>&nbsp;fue&nbsp;<strong>creado<\/strong>&nbsp;en 1978 por&nbsp;<strong>Omar Arroyo Arriaga<\/strong>, dise\u00f1ador mexicano fallecido el 23 de enero de 2023. En el sitio de&nbsp;<em>AureaVisura<\/em>, revista de la Facultad de Artes y Dise\u00f1o (FAD) de la Universidad Nacional Aut\u00f3noma de M\u00e9xico (UNAM), se refiere al catedr\u00e1tico como pionero del oficio y la ense\u00f1anza del dise\u00f1o en M\u00e9xico.&nbsp;<\/p>\n\n\n\n<p>De hecho, \u00e9l fue uno de los fundadores de la licenciatura en Dise\u00f1o Gr\u00e1fico de la m\u00e1xima casa de estudios de M\u00e9xico. A lo largo de su carrera desarroll\u00f3 la museograf\u00eda en el Centro de Investigaciones y Servicios Museol\u00f3gicos de la&nbsp;<strong>UNAM<\/strong>. <\/p>\n\n\n\n<p>Justamente, en la universidad nacional se desempe\u00f1\u00f3 como Director del Museo de la Medicina Mexicana, perteneciente a la Facultad de Medicina. Es la siguiente:<\/p>\n\n\n\n<ul class=\"wp-block-list\">\n<li>Licenciatura en Dise\u00f1o Industrial, Universidad Iberoamericana (UIA)<\/li>\n\n\n\n<li>Maestr\u00eda en Dise\u00f1o Avanzado de Productos, Instituto Tecnol\u00f3gico de Illinois. Chicago, Illinois, Estados Unidos de Am\u00e9rica<\/li>\n\n\n\n<li>Especialidad en Dise\u00f1o Ambiental, Universidad de Stuttgart, Ulm, Alemania<\/li>\n<\/ul>\n\n\n\n<p>Arroyo Arriaga&nbsp;consideraba que la labor de dise\u00f1ar era resultado del equilibrio entre los procesos internos y los objetivos externos. All\u00ed que la combinaci\u00f3n del intelecto y la emotividad fueran piezas fundamentales para la creatividad.&nbsp;<\/p>\n\n\n\n<p>Dentro del gobierno mexicano, Arroyo Garc\u00eda labor\u00f3 en el Instituto Mexicano de Comercio Exterior, instituci\u00f3n desaparecida por orden del Poder Ejecutivo en 1985. <\/p>\n\n\n\n<p>El dise\u00f1o del&nbsp;<strong>logo<\/strong>&nbsp;y la&nbsp;<strong>frase<\/strong>&nbsp;<strong>Hecho en M\u00e9xico<\/strong>&nbsp;fueron registradas e implementadas por la entonces Secretar\u00eda de Comercio y Fomento Industrial.<\/p>\n\n\n\n<p>El objetivo principal del emblema era distinguir los&nbsp;<strong>productos elaborados en M\u00e9xico<\/strong>, promoviendo su consumo tanto a nivel nacional como internacional, se volvi\u00f3 parte de la cultura mexicana.<\/p>\n\n\n\n<h4 class=\"wp-block-heading\">Dise\u00f1o original del sello Hecho en M\u00e9xico y su evoluci\u00f3n&nbsp;<\/h4>\n\n\n\n<p>Cabe destacar que este logo, que tambi\u00e9n cumple las veces de sello, ha experimentado varias modificaciones desde su creaci\u00f3n. As\u00ed han sido los cambios realizados en la imagen:<\/p>\n\n\n\n<ul class=\"wp-block-list\">\n<li><strong>1978<\/strong>: El dise\u00f1o inicial consist\u00eda en una cabeza de \u00e1guila, considerada s\u00edmbolo nacional, mirando hacia el lado izquierdo acompa\u00f1ada por la leyenda &#8220;Hecho en M\u00e9xico&#8221;. La tipograf\u00eda utilizada era Helv\u00e9tica o Futura media<\/li>\n<\/ul>\n\n\n\n<figure class=\"wp-block-image size-full is-resized\"><img loading=\"lazy\" decoding=\"async\" src=\"https:\/\/blogs.uninter.edu.mx\/ESCAT\/wp-content\/uploads\/2025\/02\/image-30.png\" alt=\"\" class=\"wp-image-71919\" width=\"640\" height=\"482\"\/><\/figure>\n\n\n\n<p><strong>2004<\/strong>: Este a\u00f1o se introdujeron dos nuevas versiones dise\u00f1adas por Christian Soria. Una de estas versiones mostraba al \u00e1guila mirando hacia la derecha con un recuadro negro que inclu\u00eda las letras &#8220;MX&#8221;, mientras que la leyenda &#8220;<em>Hecho en M\u00e9xico<\/em>&#8221; se coloc\u00f3 debajo. Tambi\u00e9n se present\u00f3 una versi\u00f3n extendida con el lema &#8220;<strong>F\u00edjate que est\u00e9 Hecho en M\u00e9xico<\/strong>&#8220;<\/p>\n\n\n\n<figure class=\"wp-block-image size-full\"><img loading=\"lazy\" decoding=\"async\" width=\"640\" height=\"807\" src=\"https:\/\/blogs.uninter.edu.mx\/ESCAT\/wp-content\/uploads\/2025\/02\/image-31.png\" alt=\"\" class=\"wp-image-71920\"\/><\/figure>\n\n\n\n<p><strong>2009:<\/strong> En este a\u00f1o se realiz\u00f3 otra actualizaci\u00f3n al dise\u00f1o. Se modificaron detalles del plumaje del \u00e1guila y se a\u00f1adi\u00f3 la parte inferior del pico. Adem\u00e1s, se retir\u00f3 de circulaci\u00f3n la leyenda &#8220;F\u00edjate que est\u00e9 Hecho en M\u00e9xico&#8221;, y permaneci\u00f3 solamente la frase &#8220;<strong>Hecho en M\u00e9xico<\/strong>&#8220;.<\/p>\n\n\n\n<figure class=\"wp-block-image size-full\"><img loading=\"lazy\" decoding=\"async\" width=\"640\" height=\"394\" src=\"https:\/\/blogs.uninter.edu.mx\/ESCAT\/wp-content\/uploads\/2025\/02\/image-33.png\" alt=\"\" class=\"wp-image-71922\"\/><\/figure>\n\n\n\n<h4 class=\"wp-block-heading\">Campa\u00f1a Hecho en M\u00e9xico 2025<\/h4>\n\n\n\n<p>Este 4 de febrero,&nbsp;<strong>Marcelo Ebrard<\/strong>, quien funge como titular de la&nbsp;<em>Secretar\u00eda de Econom\u00eda<\/em>, dio a conocer en conferencia de prensa tras una reuni\u00f3n con empresarios.<\/p>\n\n\n\n<p>Precisamente, el&nbsp;<strong>3 de marzo 2025<\/strong>, d\u00eda en que se cumplen 47 a\u00f1os del registro en el Diario Oficial de la Federaci\u00f3n del logo, ser\u00e1 cuando comience &#8220;a m\u00e1s tardar&#8221;, seg\u00fan el propio Marcelo Ebrard Casaub\u00f3n, la&nbsp;<strong>campa\u00f1a<\/strong>&nbsp;de difusi\u00f3n del &#8220;<strong>Hecho en M\u00e9xico<\/strong>&#8220;.<\/p>\n\n\n\n<p>Entre los varios objetivos de lanzar esta iniciativa se encuentra el dar impulso al&nbsp;<a href=\"https:\/\/www.nmas.com.mx\/nacional\/politica\/sheinbaum-pide-a-empresarios-fortalecer-el-plan-mexico-luego-de-pausa-en-aranceles-de-trump\/\"><strong>Plan M\u00e9xico<\/strong><\/a>. Elevar la presencia del distintivo en los productos mexicanos y que la plataforma productiva del pa\u00eds crezca y con esto aumente la inversi\u00f3n.&nbsp;<\/p>\n\n\n\n<h6 class=\"wp-block-heading\">Fuente: <a href=\"https:\/\/www.nmas.com.mx\/nacional\/hecho-en-mexico-logo-quien-hizo-que-significa-sello-cuando-lanzan-campana-2025\/\">nmas<\/a><\/h6>\n\n\n\n<p class=\"has-text-align-right\"><a href=\"https:\/\/universidad.uninter.edu.mx\/carreras\/LDG\">Licenciatura en Dise\u00f1o Gr\u00e1fico<\/a><\/p>\n\n\n\n<p class=\"has-text-align-right\"><a href=\"https:\/\/blogs.uninter.edu.mx\/ESCAT\/index.php\/category\/diseno-grafico\/\">M\u00e1s noticias sobre Dise\u00f1o Gr\u00e1fico&#8230;<\/a><\/p>\n\n\n\n<figure class=\"wp-block-image size-full\"><a href=\"https:\/\/universidad.uninter.edu.mx\/\"><img loading=\"lazy\" decoding=\"async\" width=\"756\" height=\"123\" src=\"https:\/\/blogs.uninter.edu.mx\/ESCAT\/wp-content\/uploads\/2025\/02\/image-34.png\" alt=\"\" class=\"wp-image-71923\"\/><\/a><\/figure>\n","protected":false},"excerpt":{"rendered":"<p>Sello &#8216;Hecho En M\u00e9xico&#8217; Regresa. La Secretar\u00eda de Econom\u00eda anunci\u00f3 el regreso de &#8220;Hecho en M\u00e9xico&#8221; este 2025, logo que ha dado fuerza a la identidad de los productos mexicanos en el mundo<\/p>\n","protected":false},"author":43,"featured_media":71924,"comment_status":"open","ping_status":"open","sticky":false,"template":"","format":"standard","meta":{"_jetpack_memberships_contains_paid_content":false,"footnotes":"","jetpack_publicize_message":"","jetpack_publicize_feature_enabled":true,"jetpack_social_post_already_shared":true,"jetpack_social_options":{"image_generator_settings":{"template":"highway","default_image_id":0,"font":"","enabled":false},"version":2}},"categories":[8,10,13,26],"tags":[45,59,61,190,32,850,325,31,37],"class_list":["post-71916","post","type-post","status-publish","format-standard","has-post-thumbnail","hentry","category-diseno-grafico","category-disenos","category-eventos","category-noticias","tag-uninter-2","tag-arte","tag-diseno","tag-diseno-grafico","tag-escat","tag-logotipos","tag-mexico-2","tag-uninter","tag-universidad-internacional"],"yoast_head":"<!-- This site is optimized with the Yoast SEO plugin v26.8 - https:\/\/yoast.com\/product\/yoast-seo-wordpress\/ -->\r\n<title>Sello &#039;Hecho En M\u00e9xico&#039; Regresa en 2025 #ESCAT #UNINTER<\/title>\r\n<meta name=\"description\" content=\"Sello &#039;Hecho En M\u00e9xico&#039; Regresa. La Secretar\u00eda de Econom\u00eda anunci\u00f3 el regreso de &quot;Hecho en M\u00e9xico&quot; este 2025, logo que ha dado fuerza\" \/>\r\n<meta name=\"robots\" content=\"index, follow, max-snippet:-1, max-image-preview:large, max-video-preview:-1\" \/>\r\n<link rel=\"canonical\" href=\"https:\/\/blogs.uninter.edu.mx\/ESCAT\/index.php\/sello-hecho-en-mexico-regresa\/\" \/>\r\n<meta property=\"og:locale\" content=\"es_MX\" \/>\r\n<meta property=\"og:type\" content=\"article\" \/>\r\n<meta property=\"og:title\" content=\"Sello &#039;Hecho En M\u00e9xico&#039; Regresa en 2025 #ESCAT #UNINTER\" \/>\r\n<meta property=\"og:description\" content=\"Sello &#039;Hecho En M\u00e9xico&#039; Regresa. La Secretar\u00eda de Econom\u00eda anunci\u00f3 el regreso de &quot;Hecho en M\u00e9xico&quot; este 2025, logo que ha dado fuerza\" \/>\r\n<meta property=\"og:url\" content=\"https:\/\/blogs.uninter.edu.mx\/ESCAT\/index.php\/sello-hecho-en-mexico-regresa\/\" \/>\r\n<meta property=\"og:site_name\" content=\"Escuela de Ciencias, Artes y Tecnolog\u00eda\" \/>\r\n<meta property=\"article:publisher\" content=\"https:\/\/www.facebook.com\/EscatUninter\/\" \/>\r\n<meta property=\"article:published_time\" content=\"2025-04-07T13:00:00+00:00\" \/>\r\n<meta property=\"og:image\" content=\"https:\/\/blogs.uninter.edu.mx\/ESCAT\/wp-content\/uploads\/2025\/02\/image-35.png\" \/>\r\n\t<meta property=\"og:image:width\" content=\"1200\" \/>\r\n\t<meta property=\"og:image:height\" content=\"800\" \/>\r\n\t<meta property=\"og:image:type\" content=\"image\/png\" \/>\r\n<meta name=\"author\" content=\"Gabriela Vel\u00e1zquez D\u00edaz\" \/>\r\n<meta name=\"twitter:card\" content=\"summary_large_image\" \/>\r\n<meta name=\"twitter:image\" content=\"https:\/\/blogs.uninter.edu.mx\/ESCAT\/wp-content\/uploads\/2025\/02\/image-35.png\" \/>\r\n<meta name=\"twitter:creator\" content=\"@EscatUninter\" \/>\r\n<meta name=\"twitter:site\" content=\"@EscatUninter\" \/>\r\n<meta name=\"twitter:label1\" content=\"Escrito por\" \/>\n\t<meta name=\"twitter:data1\" content=\"Gabriela Vel\u00e1zquez D\u00edaz\" \/>\n\t<meta name=\"twitter:label2\" content=\"Tiempo de lectura\" \/>\n\t<meta name=\"twitter:data2\" content=\"6 minutos\" \/>\r\n<script type=\"application\/ld+json\" class=\"yoast-schema-graph\">{\"@context\":\"https:\/\/schema.org\",\"@graph\":[{\"@type\":\"Article\",\"@id\":\"https:\/\/blogs.uninter.edu.mx\/ESCAT\/index.php\/sello-hecho-en-mexico-regresa\/#article\",\"isPartOf\":{\"@id\":\"https:\/\/blogs.uninter.edu.mx\/ESCAT\/index.php\/sello-hecho-en-mexico-regresa\/\"},\"author\":{\"name\":\"Gabriela Vel\u00e1zquez D\u00edaz\",\"@id\":\"https:\/\/blogs.uninter.edu.mx\/ESCAT\/#\/schema\/person\/d8791b199ecf754edfe84945f8b8abe0\"},\"headline\":\"Sello &#8216;Hecho En M\u00e9xico&#8217; Regresa: Dise\u00f1o y Lanzamiento en 2025 #ESCAT #UNINTER\",\"datePublished\":\"2025-04-07T13:00:00+00:00\",\"mainEntityOfPage\":{\"@id\":\"https:\/\/blogs.uninter.edu.mx\/ESCAT\/index.php\/sello-hecho-en-mexico-regresa\/\"},\"wordCount\":939,\"commentCount\":0,\"image\":{\"@id\":\"https:\/\/blogs.uninter.edu.mx\/ESCAT\/index.php\/sello-hecho-en-mexico-regresa\/#primaryimage\"},\"thumbnailUrl\":\"https:\/\/blogs.uninter.edu.mx\/ESCAT\/wp-content\/uploads\/2025\/02\/image-35.png\",\"keywords\":[\"#Uninter\",\"Arte\",\"Dise\u00f1o\",\"Dise\u00f1o Gr\u00e1fico\",\"ESCAT\",\"Logotipos\",\"Mexico\",\"Uninter\",\"Universidad Internacional\"],\"articleSection\":[\"Dise\u00f1o Gr\u00e1fico\",\"Dise\u00f1os\",\"Eventos\",\"Noticias\"],\"inLanguage\":\"es\",\"potentialAction\":[{\"@type\":\"CommentAction\",\"name\":\"Comment\",\"target\":[\"https:\/\/blogs.uninter.edu.mx\/ESCAT\/index.php\/sello-hecho-en-mexico-regresa\/#respond\"]}]},{\"@type\":\"WebPage\",\"@id\":\"https:\/\/blogs.uninter.edu.mx\/ESCAT\/index.php\/sello-hecho-en-mexico-regresa\/\",\"url\":\"https:\/\/blogs.uninter.edu.mx\/ESCAT\/index.php\/sello-hecho-en-mexico-regresa\/\",\"name\":\"Sello 'Hecho En M\u00e9xico' Regresa en 2025 #ESCAT #UNINTER\",\"isPartOf\":{\"@id\":\"https:\/\/blogs.uninter.edu.mx\/ESCAT\/#website\"},\"primaryImageOfPage\":{\"@id\":\"https:\/\/blogs.uninter.edu.mx\/ESCAT\/index.php\/sello-hecho-en-mexico-regresa\/#primaryimage\"},\"image\":{\"@id\":\"https:\/\/blogs.uninter.edu.mx\/ESCAT\/index.php\/sello-hecho-en-mexico-regresa\/#primaryimage\"},\"thumbnailUrl\":\"https:\/\/blogs.uninter.edu.mx\/ESCAT\/wp-content\/uploads\/2025\/02\/image-35.png\",\"datePublished\":\"2025-04-07T13:00:00+00:00\",\"author\":{\"@id\":\"https:\/\/blogs.uninter.edu.mx\/ESCAT\/#\/schema\/person\/d8791b199ecf754edfe84945f8b8abe0\"},\"description\":\"Sello 'Hecho En M\u00e9xico' Regresa. La Secretar\u00eda de Econom\u00eda anunci\u00f3 el regreso de \\\"Hecho en M\u00e9xico\\\" este 2025, logo que ha dado fuerza\",\"breadcrumb\":{\"@id\":\"https:\/\/blogs.uninter.edu.mx\/ESCAT\/index.php\/sello-hecho-en-mexico-regresa\/#breadcrumb\"},\"inLanguage\":\"es\",\"potentialAction\":[{\"@type\":\"ReadAction\",\"target\":[\"https:\/\/blogs.uninter.edu.mx\/ESCAT\/index.php\/sello-hecho-en-mexico-regresa\/\"]}]},{\"@type\":\"ImageObject\",\"inLanguage\":\"es\",\"@id\":\"https:\/\/blogs.uninter.edu.mx\/ESCAT\/index.php\/sello-hecho-en-mexico-regresa\/#primaryimage\",\"url\":\"https:\/\/blogs.uninter.edu.mx\/ESCAT\/wp-content\/uploads\/2025\/02\/image-35.png\",\"contentUrl\":\"https:\/\/blogs.uninter.edu.mx\/ESCAT\/wp-content\/uploads\/2025\/02\/image-35.png\",\"width\":1200,\"height\":800},{\"@type\":\"BreadcrumbList\",\"@id\":\"https:\/\/blogs.uninter.edu.mx\/ESCAT\/index.php\/sello-hecho-en-mexico-regresa\/#breadcrumb\",\"itemListElement\":[{\"@type\":\"ListItem\",\"position\":1,\"name\":\"Inicio\",\"item\":\"https:\/\/blogs.uninter.edu.mx\/ESCAT\/\"},{\"@type\":\"ListItem\",\"position\":2,\"name\":\"Sello &#8216;Hecho En M\u00e9xico&#8217; Regresa: Dise\u00f1o y Lanzamiento en 2025 #ESCAT #UNINTER\"}]},{\"@type\":\"WebSite\",\"@id\":\"https:\/\/blogs.uninter.edu.mx\/ESCAT\/#website\",\"url\":\"https:\/\/blogs.uninter.edu.mx\/ESCAT\/\",\"name\":\"Escuela de Ciencias, Artes y Tecnolog\u00eda UNINTER\",\"description\":\"ESCAT\",\"potentialAction\":[{\"@type\":\"SearchAction\",\"target\":{\"@type\":\"EntryPoint\",\"urlTemplate\":\"https:\/\/blogs.uninter.edu.mx\/ESCAT\/?s={search_term_string}\"},\"query-input\":{\"@type\":\"PropertyValueSpecification\",\"valueRequired\":true,\"valueName\":\"search_term_string\"}}],\"inLanguage\":\"es\"},{\"@type\":\"Person\",\"@id\":\"https:\/\/blogs.uninter.edu.mx\/ESCAT\/#\/schema\/person\/d8791b199ecf754edfe84945f8b8abe0\",\"name\":\"Gabriela Vel\u00e1zquez D\u00edaz\",\"image\":{\"@type\":\"ImageObject\",\"inLanguage\":\"es\",\"@id\":\"https:\/\/blogs.uninter.edu.mx\/ESCAT\/#\/schema\/person\/image\/\",\"url\":\"https:\/\/secure.gravatar.com\/avatar\/d9d89cea371d594e3d5f57d331d13b5f96f09500f66a995717b4a6ef5c1a0184?s=96&d=mm&r=g\",\"contentUrl\":\"https:\/\/secure.gravatar.com\/avatar\/d9d89cea371d594e3d5f57d331d13b5f96f09500f66a995717b4a6ef5c1a0184?s=96&d=mm&r=g\",\"caption\":\"Gabriela Vel\u00e1zquez D\u00edaz\"},\"url\":\"https:\/\/blogs.uninter.edu.mx\/ESCAT\/index.php\/author\/gvelazquez\/\"}]}<\/script>\r\n<!-- \/ Yoast SEO plugin. -->","yoast_head_json":{"title":"Sello 'Hecho En M\u00e9xico' Regresa en 2025 #ESCAT #UNINTER","description":"Sello 'Hecho En M\u00e9xico' Regresa. La Secretar\u00eda de Econom\u00eda anunci\u00f3 el regreso de \"Hecho en M\u00e9xico\" este 2025, logo que ha dado fuerza","robots":{"index":"index","follow":"follow","max-snippet":"max-snippet:-1","max-image-preview":"max-image-preview:large","max-video-preview":"max-video-preview:-1"},"canonical":"https:\/\/blogs.uninter.edu.mx\/ESCAT\/index.php\/sello-hecho-en-mexico-regresa\/","og_locale":"es_MX","og_type":"article","og_title":"Sello 'Hecho En M\u00e9xico' Regresa en 2025 #ESCAT #UNINTER","og_description":"Sello 'Hecho En M\u00e9xico' Regresa. La Secretar\u00eda de Econom\u00eda anunci\u00f3 el regreso de \"Hecho en M\u00e9xico\" este 2025, logo que ha dado fuerza","og_url":"https:\/\/blogs.uninter.edu.mx\/ESCAT\/index.php\/sello-hecho-en-mexico-regresa\/","og_site_name":"Escuela de Ciencias, Artes y Tecnolog\u00eda","article_publisher":"https:\/\/www.facebook.com\/EscatUninter\/","article_published_time":"2025-04-07T13:00:00+00:00","og_image":[{"width":1200,"height":800,"url":"https:\/\/blogs.uninter.edu.mx\/ESCAT\/wp-content\/uploads\/2025\/02\/image-35.png","type":"image\/png"}],"author":"Gabriela Vel\u00e1zquez D\u00edaz","twitter_card":"summary_large_image","twitter_image":"https:\/\/blogs.uninter.edu.mx\/ESCAT\/wp-content\/uploads\/2025\/02\/image-35.png","twitter_creator":"@EscatUninter","twitter_site":"@EscatUninter","twitter_misc":{"Escrito por":"Gabriela Vel\u00e1zquez D\u00edaz","Tiempo de lectura":"6 minutos"},"schema":{"@context":"https:\/\/schema.org","@graph":[{"@type":"Article","@id":"https:\/\/blogs.uninter.edu.mx\/ESCAT\/index.php\/sello-hecho-en-mexico-regresa\/#article","isPartOf":{"@id":"https:\/\/blogs.uninter.edu.mx\/ESCAT\/index.php\/sello-hecho-en-mexico-regresa\/"},"author":{"name":"Gabriela Vel\u00e1zquez D\u00edaz","@id":"https:\/\/blogs.uninter.edu.mx\/ESCAT\/#\/schema\/person\/d8791b199ecf754edfe84945f8b8abe0"},"headline":"Sello &#8216;Hecho En M\u00e9xico&#8217; Regresa: Dise\u00f1o y Lanzamiento en 2025 #ESCAT #UNINTER","datePublished":"2025-04-07T13:00:00+00:00","mainEntityOfPage":{"@id":"https:\/\/blogs.uninter.edu.mx\/ESCAT\/index.php\/sello-hecho-en-mexico-regresa\/"},"wordCount":939,"commentCount":0,"image":{"@id":"https:\/\/blogs.uninter.edu.mx\/ESCAT\/index.php\/sello-hecho-en-mexico-regresa\/#primaryimage"},"thumbnailUrl":"https:\/\/blogs.uninter.edu.mx\/ESCAT\/wp-content\/uploads\/2025\/02\/image-35.png","keywords":["#Uninter","Arte","Dise\u00f1o","Dise\u00f1o Gr\u00e1fico","ESCAT","Logotipos","Mexico","Uninter","Universidad Internacional"],"articleSection":["Dise\u00f1o Gr\u00e1fico","Dise\u00f1os","Eventos","Noticias"],"inLanguage":"es","potentialAction":[{"@type":"CommentAction","name":"Comment","target":["https:\/\/blogs.uninter.edu.mx\/ESCAT\/index.php\/sello-hecho-en-mexico-regresa\/#respond"]}]},{"@type":"WebPage","@id":"https:\/\/blogs.uninter.edu.mx\/ESCAT\/index.php\/sello-hecho-en-mexico-regresa\/","url":"https:\/\/blogs.uninter.edu.mx\/ESCAT\/index.php\/sello-hecho-en-mexico-regresa\/","name":"Sello 'Hecho En M\u00e9xico' Regresa en 2025 #ESCAT #UNINTER","isPartOf":{"@id":"https:\/\/blogs.uninter.edu.mx\/ESCAT\/#website"},"primaryImageOfPage":{"@id":"https:\/\/blogs.uninter.edu.mx\/ESCAT\/index.php\/sello-hecho-en-mexico-regresa\/#primaryimage"},"image":{"@id":"https:\/\/blogs.uninter.edu.mx\/ESCAT\/index.php\/sello-hecho-en-mexico-regresa\/#primaryimage"},"thumbnailUrl":"https:\/\/blogs.uninter.edu.mx\/ESCAT\/wp-content\/uploads\/2025\/02\/image-35.png","datePublished":"2025-04-07T13:00:00+00:00","author":{"@id":"https:\/\/blogs.uninter.edu.mx\/ESCAT\/#\/schema\/person\/d8791b199ecf754edfe84945f8b8abe0"},"description":"Sello 'Hecho En M\u00e9xico' Regresa. La Secretar\u00eda de Econom\u00eda anunci\u00f3 el regreso de \"Hecho en M\u00e9xico\" este 2025, logo que ha dado fuerza","breadcrumb":{"@id":"https:\/\/blogs.uninter.edu.mx\/ESCAT\/index.php\/sello-hecho-en-mexico-regresa\/#breadcrumb"},"inLanguage":"es","potentialAction":[{"@type":"ReadAction","target":["https:\/\/blogs.uninter.edu.mx\/ESCAT\/index.php\/sello-hecho-en-mexico-regresa\/"]}]},{"@type":"ImageObject","inLanguage":"es","@id":"https:\/\/blogs.uninter.edu.mx\/ESCAT\/index.php\/sello-hecho-en-mexico-regresa\/#primaryimage","url":"https:\/\/blogs.uninter.edu.mx\/ESCAT\/wp-content\/uploads\/2025\/02\/image-35.png","contentUrl":"https:\/\/blogs.uninter.edu.mx\/ESCAT\/wp-content\/uploads\/2025\/02\/image-35.png","width":1200,"height":800},{"@type":"BreadcrumbList","@id":"https:\/\/blogs.uninter.edu.mx\/ESCAT\/index.php\/sello-hecho-en-mexico-regresa\/#breadcrumb","itemListElement":[{"@type":"ListItem","position":1,"name":"Inicio","item":"https:\/\/blogs.uninter.edu.mx\/ESCAT\/"},{"@type":"ListItem","position":2,"name":"Sello &#8216;Hecho En M\u00e9xico&#8217; Regresa: Dise\u00f1o y Lanzamiento en 2025 #ESCAT #UNINTER"}]},{"@type":"WebSite","@id":"https:\/\/blogs.uninter.edu.mx\/ESCAT\/#website","url":"https:\/\/blogs.uninter.edu.mx\/ESCAT\/","name":"Escuela de Ciencias, Artes y Tecnolog\u00eda UNINTER","description":"ESCAT","potentialAction":[{"@type":"SearchAction","target":{"@type":"EntryPoint","urlTemplate":"https:\/\/blogs.uninter.edu.mx\/ESCAT\/?s={search_term_string}"},"query-input":{"@type":"PropertyValueSpecification","valueRequired":true,"valueName":"search_term_string"}}],"inLanguage":"es"},{"@type":"Person","@id":"https:\/\/blogs.uninter.edu.mx\/ESCAT\/#\/schema\/person\/d8791b199ecf754edfe84945f8b8abe0","name":"Gabriela Vel\u00e1zquez D\u00edaz","image":{"@type":"ImageObject","inLanguage":"es","@id":"https:\/\/blogs.uninter.edu.mx\/ESCAT\/#\/schema\/person\/image\/","url":"https:\/\/secure.gravatar.com\/avatar\/d9d89cea371d594e3d5f57d331d13b5f96f09500f66a995717b4a6ef5c1a0184?s=96&d=mm&r=g","contentUrl":"https:\/\/secure.gravatar.com\/avatar\/d9d89cea371d594e3d5f57d331d13b5f96f09500f66a995717b4a6ef5c1a0184?s=96&d=mm&r=g","caption":"Gabriela Vel\u00e1zquez D\u00edaz"},"url":"https:\/\/blogs.uninter.edu.mx\/ESCAT\/index.php\/author\/gvelazquez\/"}]}},"jetpack_publicize_connections":[],"jetpack_featured_media_url":"https:\/\/blogs.uninter.edu.mx\/ESCAT\/wp-content\/uploads\/2025\/02\/image-35.png","jetpack_sharing_enabled":true,"_links":{"self":[{"href":"https:\/\/blogs.uninter.edu.mx\/ESCAT\/index.php\/wp-json\/wp\/v2\/posts\/71916","targetHints":{"allow":["GET"]}}],"collection":[{"href":"https:\/\/blogs.uninter.edu.mx\/ESCAT\/index.php\/wp-json\/wp\/v2\/posts"}],"about":[{"href":"https:\/\/blogs.uninter.edu.mx\/ESCAT\/index.php\/wp-json\/wp\/v2\/types\/post"}],"author":[{"embeddable":true,"href":"https:\/\/blogs.uninter.edu.mx\/ESCAT\/index.php\/wp-json\/wp\/v2\/users\/43"}],"replies":[{"embeddable":true,"href":"https:\/\/blogs.uninter.edu.mx\/ESCAT\/index.php\/wp-json\/wp\/v2\/comments?post=71916"}],"version-history":[{"count":6,"href":"https:\/\/blogs.uninter.edu.mx\/ESCAT\/index.php\/wp-json\/wp\/v2\/posts\/71916\/revisions"}],"predecessor-version":[{"id":73150,"href":"https:\/\/blogs.uninter.edu.mx\/ESCAT\/index.php\/wp-json\/wp\/v2\/posts\/71916\/revisions\/73150"}],"wp:featuredmedia":[{"embeddable":true,"href":"https:\/\/blogs.uninter.edu.mx\/ESCAT\/index.php\/wp-json\/wp\/v2\/media\/71924"}],"wp:attachment":[{"href":"https:\/\/blogs.uninter.edu.mx\/ESCAT\/index.php\/wp-json\/wp\/v2\/media?parent=71916"}],"wp:term":[{"taxonomy":"category","embeddable":true,"href":"https:\/\/blogs.uninter.edu.mx\/ESCAT\/index.php\/wp-json\/wp\/v2\/categories?post=71916"},{"taxonomy":"post_tag","embeddable":true,"href":"https:\/\/blogs.uninter.edu.mx\/ESCAT\/index.php\/wp-json\/wp\/v2\/tags?post=71916"}],"curies":[{"name":"wp","href":"https:\/\/api.w.org\/{rel}","templated":true}]}}