{"id":72443,"date":"2025-05-09T10:00:00","date_gmt":"2025-05-09T15:00:00","guid":{"rendered":"https:\/\/blogs.uninter.edu.mx\/ESCAT\/?p=72443"},"modified":"2025-05-09T17:11:42","modified_gmt":"2025-05-09T22:11:42","slug":"el-pacifico-mexicano-se-refleja-en-esta-coleccion","status":"publish","type":"post","link":"https:\/\/blogs.uninter.edu.mx\/ESCAT\/index.php\/el-pacifico-mexicano-se-refleja-en-esta-coleccion\/","title":{"rendered":"El Pac\u00edfico Mexicano se Refleja en Esta Colecci\u00f3n #ESCAT #Uninter #ModaMexicana"},"content":{"rendered":"<div class=\"wp-block-image\">\n<figure class=\"aligncenter size-full is-resized\"><a href=\"https:\/\/www.facebook.com\/EscatUninter?locale=es_LA\"><img loading=\"lazy\" decoding=\"async\" src=\"https:\/\/blogs.uninter.edu.mx\/ESCAT\/wp-content\/uploads\/2025\/02\/image-211.png\" alt=\"\" class=\"wp-image-72446\" width=\"194\" height=\"194\"\/><\/a><\/figure>\n<\/div>\n\n\n<p>El Pac\u00edfico Mexicano se Refleja en Esta Colecci\u00f3n: Ali Flores y V Olmos presentaron su colecci\u00f3n primavera verano 2025.<\/p>\n\n\n\n<!--more-->\n\n\n\n<figure class=\"wp-block-image size-full is-resized\"><img loading=\"lazy\" decoding=\"async\" src=\"https:\/\/blogs.uninter.edu.mx\/ESCAT\/wp-content\/uploads\/2025\/02\/image-212.png\" alt=\"\" class=\"wp-image-72447\" width=\"836\" height=\"558\"\/><\/figure>\n\n\n\n<p>Ali Flores y Victor Olmos presentaron su colecci\u00f3n primavera verano 2025. La dupla creativa, fundadores de Olmos y Flores, nombraron a la colecci\u00f3n Arrecife, y, como lo sugiere su nombre, est\u00e1 inspirada en la vida en la playa y la profundidad del oc\u00e9ano.<\/p>\n\n\n\n<p>Las playas de Puerto Vallarta, Jalisco se convirtieron en la base del concepto de la colecci\u00f3n de la marca jalisciense. Aunque la esencia artesanal y la creatividad mexicana siempre han sido pilar de sus colecciones, en esta ocasi\u00f3n los dise\u00f1adores llevaron esta inspiraci\u00f3n un paso m\u00e1s adelante, creando piezas con iconograf\u00eda, figuras y hasta personajes que son fieles a estas playas, de una manera muy clara.<\/p>\n\n\n\n<figure class=\"wp-block-image size-full\"><img loading=\"lazy\" decoding=\"async\" width=\"582\" height=\"811\" src=\"https:\/\/blogs.uninter.edu.mx\/ESCAT\/wp-content\/uploads\/2025\/02\/image-213.png\" alt=\"\" class=\"wp-image-72457\"\/><\/figure>\n\n\n\n<p>Como principal elemento, crearon un par de protagonistas que acompa\u00f1an a quien porta las prendas. Se trata de un caballito de mar y un ni\u00f1o. Estos personajes se basan en la escultura de \u201cEl Ni\u00f1o sobre el Caballo de Mar\u201d (1976) creada por el artista Rafael Zamarripa Casta\u00f1eda y que se encuentra en el malec\u00f3n de Puerto Vallarta. Los personajes representan la emoci\u00f3n de regresar siempre al lugar donde encontramos el amor o la felicidad.<\/p>\n\n\n\n<figure class=\"wp-block-image size-full\"><img loading=\"lazy\" decoding=\"async\" width=\"582\" height=\"776\" src=\"https:\/\/blogs.uninter.edu.mx\/ESCAT\/wp-content\/uploads\/2025\/02\/image-214.png\" alt=\"\" class=\"wp-image-72458\"\/><\/figure>\n\n\n\n<p>Arrecife se compone de 30 looks en donde se evidencia la belleza de Puerto Vallarta en su arquitectura, sus costas, su ecosistema mar\u00edtimo, su cultura y la vida en sus playas. Para la colecci\u00f3n Spring-Summer la marca experiment\u00f3 con nuevos materiales y t\u00e9cnicas, como impresiones 3D, metalizados, vaciados escult\u00f3ricos, bordados en mezclilla y malla, cer\u00e1mica y tejidos naturales. Entre los estampados y las aplicaciones destacan corales, conchas y otros elementos mar\u00edtimos.<\/p>\n\n\n\n<figure class=\"wp-block-image size-full\"><img loading=\"lazy\" decoding=\"async\" width=\"582\" height=\"780\" src=\"https:\/\/blogs.uninter.edu.mx\/ESCAT\/wp-content\/uploads\/2025\/02\/image-215.png\" alt=\"\" class=\"wp-image-72459\"\/><\/figure>\n\n\n\n<p>Adem\u00e1s, las prendas cuentan con una mezcla de im\u00e1genes deconstruidas y s\u00edmbolos en transparencias. Estas figuras buscan representar una radiograf\u00eda hacia el interior de la mente. Adem\u00e1s de ser un viaje al Pac\u00edfico mexicano, la dupla invita a las personas a hacer un viaje al interior de s\u00ed mismos.<\/p>\n\n\n\n<h6 class=\"wp-block-heading\">Fuente: <a href=\"https:\/\/fashionunited.mx\/noticias\/moda\/el-pacifico-mexicano-se-refleja-en-esta-coleccion\/2024100638342\">fashionunited<\/a><\/h6>\n\n\n\n<p class=\"has-text-align-right\"><a href=\"https:\/\/universidad.uninter.edu.mx\/carreras\/LDM\">Licenciatura en Dise\u00f1o de Modas y Tendencias Internacionales<\/a><\/p>\n\n\n\n<p class=\"has-text-align-right\"><a href=\"https:\/\/blogs.uninter.edu.mx\/ESCAT\/index.php\/category\/diseno-de-modas-y-tendencias-internacionales\/\">M\u00e1s noticias sobre Dise\u00f1o de Modas y Tendencias Internacionales\u2026<\/a><\/p>\n\n\n\n<figure class=\"wp-block-image size-full\"><a href=\"https:\/\/uninter.edu.mx\/\"><img loading=\"lazy\" decoding=\"async\" width=\"756\" height=\"123\" src=\"https:\/\/blogs.uninter.edu.mx\/ESCAT\/wp-content\/uploads\/2025\/02\/image-216.png\" alt=\"\" class=\"wp-image-72462\"\/><\/a><\/figure>\n","protected":false},"excerpt":{"rendered":"<p>El Pac\u00edfico Mexicano se Refleja en Esta Colecci\u00f3n: Ali Flores y V Olmos presentaron su colecci\u00f3n primavera verano 2025.<\/p>\n","protected":false},"author":22,"featured_media":72464,"comment_status":"open","ping_status":"open","sticky":false,"template":"","format":"standard","meta":{"_jetpack_memberships_contains_paid_content":false,"footnotes":"","jetpack_publicize_message":"","jetpack_publicize_feature_enabled":true,"jetpack_social_post_already_shared":true,"jetpack_social_options":{"image_generator_settings":{"template":"highway","default_image_id":0,"font":"","enabled":false},"version":2}},"categories":[7,10],"tags":[44,45,47,61,32,4053,124,31,37],"class_list":["post-72443","post","type-post","status-publish","format-standard","has-post-thumbnail","hentry","category-diseno-de-modas-y-tendencias-internacionales","category-disenos","tag-escat-2","tag-uninter-2","tag-universidad-internacional-2","tag-diseno","tag-escat","tag-licenciaturas-2","tag-moda","tag-uninter","tag-universidad-internacional"],"yoast_head":"<!-- This site is optimized with the Yoast SEO plugin v26.8 - https:\/\/yoast.com\/product\/yoast-seo-wordpress\/ -->\r\n<title>El Pac\u00edfico Mexicano se Refleja en Esta Colecci\u00f3n #ESCAT #UNINTER<\/title>\r\n<meta name=\"description\" content=\"El Pac\u00edfico Mexicano se Refleja en Esta Colecci\u00f3n\" \/>\r\n<meta name=\"robots\" content=\"index, follow, max-snippet:-1, max-image-preview:large, max-video-preview:-1\" \/>\r\n<link rel=\"canonical\" href=\"https:\/\/blogs.uninter.edu.mx\/ESCAT\/index.php\/el-pacifico-mexicano-se-refleja-en-esta-coleccion\/\" \/>\r\n<meta property=\"og:locale\" content=\"es_MX\" \/>\r\n<meta property=\"og:type\" content=\"article\" \/>\r\n<meta property=\"og:title\" content=\"El Pac\u00edfico Mexicano se Refleja en Esta Colecci\u00f3n #ESCAT #UNINTER\" \/>\r\n<meta property=\"og:description\" content=\"El Pac\u00edfico Mexicano se Refleja en Esta Colecci\u00f3n\" \/>\r\n<meta property=\"og:url\" content=\"https:\/\/blogs.uninter.edu.mx\/ESCAT\/index.php\/el-pacifico-mexicano-se-refleja-en-esta-coleccion\/\" \/>\r\n<meta property=\"og:site_name\" content=\"Escuela de Ciencias, Artes y Tecnolog\u00eda\" \/>\r\n<meta property=\"article:publisher\" content=\"https:\/\/www.facebook.com\/EscatUninter\/\" \/>\r\n<meta property=\"article:published_time\" content=\"2025-05-09T15:00:00+00:00\" \/>\r\n<meta property=\"article:modified_time\" content=\"2025-05-09T22:11:42+00:00\" \/>\r\n<meta property=\"og:image\" content=\"https:\/\/blogs.uninter.edu.mx\/ESCAT\/wp-content\/uploads\/2025\/02\/image-217.png\" \/>\r\n\t<meta property=\"og:image:width\" content=\"1200\" \/>\r\n\t<meta property=\"og:image:height\" content=\"800\" \/>\r\n\t<meta property=\"og:image:type\" content=\"image\/png\" \/>\r\n<meta name=\"author\" content=\"EquipoEscat\" \/>\r\n<meta name=\"twitter:card\" content=\"summary_large_image\" \/>\r\n<meta name=\"twitter:image\" content=\"https:\/\/blogs.uninter.edu.mx\/ESCAT\/wp-content\/uploads\/2025\/02\/image-217.png\" \/>\r\n<meta name=\"twitter:creator\" content=\"@EscatUninter\" \/>\r\n<meta name=\"twitter:site\" content=\"@EscatUninter\" \/>\r\n<meta name=\"twitter:label1\" content=\"Escrito por\" \/>\n\t<meta name=\"twitter:data1\" content=\"EquipoEscat\" \/>\n\t<meta name=\"twitter:label2\" content=\"Tiempo de lectura\" \/>\n\t<meta name=\"twitter:data2\" content=\"3 minutos\" \/>\r\n<script type=\"application\/ld+json\" class=\"yoast-schema-graph\">{\"@context\":\"https:\/\/schema.org\",\"@graph\":[{\"@type\":\"Article\",\"@id\":\"https:\/\/blogs.uninter.edu.mx\/ESCAT\/index.php\/el-pacifico-mexicano-se-refleja-en-esta-coleccion\/#article\",\"isPartOf\":{\"@id\":\"https:\/\/blogs.uninter.edu.mx\/ESCAT\/index.php\/el-pacifico-mexicano-se-refleja-en-esta-coleccion\/\"},\"author\":{\"name\":\"EquipoEscat\",\"@id\":\"https:\/\/blogs.uninter.edu.mx\/ESCAT\/#\/schema\/person\/df7b8f33d62433cb78a2104bda02490d\"},\"headline\":\"El Pac\u00edfico Mexicano se Refleja en Esta Colecci\u00f3n #ESCAT #Uninter #ModaMexicana\",\"datePublished\":\"2025-05-09T15:00:00+00:00\",\"dateModified\":\"2025-05-09T22:11:42+00:00\",\"mainEntityOfPage\":{\"@id\":\"https:\/\/blogs.uninter.edu.mx\/ESCAT\/index.php\/el-pacifico-mexicano-se-refleja-en-esta-coleccion\/\"},\"wordCount\":384,\"commentCount\":0,\"image\":{\"@id\":\"https:\/\/blogs.uninter.edu.mx\/ESCAT\/index.php\/el-pacifico-mexicano-se-refleja-en-esta-coleccion\/#primaryimage\"},\"thumbnailUrl\":\"https:\/\/blogs.uninter.edu.mx\/ESCAT\/wp-content\/uploads\/2025\/02\/image-217.png\",\"keywords\":[\"#ESCAT\",\"#Uninter\",\"#Universidad Internacional\",\"Dise\u00f1o\",\"ESCAT\",\"Licenciaturas\",\"moda\",\"Uninter\",\"Universidad Internacional\"],\"articleSection\":[\"Dise\u00f1o de Modas y Tendencias Internacionales\",\"Dise\u00f1os\"],\"inLanguage\":\"es\",\"potentialAction\":[{\"@type\":\"CommentAction\",\"name\":\"Comment\",\"target\":[\"https:\/\/blogs.uninter.edu.mx\/ESCAT\/index.php\/el-pacifico-mexicano-se-refleja-en-esta-coleccion\/#respond\"]}]},{\"@type\":\"WebPage\",\"@id\":\"https:\/\/blogs.uninter.edu.mx\/ESCAT\/index.php\/el-pacifico-mexicano-se-refleja-en-esta-coleccion\/\",\"url\":\"https:\/\/blogs.uninter.edu.mx\/ESCAT\/index.php\/el-pacifico-mexicano-se-refleja-en-esta-coleccion\/\",\"name\":\"El Pac\u00edfico Mexicano se Refleja en Esta Colecci\u00f3n #ESCAT #UNINTER\",\"isPartOf\":{\"@id\":\"https:\/\/blogs.uninter.edu.mx\/ESCAT\/#website\"},\"primaryImageOfPage\":{\"@id\":\"https:\/\/blogs.uninter.edu.mx\/ESCAT\/index.php\/el-pacifico-mexicano-se-refleja-en-esta-coleccion\/#primaryimage\"},\"image\":{\"@id\":\"https:\/\/blogs.uninter.edu.mx\/ESCAT\/index.php\/el-pacifico-mexicano-se-refleja-en-esta-coleccion\/#primaryimage\"},\"thumbnailUrl\":\"https:\/\/blogs.uninter.edu.mx\/ESCAT\/wp-content\/uploads\/2025\/02\/image-217.png\",\"datePublished\":\"2025-05-09T15:00:00+00:00\",\"dateModified\":\"2025-05-09T22:11:42+00:00\",\"author\":{\"@id\":\"https:\/\/blogs.uninter.edu.mx\/ESCAT\/#\/schema\/person\/df7b8f33d62433cb78a2104bda02490d\"},\"description\":\"El Pac\u00edfico Mexicano se Refleja en Esta Colecci\u00f3n\",\"breadcrumb\":{\"@id\":\"https:\/\/blogs.uninter.edu.mx\/ESCAT\/index.php\/el-pacifico-mexicano-se-refleja-en-esta-coleccion\/#breadcrumb\"},\"inLanguage\":\"es\",\"potentialAction\":[{\"@type\":\"ReadAction\",\"target\":[\"https:\/\/blogs.uninter.edu.mx\/ESCAT\/index.php\/el-pacifico-mexicano-se-refleja-en-esta-coleccion\/\"]}]},{\"@type\":\"ImageObject\",\"inLanguage\":\"es\",\"@id\":\"https:\/\/blogs.uninter.edu.mx\/ESCAT\/index.php\/el-pacifico-mexicano-se-refleja-en-esta-coleccion\/#primaryimage\",\"url\":\"https:\/\/blogs.uninter.edu.mx\/ESCAT\/wp-content\/uploads\/2025\/02\/image-217.png\",\"contentUrl\":\"https:\/\/blogs.uninter.edu.mx\/ESCAT\/wp-content\/uploads\/2025\/02\/image-217.png\",\"width\":1200,\"height\":800},{\"@type\":\"BreadcrumbList\",\"@id\":\"https:\/\/blogs.uninter.edu.mx\/ESCAT\/index.php\/el-pacifico-mexicano-se-refleja-en-esta-coleccion\/#breadcrumb\",\"itemListElement\":[{\"@type\":\"ListItem\",\"position\":1,\"name\":\"Inicio\",\"item\":\"https:\/\/blogs.uninter.edu.mx\/ESCAT\/\"},{\"@type\":\"ListItem\",\"position\":2,\"name\":\"El Pac\u00edfico Mexicano se Refleja en Esta Colecci\u00f3n #ESCAT #Uninter #ModaMexicana\"}]},{\"@type\":\"WebSite\",\"@id\":\"https:\/\/blogs.uninter.edu.mx\/ESCAT\/#website\",\"url\":\"https:\/\/blogs.uninter.edu.mx\/ESCAT\/\",\"name\":\"Escuela de Ciencias, Artes y Tecnolog\u00eda UNINTER\",\"description\":\"ESCAT\",\"potentialAction\":[{\"@type\":\"SearchAction\",\"target\":{\"@type\":\"EntryPoint\",\"urlTemplate\":\"https:\/\/blogs.uninter.edu.mx\/ESCAT\/?s={search_term_string}\"},\"query-input\":{\"@type\":\"PropertyValueSpecification\",\"valueRequired\":true,\"valueName\":\"search_term_string\"}}],\"inLanguage\":\"es\"},{\"@type\":\"Person\",\"@id\":\"https:\/\/blogs.uninter.edu.mx\/ESCAT\/#\/schema\/person\/df7b8f33d62433cb78a2104bda02490d\",\"name\":\"EquipoEscat\",\"image\":{\"@type\":\"ImageObject\",\"inLanguage\":\"es\",\"@id\":\"https:\/\/blogs.uninter.edu.mx\/ESCAT\/#\/schema\/person\/image\/\",\"url\":\"https:\/\/secure.gravatar.com\/avatar\/d943e53cecc7e9e13c011abf6ec7475809c7d278834bde994b19ecd58034a9ff?s=96&d=mm&r=g\",\"contentUrl\":\"https:\/\/secure.gravatar.com\/avatar\/d943e53cecc7e9e13c011abf6ec7475809c7d278834bde994b19ecd58034a9ff?s=96&d=mm&r=g\",\"caption\":\"EquipoEscat\"},\"url\":\"https:\/\/blogs.uninter.edu.mx\/ESCAT\/index.php\/author\/equipoescat\/\"}]}<\/script>\r\n<!-- \/ Yoast SEO plugin. -->","yoast_head_json":{"title":"El Pac\u00edfico Mexicano se Refleja en Esta Colecci\u00f3n #ESCAT #UNINTER","description":"El Pac\u00edfico Mexicano se Refleja en Esta Colecci\u00f3n","robots":{"index":"index","follow":"follow","max-snippet":"max-snippet:-1","max-image-preview":"max-image-preview:large","max-video-preview":"max-video-preview:-1"},"canonical":"https:\/\/blogs.uninter.edu.mx\/ESCAT\/index.php\/el-pacifico-mexicano-se-refleja-en-esta-coleccion\/","og_locale":"es_MX","og_type":"article","og_title":"El Pac\u00edfico Mexicano se Refleja en Esta Colecci\u00f3n #ESCAT #UNINTER","og_description":"El Pac\u00edfico Mexicano se Refleja en Esta Colecci\u00f3n","og_url":"https:\/\/blogs.uninter.edu.mx\/ESCAT\/index.php\/el-pacifico-mexicano-se-refleja-en-esta-coleccion\/","og_site_name":"Escuela de Ciencias, Artes y Tecnolog\u00eda","article_publisher":"https:\/\/www.facebook.com\/EscatUninter\/","article_published_time":"2025-05-09T15:00:00+00:00","article_modified_time":"2025-05-09T22:11:42+00:00","og_image":[{"width":1200,"height":800,"url":"https:\/\/blogs.uninter.edu.mx\/ESCAT\/wp-content\/uploads\/2025\/02\/image-217.png","type":"image\/png"}],"author":"EquipoEscat","twitter_card":"summary_large_image","twitter_image":"https:\/\/blogs.uninter.edu.mx\/ESCAT\/wp-content\/uploads\/2025\/02\/image-217.png","twitter_creator":"@EscatUninter","twitter_site":"@EscatUninter","twitter_misc":{"Escrito por":"EquipoEscat","Tiempo de lectura":"3 minutos"},"schema":{"@context":"https:\/\/schema.org","@graph":[{"@type":"Article","@id":"https:\/\/blogs.uninter.edu.mx\/ESCAT\/index.php\/el-pacifico-mexicano-se-refleja-en-esta-coleccion\/#article","isPartOf":{"@id":"https:\/\/blogs.uninter.edu.mx\/ESCAT\/index.php\/el-pacifico-mexicano-se-refleja-en-esta-coleccion\/"},"author":{"name":"EquipoEscat","@id":"https:\/\/blogs.uninter.edu.mx\/ESCAT\/#\/schema\/person\/df7b8f33d62433cb78a2104bda02490d"},"headline":"El Pac\u00edfico Mexicano se Refleja en Esta Colecci\u00f3n #ESCAT #Uninter #ModaMexicana","datePublished":"2025-05-09T15:00:00+00:00","dateModified":"2025-05-09T22:11:42+00:00","mainEntityOfPage":{"@id":"https:\/\/blogs.uninter.edu.mx\/ESCAT\/index.php\/el-pacifico-mexicano-se-refleja-en-esta-coleccion\/"},"wordCount":384,"commentCount":0,"image":{"@id":"https:\/\/blogs.uninter.edu.mx\/ESCAT\/index.php\/el-pacifico-mexicano-se-refleja-en-esta-coleccion\/#primaryimage"},"thumbnailUrl":"https:\/\/blogs.uninter.edu.mx\/ESCAT\/wp-content\/uploads\/2025\/02\/image-217.png","keywords":["#ESCAT","#Uninter","#Universidad Internacional","Dise\u00f1o","ESCAT","Licenciaturas","moda","Uninter","Universidad Internacional"],"articleSection":["Dise\u00f1o de Modas y Tendencias Internacionales","Dise\u00f1os"],"inLanguage":"es","potentialAction":[{"@type":"CommentAction","name":"Comment","target":["https:\/\/blogs.uninter.edu.mx\/ESCAT\/index.php\/el-pacifico-mexicano-se-refleja-en-esta-coleccion\/#respond"]}]},{"@type":"WebPage","@id":"https:\/\/blogs.uninter.edu.mx\/ESCAT\/index.php\/el-pacifico-mexicano-se-refleja-en-esta-coleccion\/","url":"https:\/\/blogs.uninter.edu.mx\/ESCAT\/index.php\/el-pacifico-mexicano-se-refleja-en-esta-coleccion\/","name":"El Pac\u00edfico Mexicano se Refleja en Esta Colecci\u00f3n #ESCAT #UNINTER","isPartOf":{"@id":"https:\/\/blogs.uninter.edu.mx\/ESCAT\/#website"},"primaryImageOfPage":{"@id":"https:\/\/blogs.uninter.edu.mx\/ESCAT\/index.php\/el-pacifico-mexicano-se-refleja-en-esta-coleccion\/#primaryimage"},"image":{"@id":"https:\/\/blogs.uninter.edu.mx\/ESCAT\/index.php\/el-pacifico-mexicano-se-refleja-en-esta-coleccion\/#primaryimage"},"thumbnailUrl":"https:\/\/blogs.uninter.edu.mx\/ESCAT\/wp-content\/uploads\/2025\/02\/image-217.png","datePublished":"2025-05-09T15:00:00+00:00","dateModified":"2025-05-09T22:11:42+00:00","author":{"@id":"https:\/\/blogs.uninter.edu.mx\/ESCAT\/#\/schema\/person\/df7b8f33d62433cb78a2104bda02490d"},"description":"El Pac\u00edfico Mexicano se Refleja en Esta Colecci\u00f3n","breadcrumb":{"@id":"https:\/\/blogs.uninter.edu.mx\/ESCAT\/index.php\/el-pacifico-mexicano-se-refleja-en-esta-coleccion\/#breadcrumb"},"inLanguage":"es","potentialAction":[{"@type":"ReadAction","target":["https:\/\/blogs.uninter.edu.mx\/ESCAT\/index.php\/el-pacifico-mexicano-se-refleja-en-esta-coleccion\/"]}]},{"@type":"ImageObject","inLanguage":"es","@id":"https:\/\/blogs.uninter.edu.mx\/ESCAT\/index.php\/el-pacifico-mexicano-se-refleja-en-esta-coleccion\/#primaryimage","url":"https:\/\/blogs.uninter.edu.mx\/ESCAT\/wp-content\/uploads\/2025\/02\/image-217.png","contentUrl":"https:\/\/blogs.uninter.edu.mx\/ESCAT\/wp-content\/uploads\/2025\/02\/image-217.png","width":1200,"height":800},{"@type":"BreadcrumbList","@id":"https:\/\/blogs.uninter.edu.mx\/ESCAT\/index.php\/el-pacifico-mexicano-se-refleja-en-esta-coleccion\/#breadcrumb","itemListElement":[{"@type":"ListItem","position":1,"name":"Inicio","item":"https:\/\/blogs.uninter.edu.mx\/ESCAT\/"},{"@type":"ListItem","position":2,"name":"El Pac\u00edfico Mexicano se Refleja en Esta Colecci\u00f3n #ESCAT #Uninter #ModaMexicana"}]},{"@type":"WebSite","@id":"https:\/\/blogs.uninter.edu.mx\/ESCAT\/#website","url":"https:\/\/blogs.uninter.edu.mx\/ESCAT\/","name":"Escuela de Ciencias, Artes y Tecnolog\u00eda UNINTER","description":"ESCAT","potentialAction":[{"@type":"SearchAction","target":{"@type":"EntryPoint","urlTemplate":"https:\/\/blogs.uninter.edu.mx\/ESCAT\/?s={search_term_string}"},"query-input":{"@type":"PropertyValueSpecification","valueRequired":true,"valueName":"search_term_string"}}],"inLanguage":"es"},{"@type":"Person","@id":"https:\/\/blogs.uninter.edu.mx\/ESCAT\/#\/schema\/person\/df7b8f33d62433cb78a2104bda02490d","name":"EquipoEscat","image":{"@type":"ImageObject","inLanguage":"es","@id":"https:\/\/blogs.uninter.edu.mx\/ESCAT\/#\/schema\/person\/image\/","url":"https:\/\/secure.gravatar.com\/avatar\/d943e53cecc7e9e13c011abf6ec7475809c7d278834bde994b19ecd58034a9ff?s=96&d=mm&r=g","contentUrl":"https:\/\/secure.gravatar.com\/avatar\/d943e53cecc7e9e13c011abf6ec7475809c7d278834bde994b19ecd58034a9ff?s=96&d=mm&r=g","caption":"EquipoEscat"},"url":"https:\/\/blogs.uninter.edu.mx\/ESCAT\/index.php\/author\/equipoescat\/"}]}},"jetpack_publicize_connections":[],"jetpack_featured_media_url":"https:\/\/blogs.uninter.edu.mx\/ESCAT\/wp-content\/uploads\/2025\/02\/image-217.png","jetpack_sharing_enabled":true,"_links":{"self":[{"href":"https:\/\/blogs.uninter.edu.mx\/ESCAT\/index.php\/wp-json\/wp\/v2\/posts\/72443","targetHints":{"allow":["GET"]}}],"collection":[{"href":"https:\/\/blogs.uninter.edu.mx\/ESCAT\/index.php\/wp-json\/wp\/v2\/posts"}],"about":[{"href":"https:\/\/blogs.uninter.edu.mx\/ESCAT\/index.php\/wp-json\/wp\/v2\/types\/post"}],"author":[{"embeddable":true,"href":"https:\/\/blogs.uninter.edu.mx\/ESCAT\/index.php\/wp-json\/wp\/v2\/users\/22"}],"replies":[{"embeddable":true,"href":"https:\/\/blogs.uninter.edu.mx\/ESCAT\/index.php\/wp-json\/wp\/v2\/comments?post=72443"}],"version-history":[{"count":3,"href":"https:\/\/blogs.uninter.edu.mx\/ESCAT\/index.php\/wp-json\/wp\/v2\/posts\/72443\/revisions"}],"predecessor-version":[{"id":72487,"href":"https:\/\/blogs.uninter.edu.mx\/ESCAT\/index.php\/wp-json\/wp\/v2\/posts\/72443\/revisions\/72487"}],"wp:featuredmedia":[{"embeddable":true,"href":"https:\/\/blogs.uninter.edu.mx\/ESCAT\/index.php\/wp-json\/wp\/v2\/media\/72464"}],"wp:attachment":[{"href":"https:\/\/blogs.uninter.edu.mx\/ESCAT\/index.php\/wp-json\/wp\/v2\/media?parent=72443"}],"wp:term":[{"taxonomy":"category","embeddable":true,"href":"https:\/\/blogs.uninter.edu.mx\/ESCAT\/index.php\/wp-json\/wp\/v2\/categories?post=72443"},{"taxonomy":"post_tag","embeddable":true,"href":"https:\/\/blogs.uninter.edu.mx\/ESCAT\/index.php\/wp-json\/wp\/v2\/tags?post=72443"}],"curies":[{"name":"wp","href":"https:\/\/api.w.org\/{rel}","templated":true}]}}