{"id":76663,"date":"2025-09-02T11:06:50","date_gmt":"2025-09-02T16:06:50","guid":{"rendered":"https:\/\/blogs.uninter.edu.mx\/ESCAT\/?p=76663"},"modified":"2025-09-04T17:27:49","modified_gmt":"2025-09-04T22:27:49","slug":"felices-cumpleanos-septiembre-2","status":"publish","type":"post","link":"https:\/\/blogs.uninter.edu.mx\/ESCAT\/index.php\/felices-cumpleanos-septiembre-2\/","title":{"rendered":"\u00a1FELIZ CUMPLEA\u00d1OS SEPTIEMBRE!\ud83c\udf89\ud83c\udf89\ud83c\udf82#ESCAT #Uninter #Festejo #LDM-LDI"},"content":{"rendered":"<div class=\"wp-block-image\">\n<figure class=\"aligncenter is-resized\"><a href=\"https:\/\/www.facebook.com\/EscatUninterhttps:\/\/www.facebook.com\/EscatUninterhttps:\/\/www.facebook.com\/EscatUninter\"><img loading=\"lazy\" decoding=\"async\" src=\"https:\/\/blogs.uninter.edu.mx\/ESCAT\/wp-content\/uploads\/2025\/07\/image-4.png\" alt=\"Esta imagen tiene un atributo ALT vac\u00edo; su nombre de archivo es image-4.png\" width=\"147\" height=\"167\"\/><\/a><\/figure>\n<\/div>\n\n\n<p><strong>\u00a1FELIZ CUMPLEA\u00d1OS SEPTIEMBRE! \u00a1Muchas felicidades a todos nuestros alumnos de Septiembre de la carrera de Dise\u00f1o de Modas y Dise\u00f1o Industrial <\/strong>\ud83c\udf81\ud83c\udf88<\/p>\n\n\n\n<!--more-->\n\n\n\n<p>La Escuela de Ciencias Artes y Tecnolog\u00eda (ESCAT) les desea \u00a1FELIZ CUMPLEA\u00d1OS EN SEPTIEMBRE! con mucho cari\u00f1o a los estudiantes de las licenciaturas en Dise\u00f1o de Modas y Dise\u00f1o Industrial que celebran su cumplea\u00f1os durante el mes de Septiembre. \ud83c\udf8a<\/p>\n\n\n\n<p>En esta ocasi\u00f3n especial, reconocemos su dedicaci\u00f3n, creatividad y esfuerzo diario, cualidades que enriquecen a nuestra comunidad acad\u00e9mica. Les deseamos un ciclo lleno de logros personales y profesionales, aprendizajes que impulsen su talento y metas cumplidas que inspiren su camino.<\/p>\n\n\n\n<p>\u00a1Que este nuevo a\u00f1o les traiga grandes experiencias, motivaci\u00f3n constante y mucha felicidad en cada paso que den!  \ud83c\udf1f<\/p>\n\n\n\n<p class=\"has-text-align-center\"><strong>\u00a1Much\u00edsimas felicidades!<\/strong><\/p>\n\n\n\n<figure class=\"wp-block-image size-full\"><img loading=\"lazy\" decoding=\"async\" width=\"1200\" height=\"800\" src=\"https:\/\/blogs.uninter.edu.mx\/ESCAT\/wp-content\/uploads\/2025\/09\/Cumpleanos-septiembre-ldm-ldi.png\" alt=\"\" class=\"wp-image-76681\"\/><\/figure>\n\n\n\n<p><\/p>\n\n\n\n<figure class=\"wp-block-image size-full\"><img loading=\"lazy\" decoding=\"async\" width=\"1200\" height=\"800\" src=\"https:\/\/blogs.uninter.edu.mx\/ESCAT\/wp-content\/uploads\/2025\/09\/Portada-cumpleanos-septiembre-ldi-ldm-1.png\" alt=\"\" class=\"wp-image-76684\"\/><\/figure>\n\n\n\n<h2 class=\"wp-block-heading has-text-align-center\">\ud83c\udf89<strong>CUMPLEA\u00d1EROS <\/strong>SEPTIEMBRE\ud83c\udf89<\/h2>\n\n\n\n<p>\ud83c\udf81<strong>FESTEJADOS LDM<\/strong><\/p>\n\n\n\n<ul class=\"wp-block-list\">\n<li><strong>10 Septiembre <\/strong>&#8211; <em>G\u00f3mez Garc\u00eda Zoe Paulina<\/em><\/li>\n\n\n\n<li><strong>24 Septiembre <\/strong>&#8211; <em>Parra Rodr\u00edguez Lessly Lizzeth<\/em><\/li>\n<\/ul>\n\n\n\n<p>\ud83c\udf81<strong>FESTEJADOS LDI<\/strong><\/p>\n\n\n\n<ul class=\"wp-block-list\">\n<li><strong>4 Septiembre <\/strong>&#8211; <em>Medina Eguiarte Ana Sof\u00eda<\/em><\/li>\n\n\n\n<li><strong>21 Septiembre <\/strong>&#8211; <em>Cuevas Liceaga Paola<\/em><\/li>\n\n\n\n<li><strong>27 Septiembre <\/strong>&#8211; <em>Flores Melendez Luis \u00c1ngel<\/em><\/li>\n<\/ul>\n\n\n\n<figure class=\"wp-block-image size-full\"><img loading=\"lazy\" decoding=\"async\" width=\"1200\" height=\"800\" src=\"https:\/\/blogs.uninter.edu.mx\/ESCAT\/wp-content\/uploads\/2025\/09\/fechas-septiembre-cumpleanos.png\" alt=\"\" class=\"wp-image-76685\"\/><\/figure>\n\n\n\n<p><strong>\u00bfQu\u00e9 se celebra en Septiembre 2025?<\/strong><\/p>\n\n\n\n<ul class=\"wp-block-list\">\n<li><strong>4 de septiembre<\/strong>: Inauguraci\u00f3n de la L\u00ednea 1 del Metro en la Ciudad de M\u00e9xico en 1969.<\/li>\n\n\n\n<li><strong>5 de septiembre<\/strong>: Se conmemora el <strong>D\u00eda Internacional de la Mujer Ind\u00edgena<\/strong>.<\/li>\n\n\n\n<li><strong>13 de septiembre<\/strong>: Se honra el sacrificio de los <strong>Ni\u00f1os H\u00e9roes de Chapultepec<\/strong>.<\/li>\n\n\n\n<li><strong>15 de septiembre<\/strong>: Noche del <strong>Grito de Independencia<\/strong>, cuando tambi\u00e9n se interpret\u00f3 por primera vez el Himno Nacional en 1854.<\/li>\n\n\n\n<li><strong>16 de septiembre<\/strong>: <strong>D\u00eda de la Independencia de M\u00e9xico<\/strong>, conmemorando el inicio de la guerra de independencia en 1810.<\/li>\n\n\n\n<li><strong>17 de septiembre<\/strong>: Inauguraci\u00f3n del <strong>Museo Nacional de Antropolog\u00eda<\/strong> en la Ciudad de M\u00e9xico.<\/li>\n\n\n\n<li><strong>19 de septiembre<\/strong>: Recordamos los devastadores <strong>sismos de 1985 y 2017<\/strong> en la CDMX, que marcaron la historia reciente del pa\u00eds y cuya tragedia dio origen al Sistema Nacional de Protecci\u00f3n Civil.<\/li>\n\n\n\n<li><strong>22 de septiembre<\/strong>: Se inaugura solemnemente la <strong>Universidad Nacional de M\u00e9xico (UNAM)<\/strong>.<\/li>\n\n\n\n<li><strong>29 de septiembre<\/strong>: Se celebra el <strong>D\u00eda Nacional del Ma\u00edz<\/strong>, s\u00edmbolo de identidad y riqueza cultural.<\/li>\n\n\n\n<li><strong>30 de septiembre<\/strong>: Fallecimiento del insurgente y h\u00e9roe <strong>Jos\u00e9 Mar\u00eda Morelos<\/strong>.<\/li>\n<\/ul>\n\n\n\n<p>\ud83d\udd0d<strong>Dato curioso: <\/strong><\/p>\n\n\n\n<p><strong>En los cielos nocturnos de septiembre puede observarse un fen\u00f3meno llamado \u201cluz zodiacal\u201d<\/strong>, tambi\u00e9n conocido como el \u201cfalso amanecer\u201d. Este resplandor en forma de pir\u00e1mide brillante aparece antes del amanecer en el este del hemisferio norte y despu\u00e9s del atardecer en el oeste del hemisferio sur \u2014pero solo en cielos muy oscuros, sin contaminaci\u00f3n lum\u00ednica ni luz de luna. Durante mucho tiempo se pens\u00f3 que era un fen\u00f3meno meteorol\u00f3gico, pero investigaciones posteriores, incluyendo datos de la sonda Juno, demostraron que en realidad se trata de luz solar reflejada en diminutas part\u00edculas de polvo en el espacio: muchas de ellas provenientes de Marte, el planeta m\u00e1s polvoriento del sistema solar. \ud83d\ude2e\ud83d\udcc5 <strong><em>Que este mes de Septiembre traiga crecimiento, inspiraci\u00f3n y momentos memorables para toda la comunidad ESCAT. \u2728<\/em><\/strong><\/p>\n\n\n\n<p>\u00a1FELIZ CUMPLEA\u00d1OS SEPTIEMBRE!<\/p>\n\n\n\n<p><sub><sup><strong>Fuente:<a href=\"https:\/\/www.thetimes.com\/comment\/register\/article\/zodiacal-light-weather-z9dlzkqj2?utm_source=chatgpt.com\"> The times<\/a><\/strong><\/sup><\/sub><\/p>\n\n\n\n<p class=\"has-text-align-right\"><a href=\"https:\/\/universidad.uninter.edu.mx\/carreras\/LDM\">Licenciatura en Dise\u00f1o de Modas y Tendencias Internacionales<\/a><\/p>\n\n\n\n<p class=\"has-text-align-right\"><a href=\"https:\/\/blogs.uninter.edu.mx\/ESCAT\/index.php\/category\/diseno-de-modas-y-tendencias-internacionales\/\">M\u00e1s noticias sobre Dise\u00f1o de Modas y Tendencias Internacionales<\/a><\/p>\n\n\n\n<figure class=\"wp-block-image size-full\"><a href=\"https:\/\/uninter.edu.mx\/\"><img loading=\"lazy\" decoding=\"async\" width=\"1024\" height=\"154\" src=\"https:\/\/blogs.uninter.edu.mx\/ESCAT\/wp-content\/uploads\/2025\/09\/image-2.png\" alt=\"\" class=\"wp-image-76686\"\/><\/a><\/figure>\n","protected":false},"excerpt":{"rendered":"<p>\u00a1FELIZ CUMPLEA\u00d1OS SEPTIEMBRE! \u00a1Muchas felicidades a todos nuestros alumnos de Septiembre de la carrera de Dise\u00f1o de Modas y Dise\u00f1o Industrial \ud83c\udf81\ud83c\udf88<\/p>\n","protected":false},"author":22,"featured_media":76684,"comment_status":"open","ping_status":"open","sticky":false,"template":"","format":"standard","meta":{"_jetpack_memberships_contains_paid_content":false,"footnotes":"","jetpack_publicize_message":"","jetpack_publicize_feature_enabled":true,"jetpack_social_post_already_shared":true,"jetpack_social_options":{"image_generator_settings":{"template":"highway","default_image_id":0,"font":"","enabled":false},"version":2}},"categories":[7,9,10,13,26],"tags":[336,416,44,5523,5583,2730,3375,45],"class_list":["post-76663","post","type-post","status-publish","format-standard","has-post-thumbnail","hentry","category-diseno-de-modas-y-tendencias-internacionales","category-diseno-industrial","category-disenos","category-eventos","category-noticias","tag-celebracion-2","tag-diseno-2","tag-escat-2","tag-festejo-2","tag-ldi-2","tag-ldm-2","tag-modas-2","tag-uninter-2"],"yoast_head":"<!-- This site is optimized with the Yoast SEO plugin v26.8 - https:\/\/yoast.com\/product\/yoast-seo-wordpress\/ -->\r\n<title>\u00a1FELIZ CUMPLEA\u00d1OS SEPTIEMBRE! #ESCAT #UNINTER<\/title>\r\n<meta name=\"description\" content=\"\u00a1FELIZ CUMPLEA\u00d1OS SEPTIEMBRE!\u00a1Muchas felicidades a todos nuestros alumnos de Septiembre de la carrera de Dise\u00f1o de Modas y Dise\u00f1o Industrial\" \/>\r\n<meta name=\"robots\" content=\"index, follow, max-snippet:-1, max-image-preview:large, max-video-preview:-1\" \/>\r\n<link rel=\"canonical\" href=\"https:\/\/blogs.uninter.edu.mx\/ESCAT\/index.php\/felices-cumpleanos-septiembre-2\/\" \/>\r\n<meta property=\"og:locale\" content=\"es_MX\" \/>\r\n<meta property=\"og:type\" content=\"article\" \/>\r\n<meta property=\"og:title\" content=\"\u00a1FELIZ CUMPLEA\u00d1OS SEPTIEMBRE! #ESCAT #UNINTER\" \/>\r\n<meta property=\"og:description\" content=\"\u00a1FELIZ CUMPLEA\u00d1OS SEPTIEMBRE!\u00a1Muchas felicidades a todos nuestros alumnos de Septiembre de la carrera de Dise\u00f1o de Modas y Dise\u00f1o Industrial\" \/>\r\n<meta property=\"og:url\" content=\"https:\/\/blogs.uninter.edu.mx\/ESCAT\/index.php\/felices-cumpleanos-septiembre-2\/\" \/>\r\n<meta property=\"og:site_name\" content=\"Escuela de Ciencias, Artes y Tecnolog\u00eda\" \/>\r\n<meta property=\"article:publisher\" content=\"https:\/\/www.facebook.com\/EscatUninter\/\" \/>\r\n<meta property=\"article:published_time\" content=\"2025-09-02T16:06:50+00:00\" \/>\r\n<meta property=\"article:modified_time\" content=\"2025-09-04T22:27:49+00:00\" \/>\r\n<meta property=\"og:image\" content=\"https:\/\/blogs.uninter.edu.mx\/ESCAT\/wp-content\/uploads\/2025\/09\/Portada-cumpleanos-septiembre-ldi-ldm-1.png\" \/>\r\n\t<meta property=\"og:image:width\" content=\"1200\" \/>\r\n\t<meta property=\"og:image:height\" content=\"800\" \/>\r\n\t<meta property=\"og:image:type\" content=\"image\/png\" \/>\r\n<meta name=\"author\" content=\"EquipoEscat\" \/>\r\n<meta name=\"twitter:card\" content=\"summary_large_image\" \/>\r\n<meta name=\"twitter:creator\" content=\"@EscatUninter\" \/>\r\n<meta name=\"twitter:site\" content=\"@EscatUninter\" \/>\r\n<meta name=\"twitter:label1\" content=\"Escrito por\" \/>\n\t<meta name=\"twitter:data1\" content=\"EquipoEscat\" \/>\n\t<meta name=\"twitter:label2\" content=\"Tiempo de lectura\" \/>\n\t<meta name=\"twitter:data2\" content=\"4 minutos\" \/>\r\n<script type=\"application\/ld+json\" class=\"yoast-schema-graph\">{\"@context\":\"https:\/\/schema.org\",\"@graph\":[{\"@type\":\"Article\",\"@id\":\"https:\/\/blogs.uninter.edu.mx\/ESCAT\/index.php\/felices-cumpleanos-septiembre-2\/#article\",\"isPartOf\":{\"@id\":\"https:\/\/blogs.uninter.edu.mx\/ESCAT\/index.php\/felices-cumpleanos-septiembre-2\/\"},\"author\":{\"name\":\"EquipoEscat\",\"@id\":\"https:\/\/blogs.uninter.edu.mx\/ESCAT\/#\/schema\/person\/df7b8f33d62433cb78a2104bda02490d\"},\"headline\":\"\u00a1FELIZ CUMPLEA\u00d1OS SEPTIEMBRE!\ud83c\udf89\ud83c\udf89\ud83c\udf82#ESCAT #Uninter #Festejo #LDM-LDI\",\"datePublished\":\"2025-09-02T16:06:50+00:00\",\"dateModified\":\"2025-09-04T22:27:49+00:00\",\"mainEntityOfPage\":{\"@id\":\"https:\/\/blogs.uninter.edu.mx\/ESCAT\/index.php\/felices-cumpleanos-septiembre-2\/\"},\"wordCount\":524,\"commentCount\":0,\"image\":{\"@id\":\"https:\/\/blogs.uninter.edu.mx\/ESCAT\/index.php\/felices-cumpleanos-septiembre-2\/#primaryimage\"},\"thumbnailUrl\":\"https:\/\/blogs.uninter.edu.mx\/ESCAT\/wp-content\/uploads\/2025\/09\/Portada-cumpleanos-septiembre-ldi-ldm-1.png\",\"keywords\":[\"#Celebraci\u00f3n\",\"#Dise\u00f1o\",\"#ESCAT\",\"#Festejo\",\"#LDI\",\"#LDM\",\"#Modas\",\"#Uninter\"],\"articleSection\":[\"Dise\u00f1o de Modas y Tendencias Internacionales\",\"Dise\u00f1o Industrial\",\"Dise\u00f1os\",\"Eventos\",\"Noticias\"],\"inLanguage\":\"es\",\"potentialAction\":[{\"@type\":\"CommentAction\",\"name\":\"Comment\",\"target\":[\"https:\/\/blogs.uninter.edu.mx\/ESCAT\/index.php\/felices-cumpleanos-septiembre-2\/#respond\"]}]},{\"@type\":\"WebPage\",\"@id\":\"https:\/\/blogs.uninter.edu.mx\/ESCAT\/index.php\/felices-cumpleanos-septiembre-2\/\",\"url\":\"https:\/\/blogs.uninter.edu.mx\/ESCAT\/index.php\/felices-cumpleanos-septiembre-2\/\",\"name\":\"\u00a1FELIZ CUMPLEA\u00d1OS SEPTIEMBRE! #ESCAT #UNINTER\",\"isPartOf\":{\"@id\":\"https:\/\/blogs.uninter.edu.mx\/ESCAT\/#website\"},\"primaryImageOfPage\":{\"@id\":\"https:\/\/blogs.uninter.edu.mx\/ESCAT\/index.php\/felices-cumpleanos-septiembre-2\/#primaryimage\"},\"image\":{\"@id\":\"https:\/\/blogs.uninter.edu.mx\/ESCAT\/index.php\/felices-cumpleanos-septiembre-2\/#primaryimage\"},\"thumbnailUrl\":\"https:\/\/blogs.uninter.edu.mx\/ESCAT\/wp-content\/uploads\/2025\/09\/Portada-cumpleanos-septiembre-ldi-ldm-1.png\",\"datePublished\":\"2025-09-02T16:06:50+00:00\",\"dateModified\":\"2025-09-04T22:27:49+00:00\",\"author\":{\"@id\":\"https:\/\/blogs.uninter.edu.mx\/ESCAT\/#\/schema\/person\/df7b8f33d62433cb78a2104bda02490d\"},\"description\":\"\u00a1FELIZ CUMPLEA\u00d1OS SEPTIEMBRE!\u00a1Muchas felicidades a todos nuestros alumnos de Septiembre de la carrera de Dise\u00f1o de Modas y Dise\u00f1o Industrial\",\"breadcrumb\":{\"@id\":\"https:\/\/blogs.uninter.edu.mx\/ESCAT\/index.php\/felices-cumpleanos-septiembre-2\/#breadcrumb\"},\"inLanguage\":\"es\",\"potentialAction\":[{\"@type\":\"ReadAction\",\"target\":[\"https:\/\/blogs.uninter.edu.mx\/ESCAT\/index.php\/felices-cumpleanos-septiembre-2\/\"]}]},{\"@type\":\"ImageObject\",\"inLanguage\":\"es\",\"@id\":\"https:\/\/blogs.uninter.edu.mx\/ESCAT\/index.php\/felices-cumpleanos-septiembre-2\/#primaryimage\",\"url\":\"https:\/\/blogs.uninter.edu.mx\/ESCAT\/wp-content\/uploads\/2025\/09\/Portada-cumpleanos-septiembre-ldi-ldm-1.png\",\"contentUrl\":\"https:\/\/blogs.uninter.edu.mx\/ESCAT\/wp-content\/uploads\/2025\/09\/Portada-cumpleanos-septiembre-ldi-ldm-1.png\",\"width\":1200,\"height\":800},{\"@type\":\"BreadcrumbList\",\"@id\":\"https:\/\/blogs.uninter.edu.mx\/ESCAT\/index.php\/felices-cumpleanos-septiembre-2\/#breadcrumb\",\"itemListElement\":[{\"@type\":\"ListItem\",\"position\":1,\"name\":\"Inicio\",\"item\":\"https:\/\/blogs.uninter.edu.mx\/ESCAT\/\"},{\"@type\":\"ListItem\",\"position\":2,\"name\":\"\u00a1FELIZ CUMPLEA\u00d1OS SEPTIEMBRE!\ud83c\udf89\ud83c\udf89\ud83c\udf82#ESCAT #Uninter #Festejo #LDM-LDI\"}]},{\"@type\":\"WebSite\",\"@id\":\"https:\/\/blogs.uninter.edu.mx\/ESCAT\/#website\",\"url\":\"https:\/\/blogs.uninter.edu.mx\/ESCAT\/\",\"name\":\"Escuela de Ciencias, Artes y Tecnolog\u00eda UNINTER\",\"description\":\"ESCAT\",\"potentialAction\":[{\"@type\":\"SearchAction\",\"target\":{\"@type\":\"EntryPoint\",\"urlTemplate\":\"https:\/\/blogs.uninter.edu.mx\/ESCAT\/?s={search_term_string}\"},\"query-input\":{\"@type\":\"PropertyValueSpecification\",\"valueRequired\":true,\"valueName\":\"search_term_string\"}}],\"inLanguage\":\"es\"},{\"@type\":\"Person\",\"@id\":\"https:\/\/blogs.uninter.edu.mx\/ESCAT\/#\/schema\/person\/df7b8f33d62433cb78a2104bda02490d\",\"name\":\"EquipoEscat\",\"image\":{\"@type\":\"ImageObject\",\"inLanguage\":\"es\",\"@id\":\"https:\/\/blogs.uninter.edu.mx\/ESCAT\/#\/schema\/person\/image\/\",\"url\":\"https:\/\/secure.gravatar.com\/avatar\/d943e53cecc7e9e13c011abf6ec7475809c7d278834bde994b19ecd58034a9ff?s=96&d=mm&r=g\",\"contentUrl\":\"https:\/\/secure.gravatar.com\/avatar\/d943e53cecc7e9e13c011abf6ec7475809c7d278834bde994b19ecd58034a9ff?s=96&d=mm&r=g\",\"caption\":\"EquipoEscat\"},\"url\":\"https:\/\/blogs.uninter.edu.mx\/ESCAT\/index.php\/author\/equipoescat\/\"}]}<\/script>\r\n<!-- \/ Yoast SEO plugin. -->","yoast_head_json":{"title":"\u00a1FELIZ CUMPLEA\u00d1OS SEPTIEMBRE! #ESCAT #UNINTER","description":"\u00a1FELIZ CUMPLEA\u00d1OS SEPTIEMBRE!\u00a1Muchas felicidades a todos nuestros alumnos de Septiembre de la carrera de Dise\u00f1o de Modas y Dise\u00f1o Industrial","robots":{"index":"index","follow":"follow","max-snippet":"max-snippet:-1","max-image-preview":"max-image-preview:large","max-video-preview":"max-video-preview:-1"},"canonical":"https:\/\/blogs.uninter.edu.mx\/ESCAT\/index.php\/felices-cumpleanos-septiembre-2\/","og_locale":"es_MX","og_type":"article","og_title":"\u00a1FELIZ CUMPLEA\u00d1OS SEPTIEMBRE! #ESCAT #UNINTER","og_description":"\u00a1FELIZ CUMPLEA\u00d1OS SEPTIEMBRE!\u00a1Muchas felicidades a todos nuestros alumnos de Septiembre de la carrera de Dise\u00f1o de Modas y Dise\u00f1o Industrial","og_url":"https:\/\/blogs.uninter.edu.mx\/ESCAT\/index.php\/felices-cumpleanos-septiembre-2\/","og_site_name":"Escuela de Ciencias, Artes y Tecnolog\u00eda","article_publisher":"https:\/\/www.facebook.com\/EscatUninter\/","article_published_time":"2025-09-02T16:06:50+00:00","article_modified_time":"2025-09-04T22:27:49+00:00","og_image":[{"width":1200,"height":800,"url":"https:\/\/blogs.uninter.edu.mx\/ESCAT\/wp-content\/uploads\/2025\/09\/Portada-cumpleanos-septiembre-ldi-ldm-1.png","type":"image\/png"}],"author":"EquipoEscat","twitter_card":"summary_large_image","twitter_creator":"@EscatUninter","twitter_site":"@EscatUninter","twitter_misc":{"Escrito por":"EquipoEscat","Tiempo de lectura":"4 minutos"},"schema":{"@context":"https:\/\/schema.org","@graph":[{"@type":"Article","@id":"https:\/\/blogs.uninter.edu.mx\/ESCAT\/index.php\/felices-cumpleanos-septiembre-2\/#article","isPartOf":{"@id":"https:\/\/blogs.uninter.edu.mx\/ESCAT\/index.php\/felices-cumpleanos-septiembre-2\/"},"author":{"name":"EquipoEscat","@id":"https:\/\/blogs.uninter.edu.mx\/ESCAT\/#\/schema\/person\/df7b8f33d62433cb78a2104bda02490d"},"headline":"\u00a1FELIZ CUMPLEA\u00d1OS SEPTIEMBRE!\ud83c\udf89\ud83c\udf89\ud83c\udf82#ESCAT #Uninter #Festejo #LDM-LDI","datePublished":"2025-09-02T16:06:50+00:00","dateModified":"2025-09-04T22:27:49+00:00","mainEntityOfPage":{"@id":"https:\/\/blogs.uninter.edu.mx\/ESCAT\/index.php\/felices-cumpleanos-septiembre-2\/"},"wordCount":524,"commentCount":0,"image":{"@id":"https:\/\/blogs.uninter.edu.mx\/ESCAT\/index.php\/felices-cumpleanos-septiembre-2\/#primaryimage"},"thumbnailUrl":"https:\/\/blogs.uninter.edu.mx\/ESCAT\/wp-content\/uploads\/2025\/09\/Portada-cumpleanos-septiembre-ldi-ldm-1.png","keywords":["#Celebraci\u00f3n","#Dise\u00f1o","#ESCAT","#Festejo","#LDI","#LDM","#Modas","#Uninter"],"articleSection":["Dise\u00f1o de Modas y Tendencias Internacionales","Dise\u00f1o Industrial","Dise\u00f1os","Eventos","Noticias"],"inLanguage":"es","potentialAction":[{"@type":"CommentAction","name":"Comment","target":["https:\/\/blogs.uninter.edu.mx\/ESCAT\/index.php\/felices-cumpleanos-septiembre-2\/#respond"]}]},{"@type":"WebPage","@id":"https:\/\/blogs.uninter.edu.mx\/ESCAT\/index.php\/felices-cumpleanos-septiembre-2\/","url":"https:\/\/blogs.uninter.edu.mx\/ESCAT\/index.php\/felices-cumpleanos-septiembre-2\/","name":"\u00a1FELIZ CUMPLEA\u00d1OS SEPTIEMBRE! #ESCAT #UNINTER","isPartOf":{"@id":"https:\/\/blogs.uninter.edu.mx\/ESCAT\/#website"},"primaryImageOfPage":{"@id":"https:\/\/blogs.uninter.edu.mx\/ESCAT\/index.php\/felices-cumpleanos-septiembre-2\/#primaryimage"},"image":{"@id":"https:\/\/blogs.uninter.edu.mx\/ESCAT\/index.php\/felices-cumpleanos-septiembre-2\/#primaryimage"},"thumbnailUrl":"https:\/\/blogs.uninter.edu.mx\/ESCAT\/wp-content\/uploads\/2025\/09\/Portada-cumpleanos-septiembre-ldi-ldm-1.png","datePublished":"2025-09-02T16:06:50+00:00","dateModified":"2025-09-04T22:27:49+00:00","author":{"@id":"https:\/\/blogs.uninter.edu.mx\/ESCAT\/#\/schema\/person\/df7b8f33d62433cb78a2104bda02490d"},"description":"\u00a1FELIZ CUMPLEA\u00d1OS SEPTIEMBRE!\u00a1Muchas felicidades a todos nuestros alumnos de Septiembre de la carrera de Dise\u00f1o de Modas y Dise\u00f1o Industrial","breadcrumb":{"@id":"https:\/\/blogs.uninter.edu.mx\/ESCAT\/index.php\/felices-cumpleanos-septiembre-2\/#breadcrumb"},"inLanguage":"es","potentialAction":[{"@type":"ReadAction","target":["https:\/\/blogs.uninter.edu.mx\/ESCAT\/index.php\/felices-cumpleanos-septiembre-2\/"]}]},{"@type":"ImageObject","inLanguage":"es","@id":"https:\/\/blogs.uninter.edu.mx\/ESCAT\/index.php\/felices-cumpleanos-septiembre-2\/#primaryimage","url":"https:\/\/blogs.uninter.edu.mx\/ESCAT\/wp-content\/uploads\/2025\/09\/Portada-cumpleanos-septiembre-ldi-ldm-1.png","contentUrl":"https:\/\/blogs.uninter.edu.mx\/ESCAT\/wp-content\/uploads\/2025\/09\/Portada-cumpleanos-septiembre-ldi-ldm-1.png","width":1200,"height":800},{"@type":"BreadcrumbList","@id":"https:\/\/blogs.uninter.edu.mx\/ESCAT\/index.php\/felices-cumpleanos-septiembre-2\/#breadcrumb","itemListElement":[{"@type":"ListItem","position":1,"name":"Inicio","item":"https:\/\/blogs.uninter.edu.mx\/ESCAT\/"},{"@type":"ListItem","position":2,"name":"\u00a1FELIZ CUMPLEA\u00d1OS SEPTIEMBRE!\ud83c\udf89\ud83c\udf89\ud83c\udf82#ESCAT #Uninter #Festejo #LDM-LDI"}]},{"@type":"WebSite","@id":"https:\/\/blogs.uninter.edu.mx\/ESCAT\/#website","url":"https:\/\/blogs.uninter.edu.mx\/ESCAT\/","name":"Escuela de Ciencias, Artes y Tecnolog\u00eda UNINTER","description":"ESCAT","potentialAction":[{"@type":"SearchAction","target":{"@type":"EntryPoint","urlTemplate":"https:\/\/blogs.uninter.edu.mx\/ESCAT\/?s={search_term_string}"},"query-input":{"@type":"PropertyValueSpecification","valueRequired":true,"valueName":"search_term_string"}}],"inLanguage":"es"},{"@type":"Person","@id":"https:\/\/blogs.uninter.edu.mx\/ESCAT\/#\/schema\/person\/df7b8f33d62433cb78a2104bda02490d","name":"EquipoEscat","image":{"@type":"ImageObject","inLanguage":"es","@id":"https:\/\/blogs.uninter.edu.mx\/ESCAT\/#\/schema\/person\/image\/","url":"https:\/\/secure.gravatar.com\/avatar\/d943e53cecc7e9e13c011abf6ec7475809c7d278834bde994b19ecd58034a9ff?s=96&d=mm&r=g","contentUrl":"https:\/\/secure.gravatar.com\/avatar\/d943e53cecc7e9e13c011abf6ec7475809c7d278834bde994b19ecd58034a9ff?s=96&d=mm&r=g","caption":"EquipoEscat"},"url":"https:\/\/blogs.uninter.edu.mx\/ESCAT\/index.php\/author\/equipoescat\/"}]}},"jetpack_publicize_connections":[],"jetpack_featured_media_url":"https:\/\/blogs.uninter.edu.mx\/ESCAT\/wp-content\/uploads\/2025\/09\/Portada-cumpleanos-septiembre-ldi-ldm-1.png","jetpack_sharing_enabled":true,"_links":{"self":[{"href":"https:\/\/blogs.uninter.edu.mx\/ESCAT\/index.php\/wp-json\/wp\/v2\/posts\/76663","targetHints":{"allow":["GET"]}}],"collection":[{"href":"https:\/\/blogs.uninter.edu.mx\/ESCAT\/index.php\/wp-json\/wp\/v2\/posts"}],"about":[{"href":"https:\/\/blogs.uninter.edu.mx\/ESCAT\/index.php\/wp-json\/wp\/v2\/types\/post"}],"author":[{"embeddable":true,"href":"https:\/\/blogs.uninter.edu.mx\/ESCAT\/index.php\/wp-json\/wp\/v2\/users\/22"}],"replies":[{"embeddable":true,"href":"https:\/\/blogs.uninter.edu.mx\/ESCAT\/index.php\/wp-json\/wp\/v2\/comments?post=76663"}],"version-history":[{"count":7,"href":"https:\/\/blogs.uninter.edu.mx\/ESCAT\/index.php\/wp-json\/wp\/v2\/posts\/76663\/revisions"}],"predecessor-version":[{"id":76796,"href":"https:\/\/blogs.uninter.edu.mx\/ESCAT\/index.php\/wp-json\/wp\/v2\/posts\/76663\/revisions\/76796"}],"wp:featuredmedia":[{"embeddable":true,"href":"https:\/\/blogs.uninter.edu.mx\/ESCAT\/index.php\/wp-json\/wp\/v2\/media\/76684"}],"wp:attachment":[{"href":"https:\/\/blogs.uninter.edu.mx\/ESCAT\/index.php\/wp-json\/wp\/v2\/media?parent=76663"}],"wp:term":[{"taxonomy":"category","embeddable":true,"href":"https:\/\/blogs.uninter.edu.mx\/ESCAT\/index.php\/wp-json\/wp\/v2\/categories?post=76663"},{"taxonomy":"post_tag","embeddable":true,"href":"https:\/\/blogs.uninter.edu.mx\/ESCAT\/index.php\/wp-json\/wp\/v2\/tags?post=76663"}],"curies":[{"name":"wp","href":"https:\/\/api.w.org\/{rel}","templated":true}]}}