{"id":78142,"date":"2026-01-07T08:55:40","date_gmt":"2026-01-07T14:55:40","guid":{"rendered":"https:\/\/blogs.uninter.edu.mx\/ESCAT\/?p=78142"},"modified":"2026-01-07T08:56:07","modified_gmt":"2026-01-07T14:56:07","slug":"enero-con-vision-y-estilo","status":"publish","type":"post","link":"https:\/\/blogs.uninter.edu.mx\/ESCAT\/index.php\/enero-con-vision-y-estilo\/","title":{"rendered":"Enero con visi\u00f3n y estilo: \u00a1Feliz cumplea\u00f1os a quienes inauguran la moda con ideas frescas, creatividad y nuevas tendencias! #ESCAT #UNINTER #LDM"},"content":{"rendered":"<div class=\"wp-block-image\">\n<figure class=\"aligncenter size-full is-resized\"><a href=\"https:\/\/www.facebook.com\/EscatUninter\"><img loading=\"lazy\" decoding=\"async\" width=\"902\" height=\"1024\" src=\"https:\/\/blogs.uninter.edu.mx\/ESCAT\/wp-content\/uploads\/2025\/03\/image-58.png\" alt=\"\" class=\"wp-image-72951\" style=\"aspect-ratio:0.8848167539267016;width:137px;height:auto\"\/><\/a><\/figure>\n<\/div>\n\n\n<p><strong>Enero con inspiraci\u00f3n y nuevos comienzos:<\/strong> \u00a1Feliz cumplea\u00f1os a nuestros talentosos estudiantes de Dise\u00f1o de Modas! \u2728\ud83c\udf31<br>Este mes celebramos a quienes inauguran el a\u00f1o con ideas frescas, visi\u00f3n creativa y una energ\u00eda que marca tendencia. Cada boceto, cada textura y cada detalle reflejan la pasi\u00f3n con la que transforman la inspiraci\u00f3n en moda y dan forma a nuevos caminos creativos. \ud83d\udc57\u2728<\/p>\n\n\n\n<h2 class=\"wp-block-heading\"><strong>Enero con visi\u00f3n y renovaci\u00f3n: \u00a1celebramos a nuestros alumnos de Dise\u00f1o de Modas! \u2728\ud83c\udf31<\/strong><\/h2>\n\n\n\n<p>El mes de enero abre el a\u00f1o con ideas frescas, energ\u00eda creativa y una nueva paleta de posibilidades que se construyen entre bocetos, texturas y propuestas llenas de intenci\u00f3n.<\/p>\n\n\n\n<p>En la Licenciatura en Dise\u00f1o de Modas, celebramos con orgullo a todos nuestros estudiantes que cumplen a\u00f1os durante este mes que simboliza el inicio de ciclos, la claridad creativa y el impulso para marcar nuevas tendencias.<\/p>\n\n\n\n<p>Este es un momento para reconocer su capacidad de liderazgo, su compromiso con el proceso creativo y su mirada estrat\u00e9gica, cualidades que los distinguen como dise\u00f1adores con visi\u00f3n y prop\u00f3sito dentro y fuera del aula.<\/p>\n\n\n\n<p>Su forma de interpretar la moda desde la estructura, la innovaci\u00f3n y la identidad convierte cada proyecto en una propuesta s\u00f3lida, contempor\u00e1nea y con impacto en nuestra comunidad universitaria. \ud83d\udc57\u2728<\/p>\n\n\n\n<h3 class=\"wp-block-heading\">Cualidades que definen a los nacidos en enero<\/h3>\n\n\n\n<p>\ud83c\udf31 <strong>Visi\u00f3n creativa y esp\u00edritu de inicio<\/strong><br>Los nacidos en enero destacan por su capacidad de imaginar desde cero. Transforman el lienzo en blanco en conceptos claros y bien definidos, dando forma a ideas que marcan el rumbo del a\u00f1o creativo.<\/p>\n\n\n\n<p>\u2728 <strong>Liderazgo y determinaci\u00f3n<\/strong><br>Son personas seguras, enfocadas y con car\u00e1cter. Asumen retos con responsabilidad y gu\u00edan sus procesos de dise\u00f1o con convicci\u00f3n, cuidando cada etapa desde el concepto hasta la ejecuci\u00f3n.<\/p>\n\n\n\n<p>\ud83c\udfa8 <strong>Est\u00e9tica limpia y concepto s\u00f3lido<\/strong><br>Se inclinan por propuestas bien estructuradas, donde cada detalle tiene intenci\u00f3n. Su sensibilidad est\u00e9tica se refleja en siluetas claras, paletas equilibradas y narrativas visuales coherentes.<\/p>\n\n\n\n<p>\ud83e\uddf5 <strong>Innovaci\u00f3n estrat\u00e9gica<\/strong><br>Exploran tendencias, t\u00e9cnicas y materiales con una visi\u00f3n anal\u00edtica y creativa. Su innovaci\u00f3n no es aleatoria: responde a un prop\u00f3sito, a una historia y a una identidad bien construida.<\/p>\n\n\n\n<p>\ud83e\udd1d <strong>Compromiso y trabajo colaborativo<\/strong><br>Valoran la disciplina, el respeto y la colaboraci\u00f3n. Su actitud responsable fortalece los equipos de trabajo y eleva la calidad de los proyectos colectivos.<\/p>\n\n\n\n<p>\u2728 <strong>Energ\u00eda para iniciar y transformar<\/strong><br>Los nacidos en enero impulsan el cambio. Sus dise\u00f1os transmiten renovaci\u00f3n, fuerza y proyecci\u00f3n hacia el futuro, inspirando a la comunidad a crear con intenci\u00f3n y visi\u00f3n.<\/p>\n\n\n<div class=\"wp-block-image\">\n<figure class=\"aligncenter size-full\"><img loading=\"lazy\" decoding=\"async\" width=\"940\" height=\"788\" src=\"https:\/\/blogs.uninter.edu.mx\/ESCAT\/wp-content\/uploads\/2026\/01\/Feliz-cumpleanos-Diciembre.jpg\" alt=\"\" class=\"wp-image-78143\"\/><\/figure>\n<\/div>\n\n<div class=\"wp-block-image\">\n<figure class=\"aligncenter size-full\"><img loading=\"lazy\" decoding=\"async\" width=\"940\" height=\"788\" src=\"https:\/\/blogs.uninter.edu.mx\/ESCAT\/wp-content\/uploads\/2026\/01\/Feliz-cumpleanos-Diciembre-1.jpg\" alt=\"\" class=\"wp-image-78144\"\/><\/figure>\n<\/div>\n\n\n<p class=\"has-text-align-right\"><a href=\"https:\/\/universidad.uninter.edu.mx\/carreras\/LDM\">Licenciatura en Dise\u00f1o de Modas<\/a><\/p>\n\n\n\n<p class=\"has-text-align-right\"><a href=\"https:\/\/blogs.uninter.edu.mx\/ESCAT\/index.php\/category\/noticias\/\">M\u00e1s noticias sobre&#8230;<\/a><\/p>\n\n\n<div class=\"wp-block-image\">\n<figure class=\"aligncenter size-full\"><a href=\"https:\/\/uninter.edu.mx\/\"><img loading=\"lazy\" decoding=\"async\" width=\"1024\" height=\"154\" src=\"https:\/\/blogs.uninter.edu.mx\/ESCAT\/wp-content\/uploads\/2025\/03\/image-59.png\" alt=\"\" class=\"wp-image-72952\"\/><\/a><\/figure>\n<\/div>","protected":false},"excerpt":{"rendered":"<p>Enero con inspiraci\u00f3n y nuevos comienzos: \u00a1Feliz cumplea\u00f1os a nuestros talentosos estudiantes de Dise\u00f1o de Modas! \u2728\ud83c\udf31Este mes celebramos a quienes inauguran el a\u00f1o con ideas frescas, visi\u00f3n creativa y una energ\u00eda que marca tendencia. Cada boceto, cada textura y cada detalle reflejan la pasi\u00f3n con la que transforman la inspiraci\u00f3n en moda y dan&hellip;<\/p>\n","protected":false},"author":52,"featured_media":78171,"comment_status":"open","ping_status":"open","sticky":false,"template":"","format":"standard","meta":{"_jetpack_memberships_contains_paid_content":false,"footnotes":"","jetpack_publicize_message":"","jetpack_publicize_feature_enabled":true,"jetpack_social_post_already_shared":true,"jetpack_social_options":{"image_generator_settings":{"template":"highway","default_image_id":0,"font":"","enabled":false},"version":2}},"categories":[26],"tags":[87,32,880,373,31,37],"class_list":["post-78142","post","type-post","status-publish","format-standard","has-post-thumbnail","hentry","category-noticias","tag-cumpleanos","tag-escat","tag-ldm","tag-noticias","tag-uninter","tag-universidad-internacional"],"yoast_head":"<!-- This site is optimized with the Yoast SEO plugin v26.8 - https:\/\/yoast.com\/product\/yoast-seo-wordpress\/ -->\r\n<title>Enero con visi\u00f3n y estilo: \u00a1Feliz cumplea\u00f1os a quienes inauguran la moda con ideas frescas, creatividad y nuevas tendencias! #ESCAT #UNINTER #LDM - Escuela de Ciencias, Artes y Tecnolog\u00eda<\/title>\r\n<meta name=\"description\" content=\"Enero con inspiraci\u00f3n y nuevos comienzos: \u00a1Feliz cumplea\u00f1os a nuestros talentosos estudiantes de Dise\u00f1o de Modas! \u2728\ud83c\udf31\" \/>\r\n<meta name=\"robots\" content=\"index, follow, max-snippet:-1, max-image-preview:large, max-video-preview:-1\" \/>\r\n<link rel=\"canonical\" href=\"https:\/\/blogs.uninter.edu.mx\/ESCAT\/index.php\/enero-con-vision-y-estilo\/\" \/>\r\n<meta property=\"og:locale\" content=\"es_MX\" \/>\r\n<meta property=\"og:type\" content=\"article\" \/>\r\n<meta property=\"og:title\" content=\"Enero con visi\u00f3n y estilo: \u00a1Feliz cumplea\u00f1os a quienes inauguran la moda con ideas frescas, creatividad y nuevas tendencias! #ESCAT #UNINTER #LDM - Escuela de Ciencias, Artes y Tecnolog\u00eda\" \/>\r\n<meta property=\"og:description\" content=\"Enero con inspiraci\u00f3n y nuevos comienzos: \u00a1Feliz cumplea\u00f1os a nuestros talentosos estudiantes de Dise\u00f1o de Modas! \u2728\ud83c\udf31\" \/>\r\n<meta property=\"og:url\" content=\"https:\/\/blogs.uninter.edu.mx\/ESCAT\/index.php\/enero-con-vision-y-estilo\/\" \/>\r\n<meta property=\"og:site_name\" content=\"Escuela de Ciencias, Artes y Tecnolog\u00eda\" \/>\r\n<meta property=\"article:publisher\" content=\"https:\/\/www.facebook.com\/EscatUninter\/\" \/>\r\n<meta property=\"article:published_time\" content=\"2026-01-07T14:55:40+00:00\" \/>\r\n<meta property=\"article:modified_time\" content=\"2026-01-07T14:56:07+00:00\" \/>\r\n<meta property=\"og:image\" content=\"https:\/\/blogs.uninter.edu.mx\/ESCAT\/wp-content\/uploads\/2026\/01\/Portadas-cumpleanos-Enero-2026-1.png\" \/>\r\n\t<meta property=\"og:image:width\" content=\"1200\" \/>\r\n\t<meta property=\"og:image:height\" content=\"800\" \/>\r\n\t<meta property=\"og:image:type\" content=\"image\/png\" \/>\r\n<meta name=\"author\" content=\"Emely Guti\u00e9rrez Jim\u00e9nez\" \/>\r\n<meta name=\"twitter:card\" content=\"summary_large_image\" \/>\r\n<meta name=\"twitter:creator\" content=\"@EscatUninter\" \/>\r\n<meta name=\"twitter:site\" content=\"@EscatUninter\" \/>\r\n<meta name=\"twitter:label1\" content=\"Escrito por\" \/>\n\t<meta name=\"twitter:data1\" content=\"Emely Guti\u00e9rrez Jim\u00e9nez\" \/>\n\t<meta name=\"twitter:label2\" content=\"Tiempo de lectura\" \/>\n\t<meta name=\"twitter:data2\" content=\"3 minutos\" \/>\r\n<script type=\"application\/ld+json\" class=\"yoast-schema-graph\">{\"@context\":\"https:\/\/schema.org\",\"@graph\":[{\"@type\":\"Article\",\"@id\":\"https:\/\/blogs.uninter.edu.mx\/ESCAT\/index.php\/enero-con-vision-y-estilo\/#article\",\"isPartOf\":{\"@id\":\"https:\/\/blogs.uninter.edu.mx\/ESCAT\/index.php\/enero-con-vision-y-estilo\/\"},\"author\":{\"name\":\"Emely Guti\u00e9rrez Jim\u00e9nez\",\"@id\":\"https:\/\/blogs.uninter.edu.mx\/ESCAT\/#\/schema\/person\/0cd72a0066064f7cb62449850672f3af\"},\"headline\":\"Enero con visi\u00f3n y estilo: \u00a1Feliz cumplea\u00f1os a quienes inauguran la moda con ideas frescas, creatividad y nuevas tendencias! #ESCAT #UNINTER #LDM\",\"datePublished\":\"2026-01-07T14:55:40+00:00\",\"dateModified\":\"2026-01-07T14:56:07+00:00\",\"mainEntityOfPage\":{\"@id\":\"https:\/\/blogs.uninter.edu.mx\/ESCAT\/index.php\/enero-con-vision-y-estilo\/\"},\"wordCount\":486,\"commentCount\":0,\"image\":{\"@id\":\"https:\/\/blogs.uninter.edu.mx\/ESCAT\/index.php\/enero-con-vision-y-estilo\/#primaryimage\"},\"thumbnailUrl\":\"https:\/\/blogs.uninter.edu.mx\/ESCAT\/wp-content\/uploads\/2026\/01\/Portadas-cumpleanos-Enero-2026-2.png\",\"keywords\":[\"Cumplea\u00f1os\",\"ESCAT\",\"LDM\",\"NOTICIAS\",\"Uninter\",\"Universidad Internacional\"],\"articleSection\":[\"Noticias\"],\"inLanguage\":\"es\",\"potentialAction\":[{\"@type\":\"CommentAction\",\"name\":\"Comment\",\"target\":[\"https:\/\/blogs.uninter.edu.mx\/ESCAT\/index.php\/enero-con-vision-y-estilo\/#respond\"]}]},{\"@type\":\"WebPage\",\"@id\":\"https:\/\/blogs.uninter.edu.mx\/ESCAT\/index.php\/enero-con-vision-y-estilo\/\",\"url\":\"https:\/\/blogs.uninter.edu.mx\/ESCAT\/index.php\/enero-con-vision-y-estilo\/\",\"name\":\"Enero con visi\u00f3n y estilo: \u00a1Feliz cumplea\u00f1os a quienes inauguran la moda con ideas frescas, creatividad y nuevas tendencias! #ESCAT #UNINTER #LDM - Escuela de Ciencias, Artes y Tecnolog\u00eda\",\"isPartOf\":{\"@id\":\"https:\/\/blogs.uninter.edu.mx\/ESCAT\/#website\"},\"primaryImageOfPage\":{\"@id\":\"https:\/\/blogs.uninter.edu.mx\/ESCAT\/index.php\/enero-con-vision-y-estilo\/#primaryimage\"},\"image\":{\"@id\":\"https:\/\/blogs.uninter.edu.mx\/ESCAT\/index.php\/enero-con-vision-y-estilo\/#primaryimage\"},\"thumbnailUrl\":\"https:\/\/blogs.uninter.edu.mx\/ESCAT\/wp-content\/uploads\/2026\/01\/Portadas-cumpleanos-Enero-2026-2.png\",\"datePublished\":\"2026-01-07T14:55:40+00:00\",\"dateModified\":\"2026-01-07T14:56:07+00:00\",\"author\":{\"@id\":\"https:\/\/blogs.uninter.edu.mx\/ESCAT\/#\/schema\/person\/0cd72a0066064f7cb62449850672f3af\"},\"description\":\"Enero con inspiraci\u00f3n y nuevos comienzos: \u00a1Feliz cumplea\u00f1os a nuestros talentosos estudiantes de Dise\u00f1o de Modas! \u2728\ud83c\udf31\",\"breadcrumb\":{\"@id\":\"https:\/\/blogs.uninter.edu.mx\/ESCAT\/index.php\/enero-con-vision-y-estilo\/#breadcrumb\"},\"inLanguage\":\"es\",\"potentialAction\":[{\"@type\":\"ReadAction\",\"target\":[\"https:\/\/blogs.uninter.edu.mx\/ESCAT\/index.php\/enero-con-vision-y-estilo\/\"]}]},{\"@type\":\"ImageObject\",\"inLanguage\":\"es\",\"@id\":\"https:\/\/blogs.uninter.edu.mx\/ESCAT\/index.php\/enero-con-vision-y-estilo\/#primaryimage\",\"url\":\"https:\/\/blogs.uninter.edu.mx\/ESCAT\/wp-content\/uploads\/2026\/01\/Portadas-cumpleanos-Enero-2026-2.png\",\"contentUrl\":\"https:\/\/blogs.uninter.edu.mx\/ESCAT\/wp-content\/uploads\/2026\/01\/Portadas-cumpleanos-Enero-2026-2.png\",\"width\":1200,\"height\":800},{\"@type\":\"BreadcrumbList\",\"@id\":\"https:\/\/blogs.uninter.edu.mx\/ESCAT\/index.php\/enero-con-vision-y-estilo\/#breadcrumb\",\"itemListElement\":[{\"@type\":\"ListItem\",\"position\":1,\"name\":\"Inicio\",\"item\":\"https:\/\/blogs.uninter.edu.mx\/ESCAT\/\"},{\"@type\":\"ListItem\",\"position\":2,\"name\":\"Enero con visi\u00f3n y estilo: \u00a1Feliz cumplea\u00f1os a quienes inauguran la moda con ideas frescas, creatividad y nuevas tendencias! #ESCAT #UNINTER #LDM\"}]},{\"@type\":\"WebSite\",\"@id\":\"https:\/\/blogs.uninter.edu.mx\/ESCAT\/#website\",\"url\":\"https:\/\/blogs.uninter.edu.mx\/ESCAT\/\",\"name\":\"Escuela de Ciencias, Artes y Tecnolog\u00eda UNINTER\",\"description\":\"ESCAT\",\"potentialAction\":[{\"@type\":\"SearchAction\",\"target\":{\"@type\":\"EntryPoint\",\"urlTemplate\":\"https:\/\/blogs.uninter.edu.mx\/ESCAT\/?s={search_term_string}\"},\"query-input\":{\"@type\":\"PropertyValueSpecification\",\"valueRequired\":true,\"valueName\":\"search_term_string\"}}],\"inLanguage\":\"es\"},{\"@type\":\"Person\",\"@id\":\"https:\/\/blogs.uninter.edu.mx\/ESCAT\/#\/schema\/person\/0cd72a0066064f7cb62449850672f3af\",\"name\":\"Emely Guti\u00e9rrez Jim\u00e9nez\",\"image\":{\"@type\":\"ImageObject\",\"inLanguage\":\"es\",\"@id\":\"https:\/\/blogs.uninter.edu.mx\/ESCAT\/#\/schema\/person\/image\/\",\"url\":\"https:\/\/secure.gravatar.com\/avatar\/0d18e7cc9395e51628f9acc42cc0fd01b5a017cba61ad6702671a4e763785968?s=96&d=mm&r=g\",\"contentUrl\":\"https:\/\/secure.gravatar.com\/avatar\/0d18e7cc9395e51628f9acc42cc0fd01b5a017cba61ad6702671a4e763785968?s=96&d=mm&r=g\",\"caption\":\"Emely Guti\u00e9rrez Jim\u00e9nez\"},\"url\":\"https:\/\/blogs.uninter.edu.mx\/ESCAT\/index.php\/author\/egutierrez\/\"}]}<\/script>\r\n<!-- \/ Yoast SEO plugin. -->","yoast_head_json":{"title":"Enero con visi\u00f3n y estilo: \u00a1Feliz cumplea\u00f1os a quienes inauguran la moda con ideas frescas, creatividad y nuevas tendencias! #ESCAT #UNINTER #LDM - Escuela de Ciencias, Artes y Tecnolog\u00eda","description":"Enero con inspiraci\u00f3n y nuevos comienzos: \u00a1Feliz cumplea\u00f1os a nuestros talentosos estudiantes de Dise\u00f1o de Modas! \u2728\ud83c\udf31","robots":{"index":"index","follow":"follow","max-snippet":"max-snippet:-1","max-image-preview":"max-image-preview:large","max-video-preview":"max-video-preview:-1"},"canonical":"https:\/\/blogs.uninter.edu.mx\/ESCAT\/index.php\/enero-con-vision-y-estilo\/","og_locale":"es_MX","og_type":"article","og_title":"Enero con visi\u00f3n y estilo: \u00a1Feliz cumplea\u00f1os a quienes inauguran la moda con ideas frescas, creatividad y nuevas tendencias! #ESCAT #UNINTER #LDM - Escuela de Ciencias, Artes y Tecnolog\u00eda","og_description":"Enero con inspiraci\u00f3n y nuevos comienzos: \u00a1Feliz cumplea\u00f1os a nuestros talentosos estudiantes de Dise\u00f1o de Modas! \u2728\ud83c\udf31","og_url":"https:\/\/blogs.uninter.edu.mx\/ESCAT\/index.php\/enero-con-vision-y-estilo\/","og_site_name":"Escuela de Ciencias, Artes y Tecnolog\u00eda","article_publisher":"https:\/\/www.facebook.com\/EscatUninter\/","article_published_time":"2026-01-07T14:55:40+00:00","article_modified_time":"2026-01-07T14:56:07+00:00","og_image":[{"width":1200,"height":800,"url":"https:\/\/blogs.uninter.edu.mx\/ESCAT\/wp-content\/uploads\/2026\/01\/Portadas-cumpleanos-Enero-2026-1.png","type":"image\/png"}],"author":"Emely Guti\u00e9rrez Jim\u00e9nez","twitter_card":"summary_large_image","twitter_creator":"@EscatUninter","twitter_site":"@EscatUninter","twitter_misc":{"Escrito por":"Emely Guti\u00e9rrez Jim\u00e9nez","Tiempo de lectura":"3 minutos"},"schema":{"@context":"https:\/\/schema.org","@graph":[{"@type":"Article","@id":"https:\/\/blogs.uninter.edu.mx\/ESCAT\/index.php\/enero-con-vision-y-estilo\/#article","isPartOf":{"@id":"https:\/\/blogs.uninter.edu.mx\/ESCAT\/index.php\/enero-con-vision-y-estilo\/"},"author":{"name":"Emely Guti\u00e9rrez Jim\u00e9nez","@id":"https:\/\/blogs.uninter.edu.mx\/ESCAT\/#\/schema\/person\/0cd72a0066064f7cb62449850672f3af"},"headline":"Enero con visi\u00f3n y estilo: \u00a1Feliz cumplea\u00f1os a quienes inauguran la moda con ideas frescas, creatividad y nuevas tendencias! #ESCAT #UNINTER #LDM","datePublished":"2026-01-07T14:55:40+00:00","dateModified":"2026-01-07T14:56:07+00:00","mainEntityOfPage":{"@id":"https:\/\/blogs.uninter.edu.mx\/ESCAT\/index.php\/enero-con-vision-y-estilo\/"},"wordCount":486,"commentCount":0,"image":{"@id":"https:\/\/blogs.uninter.edu.mx\/ESCAT\/index.php\/enero-con-vision-y-estilo\/#primaryimage"},"thumbnailUrl":"https:\/\/blogs.uninter.edu.mx\/ESCAT\/wp-content\/uploads\/2026\/01\/Portadas-cumpleanos-Enero-2026-2.png","keywords":["Cumplea\u00f1os","ESCAT","LDM","NOTICIAS","Uninter","Universidad Internacional"],"articleSection":["Noticias"],"inLanguage":"es","potentialAction":[{"@type":"CommentAction","name":"Comment","target":["https:\/\/blogs.uninter.edu.mx\/ESCAT\/index.php\/enero-con-vision-y-estilo\/#respond"]}]},{"@type":"WebPage","@id":"https:\/\/blogs.uninter.edu.mx\/ESCAT\/index.php\/enero-con-vision-y-estilo\/","url":"https:\/\/blogs.uninter.edu.mx\/ESCAT\/index.php\/enero-con-vision-y-estilo\/","name":"Enero con visi\u00f3n y estilo: \u00a1Feliz cumplea\u00f1os a quienes inauguran la moda con ideas frescas, creatividad y nuevas tendencias! #ESCAT #UNINTER #LDM - Escuela de Ciencias, Artes y Tecnolog\u00eda","isPartOf":{"@id":"https:\/\/blogs.uninter.edu.mx\/ESCAT\/#website"},"primaryImageOfPage":{"@id":"https:\/\/blogs.uninter.edu.mx\/ESCAT\/index.php\/enero-con-vision-y-estilo\/#primaryimage"},"image":{"@id":"https:\/\/blogs.uninter.edu.mx\/ESCAT\/index.php\/enero-con-vision-y-estilo\/#primaryimage"},"thumbnailUrl":"https:\/\/blogs.uninter.edu.mx\/ESCAT\/wp-content\/uploads\/2026\/01\/Portadas-cumpleanos-Enero-2026-2.png","datePublished":"2026-01-07T14:55:40+00:00","dateModified":"2026-01-07T14:56:07+00:00","author":{"@id":"https:\/\/blogs.uninter.edu.mx\/ESCAT\/#\/schema\/person\/0cd72a0066064f7cb62449850672f3af"},"description":"Enero con inspiraci\u00f3n y nuevos comienzos: \u00a1Feliz cumplea\u00f1os a nuestros talentosos estudiantes de Dise\u00f1o de Modas! \u2728\ud83c\udf31","breadcrumb":{"@id":"https:\/\/blogs.uninter.edu.mx\/ESCAT\/index.php\/enero-con-vision-y-estilo\/#breadcrumb"},"inLanguage":"es","potentialAction":[{"@type":"ReadAction","target":["https:\/\/blogs.uninter.edu.mx\/ESCAT\/index.php\/enero-con-vision-y-estilo\/"]}]},{"@type":"ImageObject","inLanguage":"es","@id":"https:\/\/blogs.uninter.edu.mx\/ESCAT\/index.php\/enero-con-vision-y-estilo\/#primaryimage","url":"https:\/\/blogs.uninter.edu.mx\/ESCAT\/wp-content\/uploads\/2026\/01\/Portadas-cumpleanos-Enero-2026-2.png","contentUrl":"https:\/\/blogs.uninter.edu.mx\/ESCAT\/wp-content\/uploads\/2026\/01\/Portadas-cumpleanos-Enero-2026-2.png","width":1200,"height":800},{"@type":"BreadcrumbList","@id":"https:\/\/blogs.uninter.edu.mx\/ESCAT\/index.php\/enero-con-vision-y-estilo\/#breadcrumb","itemListElement":[{"@type":"ListItem","position":1,"name":"Inicio","item":"https:\/\/blogs.uninter.edu.mx\/ESCAT\/"},{"@type":"ListItem","position":2,"name":"Enero con visi\u00f3n y estilo: \u00a1Feliz cumplea\u00f1os a quienes inauguran la moda con ideas frescas, creatividad y nuevas tendencias! #ESCAT #UNINTER #LDM"}]},{"@type":"WebSite","@id":"https:\/\/blogs.uninter.edu.mx\/ESCAT\/#website","url":"https:\/\/blogs.uninter.edu.mx\/ESCAT\/","name":"Escuela de Ciencias, Artes y Tecnolog\u00eda UNINTER","description":"ESCAT","potentialAction":[{"@type":"SearchAction","target":{"@type":"EntryPoint","urlTemplate":"https:\/\/blogs.uninter.edu.mx\/ESCAT\/?s={search_term_string}"},"query-input":{"@type":"PropertyValueSpecification","valueRequired":true,"valueName":"search_term_string"}}],"inLanguage":"es"},{"@type":"Person","@id":"https:\/\/blogs.uninter.edu.mx\/ESCAT\/#\/schema\/person\/0cd72a0066064f7cb62449850672f3af","name":"Emely Guti\u00e9rrez Jim\u00e9nez","image":{"@type":"ImageObject","inLanguage":"es","@id":"https:\/\/blogs.uninter.edu.mx\/ESCAT\/#\/schema\/person\/image\/","url":"https:\/\/secure.gravatar.com\/avatar\/0d18e7cc9395e51628f9acc42cc0fd01b5a017cba61ad6702671a4e763785968?s=96&d=mm&r=g","contentUrl":"https:\/\/secure.gravatar.com\/avatar\/0d18e7cc9395e51628f9acc42cc0fd01b5a017cba61ad6702671a4e763785968?s=96&d=mm&r=g","caption":"Emely Guti\u00e9rrez Jim\u00e9nez"},"url":"https:\/\/blogs.uninter.edu.mx\/ESCAT\/index.php\/author\/egutierrez\/"}]}},"jetpack_publicize_connections":[],"jetpack_featured_media_url":"https:\/\/blogs.uninter.edu.mx\/ESCAT\/wp-content\/uploads\/2026\/01\/Portadas-cumpleanos-Enero-2026-2.png","jetpack_sharing_enabled":true,"_links":{"self":[{"href":"https:\/\/blogs.uninter.edu.mx\/ESCAT\/index.php\/wp-json\/wp\/v2\/posts\/78142","targetHints":{"allow":["GET"]}}],"collection":[{"href":"https:\/\/blogs.uninter.edu.mx\/ESCAT\/index.php\/wp-json\/wp\/v2\/posts"}],"about":[{"href":"https:\/\/blogs.uninter.edu.mx\/ESCAT\/index.php\/wp-json\/wp\/v2\/types\/post"}],"author":[{"embeddable":true,"href":"https:\/\/blogs.uninter.edu.mx\/ESCAT\/index.php\/wp-json\/wp\/v2\/users\/52"}],"replies":[{"embeddable":true,"href":"https:\/\/blogs.uninter.edu.mx\/ESCAT\/index.php\/wp-json\/wp\/v2\/comments?post=78142"}],"version-history":[{"count":3,"href":"https:\/\/blogs.uninter.edu.mx\/ESCAT\/index.php\/wp-json\/wp\/v2\/posts\/78142\/revisions"}],"predecessor-version":[{"id":78713,"href":"https:\/\/blogs.uninter.edu.mx\/ESCAT\/index.php\/wp-json\/wp\/v2\/posts\/78142\/revisions\/78713"}],"wp:featuredmedia":[{"embeddable":true,"href":"https:\/\/blogs.uninter.edu.mx\/ESCAT\/index.php\/wp-json\/wp\/v2\/media\/78171"}],"wp:attachment":[{"href":"https:\/\/blogs.uninter.edu.mx\/ESCAT\/index.php\/wp-json\/wp\/v2\/media?parent=78142"}],"wp:term":[{"taxonomy":"category","embeddable":true,"href":"https:\/\/blogs.uninter.edu.mx\/ESCAT\/index.php\/wp-json\/wp\/v2\/categories?post=78142"},{"taxonomy":"post_tag","embeddable":true,"href":"https:\/\/blogs.uninter.edu.mx\/ESCAT\/index.php\/wp-json\/wp\/v2\/tags?post=78142"}],"curies":[{"name":"wp","href":"https:\/\/api.w.org\/{rel}","templated":true}]}}