{"id":79578,"date":"2026-04-28T08:15:00","date_gmt":"2026-04-28T14:15:00","guid":{"rendered":"https:\/\/blogs.uninter.edu.mx\/ESCAT\/?p=79578"},"modified":"2026-04-19T14:16:25","modified_gmt":"2026-04-19T20:16:25","slug":"talento-emergente-rumbo-a-la-pasarela-anual-escat-uninter-ldm","status":"publish","type":"post","link":"https:\/\/blogs.uninter.edu.mx\/ESCAT\/index.php\/talento-emergente-rumbo-a-la-pasarela-anual-escat-uninter-ldm\/","title":{"rendered":"Talento Emergente Rumbo a la Pasarela Anual #ESCAT #UNINTER #LDM"},"content":{"rendered":"<div class=\"wp-block-image\">\n<figure class=\"aligncenter size-full is-resized\"><a href=\"https:\/\/www.facebook.com\/EscatUninter\"><img loading=\"lazy\" decoding=\"async\" width=\"902\" height=\"1024\" src=\"https:\/\/blogs.uninter.edu.mx\/ESCAT\/wp-content\/uploads\/2025\/08\/image-167.png\" alt=\"\" class=\"wp-image-76518\" style=\"width:182px;height:206px\"\/><\/a><\/figure>\n<\/div>\n\n\n<p>Casting abierto: El inicio de una pasarela que promete talento, proyecci\u00f3n y grandes oportunidades<\/p>\n\n\n\n<!--more-->\n\n\n\n<h2 class=\"wp-block-heading\">La Licenciatura en Dise\u00f1o de Modas y Tendencias Internacionales<\/h2>\n\n\n\n<p>Vivi\u00f3 uno de los momentos m\u00e1s emocionantes y significativos del semestre con la realizaci\u00f3n de su casting abierto para la pasarela anual, un espacio donde la creatividad, la actitud y el potencial esc\u00e9nico se convierten en los principales protagonistas. Este proceso no solo permiti\u00f3 identificar talento, sino tambi\u00e9n generar una experiencia formativa en la que cada participante pudo enfrentarse a un entorno m\u00e1s cercano a la realidad profesional de la industria de la moda.<\/p>\n\n\n\n<p>Durante esta edici\u00f3n, se cont\u00f3 con una destacada participaci\u00f3n de estudiantes que mostraron inter\u00e9s, compromiso y entusiasmo por formar parte del proyecto. Despu\u00e9s de un proceso de selecci\u00f3n cuidadoso, se eligieron a 38 modelos, quienes no solo destacaron por su presencia y estilo en pasarela, sino tambi\u00e9n por su disciplina, seguridad y capacidad de proyecci\u00f3n esc\u00e9nica.<\/p>\n\n\n\n<p>Asimismo, se valor\u00f3 su actitud, disposici\u00f3n para aprender y apertura al trabajo en equipo, elementos fundamentales para el desarrollo de una pasarela de este nivel. Este casting representa el inicio de un proceso integral en el que las y los seleccionados continuar\u00e1n prepar\u00e1ndose para construir una propuesta s\u00f3lida, profesional y coherente con los objetivos acad\u00e9micos y creativos del programa.<\/p>\n\n\n\n<figure class=\"wp-block-image size-full\"><img loading=\"lazy\" decoding=\"async\" width=\"1200\" height=\"640\" src=\"https:\/\/blogs.uninter.edu.mx\/ESCAT\/wp-content\/uploads\/2026\/03\/Portada-patronaje-1-1.png\" alt=\"\" class=\"wp-image-79732\"\/><\/figure>\n\n\n\n<h2 class=\"wp-block-heading\">La jornada reuni\u00f3 a un total de 27 chicas y 11 chicos modelos <\/h2>\n\n\n\n<p>Quienes se dieron cita para formar parte de una experiencia que va mucho m\u00e1s all\u00e1 de una simple selecci\u00f3n, cada participante aport\u00f3 su esencia, estilo y presencia esc\u00e9nica, convirtiendo el casting en una plataforma vibrante donde la diversidad y la autenticidad fueron protagonistas, por otro lado, un aspecto destacado de esta edici\u00f3n fue la participaci\u00f3n de la reconocida Shine On Company, cuya presencia aport\u00f3 una visi\u00f3n profesional del modelaje y, en consecuencia, enriqueci\u00f3 el proceso de selecci\u00f3n, elevando el nivel del casting.<\/p>\n\n\n\n<figure class=\"wp-block-image size-full\"><img loading=\"lazy\" decoding=\"async\" width=\"1200\" height=\"640\" src=\"https:\/\/blogs.uninter.edu.mx\/ESCAT\/wp-content\/uploads\/2026\/03\/Portada-patronaje-2.png\" alt=\"\" class=\"wp-image-79733\"\/><\/figure>\n\n\n\n<p>Asimismo, se cont\u00f3 con el valioso apoyo de los docentes de la carrera, Isarael Viramontes, Jasso Joana Mart\u00ednez e Isabel \u00c1vila, cuyo acompa\u00f1amiento fue fundamental para el desarrollo de esta actividad.<\/p>\n\n\n\n<p> De igual forma, se agradece la participaci\u00f3n y apoyo de los alumnos de segundo semestre: B\u00e1rbara Hern\u00e1ndez, Yatziri Montes, Zoe Monserrat Calixto y Carlos Eduardo Y\u00e1\u00f1ez, quienes contribuyeron activamente al buen desarrollo del evento.<\/p>\n\n\n<div class=\"wp-block-image\">\n<figure class=\"aligncenter size-full is-resized\"><img loading=\"lazy\" decoding=\"async\" width=\"500\" height=\"500\" src=\"https:\/\/blogs.uninter.edu.mx\/ESCAT\/wp-content\/uploads\/2026\/03\/IMG_5815.png\" alt=\"\" class=\"wp-image-79734\" style=\"width:404px;height:auto\"\/><\/figure>\n<\/div>\n\n\n<p class=\"has-small-font-size\">Fuentes: <a href=\"https:\/\/blogs.uninter.edu.mx\/ESCAT\/index.php\/emely-gutierrez-jimenez\/\">Emely Guti\u00e9rrez Jim\u00e9nez<\/a><\/p>\n\n\n\n<div class=\"wp-block-buttons is-layout-flex wp-block-buttons-is-layout-flex\">\n<div class=\"wp-block-button has-custom-width wp-block-button__width-50\"><a class=\"wp-block-button__link has-background wp-element-button\" href=\"https:\/\/universidad.uninter.edu.mx\/carreras\/LDM\" style=\"background:linear-gradient(135deg,rgb(2,3,129) 0%,rgb(40,116,252) 54%)\">\ud83d\udcd8<strong>Descubre el plan de estudios<\/strong><\/a><\/div>\n\n\n\n<div class=\"wp-block-button has-custom-width wp-block-button__width-50\"><a class=\"wp-block-button__link has-pale-cyan-blue-background-color has-background wp-element-button\" href=\"https:\/\/acortar.link\/L0xwTE\"><strong>\ud83d\udcacAgenda una asesor\u00eda<\/strong><\/a><\/div>\n\n\n\n<div class=\"wp-block-button has-custom-width wp-block-button__width-50\"><a class=\"wp-block-button__link has-background wp-element-button\" href=\"https:\/\/acortar.link\/L0xwTE\" style=\"background:linear-gradient(135deg,rgb(122,220,180) 0%,rgb(0,208,130) 42%)\"><strong>\ud83d\udfe2Escr\u00edbenos por WhatsApp<\/strong><\/a><\/div>\n\n\n\n<div class=\"wp-block-button has-custom-width wp-block-button__width-50\"><a class=\"wp-block-button__link has-black-color has-text-color has-background has-link-color wp-element-button\" href=\"https:\/\/blogs.uninter.edu.mx\/ESCAT\/\" style=\"background:linear-gradient(135deg,rgb(238,238,238) 0%,rgb(169,184,195) 51%)\"><strong>\u27a1\ufe0fM\u00e1s Noticias Sobre ESCAT<\/strong><\/a><\/div>\n<\/div>\n\n\n<div class=\"wp-block-image\">\n<figure class=\"aligncenter size-full\"><a href=\"https:\/\/uninter.edu.mx\/\"><img loading=\"lazy\" decoding=\"async\" width=\"1024\" height=\"154\" src=\"https:\/\/blogs.uninter.edu.mx\/ESCAT\/wp-content\/uploads\/2025\/03\/image-59.png\" alt=\"\" class=\"wp-image-72952\"\/><\/a><\/figure>\n<\/div>\n\n\n<p><\/p>\n","protected":false},"excerpt":{"rendered":"<p>Casting abierto: El inicio de una pasarela que promete talento, proyecci\u00f3n y grandes oportunidades<\/p>\n","protected":false},"author":52,"featured_media":79852,"comment_status":"open","ping_status":"open","sticky":false,"template":"","format":"standard","meta":{"_jetpack_memberships_contains_paid_content":false,"footnotes":"","jetpack_publicize_message":"","jetpack_publicize_feature_enabled":true,"jetpack_social_post_already_shared":true,"jetpack_social_options":{"image_generator_settings":{"template":"highway","default_image_id":0,"font":"","enabled":false},"version":2}},"categories":[7],"tags":[3005,2831,227,698,32,37],"class_list":["post-79578","post","type-post","status-publish","format-standard","has-post-thumbnail","hentry","category-diseno-de-modas-y-tendencias-internacionales","tag-disenodemodasytendenciasinternacionales","tag-ldmuninter","tag-moda-2","tag-pasarela-2","tag-escat","tag-universidad-internacional"],"yoast_head":"<!-- This site is optimized with the Yoast SEO plugin v26.8 - https:\/\/yoast.com\/product\/yoast-seo-wordpress\/ -->\r\n<title>Talento Emergente Rumbo a la Pasarela Anual #ESCAT #UNINTER #LDM - Escuela de Ciencias, Artes y Tecnolog\u00eda<\/title>\r\n<meta name=\"description\" content=\"38 talentos, una visi\u00f3n en movimiento: as\u00ed comenz\u00f3 el camino hacia nuestra pasarela anual, donde formaci\u00f3n, industria...\" \/>\r\n<meta name=\"robots\" content=\"index, follow, max-snippet:-1, max-image-preview:large, max-video-preview:-1\" \/>\r\n<link rel=\"canonical\" href=\"https:\/\/blogs.uninter.edu.mx\/ESCAT\/index.php\/talento-emergente-rumbo-a-la-pasarela-anual-escat-uninter-ldm\/\" \/>\r\n<meta property=\"og:locale\" content=\"es_MX\" \/>\r\n<meta property=\"og:type\" content=\"article\" \/>\r\n<meta property=\"og:title\" content=\"Talento Emergente Rumbo a la Pasarela Anual #ESCAT #UNINTER #LDM - Escuela de Ciencias, Artes y Tecnolog\u00eda\" \/>\r\n<meta property=\"og:description\" content=\"38 talentos, una visi\u00f3n en movimiento: as\u00ed comenz\u00f3 el camino hacia nuestra pasarela anual, donde formaci\u00f3n, industria...\" \/>\r\n<meta property=\"og:url\" content=\"https:\/\/blogs.uninter.edu.mx\/ESCAT\/index.php\/talento-emergente-rumbo-a-la-pasarela-anual-escat-uninter-ldm\/\" \/>\r\n<meta property=\"og:site_name\" content=\"Escuela de Ciencias, Artes y Tecnolog\u00eda\" \/>\r\n<meta property=\"article:publisher\" content=\"https:\/\/www.facebook.com\/EscatUninter\/\" \/>\r\n<meta property=\"article:published_time\" content=\"2026-04-28T14:15:00+00:00\" \/>\r\n<meta property=\"og:image\" content=\"https:\/\/blogs.uninter.edu.mx\/ESCAT\/wp-content\/uploads\/2026\/03\/Portada-patronaje-1200-x-630-px.png\" \/>\r\n\t<meta property=\"og:image:width\" content=\"1200\" \/>\r\n\t<meta property=\"og:image:height\" content=\"630\" \/>\r\n\t<meta property=\"og:image:type\" content=\"image\/png\" \/>\r\n<meta name=\"author\" content=\"Emely Guti\u00e9rrez Jim\u00e9nez\" \/>\r\n<meta name=\"twitter:card\" content=\"summary_large_image\" \/>\r\n<meta name=\"twitter:title\" content=\"Talento Emergente Rumbo a la Pasarela Anual #ESCAT #UNINTER #LDM - Escuela de Ciencias, Artes y Tecnolog\u00eda\" \/>\r\n<meta name=\"twitter:image\" content=\"https:\/\/blogs.uninter.edu.mx\/ESCAT\/wp-content\/uploads\/2026\/03\/Portada-patronaje-1200-x-630-px.png\" \/>\r\n<meta name=\"twitter:creator\" content=\"@EscatUninter\" \/>\r\n<meta name=\"twitter:site\" content=\"@EscatUninter\" \/>\r\n<meta name=\"twitter:label1\" content=\"Escrito por\" \/>\n\t<meta name=\"twitter:data1\" content=\"Emely Guti\u00e9rrez Jim\u00e9nez\" \/>\n\t<meta name=\"twitter:label2\" content=\"Tiempo de lectura\" \/>\n\t<meta name=\"twitter:data2\" content=\"3 minutos\" \/>\r\n<script type=\"application\/ld+json\" class=\"yoast-schema-graph\">{\"@context\":\"https:\/\/schema.org\",\"@graph\":[{\"@type\":\"Article\",\"@id\":\"https:\/\/blogs.uninter.edu.mx\/ESCAT\/index.php\/talento-emergente-rumbo-a-la-pasarela-anual-escat-uninter-ldm\/#article\",\"isPartOf\":{\"@id\":\"https:\/\/blogs.uninter.edu.mx\/ESCAT\/index.php\/talento-emergente-rumbo-a-la-pasarela-anual-escat-uninter-ldm\/\"},\"author\":{\"name\":\"Emely Guti\u00e9rrez Jim\u00e9nez\",\"@id\":\"https:\/\/blogs.uninter.edu.mx\/ESCAT\/#\/schema\/person\/0cd72a0066064f7cb62449850672f3af\"},\"headline\":\"Talento Emergente Rumbo a la Pasarela Anual #ESCAT #UNINTER #LDM\",\"datePublished\":\"2026-04-28T14:15:00+00:00\",\"mainEntityOfPage\":{\"@id\":\"https:\/\/blogs.uninter.edu.mx\/ESCAT\/index.php\/talento-emergente-rumbo-a-la-pasarela-anual-escat-uninter-ldm\/\"},\"wordCount\":436,\"commentCount\":0,\"image\":{\"@id\":\"https:\/\/blogs.uninter.edu.mx\/ESCAT\/index.php\/talento-emergente-rumbo-a-la-pasarela-anual-escat-uninter-ldm\/#primaryimage\"},\"thumbnailUrl\":\"https:\/\/blogs.uninter.edu.mx\/ESCAT\/wp-content\/uploads\/2026\/03\/Portada-patronaje-1200-x-630-px.png\",\"keywords\":[\"#Dise\u00f1odeModasyTendenciasInternacionales\",\"#LDMUninter\",\"#Moda\",\"#Pasarela\",\"ESCAT\",\"Universidad Internacional\"],\"articleSection\":[\"Dise\u00f1o de Modas y Tendencias Internacionales\"],\"inLanguage\":\"es\",\"potentialAction\":[{\"@type\":\"CommentAction\",\"name\":\"Comment\",\"target\":[\"https:\/\/blogs.uninter.edu.mx\/ESCAT\/index.php\/talento-emergente-rumbo-a-la-pasarela-anual-escat-uninter-ldm\/#respond\"]}]},{\"@type\":\"WebPage\",\"@id\":\"https:\/\/blogs.uninter.edu.mx\/ESCAT\/index.php\/talento-emergente-rumbo-a-la-pasarela-anual-escat-uninter-ldm\/\",\"url\":\"https:\/\/blogs.uninter.edu.mx\/ESCAT\/index.php\/talento-emergente-rumbo-a-la-pasarela-anual-escat-uninter-ldm\/\",\"name\":\"Talento Emergente Rumbo a la Pasarela Anual #ESCAT #UNINTER #LDM - Escuela de Ciencias, Artes y Tecnolog\u00eda\",\"isPartOf\":{\"@id\":\"https:\/\/blogs.uninter.edu.mx\/ESCAT\/#website\"},\"primaryImageOfPage\":{\"@id\":\"https:\/\/blogs.uninter.edu.mx\/ESCAT\/index.php\/talento-emergente-rumbo-a-la-pasarela-anual-escat-uninter-ldm\/#primaryimage\"},\"image\":{\"@id\":\"https:\/\/blogs.uninter.edu.mx\/ESCAT\/index.php\/talento-emergente-rumbo-a-la-pasarela-anual-escat-uninter-ldm\/#primaryimage\"},\"thumbnailUrl\":\"https:\/\/blogs.uninter.edu.mx\/ESCAT\/wp-content\/uploads\/2026\/03\/Portada-patronaje-1200-x-630-px.png\",\"datePublished\":\"2026-04-28T14:15:00+00:00\",\"author\":{\"@id\":\"https:\/\/blogs.uninter.edu.mx\/ESCAT\/#\/schema\/person\/0cd72a0066064f7cb62449850672f3af\"},\"description\":\"38 talentos, una visi\u00f3n en movimiento: as\u00ed comenz\u00f3 el camino hacia nuestra pasarela anual, donde formaci\u00f3n, industria...\",\"breadcrumb\":{\"@id\":\"https:\/\/blogs.uninter.edu.mx\/ESCAT\/index.php\/talento-emergente-rumbo-a-la-pasarela-anual-escat-uninter-ldm\/#breadcrumb\"},\"inLanguage\":\"es\",\"potentialAction\":[{\"@type\":\"ReadAction\",\"target\":[\"https:\/\/blogs.uninter.edu.mx\/ESCAT\/index.php\/talento-emergente-rumbo-a-la-pasarela-anual-escat-uninter-ldm\/\"]}]},{\"@type\":\"ImageObject\",\"inLanguage\":\"es\",\"@id\":\"https:\/\/blogs.uninter.edu.mx\/ESCAT\/index.php\/talento-emergente-rumbo-a-la-pasarela-anual-escat-uninter-ldm\/#primaryimage\",\"url\":\"https:\/\/blogs.uninter.edu.mx\/ESCAT\/wp-content\/uploads\/2026\/03\/Portada-patronaje-1200-x-630-px.png\",\"contentUrl\":\"https:\/\/blogs.uninter.edu.mx\/ESCAT\/wp-content\/uploads\/2026\/03\/Portada-patronaje-1200-x-630-px.png\",\"width\":1200,\"height\":630},{\"@type\":\"BreadcrumbList\",\"@id\":\"https:\/\/blogs.uninter.edu.mx\/ESCAT\/index.php\/talento-emergente-rumbo-a-la-pasarela-anual-escat-uninter-ldm\/#breadcrumb\",\"itemListElement\":[{\"@type\":\"ListItem\",\"position\":1,\"name\":\"Inicio\",\"item\":\"https:\/\/blogs.uninter.edu.mx\/ESCAT\/\"},{\"@type\":\"ListItem\",\"position\":2,\"name\":\"Talento Emergente Rumbo a la Pasarela Anual #ESCAT #UNINTER #LDM\"}]},{\"@type\":\"WebSite\",\"@id\":\"https:\/\/blogs.uninter.edu.mx\/ESCAT\/#website\",\"url\":\"https:\/\/blogs.uninter.edu.mx\/ESCAT\/\",\"name\":\"Escuela de Ciencias, Artes y Tecnolog\u00eda UNINTER\",\"description\":\"ESCAT\",\"potentialAction\":[{\"@type\":\"SearchAction\",\"target\":{\"@type\":\"EntryPoint\",\"urlTemplate\":\"https:\/\/blogs.uninter.edu.mx\/ESCAT\/?s={search_term_string}\"},\"query-input\":{\"@type\":\"PropertyValueSpecification\",\"valueRequired\":true,\"valueName\":\"search_term_string\"}}],\"inLanguage\":\"es\"},{\"@type\":\"Person\",\"@id\":\"https:\/\/blogs.uninter.edu.mx\/ESCAT\/#\/schema\/person\/0cd72a0066064f7cb62449850672f3af\",\"name\":\"Emely Guti\u00e9rrez Jim\u00e9nez\",\"image\":{\"@type\":\"ImageObject\",\"inLanguage\":\"es\",\"@id\":\"https:\/\/blogs.uninter.edu.mx\/ESCAT\/#\/schema\/person\/image\/\",\"url\":\"https:\/\/secure.gravatar.com\/avatar\/0d18e7cc9395e51628f9acc42cc0fd01b5a017cba61ad6702671a4e763785968?s=96&d=mm&r=g\",\"contentUrl\":\"https:\/\/secure.gravatar.com\/avatar\/0d18e7cc9395e51628f9acc42cc0fd01b5a017cba61ad6702671a4e763785968?s=96&d=mm&r=g\",\"caption\":\"Emely Guti\u00e9rrez Jim\u00e9nez\"},\"url\":\"https:\/\/blogs.uninter.edu.mx\/ESCAT\/index.php\/author\/egutierrez\/\"}]}<\/script>\r\n<!-- \/ Yoast SEO plugin. -->","yoast_head_json":{"title":"Talento Emergente Rumbo a la Pasarela Anual #ESCAT #UNINTER #LDM - Escuela de Ciencias, Artes y Tecnolog\u00eda","description":"38 talentos, una visi\u00f3n en movimiento: as\u00ed comenz\u00f3 el camino hacia nuestra pasarela anual, donde formaci\u00f3n, industria...","robots":{"index":"index","follow":"follow","max-snippet":"max-snippet:-1","max-image-preview":"max-image-preview:large","max-video-preview":"max-video-preview:-1"},"canonical":"https:\/\/blogs.uninter.edu.mx\/ESCAT\/index.php\/talento-emergente-rumbo-a-la-pasarela-anual-escat-uninter-ldm\/","og_locale":"es_MX","og_type":"article","og_title":"Talento Emergente Rumbo a la Pasarela Anual #ESCAT #UNINTER #LDM - Escuela de Ciencias, Artes y Tecnolog\u00eda","og_description":"38 talentos, una visi\u00f3n en movimiento: as\u00ed comenz\u00f3 el camino hacia nuestra pasarela anual, donde formaci\u00f3n, industria...","og_url":"https:\/\/blogs.uninter.edu.mx\/ESCAT\/index.php\/talento-emergente-rumbo-a-la-pasarela-anual-escat-uninter-ldm\/","og_site_name":"Escuela de Ciencias, Artes y Tecnolog\u00eda","article_publisher":"https:\/\/www.facebook.com\/EscatUninter\/","article_published_time":"2026-04-28T14:15:00+00:00","og_image":[{"width":1200,"height":630,"url":"https:\/\/blogs.uninter.edu.mx\/ESCAT\/wp-content\/uploads\/2026\/03\/Portada-patronaje-1200-x-630-px.png","type":"image\/png"}],"author":"Emely Guti\u00e9rrez Jim\u00e9nez","twitter_card":"summary_large_image","twitter_title":"Talento Emergente Rumbo a la Pasarela Anual #ESCAT #UNINTER #LDM - Escuela de Ciencias, Artes y Tecnolog\u00eda","twitter_image":"https:\/\/blogs.uninter.edu.mx\/ESCAT\/wp-content\/uploads\/2026\/03\/Portada-patronaje-1200-x-630-px.png","twitter_creator":"@EscatUninter","twitter_site":"@EscatUninter","twitter_misc":{"Escrito por":"Emely Guti\u00e9rrez Jim\u00e9nez","Tiempo de lectura":"3 minutos"},"schema":{"@context":"https:\/\/schema.org","@graph":[{"@type":"Article","@id":"https:\/\/blogs.uninter.edu.mx\/ESCAT\/index.php\/talento-emergente-rumbo-a-la-pasarela-anual-escat-uninter-ldm\/#article","isPartOf":{"@id":"https:\/\/blogs.uninter.edu.mx\/ESCAT\/index.php\/talento-emergente-rumbo-a-la-pasarela-anual-escat-uninter-ldm\/"},"author":{"name":"Emely Guti\u00e9rrez Jim\u00e9nez","@id":"https:\/\/blogs.uninter.edu.mx\/ESCAT\/#\/schema\/person\/0cd72a0066064f7cb62449850672f3af"},"headline":"Talento Emergente Rumbo a la Pasarela Anual #ESCAT #UNINTER #LDM","datePublished":"2026-04-28T14:15:00+00:00","mainEntityOfPage":{"@id":"https:\/\/blogs.uninter.edu.mx\/ESCAT\/index.php\/talento-emergente-rumbo-a-la-pasarela-anual-escat-uninter-ldm\/"},"wordCount":436,"commentCount":0,"image":{"@id":"https:\/\/blogs.uninter.edu.mx\/ESCAT\/index.php\/talento-emergente-rumbo-a-la-pasarela-anual-escat-uninter-ldm\/#primaryimage"},"thumbnailUrl":"https:\/\/blogs.uninter.edu.mx\/ESCAT\/wp-content\/uploads\/2026\/03\/Portada-patronaje-1200-x-630-px.png","keywords":["#Dise\u00f1odeModasyTendenciasInternacionales","#LDMUninter","#Moda","#Pasarela","ESCAT","Universidad Internacional"],"articleSection":["Dise\u00f1o de Modas y Tendencias Internacionales"],"inLanguage":"es","potentialAction":[{"@type":"CommentAction","name":"Comment","target":["https:\/\/blogs.uninter.edu.mx\/ESCAT\/index.php\/talento-emergente-rumbo-a-la-pasarela-anual-escat-uninter-ldm\/#respond"]}]},{"@type":"WebPage","@id":"https:\/\/blogs.uninter.edu.mx\/ESCAT\/index.php\/talento-emergente-rumbo-a-la-pasarela-anual-escat-uninter-ldm\/","url":"https:\/\/blogs.uninter.edu.mx\/ESCAT\/index.php\/talento-emergente-rumbo-a-la-pasarela-anual-escat-uninter-ldm\/","name":"Talento Emergente Rumbo a la Pasarela Anual #ESCAT #UNINTER #LDM - Escuela de Ciencias, Artes y Tecnolog\u00eda","isPartOf":{"@id":"https:\/\/blogs.uninter.edu.mx\/ESCAT\/#website"},"primaryImageOfPage":{"@id":"https:\/\/blogs.uninter.edu.mx\/ESCAT\/index.php\/talento-emergente-rumbo-a-la-pasarela-anual-escat-uninter-ldm\/#primaryimage"},"image":{"@id":"https:\/\/blogs.uninter.edu.mx\/ESCAT\/index.php\/talento-emergente-rumbo-a-la-pasarela-anual-escat-uninter-ldm\/#primaryimage"},"thumbnailUrl":"https:\/\/blogs.uninter.edu.mx\/ESCAT\/wp-content\/uploads\/2026\/03\/Portada-patronaje-1200-x-630-px.png","datePublished":"2026-04-28T14:15:00+00:00","author":{"@id":"https:\/\/blogs.uninter.edu.mx\/ESCAT\/#\/schema\/person\/0cd72a0066064f7cb62449850672f3af"},"description":"38 talentos, una visi\u00f3n en movimiento: as\u00ed comenz\u00f3 el camino hacia nuestra pasarela anual, donde formaci\u00f3n, industria...","breadcrumb":{"@id":"https:\/\/blogs.uninter.edu.mx\/ESCAT\/index.php\/talento-emergente-rumbo-a-la-pasarela-anual-escat-uninter-ldm\/#breadcrumb"},"inLanguage":"es","potentialAction":[{"@type":"ReadAction","target":["https:\/\/blogs.uninter.edu.mx\/ESCAT\/index.php\/talento-emergente-rumbo-a-la-pasarela-anual-escat-uninter-ldm\/"]}]},{"@type":"ImageObject","inLanguage":"es","@id":"https:\/\/blogs.uninter.edu.mx\/ESCAT\/index.php\/talento-emergente-rumbo-a-la-pasarela-anual-escat-uninter-ldm\/#primaryimage","url":"https:\/\/blogs.uninter.edu.mx\/ESCAT\/wp-content\/uploads\/2026\/03\/Portada-patronaje-1200-x-630-px.png","contentUrl":"https:\/\/blogs.uninter.edu.mx\/ESCAT\/wp-content\/uploads\/2026\/03\/Portada-patronaje-1200-x-630-px.png","width":1200,"height":630},{"@type":"BreadcrumbList","@id":"https:\/\/blogs.uninter.edu.mx\/ESCAT\/index.php\/talento-emergente-rumbo-a-la-pasarela-anual-escat-uninter-ldm\/#breadcrumb","itemListElement":[{"@type":"ListItem","position":1,"name":"Inicio","item":"https:\/\/blogs.uninter.edu.mx\/ESCAT\/"},{"@type":"ListItem","position":2,"name":"Talento Emergente Rumbo a la Pasarela Anual #ESCAT #UNINTER #LDM"}]},{"@type":"WebSite","@id":"https:\/\/blogs.uninter.edu.mx\/ESCAT\/#website","url":"https:\/\/blogs.uninter.edu.mx\/ESCAT\/","name":"Escuela de Ciencias, Artes y Tecnolog\u00eda UNINTER","description":"ESCAT","potentialAction":[{"@type":"SearchAction","target":{"@type":"EntryPoint","urlTemplate":"https:\/\/blogs.uninter.edu.mx\/ESCAT\/?s={search_term_string}"},"query-input":{"@type":"PropertyValueSpecification","valueRequired":true,"valueName":"search_term_string"}}],"inLanguage":"es"},{"@type":"Person","@id":"https:\/\/blogs.uninter.edu.mx\/ESCAT\/#\/schema\/person\/0cd72a0066064f7cb62449850672f3af","name":"Emely Guti\u00e9rrez Jim\u00e9nez","image":{"@type":"ImageObject","inLanguage":"es","@id":"https:\/\/blogs.uninter.edu.mx\/ESCAT\/#\/schema\/person\/image\/","url":"https:\/\/secure.gravatar.com\/avatar\/0d18e7cc9395e51628f9acc42cc0fd01b5a017cba61ad6702671a4e763785968?s=96&d=mm&r=g","contentUrl":"https:\/\/secure.gravatar.com\/avatar\/0d18e7cc9395e51628f9acc42cc0fd01b5a017cba61ad6702671a4e763785968?s=96&d=mm&r=g","caption":"Emely Guti\u00e9rrez Jim\u00e9nez"},"url":"https:\/\/blogs.uninter.edu.mx\/ESCAT\/index.php\/author\/egutierrez\/"}]}},"jetpack_publicize_connections":[],"jetpack_featured_media_url":"https:\/\/blogs.uninter.edu.mx\/ESCAT\/wp-content\/uploads\/2026\/03\/Portada-patronaje-1200-x-630-px.png","jetpack_sharing_enabled":true,"_links":{"self":[{"href":"https:\/\/blogs.uninter.edu.mx\/ESCAT\/index.php\/wp-json\/wp\/v2\/posts\/79578","targetHints":{"allow":["GET"]}}],"collection":[{"href":"https:\/\/blogs.uninter.edu.mx\/ESCAT\/index.php\/wp-json\/wp\/v2\/posts"}],"about":[{"href":"https:\/\/blogs.uninter.edu.mx\/ESCAT\/index.php\/wp-json\/wp\/v2\/types\/post"}],"author":[{"embeddable":true,"href":"https:\/\/blogs.uninter.edu.mx\/ESCAT\/index.php\/wp-json\/wp\/v2\/users\/52"}],"replies":[{"embeddable":true,"href":"https:\/\/blogs.uninter.edu.mx\/ESCAT\/index.php\/wp-json\/wp\/v2\/comments?post=79578"}],"version-history":[{"count":13,"href":"https:\/\/blogs.uninter.edu.mx\/ESCAT\/index.php\/wp-json\/wp\/v2\/posts\/79578\/revisions"}],"predecessor-version":[{"id":80361,"href":"https:\/\/blogs.uninter.edu.mx\/ESCAT\/index.php\/wp-json\/wp\/v2\/posts\/79578\/revisions\/80361"}],"wp:featuredmedia":[{"embeddable":true,"href":"https:\/\/blogs.uninter.edu.mx\/ESCAT\/index.php\/wp-json\/wp\/v2\/media\/79852"}],"wp:attachment":[{"href":"https:\/\/blogs.uninter.edu.mx\/ESCAT\/index.php\/wp-json\/wp\/v2\/media?parent=79578"}],"wp:term":[{"taxonomy":"category","embeddable":true,"href":"https:\/\/blogs.uninter.edu.mx\/ESCAT\/index.php\/wp-json\/wp\/v2\/categories?post=79578"},{"taxonomy":"post_tag","embeddable":true,"href":"https:\/\/blogs.uninter.edu.mx\/ESCAT\/index.php\/wp-json\/wp\/v2\/tags?post=79578"}],"curies":[{"name":"wp","href":"https:\/\/api.w.org\/{rel}","templated":true}]}}