{"id":80124,"date":"2026-05-01T08:01:00","date_gmt":"2026-05-01T14:01:00","guid":{"rendered":"https:\/\/blogs.uninter.edu.mx\/ESCAT\/?p=80124"},"modified":"2026-04-24T13:02:17","modified_gmt":"2026-04-24T19:02:17","slug":"__trashed-2","status":"publish","type":"post","link":"https:\/\/blogs.uninter.edu.mx\/ESCAT\/index.php\/__trashed-2\/","title":{"rendered":"Cumplea\u00f1os que Inspiran: Mayo en Dise\u00f1o de Modas #ESCAT #UNINTER #LDM"},"content":{"rendered":"<div class=\"wp-block-image\">\n<figure class=\"aligncenter size-full is-resized\"><a href=\"https:\/\/www.facebook.com\/EscatUninter\"><img loading=\"lazy\" decoding=\"async\" width=\"902\" height=\"1024\" src=\"https:\/\/blogs.uninter.edu.mx\/ESCAT\/wp-content\/uploads\/2025\/03\/image-58.png\" alt=\"\" class=\"wp-image-72951\" style=\"aspect-ratio:0.8848167539267016;width:137px;height:auto\"\/><\/a><\/figure>\n<\/div>\n\n\n<p>Los cumplea\u00f1os mayo dise\u00f1o de modas representan expansi\u00f3n, energ\u00eda creativa y consolidaci\u00f3n de ideas. Es una etapa donde la inspiraci\u00f3n no solo nace, sino que comienza a tomar direcci\u00f3n, fuerza y prop\u00f3sito dentro del proceso creativo.<\/p>\n\n\n\n<!--more-->\n\n\n\n<p>En la Licenciatura en Dise\u00f1o de Modas de UNINTER, celebramos con orgullo a todas nuestras estudiantes que forman parte de los cumplea\u00f1os mayo dise\u00f1o de modas, un mes que simboliza<strong> crecimiento<\/strong>, <strong>seguridad creativa <\/strong>y el <strong>florecimiento de propuestas con identidad propia.<\/strong><\/p>\n\n\n\n<p>Mayo es un mes especialmente significativo dentro del mundo de la moda. Marca el momento en el que muchas tendencias comienzan a materializarse en editoriales, campa\u00f1as y propuestas visuales que definir\u00e1n la temporada. Es, en esencia, un periodo donde la creatividad deja de ser solo idea y se convierte en mensaje.<\/p>\n\n\n\n<figure class=\"wp-block-image size-full\"><img loading=\"lazy\" decoding=\"async\" width=\"1200\" height=\"630\" src=\"https:\/\/blogs.uninter.edu.mx\/ESCAT\/wp-content\/uploads\/2026\/04\/Portada-patronaje-1200-x-630-px-33-1.png\" alt=\"\" class=\"wp-image-80126\"\/><\/figure>\n\n\n\n<h3 class=\"wp-block-heading\">Dise\u00f1adoras nacidas en mayo: creatividad y evoluci\u00f3n<\/h3>\n\n\n\n<p><strong>Creatividad en expansi\u00f3n<\/strong><br>Las nacidas en mayo destacan por llevar sus ideas a otro nivel. No solo imaginan, sino que desarrollan conceptos con mayor claridad, intenci\u00f3n y direcci\u00f3n dentro del proceso de dise\u00f1o.<\/p>\n\n\n\n<p><strong>Seguridad est\u00e9tica<\/strong><br>Comienzan a consolidar su estilo personal, tomando decisiones m\u00e1s firmes en cuanto a siluetas, colores, materiales y narrativa visual.<\/p>\n\n\n\n<p><strong>Innovaci\u00f3n con prop\u00f3sito<\/strong><br>Su creatividad evoluciona hacia propuestas m\u00e1s estructuradas, donde cada elemento tiene una raz\u00f3n de ser dentro del dise\u00f1o.<\/p>\n\n\n\n<p><strong>Expresi\u00f3n con identidad<\/strong><br>Ven la moda como un medio para comunicar qui\u00e9nes son. Sus proyectos reflejan una b\u00fasqueda constante de autenticidad y diferenciaci\u00f3n.<\/p>\n\n\n\n<p><strong>Colaboraci\u00f3n consciente<\/strong><br>Participan activamente en procesos colaborativos, aportando ideas con mayor seguridad y enriqueciendo el trabajo en equipo.<\/p>\n\n\n\n<p><strong>Dise\u00f1adoras en consolidaci\u00f3n<\/strong><br>Las nacidas en mayo representan avance, evoluci\u00f3n y construcci\u00f3n de una identidad creativa m\u00e1s definida, cualidades clave en su formaci\u00f3n como dise\u00f1adoras.<\/p>\n\n\n\n<figure class=\"wp-block-image size-full\"><img loading=\"lazy\" decoding=\"async\" width=\"940\" height=\"788\" src=\"https:\/\/blogs.uninter.edu.mx\/ESCAT\/wp-content\/uploads\/2026\/04\/33.png\" alt=\"\" class=\"wp-image-80128\"\/><\/figure>\n\n\n\n<figure class=\"wp-block-image size-full\"><img loading=\"lazy\" decoding=\"async\" width=\"940\" height=\"788\" src=\"https:\/\/blogs.uninter.edu.mx\/ESCAT\/wp-content\/uploads\/2026\/04\/34.png\" alt=\"\" class=\"wp-image-80129\"\/><\/figure>\n\n\n\n<figure class=\"wp-block-image size-full\"><img loading=\"lazy\" decoding=\"async\" width=\"940\" height=\"788\" src=\"https:\/\/blogs.uninter.edu.mx\/ESCAT\/wp-content\/uploads\/2026\/04\/35.png\" alt=\"\" class=\"wp-image-80130\"\/><\/figure>\n\n\n\n<h2 class=\"wp-block-heading\">Celebrando el talento en dise\u00f1o de modas<\/h2>\n\n\n\n<p>Desde la Licenciatura en Dise\u00f1o de Modas, felicitamos con mucho entusiasmo a todas nuestras estudiantes que celebran su cumplea\u00f1os durante este mes.<\/p>\n\n\n\n<p>Que este nuevo a\u00f1o de vida est\u00e9 lleno de inspiraci\u00f3n con prop\u00f3sito, crecimiento creativo, retos que impulsen su talento y proyectos que reflejen la esencia \u00fanica de cada una.<\/p>\n\n\n\n<p>\u00a1Feliz cumplea\u00f1os! \ud83c\udf89\u2728<\/p>\n\n\n\n<p class=\"has-small-font-size\">Fuentes: <a href=\"https:\/\/blogs.uninter.edu.mx\/ESCAT\/index.php\/emely-gutierrez-jimenez\/\">Emely Guti\u00e9rrez Jim\u00e9nez<\/a><\/p>\n\n\n\n<div class=\"wp-block-buttons is-layout-flex wp-block-buttons-is-layout-flex\">\n<div class=\"wp-block-button has-custom-width wp-block-button__width-50\"><a class=\"wp-block-button__link has-background wp-element-button\" href=\"https:\/\/universidad.uninter.edu.mx\/carreras\/LDM\" style=\"background:linear-gradient(135deg,rgb(2,3,129) 0%,rgb(40,116,252) 42%)\">\ud83d\udcd8<strong>Descubre el plan de estudios<\/strong><\/a><\/div>\n\n\n\n<div class=\"wp-block-button has-custom-width wp-block-button__width-50\"><a class=\"wp-block-button__link has-pale-cyan-blue-background-color has-background wp-element-button\" href=\"https:\/\/acortar.link\/L0xwTE\"><strong>\ud83d\udcacAgenda una asesor\u00eda<\/strong><\/a><\/div>\n\n\n\n<div class=\"wp-block-button has-custom-width wp-block-button__width-50\"><a class=\"wp-block-button__link has-background wp-element-button\" href=\"https:\/\/acortar.link\/L0xwTE\" style=\"background:linear-gradient(135deg,rgb(122,220,180) 0%,rgb(0,208,130) 44%)\"><strong>\ud83d\udfe2Escr\u00edbenos por WhatsApp<\/strong><\/a><\/div>\n\n\n\n<div class=\"wp-block-button has-custom-width wp-block-button__width-50\"><a class=\"wp-block-button__link has-black-color has-text-color has-background has-link-color wp-element-button\" href=\"https:\/\/blogs.uninter.edu.mx\/ESCAT\/\" style=\"background:linear-gradient(135deg,rgb(238,238,238) 0%,rgb(169,184,195) 44%)\"><strong>\u27a1\ufe0fM\u00e1s Noticias Sobre ESCAT<\/strong><\/a><\/div>\n<\/div>\n\n\n<div class=\"wp-block-image\">\n<figure class=\"aligncenter size-full\"><a href=\"https:\/\/uninter.edu.mx\/\"><img loading=\"lazy\" decoding=\"async\" width=\"1024\" height=\"154\" src=\"https:\/\/blogs.uninter.edu.mx\/ESCAT\/wp-content\/uploads\/2025\/03\/image-59.png\" alt=\"\" class=\"wp-image-72952\"\/><\/a><\/figure>\n<\/div>","protected":false},"excerpt":{"rendered":"<p>Los cumplea\u00f1os mayo dise\u00f1o de modas representan expansi\u00f3n, energ\u00eda creativa y consolidaci\u00f3n de ideas. Es una etapa donde la inspiraci\u00f3n no solo nace, sino que comienza a tomar direcci\u00f3n, fuerza y prop\u00f3sito dentro del proceso creativo.<\/p>\n","protected":false},"author":52,"featured_media":80126,"comment_status":"open","ping_status":"open","sticky":false,"template":"","format":"standard","meta":{"_jetpack_memberships_contains_paid_content":false,"footnotes":"","jetpack_publicize_message":"","jetpack_publicize_feature_enabled":true,"jetpack_social_post_already_shared":true,"jetpack_social_options":{"image_generator_settings":{"template":"highway","default_image_id":0,"font":"","enabled":false},"version":2}},"categories":[7],"tags":[2011,3005,2831,227,3375,87,32,37],"class_list":["post-80124","post","type-post","status-publish","format-standard","has-post-thumbnail","hentry","category-diseno-de-modas-y-tendencias-internacionales","tag-diseno-de-modas-2","tag-disenodemodasytendenciasinternacionales","tag-ldmuninter","tag-moda-2","tag-modas-2","tag-cumpleanos","tag-escat","tag-universidad-internacional"],"yoast_head":"<!-- This site is optimized with the Yoast SEO plugin v26.8 - https:\/\/yoast.com\/product\/yoast-seo-wordpress\/ -->\r\n<title>Cumplea\u00f1os que Inspiran: Mayo en Dise\u00f1o de Modas #ESCAT #UNINTER #LDM - Escuela de Ciencias, Artes y Tecnolog\u00eda<\/title>\r\n<meta name=\"description\" content=\"Cumplea\u00f1os mayo dise\u00f1o de modas en UNINTER: celebramos creatividad, estilo e inspiraci\u00f3n de nuestras estudiantes de moda.\" \/>\r\n<meta name=\"robots\" content=\"index, follow, max-snippet:-1, max-image-preview:large, max-video-preview:-1\" \/>\r\n<link rel=\"canonical\" href=\"https:\/\/blogs.uninter.edu.mx\/ESCAT\/index.php\/__trashed-2\/\" \/>\r\n<meta property=\"og:locale\" content=\"es_MX\" \/>\r\n<meta property=\"og:type\" content=\"article\" \/>\r\n<meta property=\"og:title\" content=\"Cumplea\u00f1os que Inspiran: Mayo en Dise\u00f1o de Modas #ESCAT #UNINTER #LDM - Escuela de Ciencias, Artes y Tecnolog\u00eda\" \/>\r\n<meta property=\"og:description\" content=\"Cumplea\u00f1os mayo dise\u00f1o de modas en UNINTER: celebramos creatividad, estilo e inspiraci\u00f3n de nuestras estudiantes de moda.\" \/>\r\n<meta property=\"og:url\" content=\"https:\/\/blogs.uninter.edu.mx\/ESCAT\/index.php\/__trashed-2\/\" \/>\r\n<meta property=\"og:site_name\" content=\"Escuela de Ciencias, Artes y Tecnolog\u00eda\" \/>\r\n<meta property=\"article:publisher\" content=\"https:\/\/www.facebook.com\/EscatUninter\/\" \/>\r\n<meta property=\"article:published_time\" content=\"2026-05-01T14:01:00+00:00\" \/>\r\n<meta property=\"og:image\" content=\"https:\/\/blogs.uninter.edu.mx\/ESCAT\/wp-content\/uploads\/2026\/04\/Portada-patronaje-1200-x-630-px-33-1.png\" \/>\r\n\t<meta property=\"og:image:width\" content=\"1200\" \/>\r\n\t<meta property=\"og:image:height\" content=\"630\" \/>\r\n\t<meta property=\"og:image:type\" content=\"image\/png\" \/>\r\n<meta name=\"author\" content=\"Emely Guti\u00e9rrez Jim\u00e9nez\" \/>\r\n<meta name=\"twitter:card\" content=\"summary_large_image\" \/>\r\n<meta name=\"twitter:title\" content=\"Cumplea\u00f1os que Inspiran: Mayo en Dise\u00f1o de Modas #ESCAT #UNINTER #LDM - Escuela de Ciencias, Artes y Tecnolog\u00eda\" \/>\r\n<meta name=\"twitter:image\" content=\"https:\/\/blogs.uninter.edu.mx\/ESCAT\/wp-content\/uploads\/2026\/04\/Portada-patronaje-1200-x-630-px-33-1.png\" \/>\r\n<meta name=\"twitter:creator\" content=\"@EscatUninter\" \/>\r\n<meta name=\"twitter:site\" content=\"@EscatUninter\" \/>\r\n<meta name=\"twitter:label1\" content=\"Escrito por\" \/>\n\t<meta name=\"twitter:data1\" content=\"Emely Guti\u00e9rrez Jim\u00e9nez\" \/>\n\t<meta name=\"twitter:label2\" content=\"Tiempo de lectura\" \/>\n\t<meta name=\"twitter:data2\" content=\"4 minutos\" \/>\r\n<script type=\"application\/ld+json\" class=\"yoast-schema-graph\">{\"@context\":\"https:\/\/schema.org\",\"@graph\":[{\"@type\":\"Article\",\"@id\":\"https:\/\/blogs.uninter.edu.mx\/ESCAT\/index.php\/__trashed-2\/#article\",\"isPartOf\":{\"@id\":\"https:\/\/blogs.uninter.edu.mx\/ESCAT\/index.php\/__trashed-2\/\"},\"author\":{\"name\":\"Emely Guti\u00e9rrez Jim\u00e9nez\",\"@id\":\"https:\/\/blogs.uninter.edu.mx\/ESCAT\/#\/schema\/person\/0cd72a0066064f7cb62449850672f3af\"},\"headline\":\"Cumplea\u00f1os que Inspiran: Mayo en Dise\u00f1o de Modas #ESCAT #UNINTER #LDM\",\"datePublished\":\"2026-05-01T14:01:00+00:00\",\"mainEntityOfPage\":{\"@id\":\"https:\/\/blogs.uninter.edu.mx\/ESCAT\/index.php\/__trashed-2\/\"},\"wordCount\":418,\"commentCount\":0,\"image\":{\"@id\":\"https:\/\/blogs.uninter.edu.mx\/ESCAT\/index.php\/__trashed-2\/#primaryimage\"},\"thumbnailUrl\":\"https:\/\/blogs.uninter.edu.mx\/ESCAT\/wp-content\/uploads\/2026\/04\/Portada-patronaje-1200-x-630-px-33-1.png\",\"keywords\":[\"#Dise\u00f1o de Modas\",\"#Dise\u00f1odeModasyTendenciasInternacionales\",\"#LDMUninter\",\"#Moda\",\"#Modas\",\"Cumplea\u00f1os\",\"ESCAT\",\"Universidad Internacional\"],\"articleSection\":[\"Dise\u00f1o de Modas y Tendencias Internacionales\"],\"inLanguage\":\"es\",\"potentialAction\":[{\"@type\":\"CommentAction\",\"name\":\"Comment\",\"target\":[\"https:\/\/blogs.uninter.edu.mx\/ESCAT\/index.php\/__trashed-2\/#respond\"]}]},{\"@type\":\"WebPage\",\"@id\":\"https:\/\/blogs.uninter.edu.mx\/ESCAT\/index.php\/__trashed-2\/\",\"url\":\"https:\/\/blogs.uninter.edu.mx\/ESCAT\/index.php\/__trashed-2\/\",\"name\":\"Cumplea\u00f1os que Inspiran: Mayo en Dise\u00f1o de Modas #ESCAT #UNINTER #LDM - Escuela de Ciencias, Artes y Tecnolog\u00eda\",\"isPartOf\":{\"@id\":\"https:\/\/blogs.uninter.edu.mx\/ESCAT\/#website\"},\"primaryImageOfPage\":{\"@id\":\"https:\/\/blogs.uninter.edu.mx\/ESCAT\/index.php\/__trashed-2\/#primaryimage\"},\"image\":{\"@id\":\"https:\/\/blogs.uninter.edu.mx\/ESCAT\/index.php\/__trashed-2\/#primaryimage\"},\"thumbnailUrl\":\"https:\/\/blogs.uninter.edu.mx\/ESCAT\/wp-content\/uploads\/2026\/04\/Portada-patronaje-1200-x-630-px-33-1.png\",\"datePublished\":\"2026-05-01T14:01:00+00:00\",\"author\":{\"@id\":\"https:\/\/blogs.uninter.edu.mx\/ESCAT\/#\/schema\/person\/0cd72a0066064f7cb62449850672f3af\"},\"description\":\"Cumplea\u00f1os mayo dise\u00f1o de modas en UNINTER: celebramos creatividad, estilo e inspiraci\u00f3n de nuestras estudiantes de moda.\",\"breadcrumb\":{\"@id\":\"https:\/\/blogs.uninter.edu.mx\/ESCAT\/index.php\/__trashed-2\/#breadcrumb\"},\"inLanguage\":\"es\",\"potentialAction\":[{\"@type\":\"ReadAction\",\"target\":[\"https:\/\/blogs.uninter.edu.mx\/ESCAT\/index.php\/__trashed-2\/\"]}]},{\"@type\":\"ImageObject\",\"inLanguage\":\"es\",\"@id\":\"https:\/\/blogs.uninter.edu.mx\/ESCAT\/index.php\/__trashed-2\/#primaryimage\",\"url\":\"https:\/\/blogs.uninter.edu.mx\/ESCAT\/wp-content\/uploads\/2026\/04\/Portada-patronaje-1200-x-630-px-33-1.png\",\"contentUrl\":\"https:\/\/blogs.uninter.edu.mx\/ESCAT\/wp-content\/uploads\/2026\/04\/Portada-patronaje-1200-x-630-px-33-1.png\",\"width\":1200,\"height\":630},{\"@type\":\"BreadcrumbList\",\"@id\":\"https:\/\/blogs.uninter.edu.mx\/ESCAT\/index.php\/__trashed-2\/#breadcrumb\",\"itemListElement\":[{\"@type\":\"ListItem\",\"position\":1,\"name\":\"Inicio\",\"item\":\"https:\/\/blogs.uninter.edu.mx\/ESCAT\/\"},{\"@type\":\"ListItem\",\"position\":2,\"name\":\"Cumplea\u00f1os que Inspiran: Mayo en Dise\u00f1o de Modas #ESCAT #UNINTER #LDM\"}]},{\"@type\":\"WebSite\",\"@id\":\"https:\/\/blogs.uninter.edu.mx\/ESCAT\/#website\",\"url\":\"https:\/\/blogs.uninter.edu.mx\/ESCAT\/\",\"name\":\"Escuela de Ciencias, Artes y Tecnolog\u00eda UNINTER\",\"description\":\"ESCAT\",\"potentialAction\":[{\"@type\":\"SearchAction\",\"target\":{\"@type\":\"EntryPoint\",\"urlTemplate\":\"https:\/\/blogs.uninter.edu.mx\/ESCAT\/?s={search_term_string}\"},\"query-input\":{\"@type\":\"PropertyValueSpecification\",\"valueRequired\":true,\"valueName\":\"search_term_string\"}}],\"inLanguage\":\"es\"},{\"@type\":\"Person\",\"@id\":\"https:\/\/blogs.uninter.edu.mx\/ESCAT\/#\/schema\/person\/0cd72a0066064f7cb62449850672f3af\",\"name\":\"Emely Guti\u00e9rrez Jim\u00e9nez\",\"image\":{\"@type\":\"ImageObject\",\"inLanguage\":\"es\",\"@id\":\"https:\/\/blogs.uninter.edu.mx\/ESCAT\/#\/schema\/person\/image\/\",\"url\":\"https:\/\/secure.gravatar.com\/avatar\/0d18e7cc9395e51628f9acc42cc0fd01b5a017cba61ad6702671a4e763785968?s=96&d=mm&r=g\",\"contentUrl\":\"https:\/\/secure.gravatar.com\/avatar\/0d18e7cc9395e51628f9acc42cc0fd01b5a017cba61ad6702671a4e763785968?s=96&d=mm&r=g\",\"caption\":\"Emely Guti\u00e9rrez Jim\u00e9nez\"},\"url\":\"https:\/\/blogs.uninter.edu.mx\/ESCAT\/index.php\/author\/egutierrez\/\"}]}<\/script>\r\n<!-- \/ Yoast SEO plugin. -->","yoast_head_json":{"title":"Cumplea\u00f1os que Inspiran: Mayo en Dise\u00f1o de Modas #ESCAT #UNINTER #LDM - Escuela de Ciencias, Artes y Tecnolog\u00eda","description":"Cumplea\u00f1os mayo dise\u00f1o de modas en UNINTER: celebramos creatividad, estilo e inspiraci\u00f3n de nuestras estudiantes de moda.","robots":{"index":"index","follow":"follow","max-snippet":"max-snippet:-1","max-image-preview":"max-image-preview:large","max-video-preview":"max-video-preview:-1"},"canonical":"https:\/\/blogs.uninter.edu.mx\/ESCAT\/index.php\/__trashed-2\/","og_locale":"es_MX","og_type":"article","og_title":"Cumplea\u00f1os que Inspiran: Mayo en Dise\u00f1o de Modas #ESCAT #UNINTER #LDM - Escuela de Ciencias, Artes y Tecnolog\u00eda","og_description":"Cumplea\u00f1os mayo dise\u00f1o de modas en UNINTER: celebramos creatividad, estilo e inspiraci\u00f3n de nuestras estudiantes de moda.","og_url":"https:\/\/blogs.uninter.edu.mx\/ESCAT\/index.php\/__trashed-2\/","og_site_name":"Escuela de Ciencias, Artes y Tecnolog\u00eda","article_publisher":"https:\/\/www.facebook.com\/EscatUninter\/","article_published_time":"2026-05-01T14:01:00+00:00","og_image":[{"width":1200,"height":630,"url":"https:\/\/blogs.uninter.edu.mx\/ESCAT\/wp-content\/uploads\/2026\/04\/Portada-patronaje-1200-x-630-px-33-1.png","type":"image\/png"}],"author":"Emely Guti\u00e9rrez Jim\u00e9nez","twitter_card":"summary_large_image","twitter_title":"Cumplea\u00f1os que Inspiran: Mayo en Dise\u00f1o de Modas #ESCAT #UNINTER #LDM - Escuela de Ciencias, Artes y Tecnolog\u00eda","twitter_image":"https:\/\/blogs.uninter.edu.mx\/ESCAT\/wp-content\/uploads\/2026\/04\/Portada-patronaje-1200-x-630-px-33-1.png","twitter_creator":"@EscatUninter","twitter_site":"@EscatUninter","twitter_misc":{"Escrito por":"Emely Guti\u00e9rrez Jim\u00e9nez","Tiempo de lectura":"4 minutos"},"schema":{"@context":"https:\/\/schema.org","@graph":[{"@type":"Article","@id":"https:\/\/blogs.uninter.edu.mx\/ESCAT\/index.php\/__trashed-2\/#article","isPartOf":{"@id":"https:\/\/blogs.uninter.edu.mx\/ESCAT\/index.php\/__trashed-2\/"},"author":{"name":"Emely Guti\u00e9rrez Jim\u00e9nez","@id":"https:\/\/blogs.uninter.edu.mx\/ESCAT\/#\/schema\/person\/0cd72a0066064f7cb62449850672f3af"},"headline":"Cumplea\u00f1os que Inspiran: Mayo en Dise\u00f1o de Modas #ESCAT #UNINTER #LDM","datePublished":"2026-05-01T14:01:00+00:00","mainEntityOfPage":{"@id":"https:\/\/blogs.uninter.edu.mx\/ESCAT\/index.php\/__trashed-2\/"},"wordCount":418,"commentCount":0,"image":{"@id":"https:\/\/blogs.uninter.edu.mx\/ESCAT\/index.php\/__trashed-2\/#primaryimage"},"thumbnailUrl":"https:\/\/blogs.uninter.edu.mx\/ESCAT\/wp-content\/uploads\/2026\/04\/Portada-patronaje-1200-x-630-px-33-1.png","keywords":["#Dise\u00f1o de Modas","#Dise\u00f1odeModasyTendenciasInternacionales","#LDMUninter","#Moda","#Modas","Cumplea\u00f1os","ESCAT","Universidad Internacional"],"articleSection":["Dise\u00f1o de Modas y Tendencias Internacionales"],"inLanguage":"es","potentialAction":[{"@type":"CommentAction","name":"Comment","target":["https:\/\/blogs.uninter.edu.mx\/ESCAT\/index.php\/__trashed-2\/#respond"]}]},{"@type":"WebPage","@id":"https:\/\/blogs.uninter.edu.mx\/ESCAT\/index.php\/__trashed-2\/","url":"https:\/\/blogs.uninter.edu.mx\/ESCAT\/index.php\/__trashed-2\/","name":"Cumplea\u00f1os que Inspiran: Mayo en Dise\u00f1o de Modas #ESCAT #UNINTER #LDM - Escuela de Ciencias, Artes y Tecnolog\u00eda","isPartOf":{"@id":"https:\/\/blogs.uninter.edu.mx\/ESCAT\/#website"},"primaryImageOfPage":{"@id":"https:\/\/blogs.uninter.edu.mx\/ESCAT\/index.php\/__trashed-2\/#primaryimage"},"image":{"@id":"https:\/\/blogs.uninter.edu.mx\/ESCAT\/index.php\/__trashed-2\/#primaryimage"},"thumbnailUrl":"https:\/\/blogs.uninter.edu.mx\/ESCAT\/wp-content\/uploads\/2026\/04\/Portada-patronaje-1200-x-630-px-33-1.png","datePublished":"2026-05-01T14:01:00+00:00","author":{"@id":"https:\/\/blogs.uninter.edu.mx\/ESCAT\/#\/schema\/person\/0cd72a0066064f7cb62449850672f3af"},"description":"Cumplea\u00f1os mayo dise\u00f1o de modas en UNINTER: celebramos creatividad, estilo e inspiraci\u00f3n de nuestras estudiantes de moda.","breadcrumb":{"@id":"https:\/\/blogs.uninter.edu.mx\/ESCAT\/index.php\/__trashed-2\/#breadcrumb"},"inLanguage":"es","potentialAction":[{"@type":"ReadAction","target":["https:\/\/blogs.uninter.edu.mx\/ESCAT\/index.php\/__trashed-2\/"]}]},{"@type":"ImageObject","inLanguage":"es","@id":"https:\/\/blogs.uninter.edu.mx\/ESCAT\/index.php\/__trashed-2\/#primaryimage","url":"https:\/\/blogs.uninter.edu.mx\/ESCAT\/wp-content\/uploads\/2026\/04\/Portada-patronaje-1200-x-630-px-33-1.png","contentUrl":"https:\/\/blogs.uninter.edu.mx\/ESCAT\/wp-content\/uploads\/2026\/04\/Portada-patronaje-1200-x-630-px-33-1.png","width":1200,"height":630},{"@type":"BreadcrumbList","@id":"https:\/\/blogs.uninter.edu.mx\/ESCAT\/index.php\/__trashed-2\/#breadcrumb","itemListElement":[{"@type":"ListItem","position":1,"name":"Inicio","item":"https:\/\/blogs.uninter.edu.mx\/ESCAT\/"},{"@type":"ListItem","position":2,"name":"Cumplea\u00f1os que Inspiran: Mayo en Dise\u00f1o de Modas #ESCAT #UNINTER #LDM"}]},{"@type":"WebSite","@id":"https:\/\/blogs.uninter.edu.mx\/ESCAT\/#website","url":"https:\/\/blogs.uninter.edu.mx\/ESCAT\/","name":"Escuela de Ciencias, Artes y Tecnolog\u00eda UNINTER","description":"ESCAT","potentialAction":[{"@type":"SearchAction","target":{"@type":"EntryPoint","urlTemplate":"https:\/\/blogs.uninter.edu.mx\/ESCAT\/?s={search_term_string}"},"query-input":{"@type":"PropertyValueSpecification","valueRequired":true,"valueName":"search_term_string"}}],"inLanguage":"es"},{"@type":"Person","@id":"https:\/\/blogs.uninter.edu.mx\/ESCAT\/#\/schema\/person\/0cd72a0066064f7cb62449850672f3af","name":"Emely Guti\u00e9rrez Jim\u00e9nez","image":{"@type":"ImageObject","inLanguage":"es","@id":"https:\/\/blogs.uninter.edu.mx\/ESCAT\/#\/schema\/person\/image\/","url":"https:\/\/secure.gravatar.com\/avatar\/0d18e7cc9395e51628f9acc42cc0fd01b5a017cba61ad6702671a4e763785968?s=96&d=mm&r=g","contentUrl":"https:\/\/secure.gravatar.com\/avatar\/0d18e7cc9395e51628f9acc42cc0fd01b5a017cba61ad6702671a4e763785968?s=96&d=mm&r=g","caption":"Emely Guti\u00e9rrez Jim\u00e9nez"},"url":"https:\/\/blogs.uninter.edu.mx\/ESCAT\/index.php\/author\/egutierrez\/"}]}},"jetpack_publicize_connections":[],"jetpack_featured_media_url":"https:\/\/blogs.uninter.edu.mx\/ESCAT\/wp-content\/uploads\/2026\/04\/Portada-patronaje-1200-x-630-px-33-1.png","jetpack_sharing_enabled":true,"_links":{"self":[{"href":"https:\/\/blogs.uninter.edu.mx\/ESCAT\/index.php\/wp-json\/wp\/v2\/posts\/80124","targetHints":{"allow":["GET"]}}],"collection":[{"href":"https:\/\/blogs.uninter.edu.mx\/ESCAT\/index.php\/wp-json\/wp\/v2\/posts"}],"about":[{"href":"https:\/\/blogs.uninter.edu.mx\/ESCAT\/index.php\/wp-json\/wp\/v2\/types\/post"}],"author":[{"embeddable":true,"href":"https:\/\/blogs.uninter.edu.mx\/ESCAT\/index.php\/wp-json\/wp\/v2\/users\/52"}],"replies":[{"embeddable":true,"href":"https:\/\/blogs.uninter.edu.mx\/ESCAT\/index.php\/wp-json\/wp\/v2\/comments?post=80124"}],"version-history":[{"count":9,"href":"https:\/\/blogs.uninter.edu.mx\/ESCAT\/index.php\/wp-json\/wp\/v2\/posts\/80124\/revisions"}],"predecessor-version":[{"id":80639,"href":"https:\/\/blogs.uninter.edu.mx\/ESCAT\/index.php\/wp-json\/wp\/v2\/posts\/80124\/revisions\/80639"}],"wp:featuredmedia":[{"embeddable":true,"href":"https:\/\/blogs.uninter.edu.mx\/ESCAT\/index.php\/wp-json\/wp\/v2\/media\/80126"}],"wp:attachment":[{"href":"https:\/\/blogs.uninter.edu.mx\/ESCAT\/index.php\/wp-json\/wp\/v2\/media?parent=80124"}],"wp:term":[{"taxonomy":"category","embeddable":true,"href":"https:\/\/blogs.uninter.edu.mx\/ESCAT\/index.php\/wp-json\/wp\/v2\/categories?post=80124"},{"taxonomy":"post_tag","embeddable":true,"href":"https:\/\/blogs.uninter.edu.mx\/ESCAT\/index.php\/wp-json\/wp\/v2\/tags?post=80124"}],"curies":[{"name":"wp","href":"https:\/\/api.w.org\/{rel}","templated":true}]}}