{"id":80221,"date":"2026-04-26T20:12:00","date_gmt":"2026-04-27T02:12:00","guid":{"rendered":"https:\/\/blogs.uninter.edu.mx\/ESCAT\/?p=80221"},"modified":"2026-04-17T12:20:50","modified_gmt":"2026-04-17T18:20:50","slug":"la-moda-como-reflejo","status":"publish","type":"post","link":"https:\/\/blogs.uninter.edu.mx\/ESCAT\/index.php\/la-moda-como-reflejo\/","title":{"rendered":"La moda como reflejo #ESCAT #UNINTER"},"content":{"rendered":"<div class=\"wp-block-image\">\n<figure class=\"aligncenter size-full is-resized\"><a href=\"https:\/\/www.facebook.com\/EscatUninter?_rdr\"><img loading=\"lazy\" decoding=\"async\" width=\"1787\" height=\"2029\" src=\"https:\/\/blogs.uninter.edu.mx\/ESCAT\/wp-content\/uploads\/2024\/07\/ESCAT-1-1.png\" alt=\"\" class=\"wp-image-69114\" style=\"aspect-ratio:0.8854166666666666;width:168px;height:auto\"\/><\/a><\/figure>\n<\/div>\n\n\n<p>La moda no es solo una cuesti\u00f3n de tendencias o prendas; es un lenguaje visual que comunica qui\u00e9nes somos, de d\u00f3nde venimos y hacia d\u00f3nde vamos. A lo largo de la historia, la forma de vestir ha sido un espejo de los cambios sociales, pol\u00edticos y culturales que han marcado a cada generaci\u00f3n.<\/p>\n\n\n\n<!--more-->\n\n\n\n<h2 class=\"wp-block-heading\">Un viaje a trav\u00e9s del tiempo<\/h2>\n\n\n\n<p>Desde los elaborados vestidos de la realeza hasta la moda urbana contempor\u00e1nea, cada \u00e9poca ha dejado su huella en la manera de vestir. <\/p>\n\n\n<div class=\"wp-block-image\">\n<figure class=\"aligncenter size-full\"><img loading=\"lazy\" decoding=\"async\" width=\"400\" height=\"608\" src=\"https:\/\/blogs.uninter.edu.mx\/ESCAT\/wp-content\/uploads\/2026\/04\/Fotos-antiguas-de-Galicia.jpg\" alt=\"\" class=\"wp-image-80223\"\/><\/figure>\n<\/div>\n\n\n<h6 class=\"wp-block-heading has-text-align-center\">Fuente: <a href=\"https:\/\/mx.pinterest.com\/pin\/222365300323333748\/\">Pinterest<\/a><\/h6>\n\n\n\n<p>Por ejemplo, durante el siglo XX, la moda evolucion\u00f3 r\u00e1pidamente influenciada por movimientos sociales, guerras y avances tecnol\u00f3gicos, dando paso a estilos m\u00e1s libres, funcionales y diversos.<\/p>\n\n\n\n<h2 class=\"wp-block-heading\">Cultura e identidad en cada prenda<\/h2>\n\n\n\n<p>La moda tambi\u00e9n es una poderosa herramienta de identidad cultural. Los textiles, colores y dise\u00f1os tradicionales de diferentes regiones del mundo cuentan historias \u00fanicas y preservan las ra\u00edces de comunidades enteras. <\/p>\n\n\n<div class=\"wp-block-image\">\n<figure class=\"aligncenter size-full is-resized\"><img loading=\"lazy\" decoding=\"async\" width=\"736\" height=\"981\" src=\"https:\/\/blogs.uninter.edu.mx\/ESCAT\/wp-content\/uploads\/2026\/04\/descarga.jpg\" alt=\"\" class=\"wp-image-80225\" style=\"aspect-ratio:0.7502686108979278;width:401px;height:auto\"\/><\/figure>\n<\/div>\n\n\n<h6 class=\"wp-block-heading has-text-align-center\">Fuente: <a href=\"https:\/\/mx.pinterest.com\/pin\/3729612267836059\/\">Pinterest<\/a><\/h6>\n\n\n\n<p>Hoy en d\u00eda, muchos dise\u00f1adores retoman estos elementos para fusionarlos con tendencias modernas, creando propuestas innovadoras que celebran la diversidad.<\/p>\n\n\n\n<h2 class=\"wp-block-heading\">Tendencias que marcan generaciones<\/h2>\n\n\n\n<p>Cada generaci\u00f3n adopta estilos que reflejan su forma de pensar. Desde la rebeld\u00eda del estilo punk hasta la est\u00e9tica minimalista actual, la moda evoluciona junto con las ideas y valores de la sociedad. <\/p>\n\n\n\n<p>Las redes sociales han acelerado este proceso, permitiendo que las tendencias se difundan a nivel global en cuesti\u00f3n de horas.<\/p>\n\n\n<div class=\"wp-block-image\">\n<figure class=\"aligncenter size-full is-resized\"><img loading=\"lazy\" decoding=\"async\" width=\"736\" height=\"981\" src=\"https:\/\/blogs.uninter.edu.mx\/ESCAT\/wp-content\/uploads\/2026\/04\/descarga-2.jpg\" alt=\"\" class=\"wp-image-80226\" style=\"aspect-ratio:0.7502709092700227;width:274px;height:auto\"\/><\/figure>\n<\/div>\n\n\n<h6 class=\"wp-block-heading has-text-align-center\">Fuente: <a href=\"https:\/\/mx.pinterest.com\/pin\/211106301261493944\/\">Pinterest<\/a><\/h6>\n\n\n\n<p>Hoy, la moda tambi\u00e9n se relaciona con la sostenibilidad y la conciencia social. Cada vez m\u00e1s personas buscan opciones responsables con el medio ambiente, impulsando cambios en la producci\u00f3n y consumo de prendas.<\/p>\n\n\n\n<h6 class=\"wp-block-heading\">Fuente: <a href=\"https:\/\/blogs.uninter.edu.mx\/ESCAT\/index.php\/nissi-m-blanch-garcia\/\">Nissi Blanch Garc\u00eda<\/a> con apoyo de IA<\/h6>\n\n\n\n<div class=\"wp-block-buttons is-layout-flex wp-block-buttons-is-layout-flex\">\n<div class=\"wp-block-button has-custom-width wp-block-button__width-50\"><a class=\"wp-block-button__link has-background wp-element-button\" href=\"https:\/\/universidad.uninter.edu.mx\/carreras\/LDM\" style=\"background:linear-gradient(135deg,rgb(2,3,129) 0%,rgb(40,116,252) 44%)\">\ud83d\udcd8<strong>Descubre el plan de estudios<\/strong><\/a><\/div>\n\n\n\n<div class=\"wp-block-button has-custom-width wp-block-button__width-50\"><a class=\"wp-block-button__link has-pale-cyan-blue-background-color has-background wp-element-button\" href=\"https:\/\/acortar.link\/L0xwTE\"><strong>\ud83d\udcacAgenda una asesor\u00eda<\/strong><\/a><\/div>\n\n\n\n<div class=\"wp-block-button has-custom-width wp-block-button__width-50\"><a class=\"wp-block-button__link has-background wp-element-button\" href=\"https:\/\/acortar.link\/L0xwTE\" style=\"background:linear-gradient(135deg,rgb(122,220,180) 0%,rgb(0,208,130) 30%)\"><strong>\ud83d\udfe2Escr\u00edbenos por WhatsApp<\/strong><\/a><\/div>\n\n\n\n<div class=\"wp-block-button has-custom-width wp-block-button__width-50\"><a class=\"wp-block-button__link has-black-color has-text-color has-background has-link-color wp-element-button\" href=\"https:\/\/blogs.uninter.edu.mx\/ESCAT\/\" style=\"background:linear-gradient(135deg,rgb(238,238,238) 0%,rgb(169,184,195) 42%)\"><strong>\u27a1\ufe0fM\u00e1s Noticias Sobre ESCAT<\/strong><\/a><\/div>\n<\/div>\n\n\n\n<figure class=\"wp-block-image size-full\"><a href=\"https:\/\/uninter.edu.mx\/\"><img loading=\"lazy\" decoding=\"async\" width=\"1024\" height=\"154\" src=\"https:\/\/blogs.uninter.edu.mx\/ESCAT\/wp-content\/uploads\/2025\/11\/4-1024x154-1-1024x154-1.png\" alt=\"\" class=\"wp-image-77850\"\/><\/a><\/figure>\n","protected":false},"excerpt":{"rendered":"<p>La moda no es solo una cuesti\u00f3n de tendencias o prendas; es un lenguaje visual que comunica qui\u00e9nes somos, de d\u00f3nde venimos y hacia d\u00f3nde vamos. A lo largo de la historia, la forma de vestir ha sido un espejo de los cambios sociales, pol\u00edticos y culturales que han marcado a cada generaci\u00f3n.<\/p>\n","protected":false},"author":42,"featured_media":80229,"comment_status":"open","ping_status":"open","sticky":false,"template":"","format":"standard","meta":{"_jetpack_memberships_contains_paid_content":false,"footnotes":"","jetpack_publicize_message":"","jetpack_publicize_feature_enabled":true,"jetpack_social_post_already_shared":true,"jetpack_social_options":{"image_generator_settings":{"template":"highway","default_image_id":0,"font":"","enabled":false},"version":2}},"categories":[7,10,26],"tags":[80,5604,61,32,547,1612,62,37],"class_list":["post-80221","post","type-post","status-publish","format-standard","has-post-thumbnail","hentry","category-diseno-de-modas-y-tendencias-internacionales","category-disenos","category-noticias","tag-cultura","tag-dato","tag-diseno","tag-escat","tag-marca","tag-modas","tag-tecnologia","tag-universidad-internacional"],"yoast_head":"<!-- This site is optimized with the Yoast SEO plugin v26.8 - https:\/\/yoast.com\/product\/yoast-seo-wordpress\/ -->\r\n<title>La moda como reflejo #ESCAT #UNINTER Escuela de Ciencias, Artes y Tecnolog\u00eda<\/title>\r\n<meta name=\"description\" content=\"La moda no es solo una cuesti\u00f3n de tendencias o prendas; es un lenguaje visual que comunica qui\u00e9nes somos, de d\u00f3nde venimos y hacia d\u00f3nde\" \/>\r\n<meta name=\"robots\" content=\"index, follow, max-snippet:-1, max-image-preview:large, max-video-preview:-1\" \/>\r\n<link rel=\"canonical\" href=\"https:\/\/blogs.uninter.edu.mx\/ESCAT\/index.php\/la-moda-como-reflejo\/\" \/>\r\n<meta property=\"og:locale\" content=\"es_MX\" \/>\r\n<meta property=\"og:type\" content=\"article\" \/>\r\n<meta property=\"og:title\" content=\"La moda como reflejo #ESCAT #UNINTER - Escuela de Ciencias, Artes y Tecnolog\u00eda\" \/>\r\n<meta property=\"og:description\" content=\"La moda no es solo una cuesti\u00f3n de tendencias o prendas; es un lenguaje visual que comunica qui\u00e9nes somos, de d\u00f3nde venimos y hacia d\u00f3nde\" \/>\r\n<meta property=\"og:url\" content=\"https:\/\/blogs.uninter.edu.mx\/ESCAT\/index.php\/la-moda-como-reflejo\/\" \/>\r\n<meta property=\"og:site_name\" content=\"Escuela de Ciencias, Artes y Tecnolog\u00eda\" \/>\r\n<meta property=\"article:publisher\" content=\"https:\/\/www.facebook.com\/EscatUninter\/\" \/>\r\n<meta property=\"article:published_time\" content=\"2026-04-27T02:12:00+00:00\" \/>\r\n<meta property=\"og:image\" content=\"https:\/\/blogs.uninter.edu.mx\/ESCAT\/wp-content\/uploads\/2026\/04\/descarga-3-3.jpg\" \/>\r\n\t<meta property=\"og:image:width\" content=\"1200\" \/>\r\n\t<meta property=\"og:image:height\" content=\"630\" \/>\r\n\t<meta property=\"og:image:type\" content=\"image\/jpeg\" \/>\r\n<meta name=\"author\" content=\"Nissi Blanch\" \/>\r\n<meta name=\"twitter:card\" content=\"summary_large_image\" \/>\r\n<meta name=\"twitter:title\" content=\"La moda como reflejo #ESCAT #UNINTER - Escuela de Ciencias, Artes y Tecnolog\u00eda\" \/>\r\n<meta name=\"twitter:image\" content=\"https:\/\/blogs.uninter.edu.mx\/ESCAT\/wp-content\/uploads\/2026\/04\/descarga-3-3.jpg\" \/>\r\n<meta name=\"twitter:creator\" content=\"@EscatUninter\" \/>\r\n<meta name=\"twitter:site\" content=\"@EscatUninter\" \/>\r\n<meta name=\"twitter:label1\" content=\"Escrito por\" \/>\n\t<meta name=\"twitter:data1\" content=\"Nissi Blanch\" \/>\n\t<meta name=\"twitter:label2\" content=\"Tiempo de lectura\" \/>\n\t<meta name=\"twitter:data2\" content=\"3 minutos\" \/>\r\n<script type=\"application\/ld+json\" class=\"yoast-schema-graph\">{\"@context\":\"https:\/\/schema.org\",\"@graph\":[{\"@type\":\"Article\",\"@id\":\"https:\/\/blogs.uninter.edu.mx\/ESCAT\/index.php\/la-moda-como-reflejo\/#article\",\"isPartOf\":{\"@id\":\"https:\/\/blogs.uninter.edu.mx\/ESCAT\/index.php\/la-moda-como-reflejo\/\"},\"author\":{\"name\":\"Nissi Blanch\",\"@id\":\"https:\/\/blogs.uninter.edu.mx\/ESCAT\/#\/schema\/person\/d7f8a1174f69af9f3d8375ee0c00f5cd\"},\"headline\":\"La moda como reflejo #ESCAT #UNINTER\",\"datePublished\":\"2026-04-27T02:12:00+00:00\",\"mainEntityOfPage\":{\"@id\":\"https:\/\/blogs.uninter.edu.mx\/ESCAT\/index.php\/la-moda-como-reflejo\/\"},\"wordCount\":318,\"commentCount\":0,\"image\":{\"@id\":\"https:\/\/blogs.uninter.edu.mx\/ESCAT\/index.php\/la-moda-como-reflejo\/#primaryimage\"},\"thumbnailUrl\":\"https:\/\/blogs.uninter.edu.mx\/ESCAT\/wp-content\/uploads\/2026\/04\/descarga-3-3.jpg\",\"keywords\":[\"Cultura\",\"Dato\",\"Dise\u00f1o\",\"ESCAT\",\"marca\",\"Modas\",\"Tecnolog\u00eda\",\"Universidad Internacional\"],\"articleSection\":[\"Dise\u00f1o de Modas y Tendencias Internacionales\",\"Dise\u00f1os\",\"Noticias\"],\"inLanguage\":\"es\",\"potentialAction\":[{\"@type\":\"CommentAction\",\"name\":\"Comment\",\"target\":[\"https:\/\/blogs.uninter.edu.mx\/ESCAT\/index.php\/la-moda-como-reflejo\/#respond\"]}]},{\"@type\":\"WebPage\",\"@id\":\"https:\/\/blogs.uninter.edu.mx\/ESCAT\/index.php\/la-moda-como-reflejo\/\",\"url\":\"https:\/\/blogs.uninter.edu.mx\/ESCAT\/index.php\/la-moda-como-reflejo\/\",\"name\":\"La moda como reflejo #ESCAT #UNINTER Escuela de Ciencias, Artes y Tecnolog\u00eda\",\"isPartOf\":{\"@id\":\"https:\/\/blogs.uninter.edu.mx\/ESCAT\/#website\"},\"primaryImageOfPage\":{\"@id\":\"https:\/\/blogs.uninter.edu.mx\/ESCAT\/index.php\/la-moda-como-reflejo\/#primaryimage\"},\"image\":{\"@id\":\"https:\/\/blogs.uninter.edu.mx\/ESCAT\/index.php\/la-moda-como-reflejo\/#primaryimage\"},\"thumbnailUrl\":\"https:\/\/blogs.uninter.edu.mx\/ESCAT\/wp-content\/uploads\/2026\/04\/descarga-3-3.jpg\",\"datePublished\":\"2026-04-27T02:12:00+00:00\",\"author\":{\"@id\":\"https:\/\/blogs.uninter.edu.mx\/ESCAT\/#\/schema\/person\/d7f8a1174f69af9f3d8375ee0c00f5cd\"},\"description\":\"La moda no es solo una cuesti\u00f3n de tendencias o prendas; es un lenguaje visual que comunica qui\u00e9nes somos, de d\u00f3nde venimos y hacia d\u00f3nde\",\"breadcrumb\":{\"@id\":\"https:\/\/blogs.uninter.edu.mx\/ESCAT\/index.php\/la-moda-como-reflejo\/#breadcrumb\"},\"inLanguage\":\"es\",\"potentialAction\":[{\"@type\":\"ReadAction\",\"target\":[\"https:\/\/blogs.uninter.edu.mx\/ESCAT\/index.php\/la-moda-como-reflejo\/\"]}]},{\"@type\":\"ImageObject\",\"inLanguage\":\"es\",\"@id\":\"https:\/\/blogs.uninter.edu.mx\/ESCAT\/index.php\/la-moda-como-reflejo\/#primaryimage\",\"url\":\"https:\/\/blogs.uninter.edu.mx\/ESCAT\/wp-content\/uploads\/2026\/04\/descarga-3-3.jpg\",\"contentUrl\":\"https:\/\/blogs.uninter.edu.mx\/ESCAT\/wp-content\/uploads\/2026\/04\/descarga-3-3.jpg\",\"width\":1200,\"height\":630},{\"@type\":\"BreadcrumbList\",\"@id\":\"https:\/\/blogs.uninter.edu.mx\/ESCAT\/index.php\/la-moda-como-reflejo\/#breadcrumb\",\"itemListElement\":[{\"@type\":\"ListItem\",\"position\":1,\"name\":\"Inicio\",\"item\":\"https:\/\/blogs.uninter.edu.mx\/ESCAT\/\"},{\"@type\":\"ListItem\",\"position\":2,\"name\":\"La moda como reflejo #ESCAT #UNINTER\"}]},{\"@type\":\"WebSite\",\"@id\":\"https:\/\/blogs.uninter.edu.mx\/ESCAT\/#website\",\"url\":\"https:\/\/blogs.uninter.edu.mx\/ESCAT\/\",\"name\":\"Escuela de Ciencias, Artes y Tecnolog\u00eda UNINTER\",\"description\":\"ESCAT\",\"potentialAction\":[{\"@type\":\"SearchAction\",\"target\":{\"@type\":\"EntryPoint\",\"urlTemplate\":\"https:\/\/blogs.uninter.edu.mx\/ESCAT\/?s={search_term_string}\"},\"query-input\":{\"@type\":\"PropertyValueSpecification\",\"valueRequired\":true,\"valueName\":\"search_term_string\"}}],\"inLanguage\":\"es\"},{\"@type\":\"Person\",\"@id\":\"https:\/\/blogs.uninter.edu.mx\/ESCAT\/#\/schema\/person\/d7f8a1174f69af9f3d8375ee0c00f5cd\",\"name\":\"Nissi Blanch\",\"image\":{\"@type\":\"ImageObject\",\"inLanguage\":\"es\",\"@id\":\"https:\/\/blogs.uninter.edu.mx\/ESCAT\/#\/schema\/person\/image\/\",\"url\":\"https:\/\/secure.gravatar.com\/avatar\/469574cca9be320a8dfcf078822844096ab414919fe01cf56ee6123b3cbfab56?s=96&d=mm&r=g\",\"contentUrl\":\"https:\/\/secure.gravatar.com\/avatar\/469574cca9be320a8dfcf078822844096ab414919fe01cf56ee6123b3cbfab56?s=96&d=mm&r=g\",\"caption\":\"Nissi Blanch\"},\"url\":\"https:\/\/blogs.uninter.edu.mx\/ESCAT\/index.php\/author\/nblanch\/\"}]}<\/script>\r\n<!-- \/ Yoast SEO plugin. -->","yoast_head_json":{"title":"La moda como reflejo #ESCAT #UNINTER Escuela de Ciencias, Artes y Tecnolog\u00eda","description":"La moda no es solo una cuesti\u00f3n de tendencias o prendas; es un lenguaje visual que comunica qui\u00e9nes somos, de d\u00f3nde venimos y hacia d\u00f3nde","robots":{"index":"index","follow":"follow","max-snippet":"max-snippet:-1","max-image-preview":"max-image-preview:large","max-video-preview":"max-video-preview:-1"},"canonical":"https:\/\/blogs.uninter.edu.mx\/ESCAT\/index.php\/la-moda-como-reflejo\/","og_locale":"es_MX","og_type":"article","og_title":"La moda como reflejo #ESCAT #UNINTER - Escuela de Ciencias, Artes y Tecnolog\u00eda","og_description":"La moda no es solo una cuesti\u00f3n de tendencias o prendas; es un lenguaje visual que comunica qui\u00e9nes somos, de d\u00f3nde venimos y hacia d\u00f3nde","og_url":"https:\/\/blogs.uninter.edu.mx\/ESCAT\/index.php\/la-moda-como-reflejo\/","og_site_name":"Escuela de Ciencias, Artes y Tecnolog\u00eda","article_publisher":"https:\/\/www.facebook.com\/EscatUninter\/","article_published_time":"2026-04-27T02:12:00+00:00","og_image":[{"width":1200,"height":630,"url":"https:\/\/blogs.uninter.edu.mx\/ESCAT\/wp-content\/uploads\/2026\/04\/descarga-3-3.jpg","type":"image\/jpeg"}],"author":"Nissi Blanch","twitter_card":"summary_large_image","twitter_title":"La moda como reflejo #ESCAT #UNINTER - Escuela de Ciencias, Artes y Tecnolog\u00eda","twitter_image":"https:\/\/blogs.uninter.edu.mx\/ESCAT\/wp-content\/uploads\/2026\/04\/descarga-3-3.jpg","twitter_creator":"@EscatUninter","twitter_site":"@EscatUninter","twitter_misc":{"Escrito por":"Nissi Blanch","Tiempo de lectura":"3 minutos"},"schema":{"@context":"https:\/\/schema.org","@graph":[{"@type":"Article","@id":"https:\/\/blogs.uninter.edu.mx\/ESCAT\/index.php\/la-moda-como-reflejo\/#article","isPartOf":{"@id":"https:\/\/blogs.uninter.edu.mx\/ESCAT\/index.php\/la-moda-como-reflejo\/"},"author":{"name":"Nissi Blanch","@id":"https:\/\/blogs.uninter.edu.mx\/ESCAT\/#\/schema\/person\/d7f8a1174f69af9f3d8375ee0c00f5cd"},"headline":"La moda como reflejo #ESCAT #UNINTER","datePublished":"2026-04-27T02:12:00+00:00","mainEntityOfPage":{"@id":"https:\/\/blogs.uninter.edu.mx\/ESCAT\/index.php\/la-moda-como-reflejo\/"},"wordCount":318,"commentCount":0,"image":{"@id":"https:\/\/blogs.uninter.edu.mx\/ESCAT\/index.php\/la-moda-como-reflejo\/#primaryimage"},"thumbnailUrl":"https:\/\/blogs.uninter.edu.mx\/ESCAT\/wp-content\/uploads\/2026\/04\/descarga-3-3.jpg","keywords":["Cultura","Dato","Dise\u00f1o","ESCAT","marca","Modas","Tecnolog\u00eda","Universidad Internacional"],"articleSection":["Dise\u00f1o de Modas y Tendencias Internacionales","Dise\u00f1os","Noticias"],"inLanguage":"es","potentialAction":[{"@type":"CommentAction","name":"Comment","target":["https:\/\/blogs.uninter.edu.mx\/ESCAT\/index.php\/la-moda-como-reflejo\/#respond"]}]},{"@type":"WebPage","@id":"https:\/\/blogs.uninter.edu.mx\/ESCAT\/index.php\/la-moda-como-reflejo\/","url":"https:\/\/blogs.uninter.edu.mx\/ESCAT\/index.php\/la-moda-como-reflejo\/","name":"La moda como reflejo #ESCAT #UNINTER Escuela de Ciencias, Artes y Tecnolog\u00eda","isPartOf":{"@id":"https:\/\/blogs.uninter.edu.mx\/ESCAT\/#website"},"primaryImageOfPage":{"@id":"https:\/\/blogs.uninter.edu.mx\/ESCAT\/index.php\/la-moda-como-reflejo\/#primaryimage"},"image":{"@id":"https:\/\/blogs.uninter.edu.mx\/ESCAT\/index.php\/la-moda-como-reflejo\/#primaryimage"},"thumbnailUrl":"https:\/\/blogs.uninter.edu.mx\/ESCAT\/wp-content\/uploads\/2026\/04\/descarga-3-3.jpg","datePublished":"2026-04-27T02:12:00+00:00","author":{"@id":"https:\/\/blogs.uninter.edu.mx\/ESCAT\/#\/schema\/person\/d7f8a1174f69af9f3d8375ee0c00f5cd"},"description":"La moda no es solo una cuesti\u00f3n de tendencias o prendas; es un lenguaje visual que comunica qui\u00e9nes somos, de d\u00f3nde venimos y hacia d\u00f3nde","breadcrumb":{"@id":"https:\/\/blogs.uninter.edu.mx\/ESCAT\/index.php\/la-moda-como-reflejo\/#breadcrumb"},"inLanguage":"es","potentialAction":[{"@type":"ReadAction","target":["https:\/\/blogs.uninter.edu.mx\/ESCAT\/index.php\/la-moda-como-reflejo\/"]}]},{"@type":"ImageObject","inLanguage":"es","@id":"https:\/\/blogs.uninter.edu.mx\/ESCAT\/index.php\/la-moda-como-reflejo\/#primaryimage","url":"https:\/\/blogs.uninter.edu.mx\/ESCAT\/wp-content\/uploads\/2026\/04\/descarga-3-3.jpg","contentUrl":"https:\/\/blogs.uninter.edu.mx\/ESCAT\/wp-content\/uploads\/2026\/04\/descarga-3-3.jpg","width":1200,"height":630},{"@type":"BreadcrumbList","@id":"https:\/\/blogs.uninter.edu.mx\/ESCAT\/index.php\/la-moda-como-reflejo\/#breadcrumb","itemListElement":[{"@type":"ListItem","position":1,"name":"Inicio","item":"https:\/\/blogs.uninter.edu.mx\/ESCAT\/"},{"@type":"ListItem","position":2,"name":"La moda como reflejo #ESCAT #UNINTER"}]},{"@type":"WebSite","@id":"https:\/\/blogs.uninter.edu.mx\/ESCAT\/#website","url":"https:\/\/blogs.uninter.edu.mx\/ESCAT\/","name":"Escuela de Ciencias, Artes y Tecnolog\u00eda UNINTER","description":"ESCAT","potentialAction":[{"@type":"SearchAction","target":{"@type":"EntryPoint","urlTemplate":"https:\/\/blogs.uninter.edu.mx\/ESCAT\/?s={search_term_string}"},"query-input":{"@type":"PropertyValueSpecification","valueRequired":true,"valueName":"search_term_string"}}],"inLanguage":"es"},{"@type":"Person","@id":"https:\/\/blogs.uninter.edu.mx\/ESCAT\/#\/schema\/person\/d7f8a1174f69af9f3d8375ee0c00f5cd","name":"Nissi Blanch","image":{"@type":"ImageObject","inLanguage":"es","@id":"https:\/\/blogs.uninter.edu.mx\/ESCAT\/#\/schema\/person\/image\/","url":"https:\/\/secure.gravatar.com\/avatar\/469574cca9be320a8dfcf078822844096ab414919fe01cf56ee6123b3cbfab56?s=96&d=mm&r=g","contentUrl":"https:\/\/secure.gravatar.com\/avatar\/469574cca9be320a8dfcf078822844096ab414919fe01cf56ee6123b3cbfab56?s=96&d=mm&r=g","caption":"Nissi Blanch"},"url":"https:\/\/blogs.uninter.edu.mx\/ESCAT\/index.php\/author\/nblanch\/"}]}},"jetpack_publicize_connections":[],"jetpack_featured_media_url":"https:\/\/blogs.uninter.edu.mx\/ESCAT\/wp-content\/uploads\/2026\/04\/descarga-3-3.jpg","jetpack_sharing_enabled":true,"_links":{"self":[{"href":"https:\/\/blogs.uninter.edu.mx\/ESCAT\/index.php\/wp-json\/wp\/v2\/posts\/80221","targetHints":{"allow":["GET"]}}],"collection":[{"href":"https:\/\/blogs.uninter.edu.mx\/ESCAT\/index.php\/wp-json\/wp\/v2\/posts"}],"about":[{"href":"https:\/\/blogs.uninter.edu.mx\/ESCAT\/index.php\/wp-json\/wp\/v2\/types\/post"}],"author":[{"embeddable":true,"href":"https:\/\/blogs.uninter.edu.mx\/ESCAT\/index.php\/wp-json\/wp\/v2\/users\/42"}],"replies":[{"embeddable":true,"href":"https:\/\/blogs.uninter.edu.mx\/ESCAT\/index.php\/wp-json\/wp\/v2\/comments?post=80221"}],"version-history":[{"count":3,"href":"https:\/\/blogs.uninter.edu.mx\/ESCAT\/index.php\/wp-json\/wp\/v2\/posts\/80221\/revisions"}],"predecessor-version":[{"id":80309,"href":"https:\/\/blogs.uninter.edu.mx\/ESCAT\/index.php\/wp-json\/wp\/v2\/posts\/80221\/revisions\/80309"}],"wp:featuredmedia":[{"embeddable":true,"href":"https:\/\/blogs.uninter.edu.mx\/ESCAT\/index.php\/wp-json\/wp\/v2\/media\/80229"}],"wp:attachment":[{"href":"https:\/\/blogs.uninter.edu.mx\/ESCAT\/index.php\/wp-json\/wp\/v2\/media?parent=80221"}],"wp:term":[{"taxonomy":"category","embeddable":true,"href":"https:\/\/blogs.uninter.edu.mx\/ESCAT\/index.php\/wp-json\/wp\/v2\/categories?post=80221"},{"taxonomy":"post_tag","embeddable":true,"href":"https:\/\/blogs.uninter.edu.mx\/ESCAT\/index.php\/wp-json\/wp\/v2\/tags?post=80221"}],"curies":[{"name":"wp","href":"https:\/\/api.w.org\/{rel}","templated":true}]}}