{"id":80903,"date":"2026-05-01T08:00:00","date_gmt":"2026-05-01T14:00:00","guid":{"rendered":"https:\/\/blogs.uninter.edu.mx\/ESCAT\/?p=80903"},"modified":"2026-04-30T17:04:28","modified_gmt":"2026-04-30T23:04:28","slug":"mentes-creativas-que-nacen-en-mayo-personalidad-diseno-y-curiosidades-que-te-definen-escat-uninter-ladd-ldg-ldi","status":"publish","type":"post","link":"https:\/\/blogs.uninter.edu.mx\/ESCAT\/index.php\/mentes-creativas-que-nacen-en-mayo-personalidad-diseno-y-curiosidades-que-te-definen-escat-uninter-ladd-ldg-ldi\/","title":{"rendered":"Mentes creativas que nacen en mayo: personalidad, dise\u00f1o y curiosidades que te definen #ESCAT #UNINTER #LADD #LDG #LDI"},"content":{"rendered":"<div class=\"wp-block-image\">\n<figure class=\"aligncenter size-full is-resized\"><a href=\"https:\/\/www.facebook.com\/EscatUninter\"><img loading=\"lazy\" decoding=\"async\" width=\"902\" height=\"1024\" src=\"https:\/\/blogs.uninter.edu.mx\/ESCAT\/wp-content\/uploads\/2025\/06\/image-140.png\" alt=\"ESCAT\" class=\"wp-image-75113\" style=\"width:161px;height:183px\"\/><\/a><\/figure>\n<\/div>\n\n\n<p>\u00bfSab\u00edas que las personas que nacen en mayo suelen destacar por su creatividad, estilo y forma \u00fanica de ver el mundo? En esta nota descubrir\u00e1s por qu\u00e9 este mes re\u00fane a mentes visuales, curiosas y con gran potencial en el dise\u00f1o. Si cumples a\u00f1os en mayo, esto es para ti\u2026 y si no, seguro conoces a alguien as\u00ed.<\/p>\n\n\n\n<!--more-->\n\n\n\n<p>Mayo no es solo un mes m\u00e1s en el calendario. Es una temporada donde la creatividad florece, las ideas toman forma y muchas de las mentes m\u00e1s visuales encuentran su origen. No es coincidencia que muchas personas interesadas en el dise\u00f1o, la innovaci\u00f3n y la expresi\u00f3n art\u00edstica cumplan a\u00f1os en este mes.<\/p>\n\n\n\n<p>Para quienes se desarrollan en \u00e1reas como el dise\u00f1o gr\u00e1fico, la animaci\u00f3n, la moda o incluso la ingenier\u00eda con enfoque creativo, mayo representa una combinaci\u00f3n interesante de sensibilidad est\u00e9tica y pensamiento din\u00e1mico.<\/p>\n\n\n\n<figure class=\"wp-block-image size-full\"><img loading=\"lazy\" decoding=\"async\" width=\"900\" height=\"498\" src=\"https:\/\/blogs.uninter.edu.mx\/ESCAT\/wp-content\/uploads\/2026\/04\/LDG-4.png\" alt=\"\" class=\"wp-image-80909\"\/><\/figure>\n\n\n\n<h2 class=\"wp-block-heading\">\u2728 Dos signos, una esencia creativa<\/h2>\n\n\n\n<p>Durante mayo conviven dos signos zodiacales que, aunque distintos, comparten una fuerte conexi\u00f3n con la creatividad:<\/p>\n\n\n\n<p><strong>Tauro (20 de abril \u2013 20 de mayo)<\/strong><br>Se caracteriza por su enfoque en los detalles, la paciencia y el gusto por lo visualmente armonioso. En el \u00e1mbito del dise\u00f1o, Tauro tiende a buscar perfecci\u00f3n en cada elemento, priorizando la est\u00e9tica, la composici\u00f3n y la calidad visual.<\/p>\n\n\n\n<p><strong>G\u00e9minis (21 de mayo \u2013 20 de junio)<\/strong><br>Destaca por su versatilidad, rapidez mental y capacidad de generar ideas. En el dise\u00f1o, esto se traduce en propuestas innovadoras, experimentaci\u00f3n constante y facilidad para adaptarse a nuevas tendencias.<\/p>\n\n\n\n<p>Esta combinaci\u00f3n hace que mayo re\u00fana perfiles creativos tanto estructurados como exploradores.<\/p>\n\n\n\n<h2 class=\"wp-block-heading\">\ud83c\udfa8 Creatividad y dise\u00f1o: una conexi\u00f3n natural<\/h2>\n\n\n\n<p>Las personas nacidas en mayo suelen tener caracter\u00edsticas que encajan con disciplinas creativas:<\/p>\n\n\n\n<ul class=\"wp-block-list\">\n<li>Alta sensibilidad visual<\/li>\n\n\n\n<li>Inter\u00e9s por tendencias y estilos<\/li>\n\n\n\n<li>Capacidad de observaci\u00f3n<\/li>\n\n\n\n<li>B\u00fasqueda de identidad propia en lo que crean<\/li>\n\n\n\n<li>Facilidad para inspirarse en su entorno<\/li>\n<\/ul>\n\n\n\n<p>Estas cualidades son clave en carreras relacionadas con el dise\u00f1o, donde no solo se trata de crear, sino de comunicar ideas de forma visual.<\/p>\n\n\n<div class=\"wp-block-image\">\n<figure class=\"aligncenter size-full is-resized\"><img loading=\"lazy\" decoding=\"async\" width=\"800\" height=\"436\" src=\"https:\/\/blogs.uninter.edu.mx\/ESCAT\/wp-content\/uploads\/2026\/04\/animacion.png\" alt=\"\" class=\"wp-image-80905\" style=\"aspect-ratio:1.8349281439271763;width:840px;height:auto\"\/><\/figure>\n<\/div>\n\n\n<h2 class=\"wp-block-heading\">\ud83e\udde0 Datos curiosos sobre quienes nacen en mayo<\/h2>\n\n\n\n<p>Existen algunas caracter\u00edsticas que suelen repetirse en personas nacidas en este mes:<\/p>\n\n\n\n<ul class=\"wp-block-list\">\n<li>Suelen ser percibidas como personas con presencia y estilo<\/li>\n\n\n\n<li>Tienen buena capacidad de adaptaci\u00f3n a cambios<\/li>\n\n\n\n<li>Disfrutan explorar nuevas ideas y conceptos<\/li>\n\n\n\n<li>Pueden combinar lo est\u00e9tico con lo funcional<\/li>\n\n\n\n<li>Tienden a destacar en \u00e1reas creativas y de comunicaci\u00f3n<\/li>\n<\/ul>\n\n\n\n<p>Estas cualidades no determinan el futuro, pero s\u00ed reflejan tendencias interesantes en su forma de pensar y crear.<\/p>\n\n\n\n<h2 class=\"wp-block-heading\">\ud83c\udf82 Cumplir a\u00f1os en mayo: m\u00e1s que una fecha<\/h2>\n\n\n\n<p>Cumplir a\u00f1os en mayo puede ser visto como una oportunidad para reconocer habilidades que muchas veces pasan desapercibidas. En especial para estudiantes, es un buen momento para reflexionar sobre su desarrollo creativo y el impacto que pueden generar con sus ideas.<\/p>\n\n\n\n<p>En el contexto acad\u00e9mico, especialmente en \u00e1reas como dise\u00f1o o ingenier\u00eda, la creatividad no es solo un talento, sino una herramienta clave para resolver problemas, innovar y proponer soluciones.<\/p>\n\n\n\n<figure class=\"wp-block-image size-full\"><img loading=\"lazy\" decoding=\"async\" width=\"800\" height=\"436\" src=\"https:\/\/blogs.uninter.edu.mx\/ESCAT\/wp-content\/uploads\/2026\/04\/ldi-3-1.png\" alt=\"\" class=\"wp-image-80907\"\/><\/figure>\n\n\n\n<h2 class=\"wp-block-heading\">\ud83d\udca1 Creatividad en acci\u00f3n<\/h2>\n\n\n\n<p>El dise\u00f1o no se trata \u00fanicamente de hacer algo visualmente atractivo. Implica pensar, analizar, comunicar y resolver. Las personas de mayo suelen tener una ventaja en este sentido: combinan percepci\u00f3n est\u00e9tica con curiosidad intelectual.<\/p>\n\n\n\n<p>Esto las convierte en perfiles con potencial para desarrollar proyectos que conecten con las personas y generen impacto real.<\/p>\n\n\n\n<p><strong>Autor: <a href=\"https:\/\/blogs.uninter.edu.mx\/ESCAT\/index.php\/gabriela-velazquez-diaz\/\">Claudia Gabriela Vel\u00e1zquez D\u00edaz<\/a> con apoyo de la IA<\/strong><\/p>\n\n\n\n<div class=\"wp-block-buttons is-layout-flex wp-block-buttons-is-layout-flex\">\n<div class=\"wp-block-button has-custom-width wp-block-button__width-50\"><a class=\"wp-block-button__link has-background wp-element-button\" href=\"https:\/\/universidad.uninter.edu.mx\/carreras\/LADD\" style=\"background:linear-gradient(135deg,rgb(2,3,129) 0%,rgb(40,116,252) 53%)\">\ud83d\udcd8<strong>Descubre el plan de estudios<\/strong><\/a><\/div>\n\n\n\n<div class=\"wp-block-button has-custom-width wp-block-button__width-50\"><a class=\"wp-block-button__link has-pale-cyan-blue-background-color has-background wp-element-button\" href=\"https:\/\/acortar.link\/L0xwTE\"><strong>\ud83d\udcacAgenda una asesor\u00eda<\/strong><\/a><\/div>\n\n\n\n<div class=\"wp-block-button has-custom-width wp-block-button__width-50\"><a class=\"wp-block-button__link has-background wp-element-button\" href=\"https:\/\/acortar.link\/L0xwTE\" style=\"background:linear-gradient(135deg,rgb(122,220,180) 0%,rgb(0,208,130) 58%)\"><strong>\ud83d\udfe2Escr\u00edbenos por WhatsApp<\/strong><\/a><\/div>\n\n\n\n<div class=\"wp-block-button has-custom-width wp-block-button__width-50\"><a class=\"wp-block-button__link has-black-color has-text-color has-background has-link-color wp-element-button\" href=\"https:\/\/blogs.uninter.edu.mx\/ESCAT\/\" style=\"background:linear-gradient(135deg,rgb(238,238,238) 0%,rgb(169,184,195) 63%)\"><strong>\u27a1\ufe0fM\u00e1s Noticias Sobre ESCAT<\/strong><\/a><\/div>\n<\/div>\n\n\n<div class=\"wp-block-image\">\n<figure class=\"aligncenter size-full\"><a href=\"https:\/\/uninter.edu.mx\"><img loading=\"lazy\" decoding=\"async\" width=\"1024\" height=\"154\" src=\"https:\/\/blogs.uninter.edu.mx\/ESCAT\/wp-content\/uploads\/2025\/03\/image-24.png\" alt=\"Universidad Internacional\" class=\"wp-image-72538\"\/><\/a><\/figure>\n<\/div>","protected":false},"excerpt":{"rendered":"<p>\u00bfSab\u00edas que las personas que nacen en mayo suelen destacar por su creatividad, estilo y forma \u00fanica de ver el mundo? En esta nota descubrir\u00e1s por qu\u00e9 este mes re\u00fane a mentes visuales, curiosas y con gran potencial en el dise\u00f1o. Si cumples a\u00f1os en mayo, esto es para ti\u2026 y si no, seguro conoces&hellip;<\/p>\n","protected":false},"author":43,"featured_media":80912,"comment_status":"open","ping_status":"open","sticky":false,"template":"","format":"standard","meta":{"_jetpack_memberships_contains_paid_content":false,"footnotes":"","jetpack_publicize_message":"\u00bfSab\u00edas que las personas que nacen en mayo suelen destacar por su creatividad, estilo y forma \u00fanica de ver el mundo? En esta nota descubrir\u00e1s por qu\u00e9 este mes re\u00fane a mentes visuales, curiosas y con gran potencial en el dise\u00f1o. Si cumples a\u00f1os en mayo, esto es para ti\u2026 y si no, seguro conoces a alguien as\u00ed.","jetpack_publicize_feature_enabled":true,"jetpack_social_post_already_shared":true,"jetpack_social_options":{"image_generator_settings":{"template":"highway","default_image_id":0,"font":"","enabled":false},"version":2}},"categories":[3,8,9,13],"tags":[5522,44,5496,5352,5583,45,47],"class_list":["post-80903","post","type-post","status-publish","format-standard","has-post-thumbnail","hentry","category-animacion-y-diseno-digital","category-diseno-grafico","category-diseno-industrial","category-eventos","tag-cumpleanos-2","tag-escat-2","tag-ladd-2","tag-ldg-2","tag-ldi-2","tag-uninter-2","tag-universidad-internacional-2"],"yoast_head":"<!-- This site is optimized with the Yoast SEO plugin v26.8 - https:\/\/yoast.com\/product\/yoast-seo-wordpress\/ -->\r\n<title>Mentes creativas que nacen en mayo: personalidad, dise\u00f1o y curiosidades que te definen #ESCAT #UNINTER #LADD #LDG #LDI<\/title>\r\n<meta name=\"description\" content=\"\u00bfSab\u00edas que las personas que nacen en mayo suelen destacar por su creatividad, estilo y forma \u00fanica de ver el mundo?\" \/>\r\n<meta name=\"robots\" content=\"index, follow, max-snippet:-1, max-image-preview:large, max-video-preview:-1\" \/>\r\n<link rel=\"canonical\" href=\"https:\/\/blogs.uninter.edu.mx\/ESCAT\/index.php\/mentes-creativas-que-nacen-en-mayo-personalidad-diseno-y-curiosidades-que-te-definen-escat-uninter-ladd-ldg-ldi\/\" \/>\r\n<meta property=\"og:locale\" content=\"es_MX\" \/>\r\n<meta property=\"og:type\" content=\"article\" \/>\r\n<meta property=\"og:title\" content=\"Mentes creativas que nacen en mayo: personalidad, dise\u00f1o y curiosidades que te definen #ESCAT #UNINTER #LADD #LDG #LDI\" \/>\r\n<meta property=\"og:description\" content=\"\u00bfSab\u00edas que las personas que nacen en mayo suelen destacar por su creatividad, estilo y forma \u00fanica de ver el mundo?\" \/>\r\n<meta property=\"og:url\" content=\"https:\/\/blogs.uninter.edu.mx\/ESCAT\/index.php\/mentes-creativas-que-nacen-en-mayo-personalidad-diseno-y-curiosidades-que-te-definen-escat-uninter-ladd-ldg-ldi\/\" \/>\r\n<meta property=\"og:site_name\" content=\"Escuela de Ciencias, Artes y Tecnolog\u00eda\" \/>\r\n<meta property=\"article:publisher\" content=\"https:\/\/www.facebook.com\/EscatUninter\/\" \/>\r\n<meta property=\"article:published_time\" content=\"2026-05-01T14:00:00+00:00\" \/>\r\n<meta property=\"og:image\" content=\"https:\/\/blogs.uninter.edu.mx\/ESCAT\/wp-content\/uploads\/2026\/04\/destacada-1.png\" \/>\r\n\t<meta property=\"og:image:width\" content=\"1200\" \/>\r\n\t<meta property=\"og:image:height\" content=\"630\" \/>\r\n\t<meta property=\"og:image:type\" content=\"image\/png\" \/>\r\n<meta name=\"author\" content=\"Gabriela Vel\u00e1zquez D\u00edaz\" \/>\r\n<meta name=\"twitter:card\" content=\"summary_large_image\" \/>\r\n<meta name=\"twitter:title\" content=\"Mentes creativas que nacen en mayo: personalidad, dise\u00f1o y curiosidades que te definen #ESCAT #UNINTER #LADD #LDG #LDI\" \/>\r\n<meta name=\"twitter:description\" content=\"\u00bfSab\u00edas que las personas que nacen en mayo suelen destacar por su creatividad, estilo y forma \u00fanica de ver el mundo?\" \/>\r\n<meta name=\"twitter:image\" content=\"https:\/\/blogs.uninter.edu.mx\/ESCAT\/wp-content\/uploads\/2026\/04\/destacada-1.png\" \/>\r\n<meta name=\"twitter:creator\" content=\"@EscatUninter\" \/>\r\n<meta name=\"twitter:site\" content=\"@EscatUninter\" \/>\r\n<meta name=\"twitter:label1\" content=\"Escrito por\" \/>\n\t<meta name=\"twitter:data1\" content=\"Gabriela Vel\u00e1zquez D\u00edaz\" \/>\n\t<meta name=\"twitter:label2\" content=\"Tiempo de lectura\" \/>\n\t<meta name=\"twitter:data2\" content=\"4 minutos\" \/>\r\n<script type=\"application\/ld+json\" class=\"yoast-schema-graph\">{\"@context\":\"https:\/\/schema.org\",\"@graph\":[{\"@type\":\"Article\",\"@id\":\"https:\/\/blogs.uninter.edu.mx\/ESCAT\/index.php\/mentes-creativas-que-nacen-en-mayo-personalidad-diseno-y-curiosidades-que-te-definen-escat-uninter-ladd-ldg-ldi\/#article\",\"isPartOf\":{\"@id\":\"https:\/\/blogs.uninter.edu.mx\/ESCAT\/index.php\/mentes-creativas-que-nacen-en-mayo-personalidad-diseno-y-curiosidades-que-te-definen-escat-uninter-ladd-ldg-ldi\/\"},\"author\":{\"name\":\"Gabriela Vel\u00e1zquez D\u00edaz\",\"@id\":\"https:\/\/blogs.uninter.edu.mx\/ESCAT\/#\/schema\/person\/d8791b199ecf754edfe84945f8b8abe0\"},\"headline\":\"Mentes creativas que nacen en mayo: personalidad, dise\u00f1o y curiosidades que te definen #ESCAT #UNINTER #LADD #LDG #LDI\",\"datePublished\":\"2026-05-01T14:00:00+00:00\",\"mainEntityOfPage\":{\"@id\":\"https:\/\/blogs.uninter.edu.mx\/ESCAT\/index.php\/mentes-creativas-que-nacen-en-mayo-personalidad-diseno-y-curiosidades-que-te-definen-escat-uninter-ladd-ldg-ldi\/\"},\"wordCount\":629,\"commentCount\":0,\"image\":{\"@id\":\"https:\/\/blogs.uninter.edu.mx\/ESCAT\/index.php\/mentes-creativas-que-nacen-en-mayo-personalidad-diseno-y-curiosidades-que-te-definen-escat-uninter-ladd-ldg-ldi\/#primaryimage\"},\"thumbnailUrl\":\"https:\/\/blogs.uninter.edu.mx\/ESCAT\/wp-content\/uploads\/2026\/04\/destacada-1.png\",\"keywords\":[\"#Cumplea\u00f1os\",\"#ESCAT\",\"#LADD\",\"#LDG\",\"#LDI\",\"#Uninter\",\"#Universidad Internacional\"],\"articleSection\":[\"Animaci\u00f3n y Dise\u00f1o Digital\",\"Dise\u00f1o Gr\u00e1fico\",\"Dise\u00f1o Industrial\",\"Eventos\"],\"inLanguage\":\"es\",\"potentialAction\":[{\"@type\":\"CommentAction\",\"name\":\"Comment\",\"target\":[\"https:\/\/blogs.uninter.edu.mx\/ESCAT\/index.php\/mentes-creativas-que-nacen-en-mayo-personalidad-diseno-y-curiosidades-que-te-definen-escat-uninter-ladd-ldg-ldi\/#respond\"]}]},{\"@type\":\"WebPage\",\"@id\":\"https:\/\/blogs.uninter.edu.mx\/ESCAT\/index.php\/mentes-creativas-que-nacen-en-mayo-personalidad-diseno-y-curiosidades-que-te-definen-escat-uninter-ladd-ldg-ldi\/\",\"url\":\"https:\/\/blogs.uninter.edu.mx\/ESCAT\/index.php\/mentes-creativas-que-nacen-en-mayo-personalidad-diseno-y-curiosidades-que-te-definen-escat-uninter-ladd-ldg-ldi\/\",\"name\":\"Mentes creativas que nacen en mayo: personalidad, dise\u00f1o y curiosidades que te definen #ESCAT #UNINTER #LADD #LDG #LDI\",\"isPartOf\":{\"@id\":\"https:\/\/blogs.uninter.edu.mx\/ESCAT\/#website\"},\"primaryImageOfPage\":{\"@id\":\"https:\/\/blogs.uninter.edu.mx\/ESCAT\/index.php\/mentes-creativas-que-nacen-en-mayo-personalidad-diseno-y-curiosidades-que-te-definen-escat-uninter-ladd-ldg-ldi\/#primaryimage\"},\"image\":{\"@id\":\"https:\/\/blogs.uninter.edu.mx\/ESCAT\/index.php\/mentes-creativas-que-nacen-en-mayo-personalidad-diseno-y-curiosidades-que-te-definen-escat-uninter-ladd-ldg-ldi\/#primaryimage\"},\"thumbnailUrl\":\"https:\/\/blogs.uninter.edu.mx\/ESCAT\/wp-content\/uploads\/2026\/04\/destacada-1.png\",\"datePublished\":\"2026-05-01T14:00:00+00:00\",\"author\":{\"@id\":\"https:\/\/blogs.uninter.edu.mx\/ESCAT\/#\/schema\/person\/d8791b199ecf754edfe84945f8b8abe0\"},\"description\":\"\u00bfSab\u00edas que las personas que nacen en mayo suelen destacar por su creatividad, estilo y forma \u00fanica de ver el mundo?\",\"breadcrumb\":{\"@id\":\"https:\/\/blogs.uninter.edu.mx\/ESCAT\/index.php\/mentes-creativas-que-nacen-en-mayo-personalidad-diseno-y-curiosidades-que-te-definen-escat-uninter-ladd-ldg-ldi\/#breadcrumb\"},\"inLanguage\":\"es\",\"potentialAction\":[{\"@type\":\"ReadAction\",\"target\":[\"https:\/\/blogs.uninter.edu.mx\/ESCAT\/index.php\/mentes-creativas-que-nacen-en-mayo-personalidad-diseno-y-curiosidades-que-te-definen-escat-uninter-ladd-ldg-ldi\/\"]}]},{\"@type\":\"ImageObject\",\"inLanguage\":\"es\",\"@id\":\"https:\/\/blogs.uninter.edu.mx\/ESCAT\/index.php\/mentes-creativas-que-nacen-en-mayo-personalidad-diseno-y-curiosidades-que-te-definen-escat-uninter-ladd-ldg-ldi\/#primaryimage\",\"url\":\"https:\/\/blogs.uninter.edu.mx\/ESCAT\/wp-content\/uploads\/2026\/04\/destacada-1.png\",\"contentUrl\":\"https:\/\/blogs.uninter.edu.mx\/ESCAT\/wp-content\/uploads\/2026\/04\/destacada-1.png\",\"width\":1200,\"height\":630},{\"@type\":\"BreadcrumbList\",\"@id\":\"https:\/\/blogs.uninter.edu.mx\/ESCAT\/index.php\/mentes-creativas-que-nacen-en-mayo-personalidad-diseno-y-curiosidades-que-te-definen-escat-uninter-ladd-ldg-ldi\/#breadcrumb\",\"itemListElement\":[{\"@type\":\"ListItem\",\"position\":1,\"name\":\"Inicio\",\"item\":\"https:\/\/blogs.uninter.edu.mx\/ESCAT\/\"},{\"@type\":\"ListItem\",\"position\":2,\"name\":\"Mentes creativas que nacen en mayo: personalidad, dise\u00f1o y curiosidades que te definen #ESCAT #UNINTER #LADD #LDG #LDI\"}]},{\"@type\":\"WebSite\",\"@id\":\"https:\/\/blogs.uninter.edu.mx\/ESCAT\/#website\",\"url\":\"https:\/\/blogs.uninter.edu.mx\/ESCAT\/\",\"name\":\"Escuela de Ciencias, Artes y Tecnolog\u00eda UNINTER\",\"description\":\"ESCAT\",\"potentialAction\":[{\"@type\":\"SearchAction\",\"target\":{\"@type\":\"EntryPoint\",\"urlTemplate\":\"https:\/\/blogs.uninter.edu.mx\/ESCAT\/?s={search_term_string}\"},\"query-input\":{\"@type\":\"PropertyValueSpecification\",\"valueRequired\":true,\"valueName\":\"search_term_string\"}}],\"inLanguage\":\"es\"},{\"@type\":\"Person\",\"@id\":\"https:\/\/blogs.uninter.edu.mx\/ESCAT\/#\/schema\/person\/d8791b199ecf754edfe84945f8b8abe0\",\"name\":\"Gabriela Vel\u00e1zquez D\u00edaz\",\"image\":{\"@type\":\"ImageObject\",\"inLanguage\":\"es\",\"@id\":\"https:\/\/blogs.uninter.edu.mx\/ESCAT\/#\/schema\/person\/image\/\",\"url\":\"https:\/\/secure.gravatar.com\/avatar\/d9d89cea371d594e3d5f57d331d13b5f96f09500f66a995717b4a6ef5c1a0184?s=96&d=mm&r=g\",\"contentUrl\":\"https:\/\/secure.gravatar.com\/avatar\/d9d89cea371d594e3d5f57d331d13b5f96f09500f66a995717b4a6ef5c1a0184?s=96&d=mm&r=g\",\"caption\":\"Gabriela Vel\u00e1zquez D\u00edaz\"},\"url\":\"https:\/\/blogs.uninter.edu.mx\/ESCAT\/index.php\/author\/gvelazquez\/\"}]}<\/script>\r\n<!-- \/ Yoast SEO plugin. -->","yoast_head_json":{"title":"Mentes creativas que nacen en mayo: personalidad, dise\u00f1o y curiosidades que te definen #ESCAT #UNINTER #LADD #LDG #LDI","description":"\u00bfSab\u00edas que las personas que nacen en mayo suelen destacar por su creatividad, estilo y forma \u00fanica de ver el mundo?","robots":{"index":"index","follow":"follow","max-snippet":"max-snippet:-1","max-image-preview":"max-image-preview:large","max-video-preview":"max-video-preview:-1"},"canonical":"https:\/\/blogs.uninter.edu.mx\/ESCAT\/index.php\/mentes-creativas-que-nacen-en-mayo-personalidad-diseno-y-curiosidades-que-te-definen-escat-uninter-ladd-ldg-ldi\/","og_locale":"es_MX","og_type":"article","og_title":"Mentes creativas que nacen en mayo: personalidad, dise\u00f1o y curiosidades que te definen #ESCAT #UNINTER #LADD #LDG #LDI","og_description":"\u00bfSab\u00edas que las personas que nacen en mayo suelen destacar por su creatividad, estilo y forma \u00fanica de ver el mundo?","og_url":"https:\/\/blogs.uninter.edu.mx\/ESCAT\/index.php\/mentes-creativas-que-nacen-en-mayo-personalidad-diseno-y-curiosidades-que-te-definen-escat-uninter-ladd-ldg-ldi\/","og_site_name":"Escuela de Ciencias, Artes y Tecnolog\u00eda","article_publisher":"https:\/\/www.facebook.com\/EscatUninter\/","article_published_time":"2026-05-01T14:00:00+00:00","og_image":[{"width":1200,"height":630,"url":"https:\/\/blogs.uninter.edu.mx\/ESCAT\/wp-content\/uploads\/2026\/04\/destacada-1.png","type":"image\/png"}],"author":"Gabriela Vel\u00e1zquez D\u00edaz","twitter_card":"summary_large_image","twitter_title":"Mentes creativas que nacen en mayo: personalidad, dise\u00f1o y curiosidades que te definen #ESCAT #UNINTER #LADD #LDG #LDI","twitter_description":"\u00bfSab\u00edas que las personas que nacen en mayo suelen destacar por su creatividad, estilo y forma \u00fanica de ver el mundo?","twitter_image":"https:\/\/blogs.uninter.edu.mx\/ESCAT\/wp-content\/uploads\/2026\/04\/destacada-1.png","twitter_creator":"@EscatUninter","twitter_site":"@EscatUninter","twitter_misc":{"Escrito por":"Gabriela Vel\u00e1zquez D\u00edaz","Tiempo de lectura":"4 minutos"},"schema":{"@context":"https:\/\/schema.org","@graph":[{"@type":"Article","@id":"https:\/\/blogs.uninter.edu.mx\/ESCAT\/index.php\/mentes-creativas-que-nacen-en-mayo-personalidad-diseno-y-curiosidades-que-te-definen-escat-uninter-ladd-ldg-ldi\/#article","isPartOf":{"@id":"https:\/\/blogs.uninter.edu.mx\/ESCAT\/index.php\/mentes-creativas-que-nacen-en-mayo-personalidad-diseno-y-curiosidades-que-te-definen-escat-uninter-ladd-ldg-ldi\/"},"author":{"name":"Gabriela Vel\u00e1zquez D\u00edaz","@id":"https:\/\/blogs.uninter.edu.mx\/ESCAT\/#\/schema\/person\/d8791b199ecf754edfe84945f8b8abe0"},"headline":"Mentes creativas que nacen en mayo: personalidad, dise\u00f1o y curiosidades que te definen #ESCAT #UNINTER #LADD #LDG #LDI","datePublished":"2026-05-01T14:00:00+00:00","mainEntityOfPage":{"@id":"https:\/\/blogs.uninter.edu.mx\/ESCAT\/index.php\/mentes-creativas-que-nacen-en-mayo-personalidad-diseno-y-curiosidades-que-te-definen-escat-uninter-ladd-ldg-ldi\/"},"wordCount":629,"commentCount":0,"image":{"@id":"https:\/\/blogs.uninter.edu.mx\/ESCAT\/index.php\/mentes-creativas-que-nacen-en-mayo-personalidad-diseno-y-curiosidades-que-te-definen-escat-uninter-ladd-ldg-ldi\/#primaryimage"},"thumbnailUrl":"https:\/\/blogs.uninter.edu.mx\/ESCAT\/wp-content\/uploads\/2026\/04\/destacada-1.png","keywords":["#Cumplea\u00f1os","#ESCAT","#LADD","#LDG","#LDI","#Uninter","#Universidad Internacional"],"articleSection":["Animaci\u00f3n y Dise\u00f1o Digital","Dise\u00f1o Gr\u00e1fico","Dise\u00f1o Industrial","Eventos"],"inLanguage":"es","potentialAction":[{"@type":"CommentAction","name":"Comment","target":["https:\/\/blogs.uninter.edu.mx\/ESCAT\/index.php\/mentes-creativas-que-nacen-en-mayo-personalidad-diseno-y-curiosidades-que-te-definen-escat-uninter-ladd-ldg-ldi\/#respond"]}]},{"@type":"WebPage","@id":"https:\/\/blogs.uninter.edu.mx\/ESCAT\/index.php\/mentes-creativas-que-nacen-en-mayo-personalidad-diseno-y-curiosidades-que-te-definen-escat-uninter-ladd-ldg-ldi\/","url":"https:\/\/blogs.uninter.edu.mx\/ESCAT\/index.php\/mentes-creativas-que-nacen-en-mayo-personalidad-diseno-y-curiosidades-que-te-definen-escat-uninter-ladd-ldg-ldi\/","name":"Mentes creativas que nacen en mayo: personalidad, dise\u00f1o y curiosidades que te definen #ESCAT #UNINTER #LADD #LDG #LDI","isPartOf":{"@id":"https:\/\/blogs.uninter.edu.mx\/ESCAT\/#website"},"primaryImageOfPage":{"@id":"https:\/\/blogs.uninter.edu.mx\/ESCAT\/index.php\/mentes-creativas-que-nacen-en-mayo-personalidad-diseno-y-curiosidades-que-te-definen-escat-uninter-ladd-ldg-ldi\/#primaryimage"},"image":{"@id":"https:\/\/blogs.uninter.edu.mx\/ESCAT\/index.php\/mentes-creativas-que-nacen-en-mayo-personalidad-diseno-y-curiosidades-que-te-definen-escat-uninter-ladd-ldg-ldi\/#primaryimage"},"thumbnailUrl":"https:\/\/blogs.uninter.edu.mx\/ESCAT\/wp-content\/uploads\/2026\/04\/destacada-1.png","datePublished":"2026-05-01T14:00:00+00:00","author":{"@id":"https:\/\/blogs.uninter.edu.mx\/ESCAT\/#\/schema\/person\/d8791b199ecf754edfe84945f8b8abe0"},"description":"\u00bfSab\u00edas que las personas que nacen en mayo suelen destacar por su creatividad, estilo y forma \u00fanica de ver el mundo?","breadcrumb":{"@id":"https:\/\/blogs.uninter.edu.mx\/ESCAT\/index.php\/mentes-creativas-que-nacen-en-mayo-personalidad-diseno-y-curiosidades-que-te-definen-escat-uninter-ladd-ldg-ldi\/#breadcrumb"},"inLanguage":"es","potentialAction":[{"@type":"ReadAction","target":["https:\/\/blogs.uninter.edu.mx\/ESCAT\/index.php\/mentes-creativas-que-nacen-en-mayo-personalidad-diseno-y-curiosidades-que-te-definen-escat-uninter-ladd-ldg-ldi\/"]}]},{"@type":"ImageObject","inLanguage":"es","@id":"https:\/\/blogs.uninter.edu.mx\/ESCAT\/index.php\/mentes-creativas-que-nacen-en-mayo-personalidad-diseno-y-curiosidades-que-te-definen-escat-uninter-ladd-ldg-ldi\/#primaryimage","url":"https:\/\/blogs.uninter.edu.mx\/ESCAT\/wp-content\/uploads\/2026\/04\/destacada-1.png","contentUrl":"https:\/\/blogs.uninter.edu.mx\/ESCAT\/wp-content\/uploads\/2026\/04\/destacada-1.png","width":1200,"height":630},{"@type":"BreadcrumbList","@id":"https:\/\/blogs.uninter.edu.mx\/ESCAT\/index.php\/mentes-creativas-que-nacen-en-mayo-personalidad-diseno-y-curiosidades-que-te-definen-escat-uninter-ladd-ldg-ldi\/#breadcrumb","itemListElement":[{"@type":"ListItem","position":1,"name":"Inicio","item":"https:\/\/blogs.uninter.edu.mx\/ESCAT\/"},{"@type":"ListItem","position":2,"name":"Mentes creativas que nacen en mayo: personalidad, dise\u00f1o y curiosidades que te definen #ESCAT #UNINTER #LADD #LDG #LDI"}]},{"@type":"WebSite","@id":"https:\/\/blogs.uninter.edu.mx\/ESCAT\/#website","url":"https:\/\/blogs.uninter.edu.mx\/ESCAT\/","name":"Escuela de Ciencias, Artes y Tecnolog\u00eda UNINTER","description":"ESCAT","potentialAction":[{"@type":"SearchAction","target":{"@type":"EntryPoint","urlTemplate":"https:\/\/blogs.uninter.edu.mx\/ESCAT\/?s={search_term_string}"},"query-input":{"@type":"PropertyValueSpecification","valueRequired":true,"valueName":"search_term_string"}}],"inLanguage":"es"},{"@type":"Person","@id":"https:\/\/blogs.uninter.edu.mx\/ESCAT\/#\/schema\/person\/d8791b199ecf754edfe84945f8b8abe0","name":"Gabriela Vel\u00e1zquez D\u00edaz","image":{"@type":"ImageObject","inLanguage":"es","@id":"https:\/\/blogs.uninter.edu.mx\/ESCAT\/#\/schema\/person\/image\/","url":"https:\/\/secure.gravatar.com\/avatar\/d9d89cea371d594e3d5f57d331d13b5f96f09500f66a995717b4a6ef5c1a0184?s=96&d=mm&r=g","contentUrl":"https:\/\/secure.gravatar.com\/avatar\/d9d89cea371d594e3d5f57d331d13b5f96f09500f66a995717b4a6ef5c1a0184?s=96&d=mm&r=g","caption":"Gabriela Vel\u00e1zquez D\u00edaz"},"url":"https:\/\/blogs.uninter.edu.mx\/ESCAT\/index.php\/author\/gvelazquez\/"}]}},"jetpack_publicize_connections":[],"jetpack_featured_media_url":"https:\/\/blogs.uninter.edu.mx\/ESCAT\/wp-content\/uploads\/2026\/04\/destacada-1.png","jetpack_sharing_enabled":true,"_links":{"self":[{"href":"https:\/\/blogs.uninter.edu.mx\/ESCAT\/index.php\/wp-json\/wp\/v2\/posts\/80903","targetHints":{"allow":["GET"]}}],"collection":[{"href":"https:\/\/blogs.uninter.edu.mx\/ESCAT\/index.php\/wp-json\/wp\/v2\/posts"}],"about":[{"href":"https:\/\/blogs.uninter.edu.mx\/ESCAT\/index.php\/wp-json\/wp\/v2\/types\/post"}],"author":[{"embeddable":true,"href":"https:\/\/blogs.uninter.edu.mx\/ESCAT\/index.php\/wp-json\/wp\/v2\/users\/43"}],"replies":[{"embeddable":true,"href":"https:\/\/blogs.uninter.edu.mx\/ESCAT\/index.php\/wp-json\/wp\/v2\/comments?post=80903"}],"version-history":[{"count":3,"href":"https:\/\/blogs.uninter.edu.mx\/ESCAT\/index.php\/wp-json\/wp\/v2\/posts\/80903\/revisions"}],"predecessor-version":[{"id":80914,"href":"https:\/\/blogs.uninter.edu.mx\/ESCAT\/index.php\/wp-json\/wp\/v2\/posts\/80903\/revisions\/80914"}],"wp:featuredmedia":[{"embeddable":true,"href":"https:\/\/blogs.uninter.edu.mx\/ESCAT\/index.php\/wp-json\/wp\/v2\/media\/80912"}],"wp:attachment":[{"href":"https:\/\/blogs.uninter.edu.mx\/ESCAT\/index.php\/wp-json\/wp\/v2\/media?parent=80903"}],"wp:term":[{"taxonomy":"category","embeddable":true,"href":"https:\/\/blogs.uninter.edu.mx\/ESCAT\/index.php\/wp-json\/wp\/v2\/categories?post=80903"},{"taxonomy":"post_tag","embeddable":true,"href":"https:\/\/blogs.uninter.edu.mx\/ESCAT\/index.php\/wp-json\/wp\/v2\/tags?post=80903"}],"curies":[{"name":"wp","href":"https:\/\/api.w.org\/{rel}","templated":true}]}}