{"id":1020,"date":"2013-06-19T15:34:31","date_gmt":"2013-06-19T20:34:31","guid":{"rendered":"http:\/\/dicaduninter.wordpress.com\/?p=1020"},"modified":"2013-06-19T15:34:31","modified_gmt":"2013-06-19T20:34:31","slug":"alertas-sanitarias-en-alimentos-por-la-presencia-de-contaminantes","status":"publish","type":"post","link":"https:\/\/blogs.uninter.edu.mx\/ESCAT2\/?p=1020","title":{"rendered":"Alertas sanitarias en alimentos por la presencia de contaminantes"},"content":{"rendered":"<p>El pasado\u00a0 23 de mayo del presente a\u00f1o, se llev\u00f3 a cabo el curso externo de \u201cAlertas sanitarias en alimentos por la presencia de contaminantes\u201d, con duraci\u00f3n de 3 d\u00edas, en las instalaciones de la Universidad Internacional. Con una asistencia de 13 personas en modo presencial y 11 en modo virtual, teniendo como origen, diferentes estados de la rep\u00fablica mexicana.<\/p>\n<p>Se inaugur\u00f3 el curso con la presencia del Mtro. Francisco Pineda M\u00e9ndez como representante de UNINTER, as\u00ed mismo el podio restante fue constituido por el ponente el Ing. Miguel \u00c1ngel de los Santos V\u00e1squez, el subdelegado de SAGARPA Jos\u00e9 Luis Arizmendi, el delegado estatal de FIRA Banco de M\u00e9xico Juan Antonio Villase\u00f1or Valenzuela, la firma \u201cICertificador\u201d encabezados por la Ing. Roc\u00edo Vidal Valdez, el Ing. Erik Arizmendi Reyes y el Lic. Miguel Octavio Mayorga Qui\u00f1ones, Director y Coordinador de Educaci\u00f3n a Distancia respectivamente.<\/p>\n<p>Donde el objetivo de dicho curso era que los participantes adquirieran los conocimientos, procedimientos y herramientas necesarias para prevenir, atender y solventar situaciones de emisi\u00f3n de alertas sanitarias por la presencia de alimentos contaminados.<\/p>\n<p><span style=\"color:black;font-family:Calibri, Arial, Helvetica, sans-serif;font-size:medium;\"><a href=\"http:\/\/youtu.be\/Slbx7aFZsSw\" target=\"_blank\">http:\/\/youtu.be\/Slbx7aFZsSw<\/a><\/span><\/p>\n<p><a href=\"http:\/\/dicaduninter.files.wordpress.com\/2013\/06\/img_20130525_144419_245.jpg\"><img loading=\"lazy\" class=\"aligncenter size-full wp-image-1034\" alt=\"IMG_20130525_144419_245\" src=\"http:\/\/dicaduninter.files.wordpress.com\/2013\/06\/img_20130525_144419_245.jpg\" width=\"640\" height=\"360\" \/><\/a> <a href=\"http:\/\/dicaduninter.files.wordpress.com\/2013\/06\/img_20130525_120951_845.jpg\"><img loading=\"lazy\" class=\"aligncenter size-full wp-image-1027\" alt=\"IMG_20130525_120951_845\" src=\"http:\/\/dicaduninter.files.wordpress.com\/2013\/06\/img_20130525_120951_845.jpg\" width=\"640\" height=\"360\" \/><\/a> <a href=\"http:\/\/dicaduninter.files.wordpress.com\/2013\/06\/20130523_094759.jpg\"><img loading=\"lazy\" class=\"aligncenter size-full wp-image-1024\" alt=\"20130523_094759\" src=\"http:\/\/dicaduninter.files.wordpress.com\/2013\/06\/20130523_094759.jpg\" width=\"640\" height=\"480\" \/><\/a> <a href=\"http:\/\/dicaduninter.files.wordpress.com\/2013\/06\/20130523_094744.jpg\"><img loading=\"lazy\" class=\"aligncenter size-full wp-image-1023\" alt=\"20130523_094744\" src=\"http:\/\/dicaduninter.files.wordpress.com\/2013\/06\/20130523_094744.jpg\" width=\"640\" height=\"480\" \/><\/a><\/p>\n<p>Lista de inscritos en el curso de manera virtual:<\/p>\n<table border=\"1\" cellspacing=\"0\" cellpadding=\"0\">\n<tbody>\n<tr>\n<td valign=\"top\" width=\"42\"><b>No.<\/b><\/td>\n<td valign=\"top\" width=\"191\"><b>Nombre<\/b><\/td>\n<td valign=\"top\" width=\"181\"><b>Empresa<\/b><\/td>\n<td valign=\"top\" width=\"190\"><b>Estado<\/b><\/td>\n<\/tr>\n<tr>\n<td valign=\"top\" width=\"42\">1<\/td>\n<td valign=\"top\" width=\"191\">Justo Abelardo Tepal Chale<\/td>\n<td valign=\"top\" width=\"181\">Agrobo, S.A de C.V.<\/td>\n<td valign=\"top\" width=\"190\">Yucat\u00e1n<\/td>\n<\/tr>\n<tr>\n<td valign=\"top\" width=\"42\">2<\/td>\n<td valign=\"top\" width=\"191\">Juan Carlos Gerardo Garc\u00eda<\/td>\n<td valign=\"top\" width=\"181\">Productores Org\u00e1nicos del Cabo S de SS de RL de CV<\/td>\n<td valign=\"top\" width=\"190\">Baja California Sur<\/td>\n<\/tr>\n<tr>\n<td valign=\"top\" width=\"42\">3<\/td>\n<td valign=\"top\" width=\"191\">Gabriel Trejo Islas<\/td>\n<td valign=\"top\" width=\"181\">Productores Org\u00e1nicos del Cabo S de SS de RL de CV<\/td>\n<td valign=\"top\" width=\"190\">Baja California Sur<\/td>\n<\/tr>\n<tr>\n<td valign=\"top\" width=\"42\">4<\/td>\n<td valign=\"top\" width=\"191\">Rosas Reyes Santiago<\/td>\n<td valign=\"top\" width=\"181\">Consorcio Agricola Sacromonte SA de CV<\/td>\n<td valign=\"top\" width=\"190\">Chihuahua<\/td>\n<\/tr>\n<tr>\n<td valign=\"top\" width=\"42\">5<\/td>\n<td valign=\"top\" width=\"191\">Francisco Jos\u00e9 Rivas Santoyo<\/td>\n<td valign=\"top\" width=\"181\">Departamento de Agricultura y Ganader\u00eda, Universidad de Sonora<\/td>\n<td valign=\"top\" width=\"190\">Sonora<\/td>\n<\/tr>\n<tr>\n<td valign=\"top\" width=\"42\">6<\/td>\n<td valign=\"top\" width=\"191\">Carlos Ernesto Mill\u00e1n Liz\u00e1rraga<\/td>\n<td valign=\"top\" width=\"181\">Agrobo, S.A de C.V.<\/td>\n<td valign=\"top\" width=\"190\">Sinaloa<\/td>\n<\/tr>\n<tr>\n<td valign=\"top\" width=\"42\">7<\/td>\n<td valign=\"top\" width=\"191\">Dimas Mej\u00eda<\/td>\n<td valign=\"top\" width=\"181\">Universidad de Chapingo<\/td>\n<td valign=\"top\" width=\"190\">Edo. De M\u00e9xico<\/td>\n<\/tr>\n<tr>\n<td valign=\"top\" width=\"42\">8<\/td>\n<td valign=\"top\" width=\"191\">Armando Guerrero Granillo<\/td>\n<td valign=\"top\" width=\"181\">Agrobo, S.A de C.V.<\/td>\n<td valign=\"top\" width=\"190\">Sinaloa<\/td>\n<\/tr>\n<tr>\n<td valign=\"top\" width=\"42\">9<\/td>\n<td valign=\"top\" width=\"191\">Sa\u00fal Jurado Deandar<\/td>\n<td valign=\"top\" width=\"181\"><\/td>\n<td valign=\"top\" width=\"190\">M\u00e9xico DF<\/td>\n<\/tr>\n<tr>\n<td valign=\"top\" width=\"42\">10<\/td>\n<td valign=\"top\" width=\"191\">Camilo Hern\u00e1ndez<\/td>\n<td valign=\"top\" width=\"181\">Universidad de Chapingo<\/td>\n<td valign=\"top\" width=\"190\">Edo. De M\u00e9xico<\/td>\n<\/tr>\n<tr>\n<td valign=\"top\" width=\"42\">11<\/td>\n<td valign=\"top\" width=\"191\">Jos\u00e9 L\u00f3pez Veloz<\/td>\n<td valign=\"top\" width=\"181\">Director General Sewo M\u00e9xico SA de CV<\/td>\n<td valign=\"top\" width=\"190\">M\u00e9xico DF<\/td>\n<\/tr>\n<\/tbody>\n<\/table>\n<p>Lista de inscritos en el curso de manera presencial:<\/p>\n<table border=\"1\" cellspacing=\"0\" cellpadding=\"0\">\n<tbody>\n<tr>\n<td valign=\"top\" width=\"42\"><b>No.<\/b><\/td>\n<td valign=\"top\" width=\"191\"><b>Nombre<\/b><\/td>\n<td valign=\"top\" width=\"188\"><b>Empresa<\/b><\/td>\n<td valign=\"top\" width=\"182\"><b>Estado<\/b><\/td>\n<\/tr>\n<tr>\n<td valign=\"top\" width=\"42\">1<\/td>\n<td valign=\"top\" width=\"191\">Roberto Nieves Mendoza<\/td>\n<td valign=\"top\" width=\"188\">Frutas Selectas de Tijuana S. de R.L de C.V. Comit\u00e9 de Inocuidad Alimentaria<\/td>\n<td valign=\"top\" width=\"182\">Tijuana, Baja California<\/td>\n<\/tr>\n<tr>\n<td valign=\"top\" width=\"42\">2<\/td>\n<td valign=\"top\" width=\"191\">Antonio Preza Lagunes<\/td>\n<td valign=\"top\" width=\"188\">Frutas Selectas de Tijuana S. de R.L de C.V. Comit\u00e9 de Inocuidad Alimentaria<\/td>\n<td valign=\"top\" width=\"182\">Tijuana, Baja California<\/td>\n<\/tr>\n<tr>\n<td valign=\"top\" width=\"42\">3<\/td>\n<td valign=\"top\" width=\"191\">Jos\u00e9 L\u00f3pez Veloz<\/td>\n<td valign=\"top\" width=\"188\">Director General Sewo M\u00e9xico SA de CV<\/td>\n<td valign=\"top\" width=\"182\">M\u00e9xico DF<\/td>\n<\/tr>\n<tr>\n<td valign=\"top\" width=\"42\">4<\/td>\n<td valign=\"top\" width=\"191\">Nicole Hucke L\u00f3pez<\/td>\n<td valign=\"top\" width=\"188\">TRICAR (Agr\u00edcola Daniel C\u00e1rdenas Cevallos)<\/td>\n<td valign=\"top\" width=\"182\">Culiac\u00e1n, Sinaloa<\/td>\n<\/tr>\n<tr>\n<td valign=\"top\" width=\"42\">5<\/td>\n<td valign=\"top\" width=\"191\">Ing. Mariana Ang\u00e9lica Castillo C.<\/td>\n<td valign=\"top\" width=\"188\">Jefe de Inocuidad y Calidad\u00a0\u00a0\u00a0\u00a0\u00a0\u00a0\u00a0\u00a0\u00a0 Invernaderos Potosinos S.A. de C.V.<\/td>\n<td valign=\"top\" width=\"182\">SLP<\/td>\n<\/tr>\n<tr>\n<td valign=\"top\" width=\"42\">6<\/td>\n<td valign=\"top\" width=\"191\">Emmanuel Rueda Argueta Jonathan Salvador Ceja Ochoa<\/td>\n<td valign=\"top\" width=\"188\">Especias de Amacuzac SPR de RL<\/td>\n<td valign=\"top\" width=\"182\">Amacuzac, Morelos<\/td>\n<\/tr>\n<tr>\n<td valign=\"top\" width=\"42\">7<\/td>\n<td valign=\"top\" width=\"191\">Margarita S\u00e1nchez Casillas<\/td>\n<td valign=\"top\" width=\"188\">Rancho Chavollas SPR de RL DE CV<\/td>\n<td valign=\"top\" width=\"182\">Michoac\u00e1n<\/td>\n<\/tr>\n<tr>\n<td valign=\"top\" width=\"42\">8<\/td>\n<td valign=\"top\" width=\"191\">Alberto Reyes Contreras<\/td>\n<td valign=\"top\" width=\"188\">PRODUCTOS SELECTOS NATURY S.A. DE C.V.<\/td>\n<td valign=\"top\" width=\"182\">Veracruz<\/td>\n<\/tr>\n<tr>\n<td valign=\"top\" width=\"42\">9<\/td>\n<td valign=\"top\" width=\"191\">Liliana Aguilar Dominguez<\/td>\n<td valign=\"top\" width=\"188\">PRODUCTOS SELECTOS NATURY S.A. DE C.V.<\/td>\n<td valign=\"top\" width=\"182\">Veracruz<\/td>\n<\/tr>\n<tr>\n<td valign=\"top\" width=\"42\">10<\/td>\n<td valign=\"top\" width=\"191\">Mao Raymundo L\u00f3pez Reyes<\/td>\n<td valign=\"top\" width=\"188\">LEGUMBRERA SAN LUIS S.P.R. DE R.I.<\/td>\n<td valign=\"top\" width=\"182\">Sonora<\/td>\n<\/tr>\n<tr>\n<td valign=\"top\" width=\"42\">11<\/td>\n<td valign=\"top\" width=\"191\">Armando Reyes Duarte<\/td>\n<td valign=\"top\" width=\"188\">LEGUMBRERA SAN LUIS S.P.R. DE R.I.<\/td>\n<td valign=\"top\" width=\"182\">Sonora<\/td>\n<\/tr>\n<tr>\n<td valign=\"top\" width=\"42\">12<\/td>\n<td valign=\"top\" width=\"191\">JUAN FRANCISCO OJEDA VALENZUELA<\/td>\n<td valign=\"top\" width=\"188\">ASOCIACI\u00d3N MEXICANA DE HORTICULTURA PROTEGIDA A.C. (AMHPAC)<\/td>\n<td valign=\"top\" width=\"182\">Sinaloa<\/td>\n<\/tr>\n<tr>\n<td valign=\"top\" width=\"42\">13<\/td>\n<td valign=\"top\" width=\"191\">LAURA ALMEIDA<\/td>\n<td valign=\"top\" width=\"188\">AGRO GONZALEZ, SPR DE RL<\/td>\n<td valign=\"top\" width=\"182\">Jalisco<\/td>\n<\/tr>\n<\/tbody>\n<\/table>\n","protected":false},"excerpt":{"rendered":"<p>El pasado\u00a0 23 de mayo del presente a\u00f1o, se llev\u00f3 a cabo el curso externo de \u201cAlertas sanitarias en alimentos por la presencia de contaminantes\u201d, con duraci\u00f3n de 3 d\u00edas, en las instalaciones de la Universidad Internacional. Con una asistencia de 13 personas en modo presencial y 11 en modo virtual, teniendo como origen, diferentes&hellip;<\/p>\n","protected":false},"author":1,"featured_media":0,"comment_status":"closed","ping_status":"open","sticky":false,"template":"","format":"standard","meta":[],"categories":[14,28],"tags":[],"_links":{"self":[{"href":"https:\/\/blogs.uninter.edu.mx\/ESCAT2\/index.php?rest_route=\/wp\/v2\/posts\/1020"}],"collection":[{"href":"https:\/\/blogs.uninter.edu.mx\/ESCAT2\/index.php?rest_route=\/wp\/v2\/posts"}],"about":[{"href":"https:\/\/blogs.uninter.edu.mx\/ESCAT2\/index.php?rest_route=\/wp\/v2\/types\/post"}],"author":[{"embeddable":true,"href":"https:\/\/blogs.uninter.edu.mx\/ESCAT2\/index.php?rest_route=\/wp\/v2\/users\/1"}],"replies":[{"embeddable":true,"href":"https:\/\/blogs.uninter.edu.mx\/ESCAT2\/index.php?rest_route=%2Fwp%2Fv2%2Fcomments&post=1020"}],"version-history":[{"count":0,"href":"https:\/\/blogs.uninter.edu.mx\/ESCAT2\/index.php?rest_route=\/wp\/v2\/posts\/1020\/revisions"}],"wp:attachment":[{"href":"https:\/\/blogs.uninter.edu.mx\/ESCAT2\/index.php?rest_route=%2Fwp%2Fv2%2Fmedia&parent=1020"}],"wp:term":[{"taxonomy":"category","embeddable":true,"href":"https:\/\/blogs.uninter.edu.mx\/ESCAT2\/index.php?rest_route=%2Fwp%2Fv2%2Fcategories&post=1020"},{"taxonomy":"post_tag","embeddable":true,"href":"https:\/\/blogs.uninter.edu.mx\/ESCAT2\/index.php?rest_route=%2Fwp%2Fv2%2Ftags&post=1020"}],"curies":[{"name":"wp","href":"https:\/\/api.w.org\/{rel}","templated":true}]}}