{"id":11857,"date":"2017-10-12T21:39:46","date_gmt":"2017-10-13T02:39:46","guid":{"rendered":"http:\/\/escatuninter.blog\/?p=11857"},"modified":"2017-10-12T21:39:46","modified_gmt":"2017-10-13T02:39:46","slug":"la-historia-de-cuba-a-traves-de-30-anos-de-carteles-noticiasescat-uninter-diseno","status":"publish","type":"post","link":"https:\/\/blogs.uninter.edu.mx\/ESCAT2\/?p=11857","title":{"rendered":"La historia de Cuba a trav\u00e9s de 30 a\u00f1os de carteles #NoticiasESCAT #UNINTER #Dise\u00f1o"},"content":{"rendered":"<p><a href=\"https:\/\/www.facebook.com\/EscatUninter\/\" target=\"_blank\" rel=\"noopener\"><img loading=\"lazy\" class=\"  wp-image-13884 alignright\" src=\"https:\/\/dicaduninter.files.wordpress.com\/2017\/09\/escat.png\" alt=\"ESCAT\" width=\"190\" height=\"75\" \/><\/a><br \/>\n&nbsp;<br \/>\n&nbsp;<\/p>\n<p style=\"text-align:justify;\">Situada a 150 kil\u00f3metros de Estados Unidos y caracterizada como una sociedad de consumo;\u00a0<a href=\"https:\/\/elpais.com\/tag\/revolucion_cubana\/a\" target=\"_blank\" rel=\"noopener\">la revoluci\u00f3n\u00a0<\/a>puso a\u00a0<a href=\"https:\/\/elpais.com\/tag\/cuba\/a\" target=\"_blank\" rel=\"noopener\">Cuba<\/a> patas arriba. Uno de los muchos cambios que experiment\u00f3 alcanz\u00f3 a los artistas gr\u00e1ficos: pasaron de elaborar carteles para vender productos a crearlos con fines de propaganda b\u00e9lica, pol\u00edtica y cultural.<\/p>\n<p style=\"text-align:justify;\">El objetivo se modific\u00f3, pero la calidad est\u00e9tica del dise\u00f1o de la isla sigui\u00f3 teniendo relevancia global. La historia de Cuba a trav\u00e9s de 30 a\u00f1os de carteles<\/p>\n<p><img src=\"http:\/\/www.clubamigosdelcartel.com\/wp-content\/uploads\/2017\/01\/3-Expo-30-EICTV-1.jpg\" alt=\"Resultado de imagen para La historia de Cuba a trav\u00e9s de 30 a\u00f1os de carteles\" \/><\/p>\n<h5>Fuente:\u00a0<a href=\"https:\/\/elpais.com\/tag\/revolucion_cubana\/a\" target=\"_blank\" rel=\"noopener\">El Pa\u00eds<\/a><\/h5>\n<p style=\"text-align:right;\"><a href=\"http:\/\/www.universidad.uninter.edu.mx\/carreras\/LDG\" target=\"_blank\" rel=\"noopener\">Licenciatura en Dise\u00f1o Gr\u00e1fico<\/a><\/p>\n<p><a href=\"http:\/\/www.universidad.uninter.edu.mx\/Inicio\" target=\"_blank\" rel=\"noopener\"><img loading=\"lazy\" class=\"  wp-image-13885 aligncenter\" src=\"https:\/\/dicaduninter.files.wordpress.com\/2017\/09\/universidad-internacional.png\" alt=\"Universidad Internacional\" width=\"548\" height=\"83\" \/><\/a><br \/>\n&nbsp;<\/p>\n","protected":false},"excerpt":{"rendered":"<p>&nbsp; &nbsp; Situada a 150 kil\u00f3metros de Estados Unidos y caracterizada como una sociedad de consumo;\u00a0la revoluci\u00f3n\u00a0puso a\u00a0Cuba patas arriba. Uno de los muchos cambios que experiment\u00f3 alcanz\u00f3 a los artistas gr\u00e1ficos: pasaron de elaborar carteles para vender productos a crearlos con fines de propaganda b\u00e9lica, pol\u00edtica y cultural. El objetivo se modific\u00f3, pero la&hellip;<\/p>\n","protected":false},"author":1,"featured_media":11861,"comment_status":"closed","ping_status":"open","sticky":false,"template":"","format":"standard","meta":[],"categories":[7,9,11,27],"tags":[31,35,60,434,520,633],"_links":{"self":[{"href":"https:\/\/blogs.uninter.edu.mx\/ESCAT2\/index.php?rest_route=\/wp\/v2\/posts\/11857"}],"collection":[{"href":"https:\/\/blogs.uninter.edu.mx\/ESCAT2\/index.php?rest_route=\/wp\/v2\/posts"}],"about":[{"href":"https:\/\/blogs.uninter.edu.mx\/ESCAT2\/index.php?rest_route=\/wp\/v2\/types\/post"}],"author":[{"embeddable":true,"href":"https:\/\/blogs.uninter.edu.mx\/ESCAT2\/index.php?rest_route=\/wp\/v2\/users\/1"}],"replies":[{"embeddable":true,"href":"https:\/\/blogs.uninter.edu.mx\/ESCAT2\/index.php?rest_route=%2Fwp%2Fv2%2Fcomments&post=11857"}],"version-history":[{"count":0,"href":"https:\/\/blogs.uninter.edu.mx\/ESCAT2\/index.php?rest_route=\/wp\/v2\/posts\/11857\/revisions"}],"wp:featuredmedia":[{"embeddable":true,"href":"https:\/\/blogs.uninter.edu.mx\/ESCAT2\/index.php?rest_route=\/wp\/v2\/media\/11861"}],"wp:attachment":[{"href":"https:\/\/blogs.uninter.edu.mx\/ESCAT2\/index.php?rest_route=%2Fwp%2Fv2%2Fmedia&parent=11857"}],"wp:term":[{"taxonomy":"category","embeddable":true,"href":"https:\/\/blogs.uninter.edu.mx\/ESCAT2\/index.php?rest_route=%2Fwp%2Fv2%2Fcategories&post=11857"},{"taxonomy":"post_tag","embeddable":true,"href":"https:\/\/blogs.uninter.edu.mx\/ESCAT2\/index.php?rest_route=%2Fwp%2Fv2%2Ftags&post=11857"}],"curies":[{"name":"wp","href":"https:\/\/api.w.org\/{rel}","templated":true}]}}