{"id":11991,"date":"2017-10-25T15:21:26","date_gmt":"2017-10-25T20:21:26","guid":{"rendered":"http:\/\/escatuninter.blog\/?p=11991"},"modified":"2017-10-25T15:21:26","modified_gmt":"2017-10-25T20:21:26","slug":"cuidando-su-seguridad-alumnos-y-docentes-en-talleres-de-ingenieria-y-diseno-noticiasescat-uninter","status":"publish","type":"post","link":"https:\/\/blogs.uninter.edu.mx\/ESCAT2\/?p=11991","title":{"rendered":"Alumnos y Docentes en talleres de ingenier\u00eda y dise\u00f1o #NoticiasESCAT #UNINTER"},"content":{"rendered":"<p><img loading=\"lazy\" class=\"  wp-image-13884 alignright\" src=\"https:\/\/dicaduninter.files.wordpress.com\/2017\/09\/escat.png\" alt=\"ESCAT\" width=\"187\" height=\"74\" \/><br \/>\n&nbsp;<br \/>\n&nbsp;<\/p>\n<p style=\"text-align:justify;\">La seguridad es sumamente importante al desarrollar cualquier actividad acad\u00e9mica o l\u00fadica; es por ello que para salvaguardar la integridad de cada uno de los alumnos y docentes que acceden a los laboratorios y talleres de ingenier\u00eda y dise\u00f1o se les hace hincapi\u00e9 en portar siempre su<strong><em> Equipo de Protecci\u00f3n Personal<\/em><\/strong> cuando accedan a realizar sus pr\u00e1cticas.<\/p>\n<p style=\"text-align:justify;\">Como parte del programa de mejora continua de los laboratorios y talleres de <a href=\"http:\/\/www.universidad.uninter.edu.mx\/Ingenier%C3%ADas\">Ingenier\u00edas<\/a> y <a href=\"http:\/\/www.universidad.uninter.edu.mx\/Dise%C3%B1o-Artes\">Dise\u00f1os,<\/a> la <a href=\"http:\/\/universidad.uninter.edu.mx\/\">Universidad Internacional<\/a>\u00a0 ha verificado que alumnos docentes, coordinadores, practicantes y becarios siempre porten su equipo de protecci\u00f3n personal, para prevenir cualquier accidente dentro de los mismos.<\/p>\n<div id=\"attachment_12062\" style=\"width: 2602px\" class=\"wp-caption alignnone\"><img aria-describedby=\"caption-attachment-12062\" loading=\"lazy\" class=\"alignnone size-full wp-image-12062\" src=\"https:\/\/dicaduninter.files.wordpress.com\/2017\/10\/maderas-5.jpg\" alt=\"Laboratorios y talleres de ingenier\u00eda y dise\u00f1o\" width=\"2592\" height=\"4608\" \/><p id=\"caption-attachment-12062\" class=\"wp-caption-text\">Laboratorios y talleres de ingenier\u00eda y dise\u00f1o<\/p><\/div>\n<h3><\/h3>\n<p style=\"text-align:justify;\">El equipo de protecci\u00f3n personal EPP (Equipo de Protecci\u00f3n Personal) est\u00e1 dise\u00f1ado para proteger a los usuarios en los laboratorios y talleres de lesiones o accidentes serios que puedan resultar del contacto con materiales como madera, cer\u00e1mica, barro, pl\u00e1sticos, resinas, solventes, catalizadores, metales, soldadura \u00a0y entre otros y\/o al hacer uso de maquinaria y herramienta tanto mec\u00e1nica o el\u00e9ctrica.<\/p>\n<p style=\"text-align:justify;\">El EPP incluye una gran variedad de elementos como caretas, gafas de seguridad, cascos, zapatos de seguridad, overoles, guantes, chalecos, tapones para o\u00eddos y equipo respiratorio.<\/p>\n<p style=\"text-align:justify;\">\u00a0A continuaci\u00f3n se describen algunos de los m\u00e1s necesarios<\/p>\n<p><strong>Protecci\u00f3n para el Cuerpo y Ropa de protecci\u00f3n<\/strong>\u00a0 confeccionada\u00a0 para proteger:<\/p>\n<ul>\n<li>El torso, \u00a0pecho y el abdomen de residuos y \u00a0sustancias t\u00f3xicas o corrosivas<\/li>\n<\/ul>\n<p><img loading=\"lazy\" class=\"aligncenter size-medium wp-image-12074\" src=\"https:\/\/dicaduninter.files.wordpress.com\/2017\/10\/epp_ropa-de-proteccic3b3n.jpg?w=233\" alt=\"EPP_Ropa de protecci\u00f3n\" width=\"233\" height=\"300\" \/><br \/>\n&nbsp;<\/p>\n<p style=\"text-align:justify;\"><strong>Protecci\u00f3n para Manos<\/strong> dise\u00f1ado para proteger de:\u00a0<img loading=\"lazy\" class=\"  wp-image-12067 alignright\" src=\"https:\/\/dicaduninter.files.wordpress.com\/2017\/10\/epp_proteccic3b3n-para-manos.jpg\" alt=\"EPP_Protecci\u00f3n para manos.jpg\" width=\"187\" height=\"240\" \/><\/p>\n<ul>\n<li style=\"text-align:justify;\">Cortes<\/li>\n<li style=\"text-align:justify;\">Abrasiones<\/li>\n<li style=\"text-align:justify;\">Temperaturas extremas<\/li>\n<li style=\"text-align:justify;\">Irritaci\u00f3n cut\u00e1nea<\/li>\n<li style=\"text-align:justify;\">Dermatitis<\/li>\n<li style=\"text-align:justify;\">Contacto con sustancias t\u00f3xicas o corrosivas<\/li>\n<li style=\"text-align:justify;\">Astillas<\/li>\n<\/ul>\n<p>&nbsp;<\/p>\n<p style=\"text-align:justify;\"><strong>Protecci\u00f3n para Pies<\/strong> dise\u00f1ado para proteger de:<\/p>\n<ul>\n<li>Objetos pesados o afilados<img loading=\"lazy\" class=\"  wp-image-12077 alignright\" src=\"https:\/\/dicaduninter.files.wordpress.com\/2017\/10\/epp_proteccic3b3n_para-pies.jpg\" alt=\"EPP_Protecci\u00f3n_para pies\" width=\"205\" height=\"264\" \/><\/li>\n<li>Derrames de l\u00edquidos o \u00e1cidos<\/li>\n<li>Calor<\/li>\n<li>Zonas de trabajo resbaladizas<\/li>\n<li>Electricidad<\/li>\n<\/ul>\n<p>&nbsp;<br \/>\n&nbsp;<br \/>\n&nbsp;<\/p>\n<p style=\"text-align:justify;\"><strong>Protecci\u00f3n <\/strong><strong> Respir<\/strong><strong>atoria<\/strong> su objetivo es impedir que los contaminantes nocivos del<img loading=\"lazy\" class=\"  wp-image-12084 alignright\" src=\"https:\/\/dicaduninter.files.wordpress.com\/2017\/10\/epp_proteccic3b3n_respiratoria.jpg\" alt=\"EPP_Protecci\u00f3n_respiratoria\" width=\"188\" height=\"242\" \/> aire\u00a0entren en el cuerpo a trav\u00e9s de\u00a0los conductos de respiraci\u00f3n como:<\/p>\n<ul>\n<li style=\"text-align:justify;\">Polvos<\/li>\n<li style=\"text-align:justify;\">Humos<\/li>\n<li style=\"text-align:justify;\">Gases<\/li>\n<\/ul>\n<p>&nbsp;<br \/>\n&nbsp;<\/p>\n<p style=\"text-align:justify;\"><strong>Protecci\u00f3n Visual<\/strong> dise\u00f1ada para proteger de:<\/p>\n<ul>\n<li style=\"text-align:justify;\">Impactos de part\u00edculas que se mueven a gran velocidad<\/li>\n<li style=\"text-align:justify;\">Metal fundido o s\u00f3lidos calientes<\/li>\n<li style=\"text-align:justify;\">Penetraci\u00f3n de polvo<\/li>\n<li style=\"text-align:justify;\">Gases<\/li>\n<li style=\"text-align:justify;\">Productos qu\u00edmicos<\/li>\n<li style=\"text-align:justify;\">Astillas<\/li>\n<li style=\"text-align:justify;\">Esquirlas<\/li>\n<\/ul>\n<p style=\"text-align:justify;\"><strong>Protecci\u00f3n Auditiva<\/strong> dise\u00f1ado para:<\/p>\n<ul>\n<li>Eliminar o reducir el nivel de ruido<\/li>\n<\/ul>\n<p>&nbsp;<\/p>\n<p style=\"text-align:justify;\">Los laboratorios y talleres de ingenier\u00eda y dise\u00f1o, otorgan servicio a los alumnos para realizar pr\u00e1cticas de las carreras de Licenciaturas en <a href=\"http:\/\/universidad.uninter.edu.mx\/carreras\/LDI\">Dise\u00f1o Industrial<\/a> y <a href=\"http:\/\/www.universidad.uninter.edu.mx\/carreras\/LDM\">Dise\u00f1o de Modas y Tendencias Internacionales<\/a>, <a href=\"http:\/\/www.universidad.uninter.edu.mx\/carreras\/LDG\">Dise\u00f1o Gr\u00e1fico<\/a>, <a href=\"http:\/\/www.universidad.uninter.edu.mx\/carreras\/ARQ\">Arquitectura<\/a> y <a href=\"http:\/\/www.universidad.uninter.edu.mx\/carreras\/LADD\">Animaci\u00f3n y Dise\u00f1o Digital<\/a>;\u00a0 as\u00ed como de las ingenier\u00edas en <a href=\"http:\/\/universidad.uninter.edu.mx\/carreras\/IME\">Mectar\u00f3nica<\/a>, <a href=\"http:\/\/www.universidad.uninter.edu.mx\/carreras\/ISC\">Sistemas Computacionales<\/a>, <a href=\"http:\/\/www.universidad.uninter.edu.mx\/carreras\/IISCA\">Industrial y Sistemas de Calidad<\/a> y <a href=\"http:\/\/www.universidad.uninter.edu.mx\/carreras\/IMI\">Mec\u00e1nica Industrial<\/a>.<\/p>\n\n<p style=\"text-align:right;\"><a href=\"http:\/\/www.universidad.uninter.edu.mx\/Ingenier%C3%ADas\">Ingenier\u00edas<\/a><\/p>\n<p style=\"text-align:right;\"><a href=\"http:\/\/www.universidad.uninter.edu.mx\/Dise%C3%B1o-Artes\">Dise\u00f1o<\/a><\/p>\n<p style=\"text-align:right;\"><a href=\"http:\/\/www.universidad.uninter.edu.mx\/carreras\/ARQ\" target=\"_blank\" rel=\"noopener\">Licenciatura en Arquitectura<\/a><\/p>\n<p><img loading=\"lazy\" class=\"  wp-image-13885 aligncenter\" src=\"https:\/\/dicaduninter.files.wordpress.com\/2017\/09\/universidad-internacional.png\" alt=\"Universidad Internacional\" width=\"581\" height=\"88\" \/><br \/>\n&nbsp;<br \/>\n&nbsp;<br \/>\n&nbsp;<br \/>\n&nbsp;<\/p>\n","protected":false},"excerpt":{"rendered":"<p>&nbsp; &nbsp; La seguridad es sumamente importante al desarrollar cualquier actividad acad\u00e9mica o l\u00fadica; es por ello que para salvaguardar la integridad de cada uno de los alumnos y docentes que acceden a los laboratorios y talleres de ingenier\u00eda y dise\u00f1o se les hace hincapi\u00e9 en portar siempre su Equipo de Protecci\u00f3n Personal cuando accedan&hellip;<\/p>\n","protected":false},"author":1,"featured_media":12387,"comment_status":"closed","ping_status":"open","sticky":false,"template":"","format":"standard","meta":[],"categories":[4,11,23],"tags":[32,33,35,40,43,44,59,60,522,960,1343,1447],"_links":{"self":[{"href":"https:\/\/blogs.uninter.edu.mx\/ESCAT2\/index.php?rest_route=\/wp\/v2\/posts\/11991"}],"collection":[{"href":"https:\/\/blogs.uninter.edu.mx\/ESCAT2\/index.php?rest_route=\/wp\/v2\/posts"}],"about":[{"href":"https:\/\/blogs.uninter.edu.mx\/ESCAT2\/index.php?rest_route=\/wp\/v2\/types\/post"}],"author":[{"embeddable":true,"href":"https:\/\/blogs.uninter.edu.mx\/ESCAT2\/index.php?rest_route=\/wp\/v2\/users\/1"}],"replies":[{"embeddable":true,"href":"https:\/\/blogs.uninter.edu.mx\/ESCAT2\/index.php?rest_route=%2Fwp%2Fv2%2Fcomments&post=11991"}],"version-history":[{"count":0,"href":"https:\/\/blogs.uninter.edu.mx\/ESCAT2\/index.php?rest_route=\/wp\/v2\/posts\/11991\/revisions"}],"wp:featuredmedia":[{"embeddable":true,"href":"https:\/\/blogs.uninter.edu.mx\/ESCAT2\/index.php?rest_route=\/wp\/v2\/media\/12387"}],"wp:attachment":[{"href":"https:\/\/blogs.uninter.edu.mx\/ESCAT2\/index.php?rest_route=%2Fwp%2Fv2%2Fmedia&parent=11991"}],"wp:term":[{"taxonomy":"category","embeddable":true,"href":"https:\/\/blogs.uninter.edu.mx\/ESCAT2\/index.php?rest_route=%2Fwp%2Fv2%2Fcategories&post=11991"},{"taxonomy":"post_tag","embeddable":true,"href":"https:\/\/blogs.uninter.edu.mx\/ESCAT2\/index.php?rest_route=%2Fwp%2Fv2%2Ftags&post=11991"}],"curies":[{"name":"wp","href":"https:\/\/api.w.org\/{rel}","templated":true}]}}