{"id":12303,"date":"2017-10-04T11:31:35","date_gmt":"2017-10-04T16:31:35","guid":{"rendered":"http:\/\/escatuninter.blog\/?p=12303"},"modified":"2017-10-04T11:31:35","modified_gmt":"2017-10-04T16:31:35","slug":"dia-mundial-de-los-animales-noticiasescat","status":"publish","type":"post","link":"https:\/\/blogs.uninter.edu.mx\/ESCAT2\/?p=12303","title":{"rendered":"D\u00eda Mundial de los Animales  #NoticiasESCAT"},"content":{"rendered":"<p><a href=\"https:\/\/www.facebook.com\/EscatUninter\/\" target=\"_blank\" rel=\"noopener\"><img loading=\"lazy\" class=\"  wp-image-13884 alignright\" src=\"https:\/\/dicaduninter.files.wordpress.com\/2017\/09\/escat.png\" alt=\"ESCAT\" width=\"190\" height=\"75\" \/><\/a><br \/>\n&nbsp;<br \/>\n&nbsp;<\/p>\n<p style=\"text-align:justify;\"><span style=\"color:#333333;\">Hoy 4 de Octubre se celebra el D\u00eda Mundial de los Animales.<\/span><\/p>\n<p style=\"text-align:justify;\"><span style=\"color:#333333;\">El d\u00eda mundial de los animales se celebr\u00f3 por primera vez en 1931 en una convenci\u00f3n de ecologistas en Florencia, Italia, como un llamado de atenci\u00f3n al problema de las especies en peligro de extinci\u00f3n. Desde entonces se ha ampliado hasta comprender a todas las especies animales. Se celebra el 4 de octubre por ser la fiesta de San Francisco de Asis, el santo patrono de los animales.<\/span><\/p>\n<p><span style=\"color:#333333;\"><img loading=\"lazy\" class=\"alignnone size-full wp-image-12318\" src=\"https:\/\/dicaduninter.files.wordpress.com\/2017\/10\/cb4cc1a24901c8080fa5bbd761895105.jpg\" alt=\"D\u00eda Mundial de los Animales\" width=\"600\" height=\"648\" \/><\/span><\/p>\n<p style=\"text-align:justify;\"><span style=\"color:#333333;\">El prop\u00f3sito central de esta fecha es recordar la importancia de las otras especies animales con quienes compartimos el planeta, quienes las m\u00e1s de las veces son v\u00edctimas de nuestro ego\u00edsmo y crueldad. Sin embargo, a trav\u00e9s de la educaci\u00f3n y la difusi\u00f3n de las actividades de los defensores de los animales, se\u00a0 viene creando una nueva cultura del respeto en la cual afortunadamente cada vez m\u00e1s personas se unen para hacer de este mundo un sitio m\u00e1s justo para todos.<\/span><\/p>\n<p style=\"text-align:justify;\"><span style=\"color:#333333;\">Mencionando algunas especies en peligro de extinci\u00f3n en M\u00e9xico son:<\/span><\/p>\n<p style=\"text-align:justify;\"><span style=\"color:#333333;\"><strong>C\u00f3ndor Norte\u00f1o:\u00a0<\/strong><\/span><br \/>\n<span style=\"color:#333333;\"> Esta especie ha llegado al borde de la extinci\u00f3n debido a la\u00a0caza furtiva, el\u00a0envenenamiento por plomo\u00a0y la\u00a0destrucci\u00f3n de h\u00e1bitat.<\/span><\/p>\n<p><span style=\"color:#333333;\"><img loading=\"lazy\" class=\"alignnone size-full wp-image-12327\" src=\"https:\/\/dicaduninter.files.wordpress.com\/2017\/10\/california_condor.jpg\" alt=\"california_condor\" width=\"663\" height=\"474\" \/><\/span><br \/>\n<span style=\"color:#333333;\"><strong>Oso Mexicano<\/strong><\/span><br \/>\n<span style=\"color:#333333;\"> Ha sido\u00a0declarado extinto por la <strong>UICN<\/strong> desde el a\u00f1o 1964.<\/span><br \/>\n<span style=\"color:#333333;\"><img loading=\"lazy\" class=\"alignnone size-full wp-image-12346\" src=\"https:\/\/dicaduninter.files.wordpress.com\/2017\/10\/oso-mexicano.jpg\" alt=\"D\u00eda Mundial de los Animales\" width=\"1680\" height=\"1050\" \/><\/span><\/p>\n<p style=\"text-align:justify;\"><span style=\"color:#333333;\"><strong>Foca Monje:<\/strong><\/span><br \/>\n<span style=\"color:#333333;\"> Propia del\u00a0mar Caribe, probablemente se extingui\u00f3 en el siglo XX. Era la \u00fanica foca que habitaba en aguas netamente tropicales, y el \u00fanico\u00a0pinn\u00edpedo\u00a0del Mar Caribe.<\/span><\/p>\n<p><span style=\"color:#333333;\"><img loading=\"lazy\" class=\"alignnone size-full wp-image-12355\" src=\"https:\/\/dicaduninter.files.wordpress.com\/2017\/10\/informacic3b3n-sobre-la-foca-monje-del-mediterraneo-3.jpg\" alt=\"informaci\u00f3n-sobre-la-foca-monje-del-mediterraneo-3\" width=\"650\" height=\"433\" \/><\/span><\/p>\n<p style=\"text-align:justify;\"><span style=\"color:#333333;\"><strong>El ajolote:<br \/>\n<\/strong>Debido a la explotaci\u00f3n desmedida para fines medicinales, la urbanizaci\u00f3n y la introducci\u00f3n de especies ex\u00f3ticas, el ajolote est\u00e1 en\u00a0peligro de extinci\u00f3n.<strong><br \/>\n<\/strong><\/span><\/p>\n<p><span style=\"color:#333333;\"><img loading=\"lazy\" class=\"alignnone size-full wp-image-12363\" src=\"https:\/\/dicaduninter.files.wordpress.com\/2017\/10\/ajolote.jpg\" alt=\"Ajolote\" width=\"700\" height=\"368\" \/><\/span><\/p>\n<p style=\"text-align:justify;\"><span style=\"color:#333333;\">Utilicemos este d\u00eda para preservar y concientizar a las personas sobre la importancia de nuestro ecosistema y cuidemos nuestras especies mexicanas.<\/span><\/p>\n<p style=\"text-align:right;\"><span style=\"color:#333333;\"><a href=\"http:\/\/www.universidad.uninter.edu.mx\/carreras\/IAM\" target=\"_blank\" rel=\"noopener\">Ingenier\u00eda Ambiental<\/a><\/span><\/p>\n<p><a href=\"http:\/\/www.universidad.uninter.edu.mx\/Inicio\" target=\"_blank\" rel=\"noopener\"><img loading=\"lazy\" class=\"  wp-image-13885 aligncenter\" src=\"https:\/\/dicaduninter.files.wordpress.com\/2017\/09\/universidad-internacional.png\" alt=\"Universidad Internacional\" width=\"548\" height=\"83\" \/><\/a><\/p>\n","protected":false},"excerpt":{"rendered":"<p>&nbsp; &nbsp; Hoy 4 de Octubre se celebra el D\u00eda Mundial de los Animales. El d\u00eda mundial de los animales se celebr\u00f3 por primera vez en 1931 en una convenci\u00f3n de ecologistas en Florencia, Italia, como un llamado de atenci\u00f3n al problema de las especies en peligro de extinci\u00f3n. Desde entonces se ha ampliado hasta&hellip;<\/p>\n","protected":false},"author":1,"featured_media":12304,"comment_status":"closed","ping_status":"open","sticky":false,"template":"","format":"standard","meta":[],"categories":[14,15,27],"tags":[35,59,126,141,328,491,633,648,879,1078,1146,1147],"_links":{"self":[{"href":"https:\/\/blogs.uninter.edu.mx\/ESCAT2\/index.php?rest_route=\/wp\/v2\/posts\/12303"}],"collection":[{"href":"https:\/\/blogs.uninter.edu.mx\/ESCAT2\/index.php?rest_route=\/wp\/v2\/posts"}],"about":[{"href":"https:\/\/blogs.uninter.edu.mx\/ESCAT2\/index.php?rest_route=\/wp\/v2\/types\/post"}],"author":[{"embeddable":true,"href":"https:\/\/blogs.uninter.edu.mx\/ESCAT2\/index.php?rest_route=\/wp\/v2\/users\/1"}],"replies":[{"embeddable":true,"href":"https:\/\/blogs.uninter.edu.mx\/ESCAT2\/index.php?rest_route=%2Fwp%2Fv2%2Fcomments&post=12303"}],"version-history":[{"count":0,"href":"https:\/\/blogs.uninter.edu.mx\/ESCAT2\/index.php?rest_route=\/wp\/v2\/posts\/12303\/revisions"}],"wp:featuredmedia":[{"embeddable":true,"href":"https:\/\/blogs.uninter.edu.mx\/ESCAT2\/index.php?rest_route=\/wp\/v2\/media\/12304"}],"wp:attachment":[{"href":"https:\/\/blogs.uninter.edu.mx\/ESCAT2\/index.php?rest_route=%2Fwp%2Fv2%2Fmedia&parent=12303"}],"wp:term":[{"taxonomy":"category","embeddable":true,"href":"https:\/\/blogs.uninter.edu.mx\/ESCAT2\/index.php?rest_route=%2Fwp%2Fv2%2Fcategories&post=12303"},{"taxonomy":"post_tag","embeddable":true,"href":"https:\/\/blogs.uninter.edu.mx\/ESCAT2\/index.php?rest_route=%2Fwp%2Fv2%2Ftags&post=12303"}],"curies":[{"name":"wp","href":"https:\/\/api.w.org\/{rel}","templated":true}]}}