{"id":1305,"date":"2014-04-10T15:06:41","date_gmt":"2014-04-10T20:06:41","guid":{"rendered":"http:\/\/dicaduninter.wordpress.com\/?p=1305"},"modified":"2014-04-10T15:06:41","modified_gmt":"2014-04-10T20:06:41","slug":"uninter-dentro-del-programa-de-fortalecimiento-y-creacion-de-capacidades-del-sector-de-tecnologias-de-informacion-en-morelos","status":"publish","type":"post","link":"https:\/\/blogs.uninter.edu.mx\/ESCAT2\/?p=1305","title":{"rendered":"Uninter dentro del Programa de Fortalecimiento y Creaci\u00f3n de Capacidades del Sector de Tecnolog\u00edas de Informaci\u00f3n en Morelos"},"content":{"rendered":"<p>La Universidad Internacional, participa en el<strong> &#8220;Programa de Fortalecimiento y Creaci\u00f3n de Capacidades del Sector de Tecnolog\u00edas de Informaci\u00f3n en Morelos&#8221;<\/strong>, iniciativa a cargo del <strong>Gobierno Estatal y Wir M\u00fcssen Wissen A.C<\/strong>. El gobernador Graco Ram\u00edrez dijo que el gobierno estatal trabaja para orientar las inversiones e infraestructura educativa hacia la llamada \u201ceconom\u00eda del conocimiento\u201d, corriente cient\u00edfica que abarca la gesti\u00f3n y administraci\u00f3n de los saberes acad\u00e9micos, por lo que la educaci\u00f3n y el internet son considerados un derecho para todos, lo que colocar\u00e1 a la entidad como un referente en todo el pa\u00eds.<\/p>\n<p>Con esto, Uninter recibir\u00e1 el apoyo para certificar en diversas disciplinas de TICs como <strong>HTML5, Programaci\u00f3n Android, PostgreSQL, Social Business, entre otras<\/strong>, a estudiantes de las carreras de ingenier\u00edas y afines. Este programa cuenta con financiamiento estatal aplicable a diversas instituciones morelenses de Educaci\u00f3n Superior, entre estas la Universidad Internacional.El evento se llev\u00f3 a cabo en las instalaciones de la <strong>Universidad Tecnol\u00f3gica Emiliano Zapata dentro del marco de su Congreso Technology Fest 2014.<\/strong><\/p>\n<p><a href=\"http:\/\/dicaduninter.files.wordpress.com\/2014\/04\/tics1.jpg\"><img loading=\"lazy\" class=\"aligncenter size-large wp-image-1306\" src=\"http:\/\/dicaduninter.files.wordpress.com\/2014\/04\/tics1.jpg?w=700\" alt=\"TICs1\" width=\"700\" height=\"350\" \/><\/a><\/p>\n<p><a href=\"http:\/\/dicaduninter.files.wordpress.com\/2014\/04\/tics2.jpg\"><img loading=\"lazy\" class=\"aligncenter size-large wp-image-1308\" src=\"http:\/\/dicaduninter.files.wordpress.com\/2014\/04\/tics3.jpg?w=700\" alt=\"TICs3\" width=\"700\" height=\"464\" \/><\/a><\/p>\n<p><a href=\"http:\/\/dicaduninter.files.wordpress.com\/2014\/04\/tics2.jpg\"><img loading=\"lazy\" class=\"aligncenter size-large wp-image-1307\" src=\"http:\/\/dicaduninter.files.wordpress.com\/2014\/04\/tics2.jpg?w=700\" alt=\"TICs2\" width=\"700\" height=\"466\" \/><\/a><\/p>\n<p><a href=\"http:\/\/dicaduninter.files.wordpress.com\/2014\/04\/tics4.jpg\"><img loading=\"lazy\" class=\"aligncenter size-large wp-image-1309\" src=\"http:\/\/dicaduninter.files.wordpress.com\/2014\/04\/tics4.jpg?w=700\" alt=\"TICs4\" width=\"700\" height=\"296\" \/><\/a><\/p>\n<p>&nbsp;<\/p>\n","protected":false},"excerpt":{"rendered":"<p>La Universidad Internacional, participa en el &#8220;Programa de Fortalecimiento y Creaci\u00f3n de Capacidades del Sector de Tecnolog\u00edas de Informaci\u00f3n en Morelos&#8221;, iniciativa a cargo del Gobierno Estatal y Wir M\u00fcssen Wissen A.C. El gobernador Graco Ram\u00edrez dijo que el gobierno estatal trabaja para orientar las inversiones e infraestructura educativa hacia la llamada \u201ceconom\u00eda del conocimiento\u201d,&hellip;<\/p>\n","protected":false},"author":1,"featured_media":1308,"comment_status":"closed","ping_status":"open","sticky":false,"template":"","format":"standard","meta":[],"categories":[6,14,26],"tags":[],"_links":{"self":[{"href":"https:\/\/blogs.uninter.edu.mx\/ESCAT2\/index.php?rest_route=\/wp\/v2\/posts\/1305"}],"collection":[{"href":"https:\/\/blogs.uninter.edu.mx\/ESCAT2\/index.php?rest_route=\/wp\/v2\/posts"}],"about":[{"href":"https:\/\/blogs.uninter.edu.mx\/ESCAT2\/index.php?rest_route=\/wp\/v2\/types\/post"}],"author":[{"embeddable":true,"href":"https:\/\/blogs.uninter.edu.mx\/ESCAT2\/index.php?rest_route=\/wp\/v2\/users\/1"}],"replies":[{"embeddable":true,"href":"https:\/\/blogs.uninter.edu.mx\/ESCAT2\/index.php?rest_route=%2Fwp%2Fv2%2Fcomments&post=1305"}],"version-history":[{"count":0,"href":"https:\/\/blogs.uninter.edu.mx\/ESCAT2\/index.php?rest_route=\/wp\/v2\/posts\/1305\/revisions"}],"wp:featuredmedia":[{"embeddable":true,"href":"https:\/\/blogs.uninter.edu.mx\/ESCAT2\/index.php?rest_route=\/wp\/v2\/media\/1308"}],"wp:attachment":[{"href":"https:\/\/blogs.uninter.edu.mx\/ESCAT2\/index.php?rest_route=%2Fwp%2Fv2%2Fmedia&parent=1305"}],"wp:term":[{"taxonomy":"category","embeddable":true,"href":"https:\/\/blogs.uninter.edu.mx\/ESCAT2\/index.php?rest_route=%2Fwp%2Fv2%2Fcategories&post=1305"},{"taxonomy":"post_tag","embeddable":true,"href":"https:\/\/blogs.uninter.edu.mx\/ESCAT2\/index.php?rest_route=%2Fwp%2Fv2%2Ftags&post=1305"}],"curies":[{"name":"wp","href":"https:\/\/api.w.org\/{rel}","templated":true}]}}