{"id":13314,"date":"2017-10-28T23:35:54","date_gmt":"2017-10-29T04:35:54","guid":{"rendered":"http:\/\/escatuninter.blog\/?p=13314"},"modified":"2017-10-28T23:35:54","modified_gmt":"2017-10-29T04:35:54","slug":"inauguracion-de-la-5ta-muestra-de-moda-mexicana-en-barcelona-noticiasescat-uninter-diseno","status":"publish","type":"post","link":"https:\/\/blogs.uninter.edu.mx\/ESCAT2\/?p=13314","title":{"rendered":"Inauguraci\u00f3n de la 5ta Muestra de Moda Mexicana en Barcelona #NoticiasESCAT #Uninter #Dise\u00f1o"},"content":{"rendered":"<p><a href=\"https:\/\/www.facebook.com\/EscatUninter\/\" target=\"_blank\" rel=\"noopener\"><img loading=\"lazy\" class=\"  wp-image-13884 alignright\" src=\"https:\/\/dicaduninter.files.wordpress.com\/2017\/09\/escat.png\" alt=\"ESCAT\" width=\"190\" height=\"75\" \/><\/a><br \/>\n&nbsp;<br \/>\n&nbsp;<\/p>\n<p style=\"text-align:justify;\"><span style=\"color:#000000;\"><span style=\"font-family:arial, helvetica, sans-serif;\">20 dise\u00f1adores asistentes en las disciplinas de textil, calzado, joyer\u00eda\u00a0y complementos que fusionaron la cultura mexicana a trav\u00e9s del dise\u00f1o asistieron a la inauguraci\u00f3n y brindis para darles la bienvenida en Barcelona.<\/span><\/span> <span style=\"color:#000000;\"><span style=\"font-family:arial, helvetica, sans-serif;\">David Places director del Centre de Artesan\u00edas,\u00a0Juan Jos\u00e9\u00a0Jaramillo Vicepresidente de Mexcat y Alejandro Guti\u00e9rrez\u00a0director de la Muestra fueron los encargados de inaugurar el evento.\u00a0<\/span><\/span><\/p>\n<div id=\"attachment_13820\" style=\"width: 1717px\" class=\"wp-caption alignnone\"><img aria-describedby=\"caption-attachment-13820\" loading=\"lazy\" class=\"alignnone size-full wp-image-13820\" src=\"https:\/\/dicaduninter.files.wordpress.com\/2017\/10\/moda-3.jpg\" alt=\"Inauguraci\u00f3n de la 5ta Muestra de Moda Mexicana en Barcelona\" width=\"1707\" height=\"1280\" \/><p id=\"caption-attachment-13820\" class=\"wp-caption-text\">Inauguraci\u00f3n de la 5ta Muestra de Moda Mexicana en Barcelona<\/p><\/div>\n<dl id=\"attachment_13820\" class=\"wp-caption aligncenter\" style=\"width:1707px;\">\n<dd class=\"wp-caption-dd\"><a href=\"http:\/\/5ta Muestra de Moda Mexicana. Fuente: https:\/\/www.tcgnews.it\/2017\/10\/exhibiran-muestra-de-moda-mexicana-en-barcelona\/5ta Muestra de Moda Mexicana. Fuente: https:\/\/www.tcgnews.it\/2017\/10\/exhibiran-muestra-de-moda-mexicana-en-barcelona\/\" target=\"_blank\" rel=\"noopener\">Cartel<\/a><\/dd>\n<\/dl>\n<p style=\"text-align:justify;\"><span style=\"color:#000000;\">Los visitantes se apreciaron las propuestas dentro de la exhibici\u00f3n montada\u00a0 en la sala 1 del\u00a0Centre de artesan\u00edas\u00a0de Catalunya\u00a0ubicado en\u00a0\u00a0Carrer dels Banys Nous, 11, 08002 Barcelona gracias a las gestiones de\u00a0Mexcat\u00a0y el recibimiento por parte de la\u00a0Generalitat de Catalunya.\u00a0<\/span><\/p>\n<p class=\"x_gmail_default\" style=\"text-align:justify;\"><span style=\"color:#000000;\">La secci\u00f3n de Instituciones de <a href=\"http:\/\/www.universidad.uninter.edu.mx\/carreras\/LDM\" target=\"_blank\" rel=\"noopener\">dise\u00f1o de moda<\/a> en M\u00e9xico que participan en 2017 son:\u00a0\u00a0<\/span><\/p>\n<p class=\"x_gmail_default\" style=\"text-align:justify;\"><span style=\"color:#000000;\">Cime Jalisco , Cedim\u00a0 Nuevo Le\u00f3n, Universidad Casa Blanca\u00a0 Sinaloa, Alessandra Farelli Ecatepec, Universidad Madero Puebla,\u00a0 Firenze Chihuahua, Codisdec Coahuila, Universidad Marista SLP, Utsoe Guanajuato, Sor Juana FC Quer\u00e9taro,\u00a0 Cecati 95 Tabasco.\u00a0<\/span><\/p>\n<p class=\"x_gmail_default\" style=\"text-align:justify;\"><span style=\"color:#000000;\">En pr\u00f3ximos\u00a0d\u00edas conoceremos m\u00e1s acerca de las propuestas participantes en esta 5ta Muestra de Moda Mexicana en Barcelona.\u00a0<\/span><\/p>\n<dl id=\"attachment_13821\" class=\"wp-caption aligncenter\" style=\"width:750px;\">\n<dt class=\"wp-caption-dt\">\n<div id=\"attachment_13821\" style=\"width: 760px\" class=\"wp-caption alignnone\"><img aria-describedby=\"caption-attachment-13821\" loading=\"lazy\" class=\"alignnone size-full wp-image-13821\" src=\"https:\/\/dicaduninter.files.wordpress.com\/2017\/10\/moda1.jpg\" alt=\"Moda\" width=\"750\" height=\"372\" \/><p id=\"caption-attachment-13821\" class=\"wp-caption-text\">Inauguraci\u00f3n de la 5ta Muestra de Moda Mexicana en Barcelona<\/p><\/div>\n<\/dt>\n<dd class=\"wp-caption-dd\"><a href=\"http:\/\/Fuente: https:\/\/www.tcgnews.it\/2017\/10\/exhibiran-muestra-de-moda-mexicana-en-barcelona\/\" target=\"_blank\" rel=\"noopener\">Muestra de exhibici\u00f3n<\/a><\/dd>\n<\/dl>\n<h5><b>Fuente:\u00a0<a id=\"LPlnk677841\" href=\"http:\/\/www.muestramodamexicana.com\/\" target=\"_blank\" rel=\"noopener noreferrer\">Muestra Moda Mexicana<\/a><\/b><\/h5>\n<p style=\"text-align:right;\"><a href=\"http:\/\/www.universidad.uninter.edu.mx\/carreras\/LDM\" target=\"_blank\" rel=\"noopener\">Licenciatura en Dise\u00f1o de Modas y Tendencias Internacionales<\/a><\/p>\n<p><a href=\"http:\/\/www.universidad.uninter.edu.mx\/Inicio\" target=\"_blank\" rel=\"noopener\"><img loading=\"lazy\" class=\"  wp-image-13885 aligncenter\" src=\"https:\/\/dicaduninter.files.wordpress.com\/2017\/09\/universidad-internacional.png\" alt=\"Universidad Internacional\" width=\"548\" height=\"83\" \/><\/a><\/p>\n","protected":false},"excerpt":{"rendered":"<p>&nbsp; &nbsp; 20 dise\u00f1adores asistentes en las disciplinas de textil, calzado, joyer\u00eda\u00a0y complementos que fusionaron la cultura mexicana a trav\u00e9s del dise\u00f1o asistieron a la inauguraci\u00f3n y brindis para darles la bienvenida en Barcelona. David Places director del Centre de Artesan\u00edas,\u00a0Juan Jos\u00e9\u00a0Jaramillo Vicepresidente de Mexcat y Alejandro Guti\u00e9rrez\u00a0director de la Muestra fueron los encargados de&hellip;<\/p>\n","protected":false},"author":1,"featured_media":13819,"comment_status":"closed","ping_status":"open","sticky":false,"template":"","format":"standard","meta":[],"categories":[8,11],"tags":[35,52,54,59,60,1172],"_links":{"self":[{"href":"https:\/\/blogs.uninter.edu.mx\/ESCAT2\/index.php?rest_route=\/wp\/v2\/posts\/13314"}],"collection":[{"href":"https:\/\/blogs.uninter.edu.mx\/ESCAT2\/index.php?rest_route=\/wp\/v2\/posts"}],"about":[{"href":"https:\/\/blogs.uninter.edu.mx\/ESCAT2\/index.php?rest_route=\/wp\/v2\/types\/post"}],"author":[{"embeddable":true,"href":"https:\/\/blogs.uninter.edu.mx\/ESCAT2\/index.php?rest_route=\/wp\/v2\/users\/1"}],"replies":[{"embeddable":true,"href":"https:\/\/blogs.uninter.edu.mx\/ESCAT2\/index.php?rest_route=%2Fwp%2Fv2%2Fcomments&post=13314"}],"version-history":[{"count":0,"href":"https:\/\/blogs.uninter.edu.mx\/ESCAT2\/index.php?rest_route=\/wp\/v2\/posts\/13314\/revisions"}],"wp:featuredmedia":[{"embeddable":true,"href":"https:\/\/blogs.uninter.edu.mx\/ESCAT2\/index.php?rest_route=\/wp\/v2\/media\/13819"}],"wp:attachment":[{"href":"https:\/\/blogs.uninter.edu.mx\/ESCAT2\/index.php?rest_route=%2Fwp%2Fv2%2Fmedia&parent=13314"}],"wp:term":[{"taxonomy":"category","embeddable":true,"href":"https:\/\/blogs.uninter.edu.mx\/ESCAT2\/index.php?rest_route=%2Fwp%2Fv2%2Fcategories&post=13314"},{"taxonomy":"post_tag","embeddable":true,"href":"https:\/\/blogs.uninter.edu.mx\/ESCAT2\/index.php?rest_route=%2Fwp%2Fv2%2Ftags&post=13314"}],"curies":[{"name":"wp","href":"https:\/\/api.w.org\/{rel}","templated":true}]}}