{"id":13655,"date":"2017-10-25T11:25:07","date_gmt":"2017-10-25T16:25:07","guid":{"rendered":"http:\/\/escatuninter.blog\/?p=13655"},"modified":"2017-10-25T11:25:07","modified_gmt":"2017-10-25T16:25:07","slug":"agatha-ruiz-de-la-prada-gana-el-premio-nacional-de-diseno-de-moda-2017-diseno-modas-noticiasescat","status":"publish","type":"post","link":"https:\/\/blogs.uninter.edu.mx\/ESCAT2\/?p=13655","title":{"rendered":"\u00c1gatha Ru\u00edz de la Prada, gana el Premio Nacional de Dise\u00f1o de Moda 2017 #Dise\u00f1o #Modas #NoticiasESCAT"},"content":{"rendered":"<p><a href=\"https:\/\/www.facebook.com\/EscatUninter\/\" target=\"_blank\" rel=\"noopener\"><img loading=\"lazy\" class=\"  wp-image-13884 alignright\" src=\"https:\/\/dicaduninter.files.wordpress.com\/2017\/09\/escat.png\" alt=\"ESCAT\" width=\"172\" height=\"68\" \/><\/a><br \/>\n&nbsp;<br \/>\n&nbsp;<\/p>\n<p class=\"body-el-text standard-body-el-text\" style=\"text-align:justify;\">La\u00a0\u00a0dise\u00f1adora Agatha Ruiz de la Prada\u00a0ha sido\u00a0 premiada por el\u00a0 Ministerio de Educaci\u00f3n, Cultura y Deporte:<strong>\u00a0Premio Nacional de Dise\u00f1o de Moda 2017.<\/strong>\u00a0Tiene\u00a0 m\u00e1s de 30 a\u00f1os de trayectoria en el dise\u00f1o de modas, su forma de\u00a0\u00a0de crear la moda la ha llevado a triunfar en 150 pa\u00edses y sus dise\u00f1os los han usado estrellas internacionales como Miley Cyrus y Katy Perry.<\/p>\n<p>&nbsp;<br \/>\n<div id=\"attachment_13684\" style=\"width: 970px\" class=\"wp-caption alignnone\"><img aria-describedby=\"caption-attachment-13684\" loading=\"lazy\" class=\"alignnone size-full wp-image-13684\" src=\"https:\/\/dicaduninter.files.wordpress.com\/2017\/10\/diapositiva21.jpg\" alt=\"\u00c1gatha Ru\u00edz de la Prada\" width=\"960\" height=\"720\" \/><p id=\"caption-attachment-13684\" class=\"wp-caption-text\">\u00c1gatha Ru\u00edz de la Prada<\/p><\/div><br \/>\n<div id=\"attachment_13682\" style=\"width: 970px\" class=\"wp-caption alignnone\"><img aria-describedby=\"caption-attachment-13682\" loading=\"lazy\" class=\"alignnone size-full wp-image-13682\" src=\"https:\/\/dicaduninter.files.wordpress.com\/2017\/10\/presentacic3b3n1.jpg\" alt=\"\u00c1gatha Ru\u00edz de la Prada\" width=\"960\" height=\"720\" \/><p id=\"caption-attachment-13682\" class=\"wp-caption-text\">\u00c1gatha Ru\u00edz de la Prada, gana el Premio Nacional de Dise\u00f1o de Moda 2017<\/p><\/div><br \/>\n<a href=\"http:\/\/www.universidad.uninter.edu.mx\/carreras\/LDM\" target=\"_blank\" rel=\"noopener\">Licenciatura en Dise\u00f1o de Modas y Tendencias Internacionales.<\/a><a href=\"http:\/\/www.universidad.uninter.edu.mx\/\" target=\"_blank\" rel=\"noopener\"><img loading=\"lazy\" class=\"  wp-image-13885 aligncenter\" src=\"https:\/\/dicaduninter.files.wordpress.com\/2017\/09\/universidad-internacional.png\" alt=\"Universidad Internacional\" width=\"594\" height=\"90\" \/><\/a><br \/>\n&nbsp;<\/p>\n","protected":false},"excerpt":{"rendered":"<p>&nbsp; &nbsp; La\u00a0\u00a0dise\u00f1adora Agatha Ruiz de la Prada\u00a0ha sido\u00a0 premiada por el\u00a0 Ministerio de Educaci\u00f3n, Cultura y Deporte:\u00a0Premio Nacional de Dise\u00f1o de Moda 2017.\u00a0Tiene\u00a0 m\u00e1s de 30 a\u00f1os de trayectoria en el dise\u00f1o de modas, su forma de\u00a0\u00a0de crear la moda la ha llevado a triunfar en 150 pa\u00edses y sus dise\u00f1os los han usado&hellip;<\/p>\n","protected":false},"author":1,"featured_media":13684,"comment_status":"closed","ping_status":"open","sticky":false,"template":"","format":"standard","meta":[],"categories":[8,27],"tags":[35,59,60,1100],"_links":{"self":[{"href":"https:\/\/blogs.uninter.edu.mx\/ESCAT2\/index.php?rest_route=\/wp\/v2\/posts\/13655"}],"collection":[{"href":"https:\/\/blogs.uninter.edu.mx\/ESCAT2\/index.php?rest_route=\/wp\/v2\/posts"}],"about":[{"href":"https:\/\/blogs.uninter.edu.mx\/ESCAT2\/index.php?rest_route=\/wp\/v2\/types\/post"}],"author":[{"embeddable":true,"href":"https:\/\/blogs.uninter.edu.mx\/ESCAT2\/index.php?rest_route=\/wp\/v2\/users\/1"}],"replies":[{"embeddable":true,"href":"https:\/\/blogs.uninter.edu.mx\/ESCAT2\/index.php?rest_route=%2Fwp%2Fv2%2Fcomments&post=13655"}],"version-history":[{"count":0,"href":"https:\/\/blogs.uninter.edu.mx\/ESCAT2\/index.php?rest_route=\/wp\/v2\/posts\/13655\/revisions"}],"wp:featuredmedia":[{"embeddable":true,"href":"https:\/\/blogs.uninter.edu.mx\/ESCAT2\/index.php?rest_route=\/wp\/v2\/media\/13684"}],"wp:attachment":[{"href":"https:\/\/blogs.uninter.edu.mx\/ESCAT2\/index.php?rest_route=%2Fwp%2Fv2%2Fmedia&parent=13655"}],"wp:term":[{"taxonomy":"category","embeddable":true,"href":"https:\/\/blogs.uninter.edu.mx\/ESCAT2\/index.php?rest_route=%2Fwp%2Fv2%2Fcategories&post=13655"},{"taxonomy":"post_tag","embeddable":true,"href":"https:\/\/blogs.uninter.edu.mx\/ESCAT2\/index.php?rest_route=%2Fwp%2Fv2%2Ftags&post=13655"}],"curies":[{"name":"wp","href":"https:\/\/api.w.org\/{rel}","templated":true}]}}