{"id":14944,"date":"2017-11-16T21:30:42","date_gmt":"2017-11-17T03:30:42","guid":{"rendered":"http:\/\/escatuninter.blog\/?p=14944"},"modified":"2017-11-16T21:30:42","modified_gmt":"2017-11-17T03:30:42","slug":"diseno-de-ropa-que-crece-junto-con-el-nino-que-la-porta-noticiasescat-uninter","status":"publish","type":"post","link":"https:\/\/blogs.uninter.edu.mx\/ESCAT2\/?p=14944","title":{"rendered":"#Dise\u00f1o de ropa que crece junto con el ni\u00f1o que la porta #NoticiasESCAT #UNINTER"},"content":{"rendered":"<p><img loading=\"lazy\" class=\" size-full wp-image-14684 alignright\" style=\"line-height:27.2px;\" src=\"https:\/\/dicaduninter.files.wordpress.com\/2017\/11\/escat-logo.png\" alt=\"escat logo\" width=\"190\" height=\"75\" \/><br \/>\n&nbsp;<br \/>\n&nbsp;<\/p>\n<p style=\"text-align:justify;\">Pronto llegar\u00e1 al mercado un nuevo tipo de <strong>ropa infantil multitalla<\/strong> que ayudar\u00eda a reducir el desperdicio, las molestias, y en cierta medida el gasto familiar al expandir su tama\u00f1o a medida que el ni\u00f1o va creciendo.<\/p>\n<div id=\"attachment_14954\" style=\"width: 459px\" class=\"wp-caption aligncenter\"><img aria-describedby=\"caption-attachment-14954\" loading=\"lazy\" class=\"  wp-image-14954 aligncenter\" src=\"https:\/\/dicaduninter.files.wordpress.com\/2017\/11\/ropaqueexpande.jpg\" alt=\"ropaqueexpande\" width=\"453\" height=\"682\" \/><p id=\"caption-attachment-14954\" class=\"wp-caption-text\">Para permitirles<strong> jugar y explorar<\/strong> el mundo, sin restringir sus movimientos ni que importe el clima.\/ Foto:\u00a0Paul Grover<\/p><\/div>\n<p style=\"text-align:justify;\">Esta ropa para ni\u00f1os creada por el dise\u00f1ador e <strong>ingeniero aeron\u00e1utico <a href=\"http:\/\/ryanmarioyasin.com\/\" target=\"_blank\" rel=\"noopener\">Ryan Mario Yasin<\/a>,\u00a0<\/strong>egresado del Royal College of Art e Imperial College London, incorpora una tecnolog\u00eda que posibilita que una \u00fanica prenda pueda ser utilizada desde los cuatro meses hasta los tres a\u00f1os de edad, cubriendo el equivalente a siete tallas, seg\u00fan Yasin.<\/p>\n<div id=\"attachment_14961\" style=\"width: 626px\" class=\"wp-caption aligncenter\"><img aria-describedby=\"caption-attachment-14961\" loading=\"lazy\" class=\" size-full wp-image-14961 aligncenter\" src=\"https:\/\/dicaduninter.files.wordpress.com\/2017\/11\/disec3b1ando.jpg\" alt=\"Ryan winner  James Dyson Award UK 2017\" width=\"620\" height=\"413\" \/><p id=\"caption-attachment-14961\" class=\"wp-caption-text\">Ryan pas\u00f3 un a\u00f1o dise\u00f1ando\/ Foto:\u00a0Paul Grover<\/p><\/div>\n<blockquote>\n<p style=\"text-align:justify;\">\u201cEsto adem\u00e1s aminorar\u00e1 el impacto ambiental, como las emisiones de CO2, al reducirse el uso de materiales, mano de obra, transporte y desechos, desde la producci\u00f3n y a lo largo de toda la vida \u00fatil de la prenda\u201d, asegura.<\/p>\n<\/blockquote>\n<div id=\"attachment_14973\" style=\"width: 626px\" class=\"wp-caption aligncenter\"><img aria-describedby=\"caption-attachment-14973\" loading=\"lazy\" class=\" size-full wp-image-14973 aligncenter\" src=\"https:\/\/dicaduninter.files.wordpress.com\/2017\/11\/waterproof.jpg\" alt=\"Ryan winner  James Dyson Award UK 2017\" width=\"620\" height=\"413\" \/><p id=\"caption-attachment-14973\" class=\"wp-caption-text\">Son totalmente a prueba de agua. \/Foto:\u00a0Paul Grover<\/p>\n<p><\/p><\/div>\n<h5>Fuente:\u00a0<a href=\"http:\/\/metro.co.uk\/2017\/09\/07\/man-invents-clothes-that-grow-with-your-child-so-you-dont-need-to-keep-splashing-out-6907786\/\" target=\"_blank\" rel=\"noopener\">metro uk<\/a><\/h5>\n<p style=\"text-align:right;\"><a href=\"http:\/\/www.universidad.uninter.edu.mx\/carreras\/LDM\" target=\"_blank\" rel=\"noopener\">Licenciatura en Dise\u00f1o de Modas y Tendencias Internacionales<\/a><\/p>\n<p><img loading=\"lazy\" class=\" size-full wp-image-14687 aligncenter\" src=\"https:\/\/dicaduninter.files.wordpress.com\/2017\/11\/universidad-internacional.png\" alt=\"universidad-internacional\" width=\"768\" height=\"116\" \/><\/p>\n","protected":false},"excerpt":{"rendered":"<p>&nbsp; &nbsp; Pronto llegar\u00e1 al mercado un nuevo tipo de ropa infantil multitalla que ayudar\u00eda a reducir el desperdicio, las molestias, y en cierta medida el gasto familiar al expandir su tama\u00f1o a medida que el ni\u00f1o va creciendo. Esta ropa para ni\u00f1os creada por el dise\u00f1ador e ingeniero aeron\u00e1utico Ryan Mario Yasin,\u00a0egresado del Royal&hellip;<\/p>\n","protected":false},"author":1,"featured_media":14959,"comment_status":"closed","ping_status":"open","sticky":false,"template":"","format":"standard","meta":[],"categories":[8,11,27],"tags":[31,35,54,59,60,1422],"_links":{"self":[{"href":"https:\/\/blogs.uninter.edu.mx\/ESCAT2\/index.php?rest_route=\/wp\/v2\/posts\/14944"}],"collection":[{"href":"https:\/\/blogs.uninter.edu.mx\/ESCAT2\/index.php?rest_route=\/wp\/v2\/posts"}],"about":[{"href":"https:\/\/blogs.uninter.edu.mx\/ESCAT2\/index.php?rest_route=\/wp\/v2\/types\/post"}],"author":[{"embeddable":true,"href":"https:\/\/blogs.uninter.edu.mx\/ESCAT2\/index.php?rest_route=\/wp\/v2\/users\/1"}],"replies":[{"embeddable":true,"href":"https:\/\/blogs.uninter.edu.mx\/ESCAT2\/index.php?rest_route=%2Fwp%2Fv2%2Fcomments&post=14944"}],"version-history":[{"count":0,"href":"https:\/\/blogs.uninter.edu.mx\/ESCAT2\/index.php?rest_route=\/wp\/v2\/posts\/14944\/revisions"}],"wp:featuredmedia":[{"embeddable":true,"href":"https:\/\/blogs.uninter.edu.mx\/ESCAT2\/index.php?rest_route=\/wp\/v2\/media\/14959"}],"wp:attachment":[{"href":"https:\/\/blogs.uninter.edu.mx\/ESCAT2\/index.php?rest_route=%2Fwp%2Fv2%2Fmedia&parent=14944"}],"wp:term":[{"taxonomy":"category","embeddable":true,"href":"https:\/\/blogs.uninter.edu.mx\/ESCAT2\/index.php?rest_route=%2Fwp%2Fv2%2Fcategories&post=14944"},{"taxonomy":"post_tag","embeddable":true,"href":"https:\/\/blogs.uninter.edu.mx\/ESCAT2\/index.php?rest_route=%2Fwp%2Fv2%2Ftags&post=14944"}],"curies":[{"name":"wp","href":"https:\/\/api.w.org\/{rel}","templated":true}]}}