{"id":15147,"date":"2017-11-14T23:53:15","date_gmt":"2017-11-15T05:53:15","guid":{"rendered":"http:\/\/escatuninter.blog\/?p=15147"},"modified":"2017-11-14T23:53:15","modified_gmt":"2017-11-15T05:53:15","slug":"5-datos-que-no-puedes-perder-de-vista-por-el-buen-fin-noticiasescat-uninter","status":"publish","type":"post","link":"https:\/\/blogs.uninter.edu.mx\/ESCAT2\/?p=15147","title":{"rendered":"5 Datos que no puedes perder de vista por el \u2018Buen Fin\u2019 #NoticiasESCAT #UNINTER"},"content":{"rendered":"<h3><a href=\"https:\/\/www.facebook.com\/EscatUninter\/\" target=\"_blank\" rel=\"noopener\"><img loading=\"lazy\" class=\"  wp-image-14990 alignright\" src=\"https:\/\/dicaduninter.files.wordpress.com\/2017\/11\/escat-logo1.png\" alt=\"ESCAT\" width=\"225\" height=\"90\" \/><\/a><\/h3>\n<p>&nbsp;<br \/>\n&nbsp;<br \/>\n&nbsp;<\/p>\n<p style=\"text-align:justify;\">En el <strong>Buen Fin<\/strong> que se celebrar\u00e1 entre el 17 y 20 de noviembre, los consumidores destinar\u00e1n un gasto de aproximadamente <strong>2 mil 947 pesos este a\u00f1o<\/strong>, en promedio, seg\u00fan datos de la compa\u00f1\u00eda espa\u00f1ola <em>Ofertia.<\/em><\/p>\n<p style=\"text-align:justify;\">A\u00f1o con a\u00f1o se suman m\u00e1s marcas y crece el monto en ventas. Nos dimos a la tarea de recopilar algunos datos que no puedes perder de vista:<\/p>\n<h3 style=\"text-align:justify;\">1.- \u00bfQu\u00e9 comprar\u00e1n?<\/h3>\n<p style=\"text-align:justify;\">Al parecer, son los bienes duraderos los que m\u00e1s se adquieren durante esta temporada. De acuerdo con <em>Nielsen,<\/em> juguetes y electrodom\u00e9sticos concentran el 50 por ciento de las categor\u00edas m\u00e1s solicitadas.<\/p>\n<p><img loading=\"lazy\" class=\" size-full wp-image-15194 aligncenter\" src=\"https:\/\/dicaduninter.files.wordpress.com\/2017\/11\/bienduradero.jpg\" alt=\"Buen Fin\" width=\"1150\" height=\"763\" \/><\/p>\n<h3>2.- Peque\u00f1os comercios con gran expectativa<\/h3>\n<p style=\"text-align:justify;\">La derrama econ\u00f3mica producto de este fin de semana ser\u00e1 importante para muchos negocios, s\u00f3lo en la Ciudad de M\u00e9xico se estima que superar\u00e1 los <strong>20 mil millones de pesos<\/strong>, de acuerdo con datos de la C\u00e1mara Nacional de Comercio, Servicios y Turismo en Peque\u00f1o de la Ciudad de M\u00e9xico (Canacope-servytur).<\/p>\n<h3 style=\"text-align:justify;\">3.- Buen Fin\u2019 2017, edici\u00f3n con causa especial<\/h3>\n<p style=\"text-align:justify;\">La edici\u00f3n de este a\u00f1o tiene como objetivo, apoyar a las Pymes afectadas por los sismos del 7 y 19 de septiembre. Seg\u00fan datos del Instituto Nacional de Estad\u00edstica y Geograf\u00eda (INEGI), m\u00e1s de 328 mil negocios resultaron durante los sismos.<\/p>\n<h3 style=\"text-align:justify;\">4.- eCommerce ser\u00e1 clave<\/h3>\n<p style=\"text-align:justify;\">El comercio electr\u00f3nico es una tendencia que sigue ganando presencia en M\u00e9xico, y el pr\u00f3ximo fin de semana ser\u00e1 un factor importante para motivar el consumo. Durante el Buen Fin 2016 <strong>cerca de 70 por ciento de las ventas se hicieron en l\u00ednea,<\/strong> de acuerdo con la Secretar\u00eda de Econom\u00eda.<\/p>\n<p><img loading=\"lazy\" class=\" size-full wp-image-15199 aligncenter\" src=\"https:\/\/dicaduninter.files.wordpress.com\/2017\/11\/buenfin-imagen.png\" alt=\"BuenFin\" width=\"710\" height=\"445\" \/><\/p>\n<h3>5.- Prevenci\u00f3n y vigilancia<\/h3>\n<p style=\"text-align:justify;\">La Procuradur\u00eda Federal del Consumidor (Profeco) anunci\u00f3 que activar\u00e1 un operativode vigilancia y atenci\u00f3n al consumidor durante el \u2018Buen Fin\u2019. Adem\u00e1s, la Comisi\u00f3n Nacional para la Protecci\u00f3n y Defensa de los Usuarios de Servicios Financieros (Condusef) ha estado publicando informaci\u00f3n para asesorar al consumidor sobre el gasto en estos d\u00edas.<\/p>\n<p><a href=\"https:\/\/www.uninter.edu.mx\/\" target=\"_blank\" rel=\"noopener\"><img loading=\"lazy\" class=\" size-full wp-image-15206 aligncenter\" src=\"https:\/\/dicaduninter.files.wordpress.com\/2017\/11\/universidad-internacional1.png\" alt=\"Universidad Internacional\" width=\"700\" height=\"106\" \/><\/a><\/p>\n","protected":false},"excerpt":{"rendered":"<p>&nbsp; &nbsp; &nbsp; En el Buen Fin que se celebrar\u00e1 entre el 17 y 20 de noviembre, los consumidores destinar\u00e1n un gasto de aproximadamente 2 mil 947 pesos este a\u00f1o, en promedio, seg\u00fan datos de la compa\u00f1\u00eda espa\u00f1ola Ofertia. A\u00f1o con a\u00f1o se suman m\u00e1s marcas y crece el monto en ventas. Nos dimos a&hellip;<\/p>\n","protected":false},"author":1,"featured_media":15201,"comment_status":"closed","ping_status":"open","sticky":false,"template":"","format":"standard","meta":[],"categories":[12,27],"tags":[35,59,60,263,1171],"_links":{"self":[{"href":"https:\/\/blogs.uninter.edu.mx\/ESCAT2\/index.php?rest_route=\/wp\/v2\/posts\/15147"}],"collection":[{"href":"https:\/\/blogs.uninter.edu.mx\/ESCAT2\/index.php?rest_route=\/wp\/v2\/posts"}],"about":[{"href":"https:\/\/blogs.uninter.edu.mx\/ESCAT2\/index.php?rest_route=\/wp\/v2\/types\/post"}],"author":[{"embeddable":true,"href":"https:\/\/blogs.uninter.edu.mx\/ESCAT2\/index.php?rest_route=\/wp\/v2\/users\/1"}],"replies":[{"embeddable":true,"href":"https:\/\/blogs.uninter.edu.mx\/ESCAT2\/index.php?rest_route=%2Fwp%2Fv2%2Fcomments&post=15147"}],"version-history":[{"count":0,"href":"https:\/\/blogs.uninter.edu.mx\/ESCAT2\/index.php?rest_route=\/wp\/v2\/posts\/15147\/revisions"}],"wp:featuredmedia":[{"embeddable":true,"href":"https:\/\/blogs.uninter.edu.mx\/ESCAT2\/index.php?rest_route=\/wp\/v2\/media\/15201"}],"wp:attachment":[{"href":"https:\/\/blogs.uninter.edu.mx\/ESCAT2\/index.php?rest_route=%2Fwp%2Fv2%2Fmedia&parent=15147"}],"wp:term":[{"taxonomy":"category","embeddable":true,"href":"https:\/\/blogs.uninter.edu.mx\/ESCAT2\/index.php?rest_route=%2Fwp%2Fv2%2Fcategories&post=15147"},{"taxonomy":"post_tag","embeddable":true,"href":"https:\/\/blogs.uninter.edu.mx\/ESCAT2\/index.php?rest_route=%2Fwp%2Fv2%2Ftags&post=15147"}],"curies":[{"name":"wp","href":"https:\/\/api.w.org\/{rel}","templated":true}]}}