{"id":15149,"date":"2017-11-15T14:10:32","date_gmt":"2017-11-15T20:10:32","guid":{"rendered":"http:\/\/escatuninter.blog\/?p=15149"},"modified":"2017-11-15T14:10:32","modified_gmt":"2017-11-15T20:10:32","slug":"impresion-3d-tendencia-en-la-industria-de-la-moda-noticiasescat","status":"publish","type":"post","link":"https:\/\/blogs.uninter.edu.mx\/ESCAT2\/?p=15149","title":{"rendered":"Impresi\u00f3n 3D: Tendencia en la Industria de la #Moda #NoticiasESCAT"},"content":{"rendered":"<p><a href=\"https:\/\/www.facebook.com\/EscatUninter\/\" target=\"_blank\" rel=\"noopener\"><img loading=\"lazy\" class=\"  wp-image-14990 alignright\" src=\"https:\/\/dicaduninter.files.wordpress.com\/2017\/11\/escat-logo1.png\" alt=\"ESCAT\" width=\"203\" height=\"81\" \/><\/a><br \/>\n&nbsp;<br \/>\n&nbsp;<\/p>\n<p style=\"text-align:justify;\"><em>Dise\u00f1adores del mundo entero se atreven cada vez m\u00e1s a explorar nuevas formas, vol\u00famenes y materialidades mediante el uso de esta tecnolog\u00eda.<\/em><\/p>\n<p style=\"text-align:justify;\">Fue en marzo de 2013 cuando se present\u00f3 el primer vestido impreso \u00edntegramente en\u00a03D<strong>\u00a0<\/strong>causando asombro entre los invitados que no dejaron de fotografiar a la actriz\u00a0<em>Dita Von Teese<\/em>, que tuvo el honor de lucir la pieza.<\/p>\n<p><img loading=\"lazy\" class=\" size-full wp-image-15159 aligncenter\" src=\"https:\/\/dicaduninter.files.wordpress.com\/2017\/11\/vestido-de-michael-schmidt-y-francis-bitonti.jpg\" alt=\"Vestido de Michael Schmidt y Francis Bitonti\" width=\"500\" height=\"500\" \/><\/p>\n<p style=\"text-align:justify;\">El dise\u00f1o estuvo a cargo de los estadounidenses,\u00a0<strong>Michael Schmidt<\/strong>\u00a0y\u00a0<strong>Francis Bitonti<\/strong>, quienes utilizaron el software\u00a0<strong>Maya\u00a0de Autodesk<\/strong>\u00a0para su modelado. Swarovsky quiso sumarse a este proyecto, con 12.000 cristales negros que se pegaron uno a uno en diferentes partes del vestido.<\/p>\n<p style=\"text-align:justify;\">Desde entonces, la\u00a0<strong>impresi\u00f3n 3D<\/strong>\u00a0ha ido ganando terreno en la industria de la moda, siendo las pasarelas de la alta costura el lugar donde se m\u00e1s se aprecian los avances de esta tecnolog\u00eda, en el dise\u00f1o de prendas y accesorios.<\/p>\n<p style=\"text-align:justify;\">A nivel mundial,\u00a0<strong>Noa Raviv<\/strong>\u00a0es una de las modistas que destaca con sus dise\u00f1os en tres dimensiones. En 2014, la israel\u00ed gan\u00f3 el premio a la mejor dise\u00f1adora del a\u00f1o en el certamen internacional\u00a0<strong><em>3D<\/em><\/strong><em>\u00a0Printshow<\/em>\u00a0por su colecci\u00f3n realizada con esta t\u00e9cnica.<\/p>\n<div id=\"attachment_15165\" style=\"width: 810px\" class=\"wp-caption aligncenter\"><img aria-describedby=\"caption-attachment-15165\" loading=\"lazy\" class=\" size-full wp-image-15165 aligncenter\" src=\"https:\/\/dicaduninter.files.wordpress.com\/2017\/11\/creaciones-de-noa-raviv.png\" alt=\"Creaciones de Noa Raviv\" width=\"800\" height=\"387\" \/><p id=\"caption-attachment-15165\" class=\"wp-caption-text\">Creaciones de Noa Raviv<\/p><\/div>\n<p style=\"text-align:justify;\">Otro de los grandes referentes de la moda\u00a0<strong>3D,<\/strong>\u00a0es la dise\u00f1adora alemana\u00a0<strong>Iris van Herpen<\/strong>. Sus \u00faltimas creaciones de alta costura, dos vestidos bautizados como Magma ,acapararon la atenci\u00f3n del p\u00fablico en el pasado\u00a0<em>Fashion Week<\/em>\u00a0de Par\u00eds. Este \u00faltimo, confeccionado en poliamida, conten\u00eda cerca de 5.000 piezas que fueron ensambladas. Sus prendas son verdaderas obras de arte y se han exhibido tambi\u00e9n en varios museos.<\/p>\n<p style=\"text-align:justify;\"><strong>\u00bfSer\u00e1 posible vestir a diario ropa impresa en 3D?<\/strong><\/p>\n<p style=\"text-align:justify;\">Ante esta pregunta,\u00a0<strong>Juanjo G\u00f3mez<\/strong>, uno de los dise\u00f1adores espa\u00f1oles que m\u00e1s ha explorado en la moda tridimensional, explica que <em>\u201cA\u00fan queda mucho recorrido y falta por investigar. Pero si en el futuro se consigue un pol\u00edmero que d\u00e9 una textura similar a la de una tela, entonces creo que podr\u00e1 instalarse en la calle\u201d<\/em>.<\/p>\n<p style=\"text-align:justify;\">Con la llegada de las impresoras\u00a03D\u00a0dom\u00e9sticas (y m\u00e1s asequibles), los laboratorios de escuelas de dise\u00f1o y universidades de todo el mundo concentran la investigaci\u00f3n en moda en tres dimensiones en busca de nuevos y mejores materiales. Entre las iniciativas, y como proyecto de fin de carrera, la estudiante israel\u00ed\u00a0<strong>Danit Peleg<\/strong>\u00a0se propuso dise\u00f1ar una colecci\u00f3n que cualquiera pudiera imprimir en casa. Y, al igual que otros dise\u00f1os, sus prendas de pl\u00e1stico no dejan indiferente a nadie. Ella misma las presenta en este video.<\/p>\n<p><iframe loading=\"lazy\" width=\"700\" height=\"394\" src=\"https:\/\/www.youtube.com\/embed\/3s94mIhCyt4?feature=oembed\" frameborder=\"0\" allow=\"accelerometer; autoplay; encrypted-media; gyroscope; picture-in-picture\" allowfullscreen><\/iframe><br \/>\n&nbsp;<\/p>\n<h5>Fuente: <a href=\"http:\/\/www.autodeskjournal.com\/\">Autodesk Journal<\/a><\/h5>\n<p style=\"text-align:right;\"><a href=\"http:\/\/www.universidad.uninter.edu.mx\/carreras\/LDM\">Licenciatura en Dise\u00f1o de Modas y Tendencias Internacionales<\/a><\/p>\n<p><a href=\"https:\/\/www.uninter.edu.mx\/\" target=\"_blank\" rel=\"noopener\"><img loading=\"lazy\" class=\" size-full wp-image-15206 aligncenter\" src=\"https:\/\/dicaduninter.files.wordpress.com\/2017\/11\/universidad-internacional1.png\" alt=\"Universidad Internacional\" width=\"700\" height=\"106\" \/><\/a><br \/>\n&nbsp;<\/p>\n","protected":false},"excerpt":{"rendered":"<p>&nbsp; &nbsp; Dise\u00f1adores del mundo entero se atreven cada vez m\u00e1s a explorar nuevas formas, vol\u00famenes y materialidades mediante el uso de esta tecnolog\u00eda. Fue en marzo de 2013 cuando se present\u00f3 el primer vestido impreso \u00edntegramente en\u00a03D\u00a0causando asombro entre los invitados que no dejaron de fotografiar a la actriz\u00a0Dita Von Teese, que tuvo el&hellip;<\/p>\n","protected":false},"author":1,"featured_media":15155,"comment_status":"closed","ping_status":"open","sticky":false,"template":"","format":"standard","meta":[],"categories":[8,27],"tags":[31,35,54,59,60,72,842,886,1054],"_links":{"self":[{"href":"https:\/\/blogs.uninter.edu.mx\/ESCAT2\/index.php?rest_route=\/wp\/v2\/posts\/15149"}],"collection":[{"href":"https:\/\/blogs.uninter.edu.mx\/ESCAT2\/index.php?rest_route=\/wp\/v2\/posts"}],"about":[{"href":"https:\/\/blogs.uninter.edu.mx\/ESCAT2\/index.php?rest_route=\/wp\/v2\/types\/post"}],"author":[{"embeddable":true,"href":"https:\/\/blogs.uninter.edu.mx\/ESCAT2\/index.php?rest_route=\/wp\/v2\/users\/1"}],"replies":[{"embeddable":true,"href":"https:\/\/blogs.uninter.edu.mx\/ESCAT2\/index.php?rest_route=%2Fwp%2Fv2%2Fcomments&post=15149"}],"version-history":[{"count":0,"href":"https:\/\/blogs.uninter.edu.mx\/ESCAT2\/index.php?rest_route=\/wp\/v2\/posts\/15149\/revisions"}],"wp:featuredmedia":[{"embeddable":true,"href":"https:\/\/blogs.uninter.edu.mx\/ESCAT2\/index.php?rest_route=\/wp\/v2\/media\/15155"}],"wp:attachment":[{"href":"https:\/\/blogs.uninter.edu.mx\/ESCAT2\/index.php?rest_route=%2Fwp%2Fv2%2Fmedia&parent=15149"}],"wp:term":[{"taxonomy":"category","embeddable":true,"href":"https:\/\/blogs.uninter.edu.mx\/ESCAT2\/index.php?rest_route=%2Fwp%2Fv2%2Fcategories&post=15149"},{"taxonomy":"post_tag","embeddable":true,"href":"https:\/\/blogs.uninter.edu.mx\/ESCAT2\/index.php?rest_route=%2Fwp%2Fv2%2Ftags&post=15149"}],"curies":[{"name":"wp","href":"https:\/\/api.w.org\/{rel}","templated":true}]}}