{"id":15400,"date":"2017-11-27T11:09:14","date_gmt":"2017-11-27T17:09:14","guid":{"rendered":"http:\/\/escatuninter.blog\/?p=15400"},"modified":"2017-11-27T11:09:14","modified_gmt":"2017-11-27T17:09:14","slug":"iconos-del-diseno-2017-escat-uninter","status":"publish","type":"post","link":"https:\/\/blogs.uninter.edu.mx\/ESCAT2\/?p=15400","title":{"rendered":"Iconos del #Dise\u00f1o 2017 #ESCAT #Uninter"},"content":{"rendered":"<p><a href=\"https:\/\/www.facebook.com\/EscatUninter\/\" target=\"_blank\" rel=\"noopener\"><img loading=\"lazy\" class=\"  wp-image-14990 alignright\" src=\"https:\/\/dicaduninter.files.wordpress.com\/2017\/11\/escat-logo1.png\" alt=\"ESCAT\" width=\"172\" height=\"68\" \/><\/a><br \/>\n&nbsp;<br \/>\n&nbsp;<\/p>\n<p style=\"text-align:justify;\">Teniendo como sede el nuevo <strong>Centro Cultural Teopanzolco<\/strong> en nuestra Ciudad de Cuernavaca, se llev\u00f3 a cabo la d\u00e9cimotercera entrega del galard\u00f3n <strong>\u201cIconos del Dise\u00f1o 2017\u201d<\/strong> organizada por la revista Architectural Digest (AD) marca de Cond\u00e9 Nast a lo mejor y m\u00e1s destacado de la arquitectura y <a href=\"https:\/\/www.uninter.edu.mx\/diplomados\/Dip-Dise%C3%B1o-de-Interiores\" target=\"_blank\" rel=\"noopener\">dise\u00f1o<\/a> en M\u00e9xico; cabe destacar que es la primera vez que estos galardones se entregan fuera de la Ciudad de M\u00e9xico.<\/p>\n<p style=\"text-align:justify;\">El Centro Cultural Teopanzolco obtuvo el reconocimiento a la <a href=\"http:\/\/www.universidad.uninter.edu.mx\/carreras\/ARQ\" target=\"_blank\" rel=\"noopener\">I<\/a><a href=\"http:\/\/www.universidad.uninter.edu.mx\/carreras\/ARQ\" target=\"_blank\" rel=\"noopener\">nnovaci\u00f3n<\/a><a href=\"http:\/\/www.universidad.uninter.edu.mx\/carreras\/ARQ\" target=\"_blank\" rel=\"noopener\"> Arquitect\u00f3nica<\/a>\u00a0<strong>\u00a0<\/strong>por su impecable dise\u00f1o y lograr fusionar el centro ceremonial Teopanzolco con la presente e imponente obra. El lugar m\u00e1s caracter\u00edstico del auditorio es el gran foyer, un majestuoso vest\u00edbulo con techos altos y grandes puertas abatibles justo enfrente de la pir\u00e1mide principal, estableciendo un di\u00e1logo entre la vida cultural contempor\u00e1nea y la presencia del pasado.<\/p>\n<p style=\"text-align:justify;\">A este evento asistieron profesores y estudiantes de la <a href=\"http:\/\/www.universidad.uninter.edu.mx\/carreras\/LDI\" target=\"_blank\" rel=\"noopener\">academia de dise\u00f1o de Uninter<\/a> como Francisco Aguilar Coordinador del <a href=\"https:\/\/www.uninter.edu.mx\/diplomados\/Dip-Dise%C3%B1o-de-Interiores\" target=\"_blank\" rel=\"noopener\">Diplomado en Dise\u00f1o de Interiores<\/a>, Mauricio Morali dise\u00f1ador industrial, Silvia Elguer dise\u00f1adora gr\u00e1fica, Laura Gonz\u00e1lez Labastida, Directora del Departamento Acad\u00e9mico de Dise\u00f1o y las estudiantes \u00c1ngeles Robles y Nayeli Machuca del Diplomado en Dise\u00f1o de Interiores.<\/p>\n\n<p style=\"text-align:right;\"><a href=\"http:\/\/www.universidad.uninter.edu.mx\/Carreras\/LDI\" target=\"_blank\" rel=\"noopener\">Licenciatura en Dise\u00f1o Industrial<\/a><br \/>\n<a href=\"http:\/\/www.universidad.uninter.edu.mx\/Carreras\/LDG\" target=\"_blank\" rel=\"noopener\">Licenciatura en Dise\u00f1o Gr\u00e1fico<\/a><\/p>\n<p><a href=\"http:\/\/www.universidad.uninter.edu.mx\" target=\"_blank\" rel=\"noopener\"><img loading=\"lazy\" class=\" size-full wp-image-15206 aligncenter\" src=\"https:\/\/dicaduninter.files.wordpress.com\/2017\/11\/universidad-internacional1.png\" alt=\"Universidad Internacional\" width=\"700\" height=\"106\" \/><\/a><\/p>\n","protected":false},"excerpt":{"rendered":"<p>&nbsp; &nbsp; Teniendo como sede el nuevo Centro Cultural Teopanzolco en nuestra Ciudad de Cuernavaca, se llev\u00f3 a cabo la d\u00e9cimotercera entrega del galard\u00f3n \u201cIconos del Dise\u00f1o 2017\u201d organizada por la revista Architectural Digest (AD) marca de Cond\u00e9 Nast a lo mejor y m\u00e1s destacado de la arquitectura y dise\u00f1o en M\u00e9xico; cabe destacar que&hellip;<\/p>\n","protected":false},"author":1,"featured_media":15402,"comment_status":"closed","ping_status":"open","sticky":false,"template":"","format":"image","meta":[],"categories":[4,7,8,9,10,11],"tags":[31,35,54,59,60],"_links":{"self":[{"href":"https:\/\/blogs.uninter.edu.mx\/ESCAT2\/index.php?rest_route=\/wp\/v2\/posts\/15400"}],"collection":[{"href":"https:\/\/blogs.uninter.edu.mx\/ESCAT2\/index.php?rest_route=\/wp\/v2\/posts"}],"about":[{"href":"https:\/\/blogs.uninter.edu.mx\/ESCAT2\/index.php?rest_route=\/wp\/v2\/types\/post"}],"author":[{"embeddable":true,"href":"https:\/\/blogs.uninter.edu.mx\/ESCAT2\/index.php?rest_route=\/wp\/v2\/users\/1"}],"replies":[{"embeddable":true,"href":"https:\/\/blogs.uninter.edu.mx\/ESCAT2\/index.php?rest_route=%2Fwp%2Fv2%2Fcomments&post=15400"}],"version-history":[{"count":0,"href":"https:\/\/blogs.uninter.edu.mx\/ESCAT2\/index.php?rest_route=\/wp\/v2\/posts\/15400\/revisions"}],"wp:featuredmedia":[{"embeddable":true,"href":"https:\/\/blogs.uninter.edu.mx\/ESCAT2\/index.php?rest_route=\/wp\/v2\/media\/15402"}],"wp:attachment":[{"href":"https:\/\/blogs.uninter.edu.mx\/ESCAT2\/index.php?rest_route=%2Fwp%2Fv2%2Fmedia&parent=15400"}],"wp:term":[{"taxonomy":"category","embeddable":true,"href":"https:\/\/blogs.uninter.edu.mx\/ESCAT2\/index.php?rest_route=%2Fwp%2Fv2%2Fcategories&post=15400"},{"taxonomy":"post_tag","embeddable":true,"href":"https:\/\/blogs.uninter.edu.mx\/ESCAT2\/index.php?rest_route=%2Fwp%2Fv2%2Ftags&post=15400"}],"curies":[{"name":"wp","href":"https:\/\/api.w.org\/{rel}","templated":true}]}}