{"id":15548,"date":"2017-12-17T19:12:47","date_gmt":"2017-12-18T01:12:47","guid":{"rendered":"http:\/\/escatuninter.blog\/?p=15548"},"modified":"2017-12-17T19:12:47","modified_gmt":"2017-12-18T01:12:47","slug":"libros-indispensables-de-diseno-y-arquitectura-en-mexico-noticiasescat","status":"publish","type":"post","link":"https:\/\/blogs.uninter.edu.mx\/ESCAT2\/?p=15548","title":{"rendered":"Libros indispensables de #dise\u00f1o y #arquitectura en M\u00e9xico #NoticiasESCAT"},"content":{"rendered":"<p style=\"text-align:justify;\">A trav\u00e9s de estas ediciones se relata la historia y cultura material del pa\u00eds otorg\u00e1ndole una voz a trav\u00e9s de editoriales mexicanas que han generado un registro visual y textual de dichas disciplinas.<\/p>\n<p><em><strong>Vida y Dise\u00f1o en M\u00e9xico Siglo XX<\/strong><\/em><\/p>\n<h6 style=\"text-align:justify;\">Dina Comisarenco, Carmen Cordera, Juan Rafael Coronel, Alejandro Hern\u00e1ndez y Ana Elena Mallet.<br \/>\nFomento Cultural Banamex, 2007<\/h6>\n<p style=\"text-align:justify;\">Una recopilaci\u00f3n de momentos, edificaciones y objetos que cuentan la historia del dise\u00f1o industrial en M\u00e9xico a trav\u00e9s de una selecci\u00f3n que marca la cultura y los antecedentes de la disciplina en el pa\u00eds.<\/p>\n<p><div id=\"attachment_15564\" style=\"width: 592px\" class=\"wp-caption aligncenter\"><img aria-describedby=\"caption-attachment-15564\" loading=\"lazy\" class=\"alignnone size-full wp-image-15564\" src=\"https:\/\/dicaduninter.files.wordpress.com\/2017\/12\/vida-y-disec3b1o-en-mc3a9xico-siglo-xx.jpg\" alt=\"Vida y dise\u00f1o en M\u00e9xico siglo XX\" width=\"586\" height=\"750\" \/><p id=\"caption-attachment-15564\" class=\"wp-caption-text\"><strong>Vida y Dise\u00f1o en M\u00e9xico Siglo XX<\/strong><\/p><\/div><br \/>\n<em><strong>20 A\u00f1os de Dise\u00f1o en M\u00e9xico<\/strong><\/em><\/p>\n<h6>Carmen Cordera<br \/>\nArquine, 2010<br \/>\nGaler\u00eda Mexicana de Dise\u00f1o<\/h6>\n<p style=\"text-align:justify;\">Una edici\u00f3n con la que se celebr\u00f3 el 20 aniversario de la galer\u00eda y reuni\u00f3 a los dise\u00f1adores y artistas destacados durante el periodo de 1900 \u2013 2010. El registro de un nuevo periodo y auge del dise\u00f1o en M\u00e9xico.<\/p>\n<p><div id=\"attachment_15567\" style=\"width: 1510px\" class=\"wp-caption alignnone\"><img aria-describedby=\"caption-attachment-15567\" loading=\"lazy\" class=\"alignnone size-full wp-image-15567\" src=\"https:\/\/dicaduninter.files.wordpress.com\/2017\/12\/20-ac3b1os-de-disec3b1o-en-mc3a9xico.jpg\" alt=\"20 a\u00f1os de dise\u00f1o en M\u00e9xico\" width=\"1500\" height=\"1000\" \/><p id=\"caption-attachment-15567\" class=\"wp-caption-text\"><strong>20 A\u00f1os de Dise\u00f1o en M\u00e9xico<\/strong><\/p><\/div><br \/>\n<em><strong>Arquitectura en M\u00e9xico 1900-2010 \u2013\u00a0La Construcci\u00f3n de la Modernidad: Obras, Dise\u00f1o, Arte y Pensamiento<\/strong><\/em><\/p>\n<h6>Fernanda Canales<br \/>\nFomento Cultural Banamex, 2013<\/h6>\n<p>Dos tomos de historia y fotograf\u00edas que relatan los principales periodos de la arquitectura en el pa\u00eds. Cuenta con mapas cronol\u00f3gicos que se despliegan de las p\u00e1ginas para contemplar las construcciones a trav\u00e9s de una l\u00ednea del tiempo y c\u00f3mo \u00e9stos han conformado la ciudad como la conocemos hoy en d\u00eda.<br \/>\n<div id=\"attachment_15568\" style=\"width: 336px\" class=\"wp-caption aligncenter\"><img aria-describedby=\"caption-attachment-15568\" loading=\"lazy\" class=\"alignnone size-full wp-image-15568\" src=\"https:\/\/dicaduninter.files.wordpress.com\/2017\/12\/arquitectura-en-mc3a9xico-1900-2010.jpg\" alt=\"Arquitectura en M\u00e9xico 1900-2010\" width=\"330\" height=\"424\" \/><p id=\"caption-attachment-15568\" class=\"wp-caption-text\"><strong>Arquitectura en M\u00e9xico 1900-2010 \u2013\u00a0La Construcci\u00f3n de la Modernidad: Obras, Dise\u00f1o, Arte y Pensamiento<\/strong><\/p><\/div><br \/>\n<em><strong>Tradici\u00f3n Versus Modernidad<\/strong><\/em><\/p>\n<h6>Marwa Arsanios, Mariana Castillo, Jorge M\u00e9ndez, Rodrigo Ortiz, Kristina Lee, Pia Ronicke y Sandra Rozental.<br \/>\nRodrigo Ortiz y Kristina Lee<br \/>\nArchivo Dise\u00f1o y Arquitectura<br \/>\nCONACULTA, 2014<\/h6>\n<p style=\"text-align:justify;\">Una edici\u00f3n que expone \u2013a trav\u00e9s de casos\u2013 archivos y edificaciones, c\u00f3mo se llev\u00f3 a cabo la convivencia y transici\u00f3n de la arquitectura vern\u00e1cula y el funcionalismo moderno, mientras se detallan otros factores como el muralismo, la herencia neoprehisp\u00e1nica y el contexto en algunas regiones del pa\u00eds.<\/p>\n<p><div id=\"attachment_15569\" style=\"width: 778px\" class=\"wp-caption aligncenter\"><img aria-describedby=\"caption-attachment-15569\" loading=\"lazy\" class=\" size-full wp-image-15569 aligncenter\" style=\"background-color:initial;text-align:center;\" src=\"https:\/\/dicaduninter.files.wordpress.com\/2017\/12\/tradicic3b3n-versus-modernidad.jpg\" alt=\"Tradici\u00f3n Versus Modernidad\" width=\"768\" height=\"512\" \/><p id=\"caption-attachment-15569\" class=\"wp-caption-text\"><strong>Tradici\u00f3n Versus Modernidad<\/strong><\/p><\/div><br \/>\n<b><i>Silla Mexicana<\/i><\/b><\/p>\n<h6>Ana Elena Mallet<br \/>\nArquine, 2017<br \/>\nSecretaria de Cultura<\/h6>\n<p>El libro presenta una selecci\u00f3n de 228 asientos que retratan el recorrido hist\u00f3rico del dise\u00f1o en M\u00e9xico a trav\u00e9s de las sillas, el mobiliario predilecto por arquitectos y dise\u00f1adores, una pieza imperceptible pero tan presente en el cotidiano.<br \/>\n&nbsp;<br \/>\n<div id=\"attachment_15571\" style=\"width: 1510px\" class=\"wp-caption alignnone\"><img aria-describedby=\"caption-attachment-15571\" loading=\"lazy\" class=\"alignnone size-full wp-image-15571\" src=\"https:\/\/dicaduninter.files.wordpress.com\/2017\/12\/silla-mexicana-2.jpg\" alt=\"Silla mexicana (2)\" width=\"1500\" height=\"1000\" \/><p id=\"caption-attachment-15571\" class=\"wp-caption-text\"><b>Silla Mexicana<\/b><\/p><\/div><br \/>\n<em><strong>Esrawe<\/strong><\/em><\/p>\n<h6>H\u00e9ctor Esrawe<br \/>\nArquine, 2017<\/h6>\n<p style=\"text-align:justify;\">Una selecci\u00f3n del trabajo de uno de los dise\u00f1adores industriales m\u00e1s destacados en M\u00e9xico. Su contenido comienza por una secci\u00f3n introductoria de la historia del dise\u00f1o y c\u00f3mo influy\u00f3 en el pa\u00eds a partir de la d\u00e9cada de 1990. Y a continuaci\u00f3n, expone 32 proyectos a lo largo de su trayectoria que van desde dise\u00f1o de objetos, mobiliario e interiorismo hasta museograf\u00eda y arquitectura.<\/p>\n<p><div id=\"attachment_15572\" style=\"width: 1510px\" class=\"wp-caption alignnone\"><img aria-describedby=\"caption-attachment-15572\" loading=\"lazy\" class=\"alignnone size-full wp-image-15572\" src=\"https:\/\/dicaduninter.files.wordpress.com\/2017\/12\/esrawe.jpg\" alt=\"Esrawe\" width=\"1500\" height=\"844\" \/><p id=\"caption-attachment-15572\" class=\"wp-caption-text\"><strong>Esrawe<\/strong><\/p><\/div><br \/>\n&nbsp;<\/p>\n<h5>Fuente: <a href=\"https:\/\/coolhuntermx.com\/\">CHMX<\/a><\/h5>\n<p>&nbsp;<\/p>\n<p style=\"text-align:right;\"><a href=\"https:\/\/www.uninter.edu.mx\/\">Universidad Internacional<\/a><\/p>\n<p style=\"text-align:right;\"><a href=\"http:\/\/www.universidad.uninter.edu.mx\/carreras\/LDI\">Licenciatura en Dise\u00f1o Industrial<\/a><\/p>\n<p style=\"text-align:right;\"><a href=\"http:\/\/www.universidad.uninter.edu.mx\/carreras\/ARQ\">Licenciatura en Arquitectura<\/a><\/p>\n<p>&nbsp;<\/p>\n","protected":false},"excerpt":{"rendered":"<p>A trav\u00e9s de estas ediciones se relata la historia y cultura material del pa\u00eds otorg\u00e1ndole una voz a trav\u00e9s de editoriales mexicanas que han generado un registro visual y textual de dichas disciplinas. Vida y Dise\u00f1o en M\u00e9xico Siglo XX Dina Comisarenco, Carmen Cordera, Juan Rafael Coronel, Alejandro Hern\u00e1ndez y Ana Elena Mallet. Fomento Cultural&hellip;<\/p>\n","protected":false},"author":1,"featured_media":15549,"comment_status":"closed","ping_status":"open","sticky":false,"template":"","format":"standard","meta":[],"categories":[4,10],"tags":[31,35,59,60,996,1377,1548],"_links":{"self":[{"href":"https:\/\/blogs.uninter.edu.mx\/ESCAT2\/index.php?rest_route=\/wp\/v2\/posts\/15548"}],"collection":[{"href":"https:\/\/blogs.uninter.edu.mx\/ESCAT2\/index.php?rest_route=\/wp\/v2\/posts"}],"about":[{"href":"https:\/\/blogs.uninter.edu.mx\/ESCAT2\/index.php?rest_route=\/wp\/v2\/types\/post"}],"author":[{"embeddable":true,"href":"https:\/\/blogs.uninter.edu.mx\/ESCAT2\/index.php?rest_route=\/wp\/v2\/users\/1"}],"replies":[{"embeddable":true,"href":"https:\/\/blogs.uninter.edu.mx\/ESCAT2\/index.php?rest_route=%2Fwp%2Fv2%2Fcomments&post=15548"}],"version-history":[{"count":0,"href":"https:\/\/blogs.uninter.edu.mx\/ESCAT2\/index.php?rest_route=\/wp\/v2\/posts\/15548\/revisions"}],"wp:featuredmedia":[{"embeddable":true,"href":"https:\/\/blogs.uninter.edu.mx\/ESCAT2\/index.php?rest_route=\/wp\/v2\/media\/15549"}],"wp:attachment":[{"href":"https:\/\/blogs.uninter.edu.mx\/ESCAT2\/index.php?rest_route=%2Fwp%2Fv2%2Fmedia&parent=15548"}],"wp:term":[{"taxonomy":"category","embeddable":true,"href":"https:\/\/blogs.uninter.edu.mx\/ESCAT2\/index.php?rest_route=%2Fwp%2Fv2%2Fcategories&post=15548"},{"taxonomy":"post_tag","embeddable":true,"href":"https:\/\/blogs.uninter.edu.mx\/ESCAT2\/index.php?rest_route=%2Fwp%2Fv2%2Ftags&post=15548"}],"curies":[{"name":"wp","href":"https:\/\/api.w.org\/{rel}","templated":true}]}}