{"id":15662,"date":"2017-12-19T07:50:41","date_gmt":"2017-12-19T13:50:41","guid":{"rendered":"http:\/\/escatuninter.blog\/?p=15662"},"modified":"2017-12-19T07:50:41","modified_gmt":"2017-12-19T13:50:41","slug":"director-de-educacion-a-distancia-imparte-taller-de-capacitacion-en-sinaloa-noticiasescat-uninter","status":"publish","type":"post","link":"https:\/\/blogs.uninter.edu.mx\/ESCAT2\/?p=15662","title":{"rendered":"Director de Educaci\u00f3n a Distancia imparte taller de #capacitaci\u00f3n en Sinaloa. #NoticiasESCAT #Uninter"},"content":{"rendered":"<p><img loading=\"lazy\" class=\" wp-image-14990 alignright\" src=\"https:\/\/dicaduninter.files.wordpress.com\/2017\/11\/escat-logo1.png\" alt=\"ESCAT\" width=\"198\" height=\"78\" \/><br \/>\n&nbsp;<br \/>\n&nbsp;<br \/>\nEl pasado viernes 1 de diciembre el Mtro. Miguel Mayorga Qui\u00f1ones imparti\u00f3 el taller Tendencias de Capacitaci\u00f3n Bajo el Uso de Herramientas Tecnol\u00f3gicas en el estado de Sinaloa.<br \/>\n<\/p>\n<p style=\"text-align:justify;\">Los ayudantes municipales de Culiac\u00e1n y Los Mochis determinaron invitar al Mtro. Miguel Mayorga\u00a0por la experiencia y el prestigio que tiene desempe\u00f1ando el papel de Director de Educaci\u00f3n a Distancia y Biblioteca Virtual en la Universidad Internacional. Los talleres fueron dirigidos al personal administrativo de los diferentes dependencias de gobierno.<\/p>\n<p style=\"text-align:right;\"><a href=\"http:\/\/www.posgrados.uninter.edu.mx\/Esp-Administracion-Tecnologia-Linea\" target=\"_blank\" rel=\"noopener\">Especialidad en Administraci\u00f3n de la Tecnolog\u00eda en L\u00ednea (EATL)<\/a><\/p>\n<p><a href=\"https:\/\/dicaduninter.files.wordpress.com\/2017\/11\/universidad-internacional1.png\"><img loading=\"lazy\" class=\"aligncenter  wp-image-15206\" src=\"https:\/\/dicaduninter.files.wordpress.com\/2017\/11\/universidad-internacional1.png?w=300\" alt=\"\" width=\"543\" height=\"82\" \/><\/a><br \/>\n&nbsp;<\/p>\n","protected":false},"excerpt":{"rendered":"<p>&nbsp; &nbsp; El pasado viernes 1 de diciembre el Mtro. Miguel Mayorga Qui\u00f1ones imparti\u00f3 el taller Tendencias de Capacitaci\u00f3n Bajo el Uso de Herramientas Tecnol\u00f3gicas en el estado de Sinaloa. Los ayudantes municipales de Culiac\u00e1n y Los Mochis determinaron invitar al Mtro. Miguel Mayorga\u00a0por la experiencia y el prestigio que tiene desempe\u00f1ando el papel de&hellip;<\/p>\n","protected":false},"author":1,"featured_media":15682,"comment_status":"closed","ping_status":"open","sticky":false,"template":"","format":"standard","meta":[],"categories":[12,27,28],"tags":[],"_links":{"self":[{"href":"https:\/\/blogs.uninter.edu.mx\/ESCAT2\/index.php?rest_route=\/wp\/v2\/posts\/15662"}],"collection":[{"href":"https:\/\/blogs.uninter.edu.mx\/ESCAT2\/index.php?rest_route=\/wp\/v2\/posts"}],"about":[{"href":"https:\/\/blogs.uninter.edu.mx\/ESCAT2\/index.php?rest_route=\/wp\/v2\/types\/post"}],"author":[{"embeddable":true,"href":"https:\/\/blogs.uninter.edu.mx\/ESCAT2\/index.php?rest_route=\/wp\/v2\/users\/1"}],"replies":[{"embeddable":true,"href":"https:\/\/blogs.uninter.edu.mx\/ESCAT2\/index.php?rest_route=%2Fwp%2Fv2%2Fcomments&post=15662"}],"version-history":[{"count":0,"href":"https:\/\/blogs.uninter.edu.mx\/ESCAT2\/index.php?rest_route=\/wp\/v2\/posts\/15662\/revisions"}],"wp:featuredmedia":[{"embeddable":true,"href":"https:\/\/blogs.uninter.edu.mx\/ESCAT2\/index.php?rest_route=\/wp\/v2\/media\/15682"}],"wp:attachment":[{"href":"https:\/\/blogs.uninter.edu.mx\/ESCAT2\/index.php?rest_route=%2Fwp%2Fv2%2Fmedia&parent=15662"}],"wp:term":[{"taxonomy":"category","embeddable":true,"href":"https:\/\/blogs.uninter.edu.mx\/ESCAT2\/index.php?rest_route=%2Fwp%2Fv2%2Fcategories&post=15662"},{"taxonomy":"post_tag","embeddable":true,"href":"https:\/\/blogs.uninter.edu.mx\/ESCAT2\/index.php?rest_route=%2Fwp%2Fv2%2Ftags&post=15662"}],"curies":[{"name":"wp","href":"https:\/\/api.w.org\/{rel}","templated":true}]}}