{"id":15844,"date":"2018-01-04T23:29:40","date_gmt":"2018-01-05T05:29:40","guid":{"rendered":"http:\/\/escatuninter.blog\/?p=15844"},"modified":"2018-01-04T23:29:40","modified_gmt":"2018-01-05T05:29:40","slug":"que-es-world-design-capital-ciudad-de-mexico-2018-noticiasescat-uninter","status":"publish","type":"post","link":"https:\/\/blogs.uninter.edu.mx\/ESCAT2\/?p=15844","title":{"rendered":"\u00bfQu\u00e9 es World Design Capital Ciudad de M\u00e9xico 2018? #NoticiasESCAT #Uninter"},"content":{"rendered":"<p><a href=\"https:\/\/www.facebook.com\/EscatUninter\/\"><img loading=\"lazy\" class=\"  wp-image-15849 alignright\" src=\"https:\/\/dicaduninter.files.wordpress.com\/2017\/12\/escat1.jpg\" alt=\"ESCAT\" width=\"181\" height=\"138\" \/><\/a><br \/>\n&nbsp;<br \/>\n&nbsp;<br \/>\n&nbsp;<\/p>\n<p style=\"text-align:justify;\">La semana pasada\u00a0<strong>World Design Capital Ciudad de M\u00e9xico<\/strong>, el\u00a0<strong>Gobierno de la Ciudad de M\u00e9xico<\/strong>\u00a0y \u00a0<strong>Design Week M\u00e9xico<\/strong>, presentaron\u00a0<b>Espacio CDMX Arquitectura y Dise\u00f1o<\/b>, un proyecto de recuperaci\u00f3n en la segunda secci\u00f3n del Bosque de Chapultepec donde antes estaba el taller de servicio del \u201ctrenecito.\u201d El objetivo de este espacio es promover proyectos de arquitectura, urbanismo y dise\u00f1o socialmente responsable; que fungir\u00e1 como sede creativa temporal y<i>\u00a0Centro de Informaci\u00f3n de World Design Capital CDMX 2018.<\/i><\/p>\n<p><iframe loading=\"lazy\" width=\"700\" height=\"394\" src=\"https:\/\/www.youtube.com\/embed\/wobuGqjxFzA?feature=oembed\" frameborder=\"0\" allow=\"accelerometer; autoplay; encrypted-media; gyroscope; picture-in-picture\" allowfullscreen><\/iframe><\/p>\n<p style=\"text-align:justify;\">Pero,\u00a0<strong>\u00bfqu\u00e9 es World Design Capital<\/strong>?\u00a0La\u00a0<strong>Organizaci\u00f3n Mundial del Dise\u00f1o<\/strong>\u00a0(<em>World Design Organization<\/em>) promueve el dise\u00f1o como una disciplina que ayuda a mejorar la calidad de vida de las personas y est\u00e1 conformada por asociaciones profesionales, sociedades, instituciones educativas que tienen como objetivo impulsar el dise\u00f1o como herramienta para mejorar las condiciones de vida de ciudades y comunidades.<\/p>\n<p style=\"text-align:justify;\">El objetivo principal de la organizaci\u00f3n es impulsar la disciplina del dise\u00f1o a nivel internacional a trav\u00e9s de una serie de iniciativas para apoyar la eficacia del dise\u00f1o en un intento de atender las necesidades de las personas, mejorar su calidad de vida, as\u00ed como ayudar a mejorar la econom\u00eda y el desarrollo social de sus ciudades, una de ella es\u00a0<strong>World Design Capital<\/strong>, que inici\u00f3 en 2008 con la ciudad de Torino, Italia; seguido por Seoul, Corea del Sur en 2010; Helsinki, Finlandia en 2012; Ciudad del Cabo, Sud\u00e1frica en 2014; y Taipei, Taiw\u00e1n en 2016.<\/p>\n<p style=\"text-align:justify;\">En 2015 la Ciudad de M\u00e9xico gan\u00f3 la designaci\u00f3n otorgada por la\u00a0<strong>World Design Organization<\/strong>\u00a0para ser Capital Mundial de Dise\u00f1o. El tema central es\u00a0<strong>Dise\u00f1o Socialmente Responsable<\/strong>\u00a0y cuenta con 6 ejes de trabajo:<\/p>\n<ol>\n<li style=\"text-align:justify;\">Habitantes<\/li>\n<li style=\"text-align:justify;\">Movilidad<\/li>\n<li style=\"text-align:justify;\">Identidad de la Ciudad<\/li>\n<li style=\"text-align:justify;\">Medio Ambiente<\/li>\n<li style=\"text-align:justify;\">Espacio P\u00fablico<\/li>\n<li style=\"text-align:justify;\">Econom\u00eda Creativa<\/li>\n<\/ol>\n<p><img loading=\"lazy\" class=\"alignnone size-full wp-image-15845\" src=\"https:\/\/dicaduninter.files.wordpress.com\/2017\/12\/wdccdmx.jpg\" alt=\"WDCCDMX\" width=\"768\" height=\"576\" \/><\/p>\n<p style=\"text-align:justify;\">Las actividades del pr\u00f3ximo a\u00f1o comienzan\u00a0<strong>el 5 y 6 de Marzo<\/strong>\u00a0con el\u00a0<strong>Foro Inaugural en el Palacio de Bellas Artes explorando el tema: The Future of Cities<\/strong>, contin\u00faa con una\u00a0<strong>Feria de Dise\u00f1o Internacional\u00a0<\/strong>durante en colaboraci\u00f3n con la<strong>\u00a0Feria Internacional de las Culturas Amigas \u00a0(21 de Abril al 6 de Mayo)<\/strong>\u00a0y cierra en<strong>\u00a0Octubre<\/strong>\u00a0con el mes m\u00e1s importante para el dise\u00f1o en el pa\u00eds, que es cuando suceden Design Week M\u00e9xico y el Abierto Mexicano de Dise\u00f1o.<\/p>\n<p><iframe loading=\"lazy\" width=\"700\" height=\"394\" src=\"https:\/\/www.youtube.com\/embed\/gOfK0HXvUOE?feature=oembed\" frameborder=\"0\" allow=\"accelerometer; autoplay; encrypted-media; gyroscope; picture-in-picture\" allowfullscreen><\/iframe><br \/>\n&nbsp;<\/p>\n<h5>Fuente: <a href=\"https:\/\/coolhuntermx.com\/\">CHMX<\/a><\/h5>\n<p style=\"text-align:right;\"><a href=\"https:\/\/www.uninter.edu.mx\/\">Universidad Internacional<\/a><\/p>\n<p style=\"text-align:right;\"><a href=\"http:\/\/www.universidad.uninter.edu.mx\/carreras\/LDI\">Licenciatura en Dise\u00f1o Industrial<\/a><\/p>\n<p style=\"text-align:right;\"><a href=\"http:\/\/www.universidad.uninter.edu.mx\/carreras\/LDG\">Licenciatura en Dise\u00f1o Gr\u00e1fico<\/a><\/p>\n<p style=\"text-align:right;\"><a href=\"http:\/\/www.universidad.uninter.edu.mx\/carreras\/ARQ\">Licenciatura en Arquitectura<\/a><\/p>\n<p style=\"text-align:right;\"><a href=\"https:\/\/www.uninter.edu.mx\/diplomados\/Dip-Dise%C3%B1o-de-Interiores\">Diplomado en Dise\u00f1o de Interiores<\/a><\/p>\n<p><a href=\"http:\/\/www.universidad.uninter.edu.mx\/Inicio\" target=\"_blank\" rel=\"noopener\"><img loading=\"lazy\" class=\"  wp-image-13885 aligncenter\" src=\"https:\/\/dicaduninter.files.wordpress.com\/2017\/09\/universidad-internacional.png?w=547&amp;h=82\" alt=\"Universidad Internacional\" width=\"547\" height=\"82\" \/><\/a><br \/>\n&nbsp;<\/p>\n","protected":false},"excerpt":{"rendered":"<p>&nbsp; &nbsp; &nbsp; La semana pasada\u00a0World Design Capital Ciudad de M\u00e9xico, el\u00a0Gobierno de la Ciudad de M\u00e9xico\u00a0y \u00a0Design Week M\u00e9xico, presentaron\u00a0Espacio CDMX Arquitectura y Dise\u00f1o, un proyecto de recuperaci\u00f3n en la segunda secci\u00f3n del Bosque de Chapultepec donde antes estaba el taller de servicio del \u201ctrenecito.\u201d El objetivo de este espacio es promover proyectos de&hellip;<\/p>\n","protected":false},"author":1,"featured_media":15846,"comment_status":"closed","ping_status":"open","sticky":false,"template":"","format":"standard","meta":[],"categories":[7,9,10],"tags":[31,35,59,60,175,1078,1377],"_links":{"self":[{"href":"https:\/\/blogs.uninter.edu.mx\/ESCAT2\/index.php?rest_route=\/wp\/v2\/posts\/15844"}],"collection":[{"href":"https:\/\/blogs.uninter.edu.mx\/ESCAT2\/index.php?rest_route=\/wp\/v2\/posts"}],"about":[{"href":"https:\/\/blogs.uninter.edu.mx\/ESCAT2\/index.php?rest_route=\/wp\/v2\/types\/post"}],"author":[{"embeddable":true,"href":"https:\/\/blogs.uninter.edu.mx\/ESCAT2\/index.php?rest_route=\/wp\/v2\/users\/1"}],"replies":[{"embeddable":true,"href":"https:\/\/blogs.uninter.edu.mx\/ESCAT2\/index.php?rest_route=%2Fwp%2Fv2%2Fcomments&post=15844"}],"version-history":[{"count":0,"href":"https:\/\/blogs.uninter.edu.mx\/ESCAT2\/index.php?rest_route=\/wp\/v2\/posts\/15844\/revisions"}],"wp:featuredmedia":[{"embeddable":true,"href":"https:\/\/blogs.uninter.edu.mx\/ESCAT2\/index.php?rest_route=\/wp\/v2\/media\/15846"}],"wp:attachment":[{"href":"https:\/\/blogs.uninter.edu.mx\/ESCAT2\/index.php?rest_route=%2Fwp%2Fv2%2Fmedia&parent=15844"}],"wp:term":[{"taxonomy":"category","embeddable":true,"href":"https:\/\/blogs.uninter.edu.mx\/ESCAT2\/index.php?rest_route=%2Fwp%2Fv2%2Fcategories&post=15844"},{"taxonomy":"post_tag","embeddable":true,"href":"https:\/\/blogs.uninter.edu.mx\/ESCAT2\/index.php?rest_route=%2Fwp%2Fv2%2Ftags&post=15844"}],"curies":[{"name":"wp","href":"https:\/\/api.w.org\/{rel}","templated":true}]}}