{"id":16268,"date":"2018-02-09T11:18:57","date_gmt":"2018-02-09T17:18:57","guid":{"rendered":"http:\/\/escatuninter.blog\/?p=16268"},"modified":"2018-02-09T11:18:57","modified_gmt":"2018-02-09T17:18:57","slug":"el-nuevo-y-veloz-camion-electrico-de-tesla-noticiasescat-uninter","status":"publish","type":"post","link":"https:\/\/blogs.uninter.edu.mx\/ESCAT2\/?p=16268","title":{"rendered":"El nuevo y veloz cami\u00f3n el\u00e9ctrico de Tesla #NoticiasESCAT #Uninter"},"content":{"rendered":"<p><a href=\"https:\/\/www.facebook.com\/EscatUninter\/\" target=\"_blank\" rel=\"noopener\"><img loading=\"lazy\" class=\"  wp-image-16186 alignright\" src=\"https:\/\/dicaduninter.files.wordpress.com\/2018\/01\/escat-11.png\" alt=\"ESCAT 1\" width=\"253\" height=\"100\" \/><\/a><br \/>\n&nbsp;<br \/>\n&nbsp;<br \/>\n&nbsp;<\/p>\n<p style=\"text-align:justify;\">Crece el inter\u00e9s general hacia el Semi, el cami\u00f3n el\u00e9ctrico de Tesla que esta empresa mostr\u00f3 recientemente en p\u00fablico.<\/p>\n<p style=\"text-align:justify;\">No solo representa un ahorro importante en coste de transporte y sin la contaminaci\u00f3n provocada por los camiones convencionales sino que adem\u00e1s ofrece muchas otras ventajas en comparaci\u00f3n con estos. Se trata ante todo de un cami\u00f3n que se beneficia de los \u00faltimos avances tecnol\u00f3gicos, incluyendo una aerodin\u00e1mica que nada tiene que envidiar a la de autom\u00f3viles de alto nivel.<\/p>\n<dl id=\"attachment_16269\" class=\"wp-caption aligncenter\" style=\"width:1100px;\">\n<dt class=\"wp-caption-dt\"><img loading=\"lazy\" class=\"alignnone size-full wp-image-16269\" src=\"https:\/\/dicaduninter.files.wordpress.com\/2018\/01\/camic3b3n-tesla.jpg\" alt=\"Cami\u00f3n Tesla\" width=\"1100\" height=\"685\" \/><\/dt>\n<dd class=\"wp-caption-dd\">Cami\u00f3n Tesla<\/dd>\n<\/dl>\n<p style=\"text-align:justify;\">Los megacargadores, una nueva soluci\u00f3n de recarga r\u00e1pida para veh\u00edculos el\u00e9ctricos, a\u00f1adir\u00e1n unos 640 km en 30 minutos, y pueden ser instalados en los puntos de origen o destino y a lo largo de las rutas de mucho tr\u00e1fico, permitiendo la recarga de energ\u00eda durante la carga y la descarga de la mercanc\u00eda, as\u00ed como durante los descansos del conductor.<\/p>\n<p style=\"text-align:justify;\">Como en cualquier veh\u00edculo el\u00e9ctrico, el Semi precisa un mantenimiento notablemente menor que el requerido para un cami\u00f3n con motor de combusti\u00f3n cl\u00e1sico. Su bater\u00eda es similar en composici\u00f3n a otras de Tesla y est\u00e1 dise\u00f1ada para aguantar repetidos ciclos de carga a lo largo de m\u00e1s de un mill\u00f3n y medio de kil\u00f3metros, mientras que los motores derivan de los utilizados en el autom\u00f3vil Tesla Modelo 3, habi\u00e9ndose verificado que soportan ese kilometraje.<\/p>\n<dl id=\"attachment_16270\" class=\"wp-caption aligncenter\" style=\"width:1268px;\">\n<dt class=\"wp-caption-dt\"><img loading=\"lazy\" class=\"alignnone size-full wp-image-16270\" src=\"https:\/\/dicaduninter.files.wordpress.com\/2018\/01\/tesla-semi.jpg\" alt=\"Tesla Semi\" width=\"1268\" height=\"664\" \/><\/dt>\n<dd class=\"wp-caption-dd\">Tesla Semi<\/dd>\n<\/dl>\n<p>&nbsp;<\/p>\n<h5>Fuente: <a href=\"http:\/\/noticiasdelaciencia.com\/not\/26937\/el-nuevo-y-veloz-camion-electrico-de-tesla\/\">Noticias de la Ciencia<\/a><\/h5>\n<p style=\"text-align:right;\"><a href=\"https:\/\/www.uninter.edu.mx\/\">Universidad Internacional Uninter<\/a><\/p>\n<p style=\"text-align:right;\"><a href=\"http:\/\/www.universidad.uninter.edu.mx\/carreras\/LDI\">Licenciatura en Dise\u00f1o Industrial<\/a><\/p>\n<p style=\"text-align:right;\"><a href=\"http:\/\/www.universidad.uninter.edu.mx\/carreras\/IME\">Ingenier\u00eda en Mec\u00e1nica Industrial<\/a><\/p>\n<p style=\"text-align:right;\"><a href=\"http:\/\/www.universidad.uninter.edu.mx\/carreras\/IME\">Ingenier\u00eda en Mecatr\u00f3nica\u00a0<\/a><\/p>\n<p><a href=\"https:\/\/www.uninter.edu.mx\/\"><img loading=\"lazy\" class=\"alignnone size-full wp-image-16006\" src=\"https:\/\/dicaduninter.files.wordpress.com\/2018\/01\/4.png\" alt=\"4\" width=\"3242\" height=\"489\" \/><\/a><br \/>\n&nbsp;<\/p>\n","protected":false},"excerpt":{"rendered":"<p>&nbsp; &nbsp; &nbsp; Crece el inter\u00e9s general hacia el Semi, el cami\u00f3n el\u00e9ctrico de Tesla que esta empresa mostr\u00f3 recientemente en p\u00fablico. No solo representa un ahorro importante en coste de transporte y sin la contaminaci\u00f3n provocada por los camiones convencionales sino que adem\u00e1s ofrece muchas otras ventajas en comparaci\u00f3n con estos. Se trata ante&hellip;<\/p>\n","protected":false},"author":1,"featured_media":16269,"comment_status":"closed","ping_status":"open","sticky":false,"template":"","format":"standard","meta":[],"categories":[11,23,27],"tags":[35,60,282,593,1173,1449,1539,1556,1638],"_links":{"self":[{"href":"https:\/\/blogs.uninter.edu.mx\/ESCAT2\/index.php?rest_route=\/wp\/v2\/posts\/16268"}],"collection":[{"href":"https:\/\/blogs.uninter.edu.mx\/ESCAT2\/index.php?rest_route=\/wp\/v2\/posts"}],"about":[{"href":"https:\/\/blogs.uninter.edu.mx\/ESCAT2\/index.php?rest_route=\/wp\/v2\/types\/post"}],"author":[{"embeddable":true,"href":"https:\/\/blogs.uninter.edu.mx\/ESCAT2\/index.php?rest_route=\/wp\/v2\/users\/1"}],"replies":[{"embeddable":true,"href":"https:\/\/blogs.uninter.edu.mx\/ESCAT2\/index.php?rest_route=%2Fwp%2Fv2%2Fcomments&post=16268"}],"version-history":[{"count":0,"href":"https:\/\/blogs.uninter.edu.mx\/ESCAT2\/index.php?rest_route=\/wp\/v2\/posts\/16268\/revisions"}],"wp:featuredmedia":[{"embeddable":true,"href":"https:\/\/blogs.uninter.edu.mx\/ESCAT2\/index.php?rest_route=\/wp\/v2\/media\/16269"}],"wp:attachment":[{"href":"https:\/\/blogs.uninter.edu.mx\/ESCAT2\/index.php?rest_route=%2Fwp%2Fv2%2Fmedia&parent=16268"}],"wp:term":[{"taxonomy":"category","embeddable":true,"href":"https:\/\/blogs.uninter.edu.mx\/ESCAT2\/index.php?rest_route=%2Fwp%2Fv2%2Fcategories&post=16268"},{"taxonomy":"post_tag","embeddable":true,"href":"https:\/\/blogs.uninter.edu.mx\/ESCAT2\/index.php?rest_route=%2Fwp%2Fv2%2Ftags&post=16268"}],"curies":[{"name":"wp","href":"https:\/\/api.w.org\/{rel}","templated":true}]}}