{"id":16334,"date":"2018-02-05T21:12:07","date_gmt":"2018-02-06T03:12:07","guid":{"rendered":"http:\/\/escatuninter.blog\/?p=16334"},"modified":"2018-02-05T21:12:07","modified_gmt":"2018-02-06T03:12:07","slug":"15-trajes-que-te-haran-desear-que-llegue-la-primavera-noticiasescat-ldmuninter","status":"publish","type":"post","link":"https:\/\/blogs.uninter.edu.mx\/ESCAT2\/?p=16334","title":{"rendered":"15 Trajes que te har\u00e1n desear que llegue la Primavera #NoticiasESCAT #LDMUninter"},"content":{"rendered":"<p style=\"text-align:justify;\"><a href=\"https:\/\/www.facebook.com\/EscatUninter\"><img loading=\"lazy\" class=\"  wp-image-16186 alignright\" src=\"https:\/\/dicaduninter.files.wordpress.com\/2018\/01\/escat-11.png\" alt=\"ESCAT 1\" width=\"263\" height=\"104\" \/><\/a><\/p>\n<p>&nbsp;<br \/>\n&nbsp;<br \/>\n&nbsp;<\/p>\n<p style=\"text-align:justify;\">En tonos pastel o en colores vibrantes. Los conjuntos de chaqueta y pantal\u00f3n comienzan a asomar en las nuevas colecciones y se postulan como un imprescindible de los pr\u00f3ximos meses.<\/p>\n<p style=\"text-align:justify;\"><strong>1.-<\/strong><\/p>\n<dl id=\"attachment_16335\" class=\"wp-caption aligncenter\" style=\"width:340px;\">\n<dt class=\"wp-caption-dt\"><img loading=\"lazy\" class=\"alignnone  wp-image-16335\" src=\"https:\/\/dicaduninter.files.wordpress.com\/2018\/02\/1.jpg\" alt=\"Zara\" width=\"340\" height=\"510\" \/><\/dt>\n<dd class=\"wp-caption-dd\">Zara<\/dd>\n<\/dl>\n<p style=\"text-align:justify;\"><a href=\"https:\/\/www.zara.com\/mx\/\" target=\"_blank\" rel=\"noopener\">Zara<\/a>:\u00a0Con esta marca encontramos este dos piezas en azul empolvado. La chaqueta y el pantal\u00f3n, de tipo culotte con detalle de botones.<\/p>\n<p style=\"text-align:justify;\"><strong>2.-<\/strong><\/p>\n<dl id=\"attachment_16336\" class=\"wp-caption aligncenter\" style=\"width:340px;\">\n<dt class=\"wp-caption-dt\"><img loading=\"lazy\" class=\"alignnone  wp-image-16336\" src=\"https:\/\/dicaduninter.files.wordpress.com\/2018\/02\/2.jpg\" alt=\"Sandro\" width=\"340\" height=\"227\" \/><\/dt>\n<dd class=\"wp-caption-dd\">Sandro<\/dd>\n<\/dl>\n<p style=\"text-align:justify;\"><a href=\"https:\/\/es.sandro-paris.com\/\" target=\"_blank\" rel=\"noopener\">Sandro<\/a>: En lo nuevo de\u00a0Sandro\u00a0encontramos este traje verde menta tan apetecible.<\/p>\n<p style=\"text-align:justify;\"><strong>3.-<\/strong><\/p>\n<dl id=\"attachment_16337\" class=\"wp-caption aligncenter\" style=\"width:340px;\">\n<dt class=\"wp-caption-dt\"><img loading=\"lazy\" class=\"alignnone  wp-image-16337\" src=\"https:\/\/dicaduninter.files.wordpress.com\/2018\/02\/3.jpg\" alt=\"Massimo Dutti\" width=\"340\" height=\"510\" \/><\/dt>\n<dd class=\"wp-caption-dd\">Massimo Dutti<\/dd>\n<\/dl>\n<p style=\"text-align:justify;\"><a href=\"https:\/\/www.massimodutti.com\/mx\/\" target=\"_blank\" rel=\"noopener\">Masismo Dutti<\/a>: Combina chaqueta con pantal\u00f3n tipo culotte.<\/p>\n<p style=\"text-align:justify;\"><strong>4.-<\/strong><\/p>\n<dl id=\"attachment_16338\" class=\"wp-caption aligncenter\" style=\"width:340px;\">\n<dt class=\"wp-caption-dt\"><img loading=\"lazy\" class=\"alignnone  wp-image-16338\" src=\"https:\/\/dicaduninter.files.wordpress.com\/2018\/02\/4.jpg\" alt=\"Hillier Bartley\" width=\"340\" height=\"227\" \/><\/dt>\n<dd class=\"wp-caption-dd\">Hillier Bartley<\/dd>\n<\/dl>\n<p style=\"text-align:justify;\"><a href=\"http:\/\/hillierbartley.com\/\" target=\"_blank\" rel=\"noopener\">Hillier Bartley<\/a>: No puede faltar en la lista una versi\u00f3n en lila, el color que se convertir\u00e1 en viral esta primavera.<\/p>\n<p style=\"text-align:justify;\"><strong>5.-<\/strong><\/p>\n<dl id=\"attachment_16339\" class=\"wp-caption aligncenter\" style=\"width:340px;\">\n<dt class=\"wp-caption-dt\"><img loading=\"lazy\" class=\"alignnone  wp-image-16339\" src=\"https:\/\/dicaduninter.files.wordpress.com\/2018\/02\/5.jpg\" alt=\"Zara\" width=\"340\" height=\"510\" \/><\/dt>\n<dd class=\"wp-caption-dd\">Zara<\/dd>\n<\/dl>\n<p style=\"text-align:justify;\"><a href=\"https:\/\/www.zara.com\/mx\/\" target=\"_blank\" rel=\"noopener\">Zara<\/a>: Contin\u00faa con esta opci\u00f3n en rosa chicle que grita primavera.<\/p>\n<p style=\"text-align:justify;\"><strong>6.-<\/strong><\/p>\n<dl id=\"attachment_16340\" class=\"wp-caption aligncenter\" style=\"width:340px;\">\n<dt class=\"wp-caption-dt\"><img loading=\"lazy\" class=\"alignnone  wp-image-16340\" src=\"https:\/\/dicaduninter.files.wordpress.com\/2018\/02\/6.jpg\" alt=\"Racil\" width=\"340\" height=\"227\" \/><\/dt>\n<dd class=\"wp-caption-dd\">Racil<\/dd>\n<\/dl>\n<p style=\"text-align:justify;\"><a href=\"http:\/\/www.racil.com\/\" target=\"_blank\" rel=\"noopener\">Racil<\/a>: Especialista en sastrer\u00eda femenina, firma este traje bicolor con solapas en contraste.<\/p>\n<p style=\"text-align:justify;\"><strong>7.-<\/strong><\/p>\n<dl id=\"attachment_16341\" class=\"wp-caption aligncenter\" style=\"width:340px;\">\n<dt class=\"wp-caption-dt\"><img loading=\"lazy\" class=\"alignnone  wp-image-16341\" src=\"https:\/\/dicaduninter.files.wordpress.com\/2018\/02\/7.jpg\" alt=\"Bimba y Lola\" width=\"340\" height=\"510\" \/><\/dt>\n<dd class=\"wp-caption-dd\">Bimba y Lola<\/dd>\n<\/dl>\n<p style=\"text-align:justify;\"><a href=\"https:\/\/www.bimbaylola.com\/mx_es\/\" target=\"_blank\" rel=\"noopener\">Bimba y Lola<\/a>: En lo nuevo se esconde esta opci\u00f3n que permite elegir entre falda y pantal\u00f3n (o quedarse con los dos).<\/p>\n<p style=\"text-align:justify;\"><strong>8.-<\/strong><\/p>\n<dl id=\"attachment_16342\" class=\"wp-caption aligncenter\" style=\"width:340px;\">\n<dt class=\"wp-caption-dt\"><img loading=\"lazy\" class=\"alignnone  wp-image-16342\" src=\"https:\/\/dicaduninter.files.wordpress.com\/2018\/02\/8.jpg\" alt=\"Tibi\" width=\"340\" height=\"227\" \/><\/dt>\n<dd class=\"wp-caption-dd\">Tibi<\/dd>\n<\/dl>\n<p style=\"text-align:justify;\"><a href=\"http:\/\/www.tibi.com\/\">Tibi<\/a>: Apuesta por americana de doble botonadura y pantal\u00f3n de tiro alto con pinzas en azul beb\u00e9.<\/p>\n<p style=\"text-align:justify;\"><strong>9.-<\/strong><\/p>\n<dl id=\"attachment_16343\" class=\"wp-caption aligncenter\" style=\"width:340px;\">\n<dt class=\"wp-caption-dt\"><img loading=\"lazy\" class=\"alignnone  wp-image-16343\" src=\"https:\/\/dicaduninter.files.wordpress.com\/2018\/02\/9.jpg\" alt=\"Mango\" width=\"340\" height=\"510\" \/><\/dt>\n<dd class=\"wp-caption-dd\">Mango<\/dd>\n<\/dl>\n<p>&nbsp;<\/p>\n<p style=\"text-align:justify;\"><a href=\"https:\/\/shop.mango.com\/mx\" target=\"_blank\" rel=\"noopener\">Mango<\/a>: Las rayas diplom\u00e1ticas se reinventan en este dise\u00f1o.<\/p>\n<p style=\"text-align:justify;\"><strong>10.-<\/strong><\/p>\n<dl id=\"attachment_16344\" class=\"wp-caption aligncenter\" style=\"width:340px;\">\n<dt class=\"wp-caption-dt\"><img loading=\"lazy\" class=\"alignnone  wp-image-16344\" src=\"https:\/\/dicaduninter.files.wordpress.com\/2018\/02\/10.jpg\" alt=\"Erdem\" width=\"340\" height=\"227\" \/><\/dt>\n<dd class=\"wp-caption-dd\">Erdem<\/dd>\n<\/dl>\n<p style=\"text-align:justify;\"><a href=\"https:\/\/erdem.com\/en-gb\/\" target=\"_blank\" rel=\"noopener\">Erdem<\/a>: Las caracter\u00edsticas flores, ahora\u00a0se materializan en este traje perfecto para la temporada BBC.<\/p>\n<p style=\"text-align:justify;\"><strong>11.-<\/strong><\/p>\n<dl id=\"attachment_16345\" class=\"wp-caption aligncenter\" style=\"width:340px;\">\n<dt class=\"wp-caption-dt\"><img loading=\"lazy\" class=\"alignnone  wp-image-16345\" src=\"https:\/\/dicaduninter.files.wordpress.com\/2018\/02\/11.jpg\" alt=\"Mango\" width=\"340\" height=\"510\" \/><\/dt>\n<dd class=\"wp-caption-dd\">Mango<\/dd>\n<\/dl>\n<p style=\"text-align:justify;\"><a href=\"https:\/\/shop.mango.com\/mx\" target=\"_blank\" rel=\"noopener\">Mango<\/a>: Los cuadros siguen estando de moda y esta propuesta da buena cuenta de ello.<\/p>\n<p style=\"text-align:justify;\"><strong>12.-<\/strong><\/p>\n<dl id=\"attachment_16346\" class=\"wp-caption aligncenter\" style=\"width:340px;\">\n<dt class=\"wp-caption-dt\"><img loading=\"lazy\" class=\"alignnone  wp-image-16346\" src=\"https:\/\/dicaduninter.files.wordpress.com\/2018\/02\/12.jpg\" alt=\"Zara\" width=\"340\" height=\"227\" \/><\/dt>\n<dd class=\"wp-caption-dd\">Zara<\/dd>\n<\/dl>\n<p style=\"text-align:justify;\"><a href=\"https:\/\/www.zara.com\/mx\/\" target=\"_blank\" rel=\"noopener\">Zara<\/a>: Rojo, con detalles blancos y pantal\u00f3n de campana. As\u00ed es este traje que se cuela en la nueva colecci\u00f3n y que puede ser muy vers\u00e1til tambi\u00e9n por separado.<\/p>\n<p style=\"text-align:justify;\"><strong>13.-<\/strong><\/p>\n<dl id=\"attachment_16347\" class=\"wp-caption aligncenter\" style=\"width:339px;\">\n<dt class=\"wp-caption-dt\"><img loading=\"lazy\" class=\"alignnone  wp-image-16347\" src=\"https:\/\/dicaduninter.files.wordpress.com\/2018\/02\/13.jpg\" alt=\"Acne Studios\" width=\"339\" height=\"509\" \/><\/dt>\n<dd class=\"wp-caption-dd\">Acne Studios<\/dd>\n<\/dl>\n<p style=\"text-align:justify;\"><a href=\"https:\/\/www.acnestudios.com\/americas\/en\/home\" target=\"_blank\" rel=\"noopener\">Acne Studios<\/a>: Aquellas que prefieran un pantal\u00f3n diferente pueden atreverse con esta opci\u00f3n en amarillo palo.<\/p>\n<p style=\"text-align:justify;\"><strong>14.-<\/strong><\/p>\n<dl id=\"attachment_16348\" class=\"wp-caption aligncenter\" style=\"width:405px;\">\n<dt class=\"wp-caption-dt\"><img loading=\"lazy\" class=\"alignnone  wp-image-16348\" src=\"https:\/\/dicaduninter.files.wordpress.com\/2018\/02\/14.jpg\" alt=\"Petar Petrov\" width=\"405\" height=\"270\" \/><\/dt>\n<dd class=\"wp-caption-dd\">Petar Petrov<\/dd>\n<\/dl>\n<p style=\"text-align:justify;\"><a href=\"http:\/\/www.petarpetrov.com\/\" target=\"_blank\" rel=\"noopener\">Petar Petrov<\/a>:\u00a0Firma este conjunto atemporal que promete quedarse en tu armario unas cuantas temporadas.<\/p>\n<p style=\"text-align:justify;\"><strong>15 .-<\/strong><\/p>\n<dl id=\"attachment_16349\" class=\"wp-caption aligncenter\" style=\"width:340px;\">\n<dt class=\"wp-caption-dt\"><img loading=\"lazy\" class=\"alignnone  wp-image-16349\" src=\"https:\/\/dicaduninter.files.wordpress.com\/2018\/02\/15.jpg\" alt=\"Bimba y Lola\" width=\"340\" height=\"510\" \/><\/dt>\n<dd class=\"wp-caption-dd\">Bimba y Lola<\/dd>\n<\/dl>\n<p style=\"text-align:justify;\"><a href=\"https:\/\/www.bimbaylola.com\/mx_es\/\" target=\"_blank\" rel=\"noopener\">Bimba y Lola<\/a>: Perfecto para la oficina\u00a0y llegar\u00e1 a tienda pr\u00f3ximamente.<\/p>\n<h5><\/h5>\n<h5>Fuente: <a href=\"https:\/\/smoda.elpais.com\/\">S Moda<\/a><\/h5>\n<p style=\"text-align:right;\"><a href=\"https:\/\/www.uninter.edu.mx\/\" target=\"_blank\" rel=\"noopener\">Universidad Internacional Uninter\u00a0<\/a><\/p>\n<p style=\"text-align:right;\"><a href=\"http:\/\/www.universidad.uninter.edu.mx\/carreras\/LDM\" target=\"_blank\" rel=\"noopener\">Licenciatura en Dise\u00f1o de Modas y Tendencias Internacionales<\/a><\/p>\n<p><a href=\"https:\/\/www.uninter.edu.mx\/\" target=\"_blank\" rel=\"noopener\"><img loading=\"lazy\" class=\"  wp-image-16288 aligncenter\" src=\"https:\/\/dicaduninter.files.wordpress.com\/2018\/01\/universidad-internacional.png\" alt=\"universidad-internacional\" width=\"647\" height=\"98\" \/><\/a><br \/>\n&nbsp;<\/p>\n","protected":false},"excerpt":{"rendered":"<p>&nbsp; &nbsp; &nbsp; En tonos pastel o en colores vibrantes. Los conjuntos de chaqueta y pantal\u00f3n comienzan a asomar en las nuevas colecciones y se postulan como un imprescindible de los pr\u00f3ximos meses. 1.- Zara Zara:\u00a0Con esta marca encontramos este dos piezas en azul empolvado. La chaqueta y el pantal\u00f3n, de tipo culotte con detalle&hellip;<\/p>\n","protected":false},"author":1,"featured_media":16350,"comment_status":"closed","ping_status":"open","sticky":false,"template":"","format":"standard","meta":[],"categories":[8,11,27],"tags":[35,54,59,60,88,240,628,788,979,1032,1049,1173,1260,1365,1439,1547,1561,1715],"_links":{"self":[{"href":"https:\/\/blogs.uninter.edu.mx\/ESCAT2\/index.php?rest_route=\/wp\/v2\/posts\/16334"}],"collection":[{"href":"https:\/\/blogs.uninter.edu.mx\/ESCAT2\/index.php?rest_route=\/wp\/v2\/posts"}],"about":[{"href":"https:\/\/blogs.uninter.edu.mx\/ESCAT2\/index.php?rest_route=\/wp\/v2\/types\/post"}],"author":[{"embeddable":true,"href":"https:\/\/blogs.uninter.edu.mx\/ESCAT2\/index.php?rest_route=\/wp\/v2\/users\/1"}],"replies":[{"embeddable":true,"href":"https:\/\/blogs.uninter.edu.mx\/ESCAT2\/index.php?rest_route=%2Fwp%2Fv2%2Fcomments&post=16334"}],"version-history":[{"count":0,"href":"https:\/\/blogs.uninter.edu.mx\/ESCAT2\/index.php?rest_route=\/wp\/v2\/posts\/16334\/revisions"}],"wp:featuredmedia":[{"embeddable":true,"href":"https:\/\/blogs.uninter.edu.mx\/ESCAT2\/index.php?rest_route=\/wp\/v2\/media\/16350"}],"wp:attachment":[{"href":"https:\/\/blogs.uninter.edu.mx\/ESCAT2\/index.php?rest_route=%2Fwp%2Fv2%2Fmedia&parent=16334"}],"wp:term":[{"taxonomy":"category","embeddable":true,"href":"https:\/\/blogs.uninter.edu.mx\/ESCAT2\/index.php?rest_route=%2Fwp%2Fv2%2Fcategories&post=16334"},{"taxonomy":"post_tag","embeddable":true,"href":"https:\/\/blogs.uninter.edu.mx\/ESCAT2\/index.php?rest_route=%2Fwp%2Fv2%2Ftags&post=16334"}],"curies":[{"name":"wp","href":"https:\/\/api.w.org\/{rel}","templated":true}]}}