{"id":16353,"date":"2018-02-14T10:42:22","date_gmt":"2018-02-14T16:42:22","guid":{"rendered":"http:\/\/escatuninter.blog\/?p=16353"},"modified":"2018-02-14T10:42:22","modified_gmt":"2018-02-14T16:42:22","slug":"por-la-cultura-de-la-seguridad-y-la-higiene-escat-noticiasescat","status":"publish","type":"post","link":"https:\/\/blogs.uninter.edu.mx\/ESCAT2\/?p=16353","title":{"rendered":"Por la Cultura de la Seguridad y la Higiene #ESCAT #NoticiasESCAT"},"content":{"rendered":"<p><a href=\"https:\/\/www.facebook.com\/EscatUninter\/\"><img loading=\"lazy\" class=\"  wp-image-16186 alignright\" src=\"https:\/\/dicaduninter.files.wordpress.com\/2018\/01\/escat-11.png\" alt=\"ESCAT 1\" width=\"265\" height=\"105\" \/><\/a><br \/>\n&nbsp;<br \/>\n&nbsp;<\/p>\n<p style=\"text-align:justify;\">En el presente ciclo escolar 2018-2\u00a0 queremos reforzar la cultura de la Seguridad y la Higiene creando conciencia entre la comunidad de Dise\u00f1o e Ingenier\u00eda sobre la importancia que representa trabajar en un espacio limpio y ordenado. Por tal motivo hemos realizado una separaci\u00f3n de materiales existentes re-utilizables de lo que ya era considerado como desecho, adem\u00e1s de\u00a0 reorganizar la ubicaci\u00f3n de m\u00e1quinas y mesas de trabajo al interior del taller de maderas con el fin de ofrecer a nuestros alumnos un espacio seguro y propicio para la creatividad y el desarrollo de proyectos.<\/p>\n<div id=\"attachment_16354\" style=\"width: 1050px\" class=\"wp-caption alignnone\"><img aria-describedby=\"caption-attachment-16354\" loading=\"lazy\" class=\"alignnone size-full wp-image-16354\" src=\"https:\/\/dicaduninter.files.wordpress.com\/2018\/02\/img-20180124-wa0005.jpg\" alt=\"IMG-20180124-WA0005\" width=\"1040\" height=\"780\" \/><p id=\"caption-attachment-16354\" class=\"wp-caption-text\">Taller<\/p><\/div>\n<p style=\"text-align:center;\"><em><strong>Peque\u00f1os cambios impulsan el desarrollo de nuevas ideas.<\/strong><\/em><\/p>\n<p style=\"text-align:justify;\">Nuestros alumnos y profesores han recibido con agrado el cambio y est\u00e1n comprometidos a mantener el orden y aportar ideas que nos permitan dar continuidad a nuestro proyecto de mejora.\u00a0 Ya se escuchan propuestas de proyectos de dise\u00f1o que se sumen a este peque\u00f1o cambio para adoptar como permanente un estilo de vida y con ello una mejor y m\u00e1s sana cultura universitaria.<\/p>\n<p style=\"text-align:justify;\">La vida universitaria no debe limitarse solo a lo que aprendemos en las aulas, debe ir m\u00e1s all\u00e1 de adquirir alg\u00fan saber o desarrollar alguna habilidad; debe ser el reflejo una comunidad que trabaja por el crecimiento y el bienestar social con una actitud proactiva y enriquecedora.<\/p>\n<p><div id=\"attachment_16358\" style=\"width: 1050px\" class=\"wp-caption alignnone\"><img aria-describedby=\"caption-attachment-16358\" loading=\"lazy\" class=\"alignnone size-full wp-image-16358\" src=\"https:\/\/dicaduninter.files.wordpress.com\/2018\/02\/img-20180124-wa00081.jpg\" alt=\"IMG-20180124-WA0008\" width=\"1040\" height=\"780\" \/><p id=\"caption-attachment-16358\" class=\"wp-caption-text\">Taller<\/p><\/div><br \/>\n<div id=\"attachment_16359\" style=\"width: 1050px\" class=\"wp-caption alignnone\"><img aria-describedby=\"caption-attachment-16359\" loading=\"lazy\" class=\"alignnone size-full wp-image-16359\" src=\"https:\/\/dicaduninter.files.wordpress.com\/2018\/02\/img-20180124-wa00071.jpg\" alt=\"IMG-20180124-WA0007\" width=\"1040\" height=\"780\" \/><p id=\"caption-attachment-16359\" class=\"wp-caption-text\">Taller<\/p><\/div><br \/>\n&nbsp;<br \/>\n<a href=\"http:\/\/www.uninter.edu.mx\"><img loading=\"lazy\" class=\"alignnone size-full wp-image-16288\" src=\"https:\/\/dicaduninter.files.wordpress.com\/2018\/01\/universidad-internacional.png\" alt=\"Logo de UNINTER\" width=\"700\" height=\"106\" \/><\/a><br \/>\n&nbsp;<\/p>\n","protected":false},"excerpt":{"rendered":"<p>&nbsp; &nbsp; En el presente ciclo escolar 2018-2\u00a0 queremos reforzar la cultura de la Seguridad y la Higiene creando conciencia entre la comunidad de Dise\u00f1o e Ingenier\u00eda sobre la importancia que representa trabajar en un espacio limpio y ordenado. Por tal motivo hemos realizado una separaci\u00f3n de materiales existentes re-utilizables de lo que ya era&hellip;<\/p>\n","protected":false},"author":1,"featured_media":16354,"comment_status":"closed","ping_status":"open","sticky":false,"template":"","format":"standard","meta":[],"categories":[11,23],"tags":[31,35,59,60,175,870,874,877,881,1001,1206,1447,1521],"_links":{"self":[{"href":"https:\/\/blogs.uninter.edu.mx\/ESCAT2\/index.php?rest_route=\/wp\/v2\/posts\/16353"}],"collection":[{"href":"https:\/\/blogs.uninter.edu.mx\/ESCAT2\/index.php?rest_route=\/wp\/v2\/posts"}],"about":[{"href":"https:\/\/blogs.uninter.edu.mx\/ESCAT2\/index.php?rest_route=\/wp\/v2\/types\/post"}],"author":[{"embeddable":true,"href":"https:\/\/blogs.uninter.edu.mx\/ESCAT2\/index.php?rest_route=\/wp\/v2\/users\/1"}],"replies":[{"embeddable":true,"href":"https:\/\/blogs.uninter.edu.mx\/ESCAT2\/index.php?rest_route=%2Fwp%2Fv2%2Fcomments&post=16353"}],"version-history":[{"count":0,"href":"https:\/\/blogs.uninter.edu.mx\/ESCAT2\/index.php?rest_route=\/wp\/v2\/posts\/16353\/revisions"}],"wp:featuredmedia":[{"embeddable":true,"href":"https:\/\/blogs.uninter.edu.mx\/ESCAT2\/index.php?rest_route=\/wp\/v2\/media\/16354"}],"wp:attachment":[{"href":"https:\/\/blogs.uninter.edu.mx\/ESCAT2\/index.php?rest_route=%2Fwp%2Fv2%2Fmedia&parent=16353"}],"wp:term":[{"taxonomy":"category","embeddable":true,"href":"https:\/\/blogs.uninter.edu.mx\/ESCAT2\/index.php?rest_route=%2Fwp%2Fv2%2Fcategories&post=16353"},{"taxonomy":"post_tag","embeddable":true,"href":"https:\/\/blogs.uninter.edu.mx\/ESCAT2\/index.php?rest_route=%2Fwp%2Fv2%2Ftags&post=16353"}],"curies":[{"name":"wp","href":"https:\/\/api.w.org\/{rel}","templated":true}]}}