{"id":16378,"date":"2018-02-17T16:37:08","date_gmt":"2018-02-17T22:37:08","guid":{"rendered":"http:\/\/escatuninter.blog\/?p=16378"},"modified":"2018-02-17T16:37:08","modified_gmt":"2018-02-17T22:37:08","slug":"peliculas-de-animacion-nominadas-al-oscar-2018-escat-noticiasescat","status":"publish","type":"post","link":"https:\/\/blogs.uninter.edu.mx\/ESCAT2\/?p=16378","title":{"rendered":"Pel\u00edculas de Animaci\u00f3n Nominadas al Oscar 2018 #ESCAT #NoticiasESCAT"},"content":{"rendered":"<p><a href=\"https:\/\/www.facebook.com\/EscatUninter\/\" target=\"_blank\" rel=\"noopener\"><img loading=\"lazy\" class=\" size-full wp-image-16842 alignright\" src=\"https:\/\/dicaduninter.files.wordpress.com\/2018\/03\/logo-escat.png\" alt=\"Logo escat\" width=\"230\" height=\"91\" \/><\/a><br \/>\n&nbsp;<br \/>\n&nbsp;<br \/>\n&nbsp;<\/p>\n<p style=\"text-align:justify;\">Seguramente en el transcurso del a\u00f1o 2017 tuviste la oportunidad de ir al cine y disfrutar de alguna de estas pel\u00edculas y si te las perdiste aqu\u00ed te dejamos la lista de las pel\u00edculas con mejor animaci\u00f3n del a\u00f1o para ponerte al corriente.<\/p>\n<p style=\"text-align:justify;\">Esta vez le toc\u00f3 a las casas productoras como Pixar, DreamWorks, Cartoon Saloon, entre otros. A continuaci\u00f3n, te presentamos el t\u00edtulo, imagen y rese\u00f1a de cada una de las nominaciones:<\/p>\n<ol>\n<li style=\"text-align:justify;\"><b><b> &#8220;Coco&#8221; &#8211; Lee Unkrich, Disney-Pixar Studios<\/b><\/b>El joven Miguel Rivera, de 12 a\u00f1os, adora tocar la guitarra a pesar de la estricta prohibici\u00f3n por parte de su familia\u00a0hacia la m\u00fasica en general, a ra\u00edz de una mala experiencia con un pariente. Cuando Miguel desobedece las reglas de su familia, es transportado m\u00e1gicamente a la Tierra de los Muertos, donde deber\u00e1 quedar en paz con sus antepasados y encontrar el camino a casa.\n<dl id=\"attachment_16379\" class=\"wp-caption alignnone\" style=\"width:4096px;\">\n<dt class=\"wp-caption-dt\"><img loading=\"lazy\" class=\"alignnone size-full wp-image-16379\" src=\"https:\/\/dicaduninter.files.wordpress.com\/2018\/02\/coco.jpg\" alt=\"COCO\" width=\"4096\" height=\"2304\" \/><\/dt>\n<dd class=\"wp-caption-dd\">Coco &#8211; Pixar<\/dd>\n<\/dl>\n<p>&nbsp;<\/li>\n<li style=\"text-align:justify;\"><b><b>&#8220;El Pan de la Guerra&#8221; &#8211; Nora Twomey, Cartoon Saloon<\/b><\/b>Parvana es una ni\u00f1a de 11 a\u00f1os muy cercana a su padre, un profesor quien suele contarle f\u00e1bulas afganas. Cuando este es apresado por los talibanes, Parvana se disfraza de un ni\u00f1o con el fin de cuidar de su madre, hermana mayor y peque\u00f1o hermano. Con las historias aprendidas de su padre, Parvana calma a su hermano y se da valor a s\u00ed misma para sostener su nueva y peligrosa identidad.\n<dl id=\"attachment_16380\" class=\"wp-caption alignnone\" style=\"width:784px;\">\n<dt class=\"wp-caption-dt\"><img loading=\"lazy\" class=\"alignnone size-full wp-image-16380\" src=\"https:\/\/dicaduninter.files.wordpress.com\/2018\/02\/el-pan-de-la-guerra.jpg\" alt=\"El Pan de la Guerra\" width=\"784\" height=\"410\" \/><\/dt>\n<dd class=\"wp-caption-dd\">El Pan de la Guerra &#8211; Cartoon Saloon<\/dd>\n<\/dl>\n<p>&nbsp;<\/li>\n<li style=\"text-align:justify;\"><b><b>&#8220;Un Jefe en Pa\u00f1ales&#8221; &#8211; Tom McGrath, DreamWorks<\/b><\/b>El peque\u00f1o Tim se muestra contrariado cuando sus padres traen a casa a un bebe hermanito, en especial tras descubrir que este, quien lleva traje de sastre y hasta un portafolio, es perfectamente capaz de hablar y caminar. Decidido a desenmascarar al nuevo miembro de la familia, Tim se enreda en la mara\u00f1a de espionaje del peque\u00f1o &#8216;jefe&#8217;.\n<dl id=\"attachment_16381\" class=\"wp-caption alignnone\" style=\"width:640px;\">\n<dt class=\"wp-caption-dt\"><img loading=\"lazy\" class=\"alignnone size-full wp-image-16381\" src=\"https:\/\/dicaduninter.files.wordpress.com\/2018\/02\/jefe-en-pac3b1ales.jpg\" alt=\"Jefe en Pa\u00f1ales\" width=\"640\" height=\"465\" \/><\/dt>\n<dd class=\"wp-caption-dd\">Un Jefe en Pa\u00f1ales &#8211; DreamWorks<\/dd>\n<\/dl>\n<p><b>\u00a0<\/b><\/li>\n<li style=\"text-align:justify;\"><b><b>&#8220;Ol\u00e9: El Viaje de Ferdinand&#8221; &#8211; Carlos Saldanha, Blue Sky Studios<\/b><\/b>La tranquila vida de un gran pero gentil toro de nombre Ferdinand, querida mascota de la peque\u00f1a Nina, cambia cuando en un confuso incidente este destruye todo a su paso. Ferdinand es llevado a Casa de Toros, donde dichos animales se convierten ya sea en luchadores o en comida. Ferdinand se reh\u00fasa a luchar, y al hacerse de un grupo de amigos, estos lo ayudar\u00e1n a escapar y regresar a casa.\n<dl id=\"attachment_16382\" class=\"wp-caption alignnone\" style=\"width:1600px;\">\n<dt class=\"wp-caption-dt\"><img loading=\"lazy\" class=\"alignnone size-full wp-image-16382\" src=\"https:\/\/dicaduninter.files.wordpress.com\/2018\/02\/olc3a9.jpg\" alt=\"Ol\u00e9\" width=\"1600\" height=\"861\" \/><\/dt>\n<dd class=\"wp-caption-dd\">Ol\u00e9: El Viaje de Ferdinand &#8211; Blue Sky Studios<\/dd>\n<\/dl>\n<p>&nbsp;<\/li>\n<li style=\"text-align:justify;\"><b><b>&#8220;Loving Vincent&#8221; &#8211; Dorota Kobiela &amp; Hugh Welchman, BreakThru Films<\/b><\/b>En el verano de 1891, llega a manos de Armand Roulin una carta de su padre cartero, la cual este deber\u00e1 entregar a Theo, hermano del reci\u00e9n fallecido artista Vincent Van Gogh. Tras enterarse Armand de que Theo tambi\u00e9n est\u00e1 muerto, este viaja a la villa donde Van Gogh pas\u00f3 sus \u00faltimas semanas en un esfuerzo por entender su vida y su muerte.\n<dl id=\"attachment_16383\" class=\"wp-caption alignnone\" style=\"width:996px;\">\n<dt class=\"wp-caption-dt\"><img loading=\"lazy\" class=\"alignnone size-full wp-image-16383\" src=\"https:\/\/dicaduninter.files.wordpress.com\/2018\/02\/loving-vincent.jpg\" alt=\"Loving Vincent\" width=\"996\" height=\"569\" \/><\/dt>\n<dd class=\"wp-caption-dd\">Loving Vincent &#8211; BreakThru Films<\/dd>\n<\/dl>\n<p>Este pr\u00f3ximo 04 de marzo disfrutaremos de la\u00a0noche de la entrega de\u00a0 los premios\u00a0Oscar\u00a0de la Academia de Artes y Ciencias Cinematogr\u00e1ficas. Y en especial, la entrega a la pel\u00edcula con mejor animaci\u00f3n, y para ti, \u00bfcu\u00e1l es la mejor?<\/li>\n<\/ol>\n<h5><\/h5>\n<h5>Fuente: <a href=\"https:\/\/elcomercio.pe\/luces\/cine\/oscar-2018-nominadas-animacion-conoce-noticia-495086\" target=\"_blank\" rel=\"noopener\">El Comercio<\/a><\/h5>\n<p><a href=\"https:\/\/www.uninter.edu.mx\/\" target=\"_blank\" rel=\"noopener\"><img loading=\"lazy\" class=\"  wp-image-16006 aligncenter\" src=\"https:\/\/dicaduninter.files.wordpress.com\/2018\/01\/4.png\" alt=\"4\" width=\"594\" height=\"90\" \/><\/a><\/p>\n","protected":false},"excerpt":{"rendered":"<p>&nbsp; &nbsp; &nbsp; Seguramente en el transcurso del a\u00f1o 2017 tuviste la oportunidad de ir al cine y disfrutar de alguna de estas pel\u00edculas y si te las perdiste aqu\u00ed te dejamos la lista de las pel\u00edculas con mejor animaci\u00f3n del a\u00f1o para ponerte al corriente. Esta vez le toc\u00f3 a las casas productoras como&hellip;<\/p>\n","protected":false},"author":1,"featured_media":16384,"comment_status":"closed","ping_status":"open","sticky":false,"template":"","format":"standard","meta":[],"categories":[3,9,11],"tags":[30,31,248,260,298,335,549,972,1218,1219,1278],"_links":{"self":[{"href":"https:\/\/blogs.uninter.edu.mx\/ESCAT2\/index.php?rest_route=\/wp\/v2\/posts\/16378"}],"collection":[{"href":"https:\/\/blogs.uninter.edu.mx\/ESCAT2\/index.php?rest_route=\/wp\/v2\/posts"}],"about":[{"href":"https:\/\/blogs.uninter.edu.mx\/ESCAT2\/index.php?rest_route=\/wp\/v2\/types\/post"}],"author":[{"embeddable":true,"href":"https:\/\/blogs.uninter.edu.mx\/ESCAT2\/index.php?rest_route=\/wp\/v2\/users\/1"}],"replies":[{"embeddable":true,"href":"https:\/\/blogs.uninter.edu.mx\/ESCAT2\/index.php?rest_route=%2Fwp%2Fv2%2Fcomments&post=16378"}],"version-history":[{"count":0,"href":"https:\/\/blogs.uninter.edu.mx\/ESCAT2\/index.php?rest_route=\/wp\/v2\/posts\/16378\/revisions"}],"wp:featuredmedia":[{"embeddable":true,"href":"https:\/\/blogs.uninter.edu.mx\/ESCAT2\/index.php?rest_route=\/wp\/v2\/media\/16384"}],"wp:attachment":[{"href":"https:\/\/blogs.uninter.edu.mx\/ESCAT2\/index.php?rest_route=%2Fwp%2Fv2%2Fmedia&parent=16378"}],"wp:term":[{"taxonomy":"category","embeddable":true,"href":"https:\/\/blogs.uninter.edu.mx\/ESCAT2\/index.php?rest_route=%2Fwp%2Fv2%2Fcategories&post=16378"},{"taxonomy":"post_tag","embeddable":true,"href":"https:\/\/blogs.uninter.edu.mx\/ESCAT2\/index.php?rest_route=%2Fwp%2Fv2%2Ftags&post=16378"}],"curies":[{"name":"wp","href":"https:\/\/api.w.org\/{rel}","templated":true}]}}