{"id":16404,"date":"2018-02-16T08:58:12","date_gmt":"2018-02-16T14:58:12","guid":{"rendered":"http:\/\/escatuninter.blog\/?p=16404"},"modified":"2018-02-16T08:58:12","modified_gmt":"2018-02-16T14:58:12","slug":"frida-escobedo-disenara-el-pabellon-de-serpentine-gallery-noticiasescat-uninter","status":"publish","type":"post","link":"https:\/\/blogs.uninter.edu.mx\/ESCAT2\/?p=16404","title":{"rendered":"Frida Escobedo dise\u00f1ar\u00e1 El Pabell\u00f3n de Serpentine Gallery #NoticiasESCAT #Uninter"},"content":{"rendered":"<p><a href=\"https:\/\/www.facebook.com\/EscatUninter\/\" target=\"_blank\" rel=\"noopener\"><img loading=\"lazy\" class=\"  wp-image-16186 alignright\" src=\"https:\/\/dicaduninter.files.wordpress.com\/2018\/01\/escat-11.png\" alt=\"ESCAT 1\" width=\"248\" height=\"98\" \/><\/a><br \/>\n&nbsp;<br \/>\n&nbsp;<\/p>\n<p style=\"text-align:justify;\">Frida Escobedo,\u00a0 fue elegida por Serpentine Gallery, quien es la arquitecta m\u00e1s joven en participar en este proyecto, \u00a0para dise\u00f1ar la edici\u00f3n 2018 del Serpentine Pavilion, Hyde Park, en Londres. La exhibici\u00f3n ser\u00e1 del 15 de Junio, 2018 a 7 de Octubre, 2018.<\/p>\n<p style=\"text-align:justify;\"><em>\u201cLa arquitecta mexicana ha dise\u00f1ado un patio cerrado creado por dos vol\u00famenes rectangulares colocados en \u00e1ngulo. A partir de la interacci\u00f3n de luz y agua, el dise\u00f1o pretende evocar la arquitectura dom\u00e9stica mexicana, utilizando materiales brit\u00e1nicos y haciendo referencias a su contexto londinense.\u201d<\/em><\/p>\n<div id=\"attachment_16405\" style=\"width: 366px\" class=\"wp-caption aligncenter\"><img aria-describedby=\"caption-attachment-16405\" loading=\"lazy\" class=\"alignnone  wp-image-16405\" src=\"https:\/\/dicaduninter.files.wordpress.com\/2018\/02\/frida-escobedo.jpg\" alt=\"Frida Escobedo\" width=\"360\" height=\"540\" \/><p id=\"caption-attachment-16405\" class=\"wp-caption-text\">Dise\u00f1adora Frida Escobedo<\/p><\/div>\n<p style=\"text-align:justify;\">La arquitecta mexicana es reconocida por ser reactivista de espacios p\u00fablicos; ha intervenido en varios espacios patrimoniales, como La Tallera en Cuernavaca y la Librer\u00eda del Fondo Octavio Paz. Sus obras son reconocidas por el estilo particular que utiliza el color, texturas, y materiales que buscan una re significaci\u00f3n arquitect\u00f3nica y el espacio.<\/p>\n<p><img loading=\"lazy\" class=\"  wp-image-16406 aligncenter\" src=\"https:\/\/dicaduninter.files.wordpress.com\/2018\/02\/patio2.jpg\" alt=\"patio2\" width=\"464\" height=\"696\" \/><br \/>\n<img loading=\"lazy\" class=\"  wp-image-16407 aligncenter\" src=\"https:\/\/dicaduninter.files.wordpress.com\/2018\/02\/patio3.jpg\" alt=\"patio3\" width=\"606\" height=\"437\" \/><\/p>\n<h5>Fuente: <a href=\"http:\/\/www.serpentinegalleries.org\/exhibitions-events\/serpentine-pavilion-2018-designed-frida-escobedo\">Serpentine Pavilion 2018<\/a><\/h5>\n<p style=\"text-align:right;\"><a href=\"http:\/\/www.universidad.uninter.edu.mx\/carreras\/ARQ\">\u00a0Arquitectura en Uninter<\/a><\/p>\n<p><a href=\"https:\/\/www.facebook.com\/EscatUninter\/\" target=\"_blank\" rel=\"noopener\"><img loading=\"lazy\" class=\"alignnone size-full wp-image-16288\" src=\"https:\/\/dicaduninter.files.wordpress.com\/2018\/01\/universidad-internacional.png\" alt=\"Logo de UNINTER\" width=\"700\" height=\"106\" \/><\/a><\/p>\n","protected":false},"excerpt":{"rendered":"<p>&nbsp; &nbsp; Frida Escobedo,\u00a0 fue elegida por Serpentine Gallery, quien es la arquitecta m\u00e1s joven en participar en este proyecto, \u00a0para dise\u00f1ar la edici\u00f3n 2018 del Serpentine Pavilion, Hyde Park, en Londres. La exhibici\u00f3n ser\u00e1 del 15 de Junio, 2018 a 7 de Octubre, 2018. \u201cLa arquitecta mexicana ha dise\u00f1ado un patio cerrado creado por&hellip;<\/p>\n","protected":false},"author":1,"featured_media":16409,"comment_status":"closed","ping_status":"open","sticky":false,"template":"","format":"standard","meta":[],"categories":[4,14,27],"tags":[35,59,60,1075,1210],"_links":{"self":[{"href":"https:\/\/blogs.uninter.edu.mx\/ESCAT2\/index.php?rest_route=\/wp\/v2\/posts\/16404"}],"collection":[{"href":"https:\/\/blogs.uninter.edu.mx\/ESCAT2\/index.php?rest_route=\/wp\/v2\/posts"}],"about":[{"href":"https:\/\/blogs.uninter.edu.mx\/ESCAT2\/index.php?rest_route=\/wp\/v2\/types\/post"}],"author":[{"embeddable":true,"href":"https:\/\/blogs.uninter.edu.mx\/ESCAT2\/index.php?rest_route=\/wp\/v2\/users\/1"}],"replies":[{"embeddable":true,"href":"https:\/\/blogs.uninter.edu.mx\/ESCAT2\/index.php?rest_route=%2Fwp%2Fv2%2Fcomments&post=16404"}],"version-history":[{"count":0,"href":"https:\/\/blogs.uninter.edu.mx\/ESCAT2\/index.php?rest_route=\/wp\/v2\/posts\/16404\/revisions"}],"wp:featuredmedia":[{"embeddable":true,"href":"https:\/\/blogs.uninter.edu.mx\/ESCAT2\/index.php?rest_route=\/wp\/v2\/media\/16409"}],"wp:attachment":[{"href":"https:\/\/blogs.uninter.edu.mx\/ESCAT2\/index.php?rest_route=%2Fwp%2Fv2%2Fmedia&parent=16404"}],"wp:term":[{"taxonomy":"category","embeddable":true,"href":"https:\/\/blogs.uninter.edu.mx\/ESCAT2\/index.php?rest_route=%2Fwp%2Fv2%2Fcategories&post=16404"},{"taxonomy":"post_tag","embeddable":true,"href":"https:\/\/blogs.uninter.edu.mx\/ESCAT2\/index.php?rest_route=%2Fwp%2Fv2%2Ftags&post=16404"}],"curies":[{"name":"wp","href":"https:\/\/api.w.org\/{rel}","templated":true}]}}