{"id":16408,"date":"2018-03-01T21:25:49","date_gmt":"2018-03-02T03:25:49","guid":{"rendered":"http:\/\/escatuninter.blog\/?p=16408"},"modified":"2018-03-01T21:25:49","modified_gmt":"2018-03-02T03:25:49","slug":"hablemos-de-disenadores-eugeni-quitllet-noticiasescat-uninter","status":"publish","type":"post","link":"https:\/\/blogs.uninter.edu.mx\/ESCAT2\/?p=16408","title":{"rendered":"Hablemos de Dise\u00f1adores: Eugeni Quitllet #NoticiasESCAT #Uninter"},"content":{"rendered":"<p><a href=\"https:\/\/www.facebook.com\/EscatUninter\/\" target=\"_blank\" rel=\"noopener\"><img loading=\"lazy\" class=\"  wp-image-16186 alignright\" src=\"https:\/\/dicaduninter.files.wordpress.com\/2018\/01\/escat-11.png\" alt=\"ESCAT 1\" width=\"230\" height=\"96\" \/><\/a><br \/>\n&nbsp;<br \/>\n&nbsp;<\/p>\n<p style=\"text-align:justify;\">Eugeni Quitllet (Ibiza, 1972) es un dise\u00f1ador catal\u00e1n. Estudi\u00f3 en la escuela de arte La Llotja, Barcelona.<\/p>\n<div id=\"attachment_16411\" style=\"width: 474px\" class=\"wp-caption aligncenter\"><img aria-describedby=\"caption-attachment-16411\" loading=\"lazy\" class=\"alignnone  wp-image-16411\" src=\"https:\/\/dicaduninter.files.wordpress.com\/2018\/02\/disec3b1ador-uno.jpg\" alt=\"Eugeni Quitllet\" width=\"468\" height=\"702\" \/><p id=\"caption-attachment-16411\" class=\"wp-caption-text\">Dise\u00f1ador Eugeni Quitllet<\/p><\/div>\n<p style=\"text-align:justify;\">El <em>\u201cdiso\u00f1ador\u201d <\/em>industrial, as\u00ed es como \u00e9l se autodefine, ha desarrollado gran parte de su trabajo y carrera en Par\u00eds, pues esta ha inspirado sus dise\u00f1os contempor\u00e1neos.<\/p>\n<div id=\"attachment_16413\" style=\"width: 1610px\" class=\"wp-caption aligncenter\"><img aria-describedby=\"caption-attachment-16413\" loading=\"lazy\" class=\"alignnone size-full wp-image-16413\" src=\"https:\/\/dicaduninter.files.wordpress.com\/2018\/02\/disec3b1o-uno.jpg\" alt=\"reloj O-ring\" width=\"1600\" height=\"1066\" \/><p id=\"caption-attachment-16413\" class=\"wp-caption-text\">reloj O-ring<\/p><\/div>\n<p style=\"text-align:justify;\">Ha sido parte de la firma Starck, con quienes se produjo su reloj O-ring, o los famosos sillones Magic Hole.<\/p>\n<p style=\"text-align:justify;\">Despu\u00e9s\u00a0 de varios a\u00f1os trabajando con este equipo, abri\u00f3 su estudio en Barcelona, d\u00f3nde por primera vez expone sus proyectos c\u00e9lebres que ocultan figuras, objetos ultrapl\u00e1sticos y objetos elegantes que, entre el dibujo y la escultura, se detallan en las siluetas del material que utiliza.<\/p>\n<div id=\"attachment_16414\" style=\"width: 666px\" class=\"wp-caption aligncenter\"><img aria-describedby=\"caption-attachment-16414\" loading=\"lazy\" class=\"alignnone size-full wp-image-16414\" src=\"https:\/\/dicaduninter.files.wordpress.com\/2018\/02\/disec3b1o-dos.jpg\" alt=\"vajillas\" width=\"660\" height=\"480\" \/><p id=\"caption-attachment-16414\" class=\"wp-caption-text\">vajillas<\/p><\/div>\n<p style=\"text-align:justify;\">Con sus famosas vajillas y cuberter\u00edas para Air France, le fue premiado con el Red Dot Award, uno de los galardones de dise\u00f1o m\u00e1s importantes del mundo.<\/p>\n<div id=\"attachment_16415\" style=\"width: 406px\" class=\"wp-caption aligncenter\"><img aria-describedby=\"caption-attachment-16415\" loading=\"lazy\" class=\"alignnone  wp-image-16415\" src=\"https:\/\/dicaduninter.files.wordpress.com\/2018\/02\/disec3b1o-tres.jpg\" alt=\"dise\u00f1o tres\" width=\"400\" height=\"453\" \/><p id=\"caption-attachment-16415\" class=\"wp-caption-text\">silla<\/p><\/div>\n<p style=\"text-align:justify;\">Ha ganado premios como en el 2015 Red Dot Design Award por sus \u201cA\u00ebdle headphones\u201d, y en el 2016 fue nombrado \u201cDise\u00f1ador del a\u00f1o\u201d, por Maison&amp;Object.<\/p>\n<div id=\"attachment_16416\" style=\"width: 1130px\" class=\"wp-caption aligncenter\"><img aria-describedby=\"caption-attachment-16416\" loading=\"lazy\" class=\"alignnone size-full wp-image-16416\" src=\"https:\/\/dicaduninter.files.wordpress.com\/2018\/02\/disec3b1o-cuatro.jpg\" alt=\"A\u00ebdle headphones\" width=\"1120\" height=\"747\" \/><p id=\"caption-attachment-16416\" class=\"wp-caption-text\">A\u00ebdle headphones<\/p><\/div>\n<h5>Fuente: <a href=\"http:\/\/eugeniquitllet.com\/\" target=\"_blank\" rel=\"noopener\">EUGENI QUITLLET\u00a0<\/a><\/h5>\n<p style=\"text-align:right;\"><a href=\"http:\/\/www.universidad.uninter.edu.mx\/\" target=\"_blank\" rel=\"noopener\">Universidad Internacional Uninter<\/a><\/p>\n<p style=\"text-align:right;\"><a href=\"http:\/\/www.universidad.uninter.edu.mx\/carreras\/LDI\" target=\"_blank\" rel=\"noopener\">Licenciatura en Dise\u00f1o Industrial\u00a0<\/a><\/p>\n<p><a href=\"https:\/\/www.uninter.edu.mx\/\" target=\"_blank\" rel=\"noopener\"><img loading=\"lazy\" class=\" size-full wp-image-16288 aligncenter\" src=\"https:\/\/dicaduninter.files.wordpress.com\/2018\/01\/universidad-internacional.png\" alt=\"Logo de UNINTER\" width=\"700\" height=\"106\" \/><\/a><\/p>\n","protected":false},"excerpt":{"rendered":"<p>&nbsp; &nbsp; Eugeni Quitllet (Ibiza, 1972) es un dise\u00f1ador catal\u00e1n. Estudi\u00f3 en la escuela de arte La Llotja, Barcelona. El \u201cdiso\u00f1ador\u201d industrial, as\u00ed es como \u00e9l se autodefine, ha desarrollado gran parte de su trabajo y carrera en Par\u00eds, pues esta ha inspirado sus dise\u00f1os contempor\u00e1neos. Ha sido parte de la firma Starck, con quienes&hellip;<\/p>\n","protected":false},"author":1,"featured_media":16417,"comment_status":"closed","ping_status":"open","sticky":false,"template":"","format":"standard","meta":[],"categories":[10,27],"tags":[35,59,60,179],"_links":{"self":[{"href":"https:\/\/blogs.uninter.edu.mx\/ESCAT2\/index.php?rest_route=\/wp\/v2\/posts\/16408"}],"collection":[{"href":"https:\/\/blogs.uninter.edu.mx\/ESCAT2\/index.php?rest_route=\/wp\/v2\/posts"}],"about":[{"href":"https:\/\/blogs.uninter.edu.mx\/ESCAT2\/index.php?rest_route=\/wp\/v2\/types\/post"}],"author":[{"embeddable":true,"href":"https:\/\/blogs.uninter.edu.mx\/ESCAT2\/index.php?rest_route=\/wp\/v2\/users\/1"}],"replies":[{"embeddable":true,"href":"https:\/\/blogs.uninter.edu.mx\/ESCAT2\/index.php?rest_route=%2Fwp%2Fv2%2Fcomments&post=16408"}],"version-history":[{"count":0,"href":"https:\/\/blogs.uninter.edu.mx\/ESCAT2\/index.php?rest_route=\/wp\/v2\/posts\/16408\/revisions"}],"wp:featuredmedia":[{"embeddable":true,"href":"https:\/\/blogs.uninter.edu.mx\/ESCAT2\/index.php?rest_route=\/wp\/v2\/media\/16417"}],"wp:attachment":[{"href":"https:\/\/blogs.uninter.edu.mx\/ESCAT2\/index.php?rest_route=%2Fwp%2Fv2%2Fmedia&parent=16408"}],"wp:term":[{"taxonomy":"category","embeddable":true,"href":"https:\/\/blogs.uninter.edu.mx\/ESCAT2\/index.php?rest_route=%2Fwp%2Fv2%2Fcategories&post=16408"},{"taxonomy":"post_tag","embeddable":true,"href":"https:\/\/blogs.uninter.edu.mx\/ESCAT2\/index.php?rest_route=%2Fwp%2Fv2%2Ftags&post=16408"}],"curies":[{"name":"wp","href":"https:\/\/api.w.org\/{rel}","templated":true}]}}