{"id":16429,"date":"2018-02-16T11:43:17","date_gmt":"2018-02-16T17:43:17","guid":{"rendered":"http:\/\/escatuninter.blog\/?p=16429"},"modified":"2018-02-16T11:43:17","modified_gmt":"2018-02-16T17:43:17","slug":"energia-absorbida-por-el-aire-humedo-en-casa-habitacion-uninter-arqeingcivil-energia-escat","status":"publish","type":"post","link":"https:\/\/blogs.uninter.edu.mx\/ESCAT2\/?p=16429","title":{"rendered":"&#8220;Energ\u00eda Absorbida por el Aire H\u00famedo en Casa Habitaci\u00f3n&#8221; #Uninter #ArqeIngCivil #Energ\u00eda #Escat"},"content":{"rendered":"<h4 style=\"text-align:justify;\"><img loading=\"lazy\" class=\"  wp-image-16186 alignright\" src=\"https:\/\/dicaduninter.files.wordpress.com\/2018\/01\/escat-11.png\" alt=\"ESCAT 1\" width=\"210\" height=\"83\" \/><\/h4>\n<h4><\/h4>\n<p>&nbsp;<\/p>\n<p style=\"text-align:justify;\">El d\u00eda 9 de febrero del a\u00f1o en curso el Dr. Roberto Alvarado Ju\u00e1rez imparti\u00f3\u00a0 una ponencia sobre como aprovechar la energ\u00eda t\u00e9rmica que se genera dentro de una casa habitaci\u00f3n, explicando como esto se relaciona con\u00a0 la <a href=\"http:\/\/www.universidad.uninter.edu.mx\/carreras\/ARQ\" target=\"_blank\" rel=\"noopener\">Licenciatura en Arquitectura<\/a> e <a href=\"http:\/\/www.universidad.uninter.edu.mx\/carreras\/ICI\" target=\"_blank\" rel=\"noopener\">Ingenier\u00eda Civil<\/a> y <a href=\"http:\/\/www.universidad.uninter.edu.mx\/carreras\/IME\" target=\"_blank\" rel=\"noopener\">otras ingenier\u00edas<\/a>.<\/p>\n<p><div id=\"attachment_16542\" style=\"width: 1026px\" class=\"wp-caption alignnone\"><img aria-describedby=\"caption-attachment-16542\" loading=\"lazy\" class=\"alignnone size-full wp-image-16542\" src=\"https:\/\/dicaduninter.files.wordpress.com\/2018\/02\/28407275_1711851675527272_1219551678_o-e1519229577286.jpg\" alt=\"Conferencia del Dr. Roberto Alvarado\" width=\"1016\" height=\"279\" \/><p id=\"caption-attachment-16542\" class=\"wp-caption-text\">Conferencia del Dr. Roberto Alvarado<\/p><\/div><br \/>\n<div id=\"attachment_16543\" style=\"width: 1034px\" class=\"wp-caption alignnone\"><img aria-describedby=\"caption-attachment-16543\" loading=\"lazy\" class=\"alignnone size-full wp-image-16543\" src=\"https:\/\/dicaduninter.files.wordpress.com\/2018\/02\/28340290_1711852362193870_1010469032_o.jpg\" alt=\"Estudiantes en conferencia\" width=\"1024\" height=\"681\" \/><p id=\"caption-attachment-16543\" class=\"wp-caption-text\">Estudiantes en conferencia<\/p><\/div><\/p>\n<p style=\"text-align:justify;\">En un edificio, la energ\u00eda se consume de varias formas, fundamentalmente en calefacci\u00f3n, refrigeraci\u00f3n e iluminaci\u00f3n, de los consumos mencionados, el primer punto lo ocupa la climatizaci\u00f3n.<\/p>\n<p>&nbsp;<\/p>\n<p style=\"text-align:right;\"><a href=\"http:\/\/www.uninter.edu.mx\">Universidad Internacional<\/a><\/p>\n<p>&nbsp;<br \/>\n<a href=\"https:\/\/www.facebook.com\/uninteredu\/\"><img loading=\"lazy\" class=\"  wp-image-16288 aligncenter\" src=\"https:\/\/dicaduninter.files.wordpress.com\/2018\/01\/universidad-internacional.png\" alt=\"Logo de UNINTER\" width=\"574\" height=\"87\" \/><\/a><\/p>\n","protected":false},"excerpt":{"rendered":"<p>&nbsp; El d\u00eda 9 de febrero del a\u00f1o en curso el Dr. Roberto Alvarado Ju\u00e1rez imparti\u00f3\u00a0 una ponencia sobre como aprovechar la energ\u00eda t\u00e9rmica que se genera dentro de una casa habitaci\u00f3n, explicando como esto se relaciona con\u00a0 la Licenciatura en Arquitectura e Ingenier\u00eda Civil y otras ingenier\u00edas. En un edificio, la energ\u00eda se consume&hellip;<\/p>\n","protected":false},"author":1,"featured_media":16448,"comment_status":"closed","ping_status":"open","sticky":false,"template":"","format":"standard","meta":[],"categories":[4,15,16,21,27],"tags":[],"_links":{"self":[{"href":"https:\/\/blogs.uninter.edu.mx\/ESCAT2\/index.php?rest_route=\/wp\/v2\/posts\/16429"}],"collection":[{"href":"https:\/\/blogs.uninter.edu.mx\/ESCAT2\/index.php?rest_route=\/wp\/v2\/posts"}],"about":[{"href":"https:\/\/blogs.uninter.edu.mx\/ESCAT2\/index.php?rest_route=\/wp\/v2\/types\/post"}],"author":[{"embeddable":true,"href":"https:\/\/blogs.uninter.edu.mx\/ESCAT2\/index.php?rest_route=\/wp\/v2\/users\/1"}],"replies":[{"embeddable":true,"href":"https:\/\/blogs.uninter.edu.mx\/ESCAT2\/index.php?rest_route=%2Fwp%2Fv2%2Fcomments&post=16429"}],"version-history":[{"count":0,"href":"https:\/\/blogs.uninter.edu.mx\/ESCAT2\/index.php?rest_route=\/wp\/v2\/posts\/16429\/revisions"}],"wp:featuredmedia":[{"embeddable":true,"href":"https:\/\/blogs.uninter.edu.mx\/ESCAT2\/index.php?rest_route=\/wp\/v2\/media\/16448"}],"wp:attachment":[{"href":"https:\/\/blogs.uninter.edu.mx\/ESCAT2\/index.php?rest_route=%2Fwp%2Fv2%2Fmedia&parent=16429"}],"wp:term":[{"taxonomy":"category","embeddable":true,"href":"https:\/\/blogs.uninter.edu.mx\/ESCAT2\/index.php?rest_route=%2Fwp%2Fv2%2Fcategories&post=16429"},{"taxonomy":"post_tag","embeddable":true,"href":"https:\/\/blogs.uninter.edu.mx\/ESCAT2\/index.php?rest_route=%2Fwp%2Fv2%2Ftags&post=16429"}],"curies":[{"name":"wp","href":"https:\/\/api.w.org\/{rel}","templated":true}]}}