{"id":16470,"date":"2018-03-11T23:07:09","date_gmt":"2018-03-12T05:07:09","guid":{"rendered":"http:\/\/escatuninter.blog\/?p=16470"},"modified":"2018-03-11T23:07:09","modified_gmt":"2018-03-12T05:07:09","slug":"inauguracion-del-centro-de-investigacion-clinica-y-analitica-cecyc-pharma-noticiasescat-iamuninter","status":"publish","type":"post","link":"https:\/\/blogs.uninter.edu.mx\/ESCAT2\/?p=16470","title":{"rendered":"Inauguraci\u00f3n del Centro de Investigaci\u00f3n Cl\u00ednica y Anal\u00edtica (CECyC Pharma) #NoticiasESCAT #IAMUninter"},"content":{"rendered":"<p style=\"text-align:justify;\"><a href=\"https:\/\/www.facebook.com\/EscatUninter\/\" target=\"_blank\" rel=\"noopener\"><img loading=\"lazy\" class=\"  wp-image-16186 alignright\" src=\"https:\/\/dicaduninter.files.wordpress.com\/2018\/01\/escat-11.png\" alt=\"ESCAT 1\" width=\"230\" height=\"96\" \/><\/a><\/p>\n<p>&nbsp;<br \/>\n&nbsp;<br \/>\n&nbsp;<\/p>\n<p style=\"text-align:justify;\">El pasado jueves 16 de febrero en Cuernavaca, Morelos se inaugur\u00f3 el Centro de Investigaci\u00f3n Cl\u00ednica y Anal\u00edtica (CECyC Pharma), primero en su tipo en la entidad,\u00a0 con el cual se ampl\u00edan las propuestas tecnol\u00f3gicas en el estado y se suma a la del Parque Cient\u00edfico y Tecnol\u00f3gico, INNOVACyT en Xochitepec.<\/p>\n<p style=\"text-align:justify;\">Durante la inauguraci\u00f3n H\u00e9ctor \u00c1vila, Fundador y director de Cecyc Pharma puntualiz\u00f3 que sin el apoyo a las industrias de base tecnol\u00f3gica no hubiese sido posible la instalaci\u00f3n del laboratorio, el cual adem\u00e1s es el primer centro mexicano auditado y aprobado por el Instituto de Salud P\u00fablica de Chile (ISP).<\/p>\n<p style=\"text-align:justify;\">Dentro de los servicios que contar\u00e1 son:<\/p>\n<ul style=\"text-align:justify;\">\n<li>Investigaci\u00f3n cl\u00ednica Fase I-IV<\/li>\n<li>Estudios de Bioequivalencia, biodisponiblidad y Perfiles de disoluci\u00f3n<\/li>\n<li>Desarrollo y validaci\u00f3n de m\u00e9todos anal\u00edticos<\/li>\n<li>Asesor\u00eda regulatoria<\/li>\n<li>Estudios de Farmacoeconom\u00eda<\/li>\n<li>Sistema de Farmacovigilancia<\/li>\n<li>Desarrollo gal\u00e9nico<\/li>\n<li>Proveedor de materia prima<\/li>\n<\/ul>\n<p style=\"text-align:justify;\">Los apoyos en los temas de innovaci\u00f3n, ciencia y tecnolog\u00eda, han posicionado al estado de Morelos en el cuarto lugar a nivel nacional en Registro de patentes y el segundo en Innovaci\u00f3n y Sofisticaci\u00f3n en los sectores econ\u00f3micos de acuerdo al Instituto Mexicano para la Competitividad.<\/p>\n<p style=\"text-align:justify;\">Se inform\u00f3 tambi\u00e9n que pr\u00f3ximamente se instalar\u00e1 \u201cBioInfotec\u201d, el primer centro de inteligencia gen\u00f3mica del pa\u00eds, y \u00a0el Centro de Investigaciones en Ciencias Aplicadas y Tecnolog\u00eda Avanzada del Instituto Polit\u00e9cnico Nacional (IPN).<\/p>\n<p style=\"text-align:justify;\">En la inauguraci\u00f3n estuvieron presentes el Gobernador, la \u00a0comisionada de Control Anal\u00edtico y Ampliaci\u00f3n de cobertura de la COFEPRIS y los secretarios de Desarrollo Sustentable, y de Salud.<\/p>\n<p style=\"text-align:justify;\"><a href=\"http:\/\/www.universidad.uninter.edu.mx\/\" target=\"_blank\" rel=\"noopener\">Universidad Internacional<\/a> celebra y apoya el desarrollo cient\u00edfico y tecnol\u00f3gico;\u00a0 ofreciendo <a href=\"http:\/\/www.universidad.uninter.edu.mx\/Ingenier%C3%ADas\">ingenier\u00edas<\/a> y licenciaturas con una educaci\u00f3n de calidad.<\/p>\n<p style=\"text-align:justify;\">\u00a1Bienvenidas empresas!.<\/p>\n\n<h5 style=\"text-align:left;\">Fuente: <a href=\"http:\/\/radioformulamorelos.com\/ratifican-inversiones-cientificas-y-tecnologicas-confianza-en-morelos\/\" target=\"_blank\" rel=\"noopener\">Radio Formula Morelos<\/a><\/h5>\n<p style=\"text-align:right;\"><a href=\"http:\/\/www.universidad.uninter.edu.mx\/\" target=\"_blank\" rel=\"noopener\">Universidad Internacional Uninter<\/a><\/p>\n<p style=\"text-align:right;\"><a href=\"http:\/\/www.universidad.uninter.edu.mx\/carreras\/IAM\" target=\"_blank\" rel=\"noopener\">Ingenier\u00eda Ambiental<\/a><\/p>\n<p><a href=\"https:\/\/www.uninter.edu.mx\/\" target=\"_blank\" rel=\"noopener\"><img loading=\"lazy\" class=\" size-full wp-image-16288 aligncenter\" src=\"https:\/\/dicaduninter.files.wordpress.com\/2018\/01\/universidad-internacional.png\" alt=\"Logo de UNINTER\" width=\"700\" height=\"106\" \/><\/a><\/p>\n","protected":false},"excerpt":{"rendered":"<p>&nbsp; &nbsp; &nbsp; El pasado jueves 16 de febrero en Cuernavaca, Morelos se inaugur\u00f3 el Centro de Investigaci\u00f3n Cl\u00ednica y Anal\u00edtica (CECyC Pharma), primero en su tipo en la entidad,\u00a0 con el cual se ampl\u00edan las propuestas tecnol\u00f3gicas en el estado y se suma a la del Parque Cient\u00edfico y Tecnol\u00f3gico, INNOVACyT en Xochitepec. Durante&hellip;<\/p>\n","protected":false},"author":1,"featured_media":16471,"comment_status":"closed","ping_status":"open","sticky":false,"template":"","format":"standard","meta":[],"categories":[14,23,27],"tags":[35,59,60,916,1535],"_links":{"self":[{"href":"https:\/\/blogs.uninter.edu.mx\/ESCAT2\/index.php?rest_route=\/wp\/v2\/posts\/16470"}],"collection":[{"href":"https:\/\/blogs.uninter.edu.mx\/ESCAT2\/index.php?rest_route=\/wp\/v2\/posts"}],"about":[{"href":"https:\/\/blogs.uninter.edu.mx\/ESCAT2\/index.php?rest_route=\/wp\/v2\/types\/post"}],"author":[{"embeddable":true,"href":"https:\/\/blogs.uninter.edu.mx\/ESCAT2\/index.php?rest_route=\/wp\/v2\/users\/1"}],"replies":[{"embeddable":true,"href":"https:\/\/blogs.uninter.edu.mx\/ESCAT2\/index.php?rest_route=%2Fwp%2Fv2%2Fcomments&post=16470"}],"version-history":[{"count":0,"href":"https:\/\/blogs.uninter.edu.mx\/ESCAT2\/index.php?rest_route=\/wp\/v2\/posts\/16470\/revisions"}],"wp:featuredmedia":[{"embeddable":true,"href":"https:\/\/blogs.uninter.edu.mx\/ESCAT2\/index.php?rest_route=\/wp\/v2\/media\/16471"}],"wp:attachment":[{"href":"https:\/\/blogs.uninter.edu.mx\/ESCAT2\/index.php?rest_route=%2Fwp%2Fv2%2Fmedia&parent=16470"}],"wp:term":[{"taxonomy":"category","embeddable":true,"href":"https:\/\/blogs.uninter.edu.mx\/ESCAT2\/index.php?rest_route=%2Fwp%2Fv2%2Fcategories&post=16470"},{"taxonomy":"post_tag","embeddable":true,"href":"https:\/\/blogs.uninter.edu.mx\/ESCAT2\/index.php?rest_route=%2Fwp%2Fv2%2Ftags&post=16470"}],"curies":[{"name":"wp","href":"https:\/\/api.w.org\/{rel}","templated":true}]}}