{"id":16508,"date":"2018-03-18T08:55:21","date_gmt":"2018-03-18T14:55:21","guid":{"rendered":"http:\/\/escatuninter.blog\/?p=16508"},"modified":"2018-03-18T08:55:21","modified_gmt":"2018-03-18T14:55:21","slug":"mexico-city-2018-lit-luz-cuarta-edicion-noticiasescat-uninter","status":"publish","type":"post","link":"https:\/\/blogs.uninter.edu.mx\/ESCAT2\/?p=16508","title":{"rendered":"M\u00e9xico City 2018 Lit &#038; Luz: cuarta edici\u00f3n #NoticiasESCAT #Uninter"},"content":{"rendered":"<p><img loading=\"lazy\" class=\"wp-image-16186 alignright\" src=\"https:\/\/dicaduninter.files.wordpress.com\/2018\/01\/escat-11.png\" alt=\"ESCAT 1\" width=\"230\" height=\"91\"><\/p>\n<p style=\"text-align:left;\">Lit&amp;Luz son tres d\u00edas de actividades gratuitas que incluyen lecturas, conferencias, performances en espa\u00f1ol e ingl\u00e9s. Es un intercambio cultural entre M\u00e9xico y Chicago a trav\u00e9s de escritores y artistas visuales.<\/p>\n<p>El tema de este a\u00f1o es \u201cPertenencia\u201d, lo que significa que las presentaciones, los debates y lo expuesto ser\u00e1 sobre las razones que nos hacen sentir parte de una comunidad.<\/p>\n<p style=\"text-align:left;\">El Festival contar\u00e1 con la participaci\u00f3n de escritores y artistas mexicanos, como Eduardo Rabasa, director editorial de Sexto Piso y autor de La suma de los ceros; Carla Faesler, poeta y autora de la novela Formol; la artista visual Amalia Pica, entre otros.<\/p>\n<div id=\"attachment_16521\" style=\"width: 722px\" class=\"wp-caption aligncenter\"><img aria-describedby=\"caption-attachment-16521\" loading=\"lazy\" class=\"alignnone wp-image-16521\" src=\"https:\/\/dicaduninter.files.wordpress.com\/2018\/02\/participantes-del-fest.png\" alt=\"Ponentes del festival\" width=\"712\" height=\"506\"><p id=\"caption-attachment-16521\" class=\"wp-caption-text\">Lista de ponentes participantes del festival.<\/p><\/div>\n<p style=\"text-align:left;\">El festival tendr\u00e1 lugar en diferentes lugares de la ciudad, como ESPAC, Aeromoto, Casa del Teatro y el Museo Tamayo, entre otros; del jueves 22 al s\u00e1bado 24 de febrero, 2018. El programa de cada d\u00eda se encuentra en la p\u00e1gina del evento, lo puedes revisar <a href=\"https:\/\/www.litluz.org\/schedule-mexico-2018\/\" target=\"_blank\" rel=\"noopener\">aqu\u00ed .<\/a><\/p>\n<h5>Fuente: <a href=\"https:\/\/www.litluz.org\/\" target=\"_blank\" rel=\"noopener\">LIt&amp;Luz<\/a><\/h5>\n<p style=\"text-align:right;\"><a href=\"http:\/\/www.universidad.uninter.edu.mx\/\" target=\"_blank\" rel=\"noopener\">Universidad Internacional Uninter<\/a><\/p>\n<p style=\"text-align:right;\"><a href=\"http:\/\/www.universidad.uninter.edu.mx\/carreras\/LADD\" target=\"_blank\" rel=\"noopener\">Licenciatura en Animaci\u00f3n y Dise\u00f1o Digital<\/a><\/p>\n<p><a href=\"https:\/\/www.uninter.edu.mx\/\" target=\"_blank\" rel=\"noopener\"><img loading=\"lazy\" class=\"size-full wp-image-16288 aligncenter\" src=\"https:\/\/dicaduninter.files.wordpress.com\/2018\/01\/universidad-internacional.png\" alt=\"Logo de UNINTER\" width=\"700\" height=\"106\"><\/a><\/p>\n","protected":false},"excerpt":{"rendered":"<p>Lit&amp;Luz son tres d\u00edas de actividades gratuitas que incluyen lecturas, conferencias, performances en espa\u00f1ol e ingl\u00e9s. Es un intercambio cultural entre M\u00e9xico y Chicago a trav\u00e9s de escritores y artistas visuales. El tema de este a\u00f1o es \u201cPertenencia\u201d, lo que significa que las presentaciones, los debates y lo expuesto ser\u00e1 sobre las razones que nos&hellip;<\/p>\n","protected":false},"author":1,"featured_media":16524,"comment_status":"closed","ping_status":"open","sticky":false,"template":"","format":"standard","meta":[],"categories":[3,9,11],"tags":[31,35,60,181,301,702,1006],"_links":{"self":[{"href":"https:\/\/blogs.uninter.edu.mx\/ESCAT2\/index.php?rest_route=\/wp\/v2\/posts\/16508"}],"collection":[{"href":"https:\/\/blogs.uninter.edu.mx\/ESCAT2\/index.php?rest_route=\/wp\/v2\/posts"}],"about":[{"href":"https:\/\/blogs.uninter.edu.mx\/ESCAT2\/index.php?rest_route=\/wp\/v2\/types\/post"}],"author":[{"embeddable":true,"href":"https:\/\/blogs.uninter.edu.mx\/ESCAT2\/index.php?rest_route=\/wp\/v2\/users\/1"}],"replies":[{"embeddable":true,"href":"https:\/\/blogs.uninter.edu.mx\/ESCAT2\/index.php?rest_route=%2Fwp%2Fv2%2Fcomments&post=16508"}],"version-history":[{"count":0,"href":"https:\/\/blogs.uninter.edu.mx\/ESCAT2\/index.php?rest_route=\/wp\/v2\/posts\/16508\/revisions"}],"wp:featuredmedia":[{"embeddable":true,"href":"https:\/\/blogs.uninter.edu.mx\/ESCAT2\/index.php?rest_route=\/wp\/v2\/media\/16524"}],"wp:attachment":[{"href":"https:\/\/blogs.uninter.edu.mx\/ESCAT2\/index.php?rest_route=%2Fwp%2Fv2%2Fmedia&parent=16508"}],"wp:term":[{"taxonomy":"category","embeddable":true,"href":"https:\/\/blogs.uninter.edu.mx\/ESCAT2\/index.php?rest_route=%2Fwp%2Fv2%2Fcategories&post=16508"},{"taxonomy":"post_tag","embeddable":true,"href":"https:\/\/blogs.uninter.edu.mx\/ESCAT2\/index.php?rest_route=%2Fwp%2Fv2%2Ftags&post=16508"}],"curies":[{"name":"wp","href":"https:\/\/api.w.org\/{rel}","templated":true}]}}