{"id":16516,"date":"2018-02-23T16:50:34","date_gmt":"2018-02-23T22:50:34","guid":{"rendered":"http:\/\/escatuninter.blog\/?p=16516"},"modified":"2018-02-23T16:50:34","modified_gmt":"2018-02-23T22:50:34","slug":"super-ventiladores-propuesta-para-acabar-con-la-contaminacion-en-la-cdmx-noticiasescat-iamuninter","status":"publish","type":"post","link":"https:\/\/blogs.uninter.edu.mx\/ESCAT2\/?p=16516","title":{"rendered":"\u00a1S\u00faper Ventiladores! Propuesta para Acabar con la Contaminaci\u00f3n en la CDMX #NoticiasESCAT #IAMUninter"},"content":{"rendered":"<h4><a href=\"https:\/\/www.facebook.com\/EscatUninter\/\" target=\"_blank\" rel=\"noopener\"><img loading=\"lazy\" class=\" wp-image-16186 alignright\" src=\"https:\/\/dicaduninter.files.wordpress.com\/2018\/01\/escat-11.png\" alt=\"ESCAT 1\" width=\"230\" height=\"96\" \/><\/a><\/h4>\n<h4><\/h4>\n<h4><\/h4>\n<h4><\/h4>\n<h4 style=\"text-align:justify;\">Un especialista ambiental sugiri\u00f3 colocar ventiladores de 10 metros de alto en distintos puntos para evitar las contingencias ambientales en la capital del pa\u00eds.<\/h4>\n<p class=\"paragraph\" style=\"text-align:justify;\">Con el fin de mitigar los periodos de contingencia ambiental que vive a\u00f1o con a\u00f1o la Ciudad de M\u00e9xico, sobre todo durante la \u00e9poca m\u00e1s calurosa, el especialista ambiental V\u00edctor Hugo Guti\u00e9rrez Y\u00e1\u00f1ez propuso la creaci\u00f3n de superventiladores de alta potencia con servomecanismos.<\/p>\n<p class=\"paragraph\" style=\"text-align:justify;\">Explic\u00f3 que con los superventiladores se permitir\u00eda el cese de la trayectoria del leve viento que se genera durante las \u00e9pocas de contingencia en el Valle de M\u00e9xico y con el aire que produzcan,\u00a0dispersar los contaminantes<strong>\u00a0<\/strong>que se concentran en la capital del pa\u00eds.<\/p>\n<p class=\"paragraph\" style=\"text-align:justify;\">El tambi\u00e9n comisionado para Am\u00e9rica Latina y el Caribe de la Comisi\u00f3n Iberoamericana de Derechos Humanos precis\u00f3 que el proyecto de turbinas para la limpieza del aire de la capital alcanzar\u00eda un\u00a0<strong>c<\/strong>osto aproximado de 800 millones de pesos, &#8220;esto incluye la instalaci\u00f3n de 40 a 50 nodos, dependiendo del estudio previo, y cada nodo cuenta con cuatro turbinas con aspas de 30 metros de di\u00e1metro cada una&#8221;.<\/p>\n<p class=\"paragraph\" style=\"text-align:justify;\">Expuso que\u00a0dichas turbinas ser\u00e1n movibles<strong>\u00a0<\/strong>con la intenci\u00f3n de que puedan generar aire en tres fases y de manera automatizada se logre mejorar sustancialmente la calidad del aire en la capital del pa\u00eds.<\/p>\n<p class=\"paragraph\" style=\"text-align:justify;\">Agreg\u00f3 que los superventiladores tendr\u00edan una altura de 10 metros y ser\u00edan colocados cada 50 metros cuadrados por zona. Precis\u00f3 que el aire que se genere correr\u00eda de abajo hacia arriba, lo que ayudar\u00eda a diseminar la contaminaci\u00f3n.<\/p>\n<div id=\"attachment_16518\" style=\"width: 770px\" class=\"wp-caption aligncenter\"><img aria-describedby=\"caption-attachment-16518\" loading=\"lazy\" class=\" size-full wp-image-16518 aligncenter\" src=\"https:\/\/dicaduninter.files.wordpress.com\/2018\/02\/contigencia-ambiental-cdmx.jpg\" alt=\"Contigencia ambiental CDMX\" width=\"760\" height=\"506\" \/><p id=\"caption-attachment-16518\" class=\"wp-caption-text\">Contigencia ambiental en la Ciudad de M\u00e9xico<\/p><\/div>\n<p class=\"paragraph\" style=\"text-align:justify;\">Tambi\u00e9n resalt\u00f3 que su propuesta se est\u00e1 trabajando con un grupo de expertos de la Universidad Nacional Aut\u00f3noma de M\u00e9xico (UNAM), quienes cuentan con la capacidad y experiencia para que la propuesta resulte exitosa.<\/p>\n<p class=\"paragraph\" style=\"text-align:justify;\">Sobre si su proyecto tiene que ver con lo que propusiera el ingeniero Heberto Castillo, Hugo Guti\u00e9rrez enfatiz\u00f3 que son dos proyectos totalmente distintos. Explic\u00f3 que lo que quer\u00eda Heberto Castillo era instalar ventiladores gigantes en las cimas de los cerros que rodean a la ciudad y con ello reducir la contaminaci\u00f3n del aire en la capital.<\/p>\n<p class=\"paragraph\" style=\"text-align:justify;\">&#8220;Esto que se est\u00e1 proponiendo es totalmente innovador y, hasta hoy, no existe en ninguna otra parte del mundo&#8221;.<\/p>\n<h5>Fuente: <a href=\"http:\/\/elfinanciero.com.mx\/\" target=\"_blank\" rel=\"noopener\">El Financiero<\/a><\/h5>\n<p style=\"text-align:right;\"><a href=\"http:\/\/www.universidad.uninter.edu.mx\" target=\"_blank\" rel=\"noopener\">Universidad Internacional Uninter<\/a><\/p>\n<p style=\"text-align:right;\"><a href=\"http:\/\/www.universidad.uninter.edu.mx\/carreras\/IAM\" target=\"_blank\" rel=\"noopener\">Ingenier\u00eda Ambiental<\/a><\/p>\n<p><a href=\"https:\/\/www.uninter.edu.mx\/\" target=\"_blank\" rel=\"noopener\"><img loading=\"lazy\" class=\" size-full wp-image-16288 aligncenter\" src=\"https:\/\/dicaduninter.files.wordpress.com\/2018\/01\/universidad-internacional.png\" alt=\"Logo de UNINTER\" width=\"700\" height=\"106\" \/><\/a><\/p>\n","protected":false},"excerpt":{"rendered":"<p>Un especialista ambiental sugiri\u00f3 colocar ventiladores de 10 metros de alto en distintos puntos para evitar las contingencias ambientales en la capital del pa\u00eds. Con el fin de mitigar los periodos de contingencia ambiental que vive a\u00f1o con a\u00f1o la Ciudad de M\u00e9xico, sobre todo durante la \u00e9poca m\u00e1s calurosa, el especialista ambiental V\u00edctor Hugo&hellip;<\/p>\n","protected":false},"author":1,"featured_media":16517,"comment_status":"closed","ping_status":"open","sticky":false,"template":"","format":"standard","meta":[],"categories":[15,23,27],"tags":[35,59,60,301,403,881,1342],"_links":{"self":[{"href":"https:\/\/blogs.uninter.edu.mx\/ESCAT2\/index.php?rest_route=\/wp\/v2\/posts\/16516"}],"collection":[{"href":"https:\/\/blogs.uninter.edu.mx\/ESCAT2\/index.php?rest_route=\/wp\/v2\/posts"}],"about":[{"href":"https:\/\/blogs.uninter.edu.mx\/ESCAT2\/index.php?rest_route=\/wp\/v2\/types\/post"}],"author":[{"embeddable":true,"href":"https:\/\/blogs.uninter.edu.mx\/ESCAT2\/index.php?rest_route=\/wp\/v2\/users\/1"}],"replies":[{"embeddable":true,"href":"https:\/\/blogs.uninter.edu.mx\/ESCAT2\/index.php?rest_route=%2Fwp%2Fv2%2Fcomments&post=16516"}],"version-history":[{"count":0,"href":"https:\/\/blogs.uninter.edu.mx\/ESCAT2\/index.php?rest_route=\/wp\/v2\/posts\/16516\/revisions"}],"wp:featuredmedia":[{"embeddable":true,"href":"https:\/\/blogs.uninter.edu.mx\/ESCAT2\/index.php?rest_route=\/wp\/v2\/media\/16517"}],"wp:attachment":[{"href":"https:\/\/blogs.uninter.edu.mx\/ESCAT2\/index.php?rest_route=%2Fwp%2Fv2%2Fmedia&parent=16516"}],"wp:term":[{"taxonomy":"category","embeddable":true,"href":"https:\/\/blogs.uninter.edu.mx\/ESCAT2\/index.php?rest_route=%2Fwp%2Fv2%2Fcategories&post=16516"},{"taxonomy":"post_tag","embeddable":true,"href":"https:\/\/blogs.uninter.edu.mx\/ESCAT2\/index.php?rest_route=%2Fwp%2Fv2%2Ftags&post=16516"}],"curies":[{"name":"wp","href":"https:\/\/api.w.org\/{rel}","templated":true}]}}