{"id":16526,"date":"2018-03-06T16:26:47","date_gmt":"2018-03-06T22:26:47","guid":{"rendered":"http:\/\/escatuninter.blog\/?p=16526"},"modified":"2018-03-06T16:26:47","modified_gmt":"2018-03-06T22:26:47","slug":"mextropoli-2018-vive-la-ciudad-extraordinaria-noticiasescat-arquninter","status":"publish","type":"post","link":"https:\/\/blogs.uninter.edu.mx\/ESCAT2\/?p=16526","title":{"rendered":"Mextr\u00f3poli 2018: Vive La Ciudad Extraordinaria. #NoticiasESCAT #ARQUninter"},"content":{"rendered":"<p><a href=\"\/\/www.facebook.com\/EscatUninter\/\" target=\"_blank\" rel=\"noopener\"><img loading=\"lazy\" class=\"  wp-image-16186 alignright\" src=\"https:\/\/dicaduninter.files.wordpress.com\/2018\/01\/escat-11.png\" alt=\"ESCAT 1\" width=\"230\" height=\"96\" \/><\/a><br \/>\n&nbsp;<br \/>\n&nbsp;<br \/>\n&nbsp;<\/p>\n<p style=\"text-align:justify;\">Desde el 2014, el Festival MEXTR\u00d3POLI ha elegido a la Ciudad de M\u00e9xico como el lugar perfecto para pensar, crear, dise\u00f1ar y disfrutar de la ciudad con actividades relacionadas con la arquitectura y lo urbano. Es el \u00fanico foro en Latinoam\u00e9rica que re\u00fane a miles de personas empe\u00f1adas en dise\u00f1ar la ciudad y una nueva visi\u00f3n de la misma a trav\u00e9s de la arquitectura.<\/p>\n<div id=\"attachment_16527\" style=\"width: 1932px\" class=\"wp-caption aligncenter\"><img aria-describedby=\"caption-attachment-16527\" loading=\"lazy\" class=\"alignnone size-full wp-image-16527\" src=\"https:\/\/dicaduninter.files.wordpress.com\/2018\/02\/mextropoli2018.jpg\" alt=\"Mextropoli2018\" width=\"1922\" height=\"828\" \/><p id=\"caption-attachment-16527\" class=\"wp-caption-text\">Cart\u00e9l del Festival MEXTR\u00d3POLI<\/p><\/div>\n<p style=\"text-align:justify;\">Este a\u00f1o, <u>del 17 al 20 de marzo<\/u>, no s\u00f3lo nos invita a explorar la ciudad con diferentes actividades, sino que invita a imaginar c\u00f3mo reconstruir M\u00e9xico a pocos meses de los desastres naturales que afectaron a nuestro pa\u00eds.<\/p>\n<div id=\"attachment_16528\" style=\"width: 1010px\" class=\"wp-caption aligncenter\"><img aria-describedby=\"caption-attachment-16528\" loading=\"lazy\" class=\"alignnone size-full wp-image-16528\" src=\"https:\/\/dicaduninter.files.wordpress.com\/2018\/02\/arquine-convoca.jpg\" alt=\"arquine convoca\" width=\"1000\" height=\"529\" \/><p id=\"caption-attachment-16528\" class=\"wp-caption-text\">Concurso No. 20 Pabell\u00f3n MEXTR\u00d3POLI 2018<\/p><\/div>\n<p style=\"text-align:justify;\">Entre los eventos destacados est\u00e1n las conferencias con el arquitecto Mathiaz Klotz;el arquitecto Stefano Boeri; as\u00ed como los ganadores del premio Priztker 2017: el estudio RCR; conferencistas de M\u00e9xico y Latinoam\u00e9rica como Felipe Uribe, Jos\u00e9 Cubilla, Guillermo Hevia y Mauricio Rocha, entre otros. As\u00ed como :<\/p>\n<ul>\n<li>M\u00e1s de 100 actividades<\/li>\n<li>Exposiciones<\/li>\n<li>Rutas arquitect\u00f3nicas<\/li>\n<li>Proyecciones de cine de arquitectura<\/li>\n<li>Ocupaci\u00f3n del espacio p\u00fablico por m\u00e1s de 20 instalaciones<\/li>\n<\/ul>\n<p>Para tener acceso ilimitado a todas las actividades y conferencias compra tus boletos en la <a href=\"http:\/\/mextropoli.mx\/boletos\" target=\"_blank\" rel=\"noopener\">p\u00e1gina oficial<\/a>.<\/p>\n<h5>FUENTE: <a href=\"http:\/\/mextropoli.mx\/\" target=\"_blank\" rel=\"noopener\">MEXTR\u00d3POLI<\/a><\/h5>\n<p style=\"text-align:right;\"><a href=\"http:\/\/www.universidad.uninter.edu.mx\/\" target=\"_blank\" rel=\"noopener\">Universidad Internacional Uninter<\/a><\/p>\n<p style=\"text-align:right;\"><a href=\"http:\/\/www.universidad.uninter.edu.mx\/carreras\/ARQ\">Arquitectura Uninter<\/a><\/p>\n<p><a href=\"https:\/\/www.uninter.edu.mx\/\" target=\"_blank\" rel=\"noopener\"><img loading=\"lazy\" class=\" size-full wp-image-16288 aligncenter\" src=\"https:\/\/dicaduninter.files.wordpress.com\/2018\/01\/universidad-internacional.png\" alt=\"Logo de UNINTER\" width=\"700\" height=\"106\" \/><\/a><\/p>\n","protected":false},"excerpt":{"rendered":"<p>&nbsp; &nbsp; &nbsp; Desde el 2014, el Festival MEXTR\u00d3POLI ha elegido a la Ciudad de M\u00e9xico como el lugar perfecto para pensar, crear, dise\u00f1ar y disfrutar de la ciudad con actividades relacionadas con la arquitectura y lo urbano. Es el \u00fanico foro en Latinoam\u00e9rica que re\u00fane a miles de personas empe\u00f1adas en dise\u00f1ar la ciudad&hellip;<\/p>\n","protected":false},"author":1,"featured_media":16546,"comment_status":"closed","ping_status":"open","sticky":false,"template":"","format":"standard","meta":[],"categories":[4,14,27],"tags":[59,60,630,702,1080],"_links":{"self":[{"href":"https:\/\/blogs.uninter.edu.mx\/ESCAT2\/index.php?rest_route=\/wp\/v2\/posts\/16526"}],"collection":[{"href":"https:\/\/blogs.uninter.edu.mx\/ESCAT2\/index.php?rest_route=\/wp\/v2\/posts"}],"about":[{"href":"https:\/\/blogs.uninter.edu.mx\/ESCAT2\/index.php?rest_route=\/wp\/v2\/types\/post"}],"author":[{"embeddable":true,"href":"https:\/\/blogs.uninter.edu.mx\/ESCAT2\/index.php?rest_route=\/wp\/v2\/users\/1"}],"replies":[{"embeddable":true,"href":"https:\/\/blogs.uninter.edu.mx\/ESCAT2\/index.php?rest_route=%2Fwp%2Fv2%2Fcomments&post=16526"}],"version-history":[{"count":0,"href":"https:\/\/blogs.uninter.edu.mx\/ESCAT2\/index.php?rest_route=\/wp\/v2\/posts\/16526\/revisions"}],"wp:featuredmedia":[{"embeddable":true,"href":"https:\/\/blogs.uninter.edu.mx\/ESCAT2\/index.php?rest_route=\/wp\/v2\/media\/16546"}],"wp:attachment":[{"href":"https:\/\/blogs.uninter.edu.mx\/ESCAT2\/index.php?rest_route=%2Fwp%2Fv2%2Fmedia&parent=16526"}],"wp:term":[{"taxonomy":"category","embeddable":true,"href":"https:\/\/blogs.uninter.edu.mx\/ESCAT2\/index.php?rest_route=%2Fwp%2Fv2%2Fcategories&post=16526"},{"taxonomy":"post_tag","embeddable":true,"href":"https:\/\/blogs.uninter.edu.mx\/ESCAT2\/index.php?rest_route=%2Fwp%2Fv2%2Ftags&post=16526"}],"curies":[{"name":"wp","href":"https:\/\/api.w.org\/{rel}","templated":true}]}}