{"id":16530,"date":"2018-03-09T16:03:23","date_gmt":"2018-03-09T22:03:23","guid":{"rendered":"http:\/\/escatuninter.blog\/?p=16530"},"modified":"2018-03-09T16:03:23","modified_gmt":"2018-03-09T22:03:23","slug":"ciudad-de-mexico-la-capital-mundial-de-diseno-2018-noticiasescat-uninter","status":"publish","type":"post","link":"https:\/\/blogs.uninter.edu.mx\/ESCAT2\/?p=16530","title":{"rendered":"Ciudad de M\u00e9xico: La capital Mundial de Dise\u00f1o 2018 #NoticiasESCAT #Uninter"},"content":{"rendered":"<p><a href=\"https:\/\/www.facebook.com\/EscatUninter\/\" target=\"_blank\" rel=\"noopener\"><img loading=\"lazy\" class=\"  wp-image-16186 alignright\" src=\"https:\/\/dicaduninter.files.wordpress.com\/2018\/01\/escat-11.png\" alt=\"ESCAT 1\" width=\"230\" height=\"96\" \/><\/a><br \/>\n&nbsp;<br \/>\n&nbsp;<br \/>\n&nbsp;<br \/>\n<div id=\"attachment_16529\" style=\"width: 242px\" class=\"wp-caption aligncenter\"><img aria-describedby=\"caption-attachment-16529\" loading=\"lazy\" class=\"alignnone size-full wp-image-16529\" src=\"https:\/\/dicaduninter.files.wordpress.com\/2018\/02\/world-design.png\" alt=\"world design\" width=\"236\" height=\"196\" \/><p id=\"caption-attachment-16529\" class=\"wp-caption-text\">W.D.O.<\/p><\/div><\/p>\n<p style=\"text-align:justify;\">La Organizaci\u00f3n Mundial del Dise\u00f1o (World Design Organization)<\/p>\n<p style=\"text-align:justify;\">est\u00e1 conformada por asociaciones profesionales, sociedades, instituciones educativas; \u00e9stas promueven el dise\u00f1o como una disciplina que mejora la calidad de vida de las personas en ciudades y comunidades.<\/p>\n<p style=\"text-align:justify;\">Cada dos a\u00f1os WDO otorga el nombramiento de World Design Capital, \u00e9ste se da a ciudades comprometidas con utilizar el dise\u00f1o como herramienta de desarrollo econ\u00f3mico, social y cultural.<\/p>\n<p style=\"text-align:justify;\">M\u00e9xico fue nombrado bajo este t\u00edtulo para el 2018. Esta designaci\u00f3n lleg\u00f3 de la mano de Design Week M\u00e9xico, , y el Gobierno de la Ciudad de M\u00e9xico en el 2015, tras un proceso de selecci\u00f3n, convirti\u00e9ndola en la sexta ciudad en la lista y la primera del continente americano.<\/p>\n<p style=\"text-align:justify;\">Durante el curso del a\u00f1o en la Capital del Dise\u00f1o, la ciudad crea y presenta eventos \u00fanicos para lograr los objetivos locales:<\/p>\n<p style=\"text-align:justify;\">1. Generar oportunidades.<\/p>\n<p style=\"text-align:justify;\">2. Mejorar la calidad de vida.<\/p>\n<p style=\"text-align:justify;\">3. Preservar lo cultural e hist\u00f3ricamente valioso.<\/p>\n<p style=\"text-align:justify;\">4. Transformaci\u00f3n\u00a0 con respeto; as\u00ed\u00a0 alcanzar una gran audiencia local, nacional, e internacional.<\/p>\n<p style=\"text-align:justify;\">Para ello la Ciudad debe tomar en cuenta los siguientes temas: Sociedad, Movilidad, Identidad de la Ciudad, Medio Ambiente, Espacio P\u00fablico y Creatividad Econ\u00f3mica.<\/p>\n<p style=\"text-align:justify;\">Para saber m\u00e1s sobre el programa, visita la p\u00e1gina oficial de <a href=\"http:\/\/wdo.org\/programmes\/wdc\/wdcmexicocity2018\/\">World Design Organization<\/a>, y ah\u00ed mismo podr\u00e1s informarte con m\u00e1s detalle sobre los eventos oficiales.<\/p>\n<div id=\"attachment_16551\" style=\"width: 710px\" class=\"wp-caption aligncenter\"><img aria-describedby=\"caption-attachment-16551\" loading=\"lazy\" class=\"alignnone size-full wp-image-16551\" src=\"https:\/\/dicaduninter.files.wordpress.com\/2018\/02\/bellas-arteswdc.png\" alt=\"World Design Capital - MEXICO CITY\" width=\"700\" height=\"454\" \/><p id=\"caption-attachment-16551\" class=\"wp-caption-text\">Bellas Artes &#8211; WDC<\/p><\/div>\n<h5>Fuente: <a href=\"http:\/\/wdo.org\/programmes\/wdc\/wdcmexicocity2018\/\" target=\"_blank\" rel=\"noopener\">World Design Organization<\/a><\/h5>\n<p style=\"text-align:right;\"><a href=\"http:\/\/www.universidad.uninter.edu.mx\/\" target=\"_blank\" rel=\"noopener\">Universidad Internacional Uninter<\/a><\/p>\n<p style=\"text-align:right;\"><a href=\"http:\/\/www.universidad.uninter.edu.mx\/carreras\/LDG\" target=\"_blank\" rel=\"noopener\">Licenciatura en Dise\u00f1o Gr\u00e1fico<\/a><\/p>\n<p style=\"text-align:right;\"><a href=\"http:\/\/www.universidad.uninter.edu.mx\/carreras\/LDI\" target=\"_blank\" rel=\"noopener\">Licenciatura en Dise\u00f1o Industrial<\/a><\/p>\n<p style=\"text-align:right;\"><a href=\"http:\/\/www.universidad.uninter.edu.mx\/carreras\/LADD\" target=\"_blank\" rel=\"noopener\">Licenciatura en Animaci\u00f3n y Dise\u00f1o Digital<\/a><\/p>\n<p style=\"text-align:right;\"><a href=\"http:\/\/www.universidad.uninter.edu.mx\/carreras\/LDM\" target=\"_blank\" rel=\"noopener\">Licenciatura en Dise\u00f1o de Modas y Tendencias Internacionales\u00a0<\/a><\/p>\n<p><a href=\"https:\/\/www.uninter.edu.mx\/\" target=\"_blank\" rel=\"noopener\"><img loading=\"lazy\" class=\" size-full wp-image-16288 aligncenter\" src=\"https:\/\/dicaduninter.files.wordpress.com\/2018\/01\/universidad-internacional.png\" alt=\"Logo de UNINTER\" width=\"700\" height=\"106\" \/><\/a><\/p>\n","protected":false},"excerpt":{"rendered":"<p>&nbsp; &nbsp; &nbsp; La Organizaci\u00f3n Mundial del Dise\u00f1o (World Design Organization) est\u00e1 conformada por asociaciones profesionales, sociedades, instituciones educativas; \u00e9stas promueven el dise\u00f1o como una disciplina que mejora la calidad de vida de las personas en ciudades y comunidades. Cada dos a\u00f1os WDO otorga el nombramiento de World Design Capital, \u00e9ste se da a ciudades&hellip;<\/p>\n","protected":false},"author":1,"featured_media":16550,"comment_status":"closed","ping_status":"open","sticky":false,"template":"","format":"standard","meta":[],"categories":[10,11,27],"tags":[31,35,59,60,1697],"_links":{"self":[{"href":"https:\/\/blogs.uninter.edu.mx\/ESCAT2\/index.php?rest_route=\/wp\/v2\/posts\/16530"}],"collection":[{"href":"https:\/\/blogs.uninter.edu.mx\/ESCAT2\/index.php?rest_route=\/wp\/v2\/posts"}],"about":[{"href":"https:\/\/blogs.uninter.edu.mx\/ESCAT2\/index.php?rest_route=\/wp\/v2\/types\/post"}],"author":[{"embeddable":true,"href":"https:\/\/blogs.uninter.edu.mx\/ESCAT2\/index.php?rest_route=\/wp\/v2\/users\/1"}],"replies":[{"embeddable":true,"href":"https:\/\/blogs.uninter.edu.mx\/ESCAT2\/index.php?rest_route=%2Fwp%2Fv2%2Fcomments&post=16530"}],"version-history":[{"count":0,"href":"https:\/\/blogs.uninter.edu.mx\/ESCAT2\/index.php?rest_route=\/wp\/v2\/posts\/16530\/revisions"}],"wp:featuredmedia":[{"embeddable":true,"href":"https:\/\/blogs.uninter.edu.mx\/ESCAT2\/index.php?rest_route=\/wp\/v2\/media\/16550"}],"wp:attachment":[{"href":"https:\/\/blogs.uninter.edu.mx\/ESCAT2\/index.php?rest_route=%2Fwp%2Fv2%2Fmedia&parent=16530"}],"wp:term":[{"taxonomy":"category","embeddable":true,"href":"https:\/\/blogs.uninter.edu.mx\/ESCAT2\/index.php?rest_route=%2Fwp%2Fv2%2Fcategories&post=16530"},{"taxonomy":"post_tag","embeddable":true,"href":"https:\/\/blogs.uninter.edu.mx\/ESCAT2\/index.php?rest_route=%2Fwp%2Fv2%2Ftags&post=16530"}],"curies":[{"name":"wp","href":"https:\/\/api.w.org\/{rel}","templated":true}]}}