{"id":16574,"date":"2018-03-09T11:53:35","date_gmt":"2018-03-09T17:53:35","guid":{"rendered":"http:\/\/escatuninter.blog\/?p=16574"},"modified":"2018-03-09T11:53:35","modified_gmt":"2018-03-09T17:53:35","slug":"vivir-en-45-m2-con-muebles-autodisenados-noticiasescat-uninter","status":"publish","type":"post","link":"https:\/\/blogs.uninter.edu.mx\/ESCAT2\/?p=16574","title":{"rendered":"Vivir en 45 m2, con muebles autodise\u00f1ados #NoticiasESCAT #Uninter"},"content":{"rendered":"<p><a href=\"https:\/\/es-la.facebook.com\/EscatUninter\/\" target=\"_blank\" rel=\"noopener\"><img loading=\"lazy\" class=\"  wp-image-16186 alignright\" src=\"https:\/\/dicaduninter.files.wordpress.com\/2018\/01\/escat-11.png\" alt=\"ESCAT 1\" width=\"225\" height=\"89\" \/><\/a><br \/>\n&nbsp;<br \/>\n&nbsp;<br \/>\n&nbsp;<\/p>\n<p style=\"text-align:justify;\">A veces se sienta en su silla Patio, una pieza de hierro con asiento de rejilla pintada en un furioso rosa chicle, y solo lamenta una cosa: que no sea un poco m\u00e1s inc\u00f3moda. \u201cCuando la hice, me la imaginaba en un patio franc\u00e9s. Sirve para sentarte, fumarte un pitillo y tomarte un Martini. Cuando te acabas el Martini, te tienes que levantar\u201d. Si un restaurante le pidiese un par de docenas de <em>patios<\/em> para su terraza, le dir\u00eda que no, porque no es funcional. Y si un cliente se la reclamase en negro, tambi\u00e9n se negar\u00eda. \u201cAl final creo que, cuando se lo explico, lo entienden, que no piensan que soy un gilipollas prepotente\u201d, cuenta este dise\u00f1ador de 29 a\u00f1os que, atestiguamos, no es ni una cosa ni la otra.<\/p>\n<p style=\"text-align:justify;\"><a href=\"https:\/\/www.instagram.com\/maxenrich\/\" target=\"_blank\" rel=\"noopener\">El catal\u00e1n Max Enrich<\/a> ha escogido un camino poco trillado para los creadores de su generaci\u00f3n. Como tantos otros dise\u00f1adores, dej\u00f3 colgada la carrera de Arquitectura cuando se dio cuenta de que \u00e9l lo que quer\u00eda era hacer salones, incluido lo que va dentro, y estudi\u00f3 en la escuela Eina, donde tampoco conect\u00f3 del todo con sus compa\u00f1eros de aula.<\/p>\n<div id=\"attachment_16578\" style=\"width: 314px\" class=\"wp-caption aligncenter\"><img aria-describedby=\"caption-attachment-16578\" loading=\"lazy\" class=\"alignnone  wp-image-16578\" src=\"https:\/\/dicaduninter.files.wordpress.com\/2018\/02\/1511453833_533090_1511454333_sumario_normal_recorte1.jpg\" alt=\"Enrich y Bilma\" width=\"308\" height=\"465\" \/><p id=\"caption-attachment-16578\" class=\"wp-caption-text\">Enrich y Bilma<\/p><\/div>\n<p style=\"text-align:justify;\">\u201cLo primero que hac\u00edan al empezar un proyecto era abrir el ordenador en 3D. A m\u00ed me gusta pensar las cosas antes\u201d. Ofrece soluciones a medida a clientes particulares \u2013a los que casi siempre consigue llevar a su terreno\u2013 y crea piezas autoproducidas, entre las que destacan la mesa Tri\u00e1ngulo Rect\u00e1ngulo, que acaba de entrar en el cat\u00e1logo de la editora francesa Petite Friture; la escultural silla<em>Underwater<\/em>, hecha a medias con Guillermo Santom\u00e0 y recubierta de lo que parece gresite de piscina, o la familia de mesitas <em>Stabile<\/em>, las ni\u00f1as de sus ojos. Su nombre, por supuesto, es una broma privada, porque no son un prodigio de firmeza.<\/p>\n<p style=\"text-align:justify;\">\u201cLo bonito es que sean as\u00ed. No creo en el utilitarismo porque s\u00ed. Mesas que funcionan ya hay, y muy baratas, adem\u00e1s. Esta es sencillamente una mesa bonita\u201d, explica. Su casa, una coqueta cajita a pie de calle con una envidiable terraza en la parte alta de Barcelona que comparte con su novia, est\u00e1 llena de iconos del dise\u00f1o can\u00f3nico y hasta sensato. Una Thonet cuelga de la pared como un cuadro, hay una <em>Cesca<\/em>, varias <em>eames<\/em>, el cenicero de Andr\u00e9 Ricard y m\u00e1s de una pieza de Arne Jacobsen.<\/p>\n<p style=\"text-align:justify;\">El barcelon\u00e9s se inscribe en una l\u00ednea de la historia del dise\u00f1o que \u00e9l llama \u201cla de los tarados\u201d. Los que tiraron por el camino dif\u00edcil y que, entre un material caro y sensual y otro que se lavara bien, siempre optaron por el primero. Esa estirpe tambi\u00e9n est\u00e1 representada en su casa, en la silla Gaulino de Tusquets, en la <em>First Chair<\/em> de Michele de Lucchi, en el suelo azul pastel \u2013tuvo que jurarle al contratista que s\u00ed, que lo quer\u00eda as\u00ed\u2013 y en el amarillo huevo de la estanter\u00eda de obra que articula todo el sal\u00f3n.<\/p>\n<p style=\"text-align:justify;\">Le gusta el grupo Memphis, por supuesto, y no le molesta su reciente<em>instagramizaci\u00f3n,<\/em> si sirve para popularizarlo. \u201cHac\u00edan muebles de formica maravillosos que no funcionaban y nadie compraba\u201d, se asombra. Admira al\u00a0<a href=\"https:\/\/elpais.com\/elpais\/2016\/11\/04\/icon\/1478274969_998541.html\" target=\"_blank\" rel=\"noopener\">Philippe Starck<\/a> de los ochenta y los muebles de Mariscal. Sabe que su estilo no es el m\u00e1s f\u00e1cil, porque en Espa\u00f1a \u201cexiste una grieta enorme entre la gente que compra en IKEA y la que quiere directamente algo de Le Corbusier. Cuesta que la gente conf\u00ede en su propio gusto y apueste por alguien que empieza\u201d.<\/p>\n<p style=\"text-align:justify;\">Pero, de momento, le funciona. Con la ayuda de Instagram, una fuente importante de clientes. Todos, cuando le pagan \u2013precios muy ajustados, por cierto\u2013 le dan las gracias y le piden que esa mesa no se la haga a nadie m\u00e1s. Y todos, cuando contactan con \u00e9l, le piden una mesa como aquella tan chula que hizo para otro cliente.<\/p>\n<p>&nbsp;<br \/>\n<br \/>\nFuente: <a href=\"https:\/\/elpais.com\/elpais\/2017\/11\/23\/icon\/1511453833_533090.html\" target=\"_blank\" rel=\"noopener\">El Pa\u00eds\u00a0<\/a><\/p>\n<p style=\"text-align:right;\"><a href=\"http:\/\/www.universidad.uninter.edu.mx\/\" target=\"_blank\" rel=\"noopener\">Universidad Internacional Uninter<\/a><\/p>\n<p style=\"text-align:right;\"><a href=\"http:\/\/www.universidad.uninter.edu.mx\/carreras\/LDI\" target=\"_blank\" rel=\"noopener\">Licenciatura en Dise\u00f1o Industrial\u00a0<\/a><\/p>\n<p style=\"text-align:right;\"><a href=\"http:\/\/www.uninter.edu.mx\/diplomados\/Dip-Dise\u00f1o-de-Interiores\" target=\"_blank\" rel=\"noopener\">Diplomado en Dise\u00f1o de Interiores<\/a><\/p>\n<p><a href=\"https:\/\/www.uninter.edu.mx\/\" target=\"_blank\" rel=\"noopener\"><img loading=\"lazy\" class=\"alignnone size-full wp-image-16288\" src=\"https:\/\/dicaduninter.files.wordpress.com\/2018\/01\/universidad-internacional.png\" alt=\"Logo de UNINTER\" width=\"700\" height=\"106\" \/><\/a><\/p>\n","protected":false},"excerpt":{"rendered":"<p>&nbsp; &nbsp; &nbsp; A veces se sienta en su silla Patio, una pieza de hierro con asiento de rejilla pintada en un furioso rosa chicle, y solo lamenta una cosa: que no sea un poco m\u00e1s inc\u00f3moda. \u201cCuando la hice, me la imaginaba en un patio franc\u00e9s. Sirve para sentarte, fumarte un pitillo y tomarte&hellip;<\/p>\n","protected":false},"author":1,"featured_media":16575,"comment_status":"closed","ping_status":"open","sticky":false,"template":"","format":"standard","meta":[],"categories":[10,11,27],"tags":[35,59,60,458,976],"_links":{"self":[{"href":"https:\/\/blogs.uninter.edu.mx\/ESCAT2\/index.php?rest_route=\/wp\/v2\/posts\/16574"}],"collection":[{"href":"https:\/\/blogs.uninter.edu.mx\/ESCAT2\/index.php?rest_route=\/wp\/v2\/posts"}],"about":[{"href":"https:\/\/blogs.uninter.edu.mx\/ESCAT2\/index.php?rest_route=\/wp\/v2\/types\/post"}],"author":[{"embeddable":true,"href":"https:\/\/blogs.uninter.edu.mx\/ESCAT2\/index.php?rest_route=\/wp\/v2\/users\/1"}],"replies":[{"embeddable":true,"href":"https:\/\/blogs.uninter.edu.mx\/ESCAT2\/index.php?rest_route=%2Fwp%2Fv2%2Fcomments&post=16574"}],"version-history":[{"count":0,"href":"https:\/\/blogs.uninter.edu.mx\/ESCAT2\/index.php?rest_route=\/wp\/v2\/posts\/16574\/revisions"}],"wp:featuredmedia":[{"embeddable":true,"href":"https:\/\/blogs.uninter.edu.mx\/ESCAT2\/index.php?rest_route=\/wp\/v2\/media\/16575"}],"wp:attachment":[{"href":"https:\/\/blogs.uninter.edu.mx\/ESCAT2\/index.php?rest_route=%2Fwp%2Fv2%2Fmedia&parent=16574"}],"wp:term":[{"taxonomy":"category","embeddable":true,"href":"https:\/\/blogs.uninter.edu.mx\/ESCAT2\/index.php?rest_route=%2Fwp%2Fv2%2Fcategories&post=16574"},{"taxonomy":"post_tag","embeddable":true,"href":"https:\/\/blogs.uninter.edu.mx\/ESCAT2\/index.php?rest_route=%2Fwp%2Fv2%2Ftags&post=16574"}],"curies":[{"name":"wp","href":"https:\/\/api.w.org\/{rel}","templated":true}]}}