{"id":16868,"date":"2018-07-18T14:04:26","date_gmt":"2018-07-18T19:04:26","guid":{"rendered":"http:\/\/escatuninter.blog\/?p=16868"},"modified":"2018-07-18T14:04:26","modified_gmt":"2018-07-18T19:04:26","slug":"taller-de-modas-un-espacio-creativo-noticiasescat-ldmuninter","status":"publish","type":"post","link":"https:\/\/blogs.uninter.edu.mx\/ESCAT2\/?p=16868","title":{"rendered":"Taller de modas, un espacio creativo #NoticiasESCAT #LDMUninter"},"content":{"rendered":"<p><a href=\"https:\/\/www.facebook.com\/EscatUninter\/\" target=\"_blank\" rel=\"noopener\"><img loading=\"lazy\" class=\" size-full wp-image-19049 alignright\" src=\"https:\/\/dicaduninter.files.wordpress.com\/2018\/07\/logo-escat.png\" alt=\"logo-escat\" width=\"230\" height=\"96\" \/><\/a><br \/>\n&nbsp;<br \/>\n&nbsp;<br \/>\n&nbsp;<\/p>\n<p style=\"text-align:justify;\">El taller de modas es un espacio creativo donde diariamente se conjuga el talento con la capacidad de realizaci\u00f3n de los estudiantes de\u00a0 la <a href=\"https:\/\/universidad.uninter.edu.mx\/carreras\/LDM\" target=\"_blank\" rel=\"noopener\">Licenciatura en Dise\u00f1o de Modas y Tendencias Internacionales<\/a>, quienes d\u00eda a d\u00eda se esfuerzan por elaborar mejores proyectos que signifiquen nuevos retos. Este taller ha sido acondicionado con el fin de perfeccionar las habilidades y aplicar los conocimientos adquiridos a lo largo de su formaci\u00f3n profesional en la <a href=\"https:\/\/universidad.uninter.edu.mx\/\" target=\"_blank\" rel=\"noopener\">Universidad Internacional<\/a>.<\/p>\n<p><div id=\"attachment_19332\" style=\"width: 970px\" class=\"wp-caption aligncenter\"><img aria-describedby=\"caption-attachment-19332\" loading=\"lazy\" class=\"alignnone size-full wp-image-19332\" src=\"https:\/\/dicaduninter.files.wordpress.com\/2018\/07\/confeccic3b3n.jpg\" alt=\"Confecci\u00f3n\" width=\"960\" height=\"640\" \/><p id=\"caption-attachment-19332\" class=\"wp-caption-text\">Confecci\u00f3n<\/p><\/div><br \/>\n<strong><a href=\"https:\/\/www.facebook.com\/pg\/EscatUninter\/photos\/?tab=album&amp;album_id=998567760292956\" target=\"_blank\" rel=\"noopener\">Congreso Uninter Design 2018<\/a><\/strong><\/p>\n<p style=\"text-align:justify;\">En este espacio, los estudiantes desarrollaron los proyectos expuestos en el <a href=\"https:\/\/www.facebook.com\/pg\/EscatUninter\/photos\/?tab=album&amp;album_id=998574830292249\" target=\"_blank\" rel=\"noopener\">Uninter Design 2018<\/a>, en donde adem\u00e1s de confeccionar prendas de vestir, realizaron proyectos de mobiliario para dise\u00f1o de interiores que les permiten vislumbrar otros \u00e1mbitos laborales en los cuales incursionar.<\/p>\n\n<p style=\"text-align:right;\"><a href=\"https:\/\/universidad.uninter.edu.mx\/\" target=\"_blank\" rel=\"noopener\">Universidad Internacional Uninter<\/a><\/p>\n<p style=\"text-align:right;\"><a href=\"https:\/\/universidad.uninter.edu.mx\/carreras\/LDM\" target=\"_blank\" rel=\"noopener\">Licenciatura en Dise\u00f1o de Modas y Tendencias Internacionales<\/a><\/p>\n<p><a href=\"https:\/\/www.uninter.edu.mx\/\" target=\"_blank\" rel=\"noopener\"><img loading=\"lazy\" class=\" size-full wp-image-19050 aligncenter\" src=\"https:\/\/dicaduninter.files.wordpress.com\/2018\/07\/universidad-internacional.png\" alt=\"universidad-internacional\" width=\"700\" height=\"106\" \/><\/a><\/p>\n","protected":false},"excerpt":{"rendered":"<p>&nbsp; &nbsp; &nbsp; El taller de modas es un espacio creativo donde diariamente se conjuga el talento con la capacidad de realizaci\u00f3n de los estudiantes de\u00a0 la Licenciatura en Dise\u00f1o de Modas y Tendencias Internacionales, quienes d\u00eda a d\u00eda se esfuerzan por elaborar mejores proyectos que signifiquen nuevos retos. Este taller ha sido acondicionado con&hellip;<\/p>\n","protected":false},"author":1,"featured_media":19333,"comment_status":"closed","ping_status":"open","sticky":false,"template":"","format":"standard","meta":[],"categories":[8,27],"tags":[31,35,52,59,60,425,1100,1517],"_links":{"self":[{"href":"https:\/\/blogs.uninter.edu.mx\/ESCAT2\/index.php?rest_route=\/wp\/v2\/posts\/16868"}],"collection":[{"href":"https:\/\/blogs.uninter.edu.mx\/ESCAT2\/index.php?rest_route=\/wp\/v2\/posts"}],"about":[{"href":"https:\/\/blogs.uninter.edu.mx\/ESCAT2\/index.php?rest_route=\/wp\/v2\/types\/post"}],"author":[{"embeddable":true,"href":"https:\/\/blogs.uninter.edu.mx\/ESCAT2\/index.php?rest_route=\/wp\/v2\/users\/1"}],"replies":[{"embeddable":true,"href":"https:\/\/blogs.uninter.edu.mx\/ESCAT2\/index.php?rest_route=%2Fwp%2Fv2%2Fcomments&post=16868"}],"version-history":[{"count":0,"href":"https:\/\/blogs.uninter.edu.mx\/ESCAT2\/index.php?rest_route=\/wp\/v2\/posts\/16868\/revisions"}],"wp:featuredmedia":[{"embeddable":true,"href":"https:\/\/blogs.uninter.edu.mx\/ESCAT2\/index.php?rest_route=\/wp\/v2\/media\/19333"}],"wp:attachment":[{"href":"https:\/\/blogs.uninter.edu.mx\/ESCAT2\/index.php?rest_route=%2Fwp%2Fv2%2Fmedia&parent=16868"}],"wp:term":[{"taxonomy":"category","embeddable":true,"href":"https:\/\/blogs.uninter.edu.mx\/ESCAT2\/index.php?rest_route=%2Fwp%2Fv2%2Fcategories&post=16868"},{"taxonomy":"post_tag","embeddable":true,"href":"https:\/\/blogs.uninter.edu.mx\/ESCAT2\/index.php?rest_route=%2Fwp%2Fv2%2Ftags&post=16868"}],"curies":[{"name":"wp","href":"https:\/\/api.w.org\/{rel}","templated":true}]}}