{"id":16873,"date":"2018-03-26T08:35:14","date_gmt":"2018-03-26T13:35:14","guid":{"rendered":"http:\/\/escatuninter.blog\/?p=16873"},"modified":"2018-03-26T08:35:14","modified_gmt":"2018-03-26T13:35:14","slug":"conferencia-danos-al-patrimonio-historico-por-causas-naturales-noticiasescat-arquninter-iciuninter","status":"publish","type":"post","link":"https:\/\/blogs.uninter.edu.mx\/ESCAT2\/?p=16873","title":{"rendered":"Conferencia: da\u00f1os al patrimonio hist\u00f3rico por causas naturales #NoticiasEscat #ARQUninter #ICIUninter"},"content":{"rendered":"<p><a href=\"https:\/\/www.facebook.com\/EscatUninter\/\" target=\"_blank\" rel=\"noopener\"><img loading=\"lazy\" class=\"size-full wp-image-16842 alignright\" src=\"https:\/\/dicaduninter.files.wordpress.com\/2018\/03\/logo-escat.png\" alt=\"Logo escat\" width=\"230\" height=\"96\" \/><\/a><br \/>\n&nbsp;<br \/>\n&nbsp;<br \/>\n&nbsp;<\/p>\n<p style=\"text-align:justify;\">El d\u00eda 9 de marzo se llev\u00f3 a cabo una conferencia sobre los Da\u00f1os al Patrimonio Hist\u00f3rico, estos han sido sometidos a lo largo de su historia a una serie de terremotos y otras causas naturales que se quedaron en la memoria colectiva por el nombre de alguno de los edificios colapsados. Dando una breve explicaci\u00f3n del motivo por el cual se hacen dichas restauraciones y el proceso que debe tener para no da\u00f1ar el patrimonio de acuerdo con la normatividad del INAH ya que se consideran edificios hist\u00f3ricos.<\/p>\n\n<p style=\"text-align:right;\"><a href=\"https:\/\/www.facebook.com\/uninteredu\/\" target=\"_blank\" rel=\"noopener\">Universidad Internacional<\/a><\/p>\n<p style=\"text-align:right;\"><a href=\"http:\/\/www.universidad.uninter.edu.mx\/carreras\/ARQ\" target=\"_blank\" rel=\"noopener\">Arquitectura<\/a><\/p>\n<p style=\"text-align:right;\"><a href=\"http:\/\/www.universidad.uninter.edu.mx\/carreras\/ICI\" target=\"_blank\" rel=\"noopener\">Ingenier\u00eda Civil<\/a><\/p>\n<p><a href=\"http:\/\/www.universidad.uninter.edu.mx\/\" target=\"_blank\" rel=\"noopener\"><img loading=\"lazy\" class=\"alignnone size-full wp-image-16844\" src=\"https:\/\/dicaduninter.files.wordpress.com\/2018\/03\/universidad-internacional.png\" alt=\"universidad-internacional\" width=\"700\" height=\"106\" \/><\/a><\/p>\n","protected":false},"excerpt":{"rendered":"<p>&nbsp; &nbsp; &nbsp; El d\u00eda 9 de marzo se llev\u00f3 a cabo una conferencia sobre los Da\u00f1os al Patrimonio Hist\u00f3rico, estos han sido sometidos a lo largo de su historia a una serie de terremotos y otras causas naturales que se quedaron en la memoria colectiva por el nombre de alguno de los edificios colapsados.&hellip;<\/p>\n","protected":false},"author":1,"featured_media":16874,"comment_status":"closed","ping_status":"open","sticky":false,"template":"","format":"standard","meta":[],"categories":[4,16,27],"tags":[35,59,60],"_links":{"self":[{"href":"https:\/\/blogs.uninter.edu.mx\/ESCAT2\/index.php?rest_route=\/wp\/v2\/posts\/16873"}],"collection":[{"href":"https:\/\/blogs.uninter.edu.mx\/ESCAT2\/index.php?rest_route=\/wp\/v2\/posts"}],"about":[{"href":"https:\/\/blogs.uninter.edu.mx\/ESCAT2\/index.php?rest_route=\/wp\/v2\/types\/post"}],"author":[{"embeddable":true,"href":"https:\/\/blogs.uninter.edu.mx\/ESCAT2\/index.php?rest_route=\/wp\/v2\/users\/1"}],"replies":[{"embeddable":true,"href":"https:\/\/blogs.uninter.edu.mx\/ESCAT2\/index.php?rest_route=%2Fwp%2Fv2%2Fcomments&post=16873"}],"version-history":[{"count":0,"href":"https:\/\/blogs.uninter.edu.mx\/ESCAT2\/index.php?rest_route=\/wp\/v2\/posts\/16873\/revisions"}],"wp:featuredmedia":[{"embeddable":true,"href":"https:\/\/blogs.uninter.edu.mx\/ESCAT2\/index.php?rest_route=\/wp\/v2\/media\/16874"}],"wp:attachment":[{"href":"https:\/\/blogs.uninter.edu.mx\/ESCAT2\/index.php?rest_route=%2Fwp%2Fv2%2Fmedia&parent=16873"}],"wp:term":[{"taxonomy":"category","embeddable":true,"href":"https:\/\/blogs.uninter.edu.mx\/ESCAT2\/index.php?rest_route=%2Fwp%2Fv2%2Fcategories&post=16873"},{"taxonomy":"post_tag","embeddable":true,"href":"https:\/\/blogs.uninter.edu.mx\/ESCAT2\/index.php?rest_route=%2Fwp%2Fv2%2Ftags&post=16873"}],"curies":[{"name":"wp","href":"https:\/\/api.w.org\/{rel}","templated":true}]}}