{"id":16880,"date":"2018-03-26T08:34:56","date_gmt":"2018-03-26T13:34:56","guid":{"rendered":"http:\/\/escatuninter.blog\/?p=16880"},"modified":"2018-03-26T08:34:56","modified_gmt":"2018-03-26T13:34:56","slug":"balkrishna-doshi-recibe-el-premio-pritzker-2018-noticiasescat-arquninter-iciuninter","status":"publish","type":"post","link":"https:\/\/blogs.uninter.edu.mx\/ESCAT2\/?p=16880","title":{"rendered":"Balkrishna Doshi recibe el premio Pritzker 2018 #NoticiasESCAT #ARQUninter #ICIUninter"},"content":{"rendered":"<p><a href=\"https:\/\/www.facebook.com\/EscatUninter\/\" target=\"_blank\" rel=\"noopener\"><img loading=\"lazy\" class=\"size-full wp-image-16842 alignright\" src=\"https:\/\/dicaduninter.files.wordpress.com\/2018\/03\/logo-escat.png\" alt=\"Logo escat\" width=\"230\" height=\"96\" \/><\/a><br \/>\n&nbsp;<br \/>\n&nbsp;<br \/>\n&nbsp;<\/p>\n<p style=\"text-align:justify;\">&#8220;<em>Mis obras son una extensi\u00f3n de mi vida, mi filosof\u00eda y mis sue\u00f1os,\u00a0intentando crear el tesoro del esp\u00edritu arquitect\u00f3nico. Le debo este prestigioso premio a mi gur\u00fa,\u00a0<a href=\"https:\/\/www.archdaily.mx\/mx\/tag\/le-corbusier\">Le Corbusier<\/a>. Sus ense\u00f1anzas me llevaron a cuestionar la identidad y me obligaron a descubrir una nueva expresi\u00f3n contempor\u00e1nea, adoptada regionalmente, para un h\u00e1bitat hol\u00edstico sostenible&#8217;, comenta Doshi.&#8221;<\/em><\/p>\n<p style=\"text-align:justify;\">Doshi se convierte as\u00ed en el primer arquitecto indio en recibir el m\u00e1ximo galard\u00f3n de la Arquitectura.<\/p>\n<p style=\"text-align:justify;\">El jurado del <a href=\"https:\/\/www.archdaily.mx\/mx\/tag\/premio-pritzker\">Premio Pritzker<\/a> ha elegido al arquitecto indio Balkrishna Doshi, tambi\u00e9n conocido como B.V.\u00a0 o Doshi, como ganador del <a href=\"https:\/\/www.archdaily.mx\/mx\/tag\/premio-pritzker\">Premio Pritzker<\/a> 2018. Siendo aprendiz y colaborador de Le Corbusier y Louis Kahn, con una carrera activa de m\u00e1s de 70 a\u00f1os, la arquitectura po\u00e9tica de Doshi se basa en influencias culturales orientales, creando una producci\u00f3n que &#8220;abarca todas las clases socioecon\u00f3micas, en un amplio espectro de tipolog\u00edas, desde los a\u00f1os 50&#8221;, seg\u00fan el acta del jurado.<\/p>\n\n<p style=\"text-align:justify;\"><em>Balkrishna Doshi ha demostrado:<\/em><\/p>\n<p style=\"text-align:justify;\"><em>Constantemente que toda buena arquitectura y planificaci\u00f3n urbana no s\u00f3lo debe unir prop\u00f3sito y estructura sino que debe tomar en cuenta el clima, el sitio, t\u00e9cnicas y artesan\u00edas junto con un profundo entendimiento y apreciaci\u00f3n por el contexto en su sentido m\u00e1s amplio. Los proyectos deben ir m\u00e1s all\u00e1 de lo funcional para conectarse con el esp\u00edritu humano mediante fundamentos po\u00e9ticos y filos\u00f3ficos.\u00a0<\/em><\/p>\n<p style=\"text-align:justify;\"><em>Crear equilibrio y paz entre todos los componentes &#8211; materiales e inmateriales- el cual resulta en un total que es mucho m\u00e1s que la suma de las partes.<\/em><\/p>\n<p style=\"text-align:justify;\"><em>Que sus soluciones toman en consideraci\u00f3n las dimensiones sociales, ambientales y econ\u00f3micas de manera que su arquitectura est\u00e1 totalmente comprometida con la sustentabilidad.<\/em><\/p>\n<p>https:\/\/www.archdaily.mx\/mx\/890138\/balkrishna-doshi-recibe-el-premio-pritzker-2018<\/p>\n<p style=\"text-align:right;\"><a href=\"http:\/\/www.universidad.uninter.edu.mx\/\" target=\"_blank\" rel=\"noopener\">Universidad Internacional Uninter<\/a><\/p>\n<p style=\"text-align:right;\"><a href=\"http:\/\/www.universidad.uninter.edu.mx\/carreras\/ARQ\" target=\"_blank\" rel=\"noopener\">Licenciatura en Arquitectura<\/a><\/p>\n<p style=\"text-align:right;\"><a href=\"http:\/\/www.universidad.uninter.edu.mx\/carreras\/ICI\" target=\"_blank\" rel=\"noopener\">Licenciatura en Ingenier\u00eda Civil<\/a><\/p>\n<p><a href=\"http:\/\/www.universidad.uninter.edu.mx\/\" target=\"_blank\" rel=\"noopener\"><img loading=\"lazy\" class=\"size-full wp-image-16844 aligncenter\" src=\"https:\/\/dicaduninter.files.wordpress.com\/2018\/03\/universidad-internacional.png\" alt=\"universidad-internacional\" width=\"700\" height=\"106\" \/><\/a><\/p>\n","protected":false},"excerpt":{"rendered":"<p>&nbsp; &nbsp; &nbsp; &#8220;Mis obras son una extensi\u00f3n de mi vida, mi filosof\u00eda y mis sue\u00f1os,\u00a0intentando crear el tesoro del esp\u00edritu arquitect\u00f3nico. Le debo este prestigioso premio a mi gur\u00fa,\u00a0Le Corbusier. Sus ense\u00f1anzas me llevaron a cuestionar la identidad y me obligaron a descubrir una nueva expresi\u00f3n contempor\u00e1nea, adoptada regionalmente, para un h\u00e1bitat hol\u00edstico sostenible&#8217;,&hellip;<\/p>\n","protected":false},"author":1,"featured_media":16886,"comment_status":"closed","ping_status":"open","sticky":false,"template":"","format":"standard","meta":[],"categories":[4,16,27],"tags":[35,59,1328],"_links":{"self":[{"href":"https:\/\/blogs.uninter.edu.mx\/ESCAT2\/index.php?rest_route=\/wp\/v2\/posts\/16880"}],"collection":[{"href":"https:\/\/blogs.uninter.edu.mx\/ESCAT2\/index.php?rest_route=\/wp\/v2\/posts"}],"about":[{"href":"https:\/\/blogs.uninter.edu.mx\/ESCAT2\/index.php?rest_route=\/wp\/v2\/types\/post"}],"author":[{"embeddable":true,"href":"https:\/\/blogs.uninter.edu.mx\/ESCAT2\/index.php?rest_route=\/wp\/v2\/users\/1"}],"replies":[{"embeddable":true,"href":"https:\/\/blogs.uninter.edu.mx\/ESCAT2\/index.php?rest_route=%2Fwp%2Fv2%2Fcomments&post=16880"}],"version-history":[{"count":0,"href":"https:\/\/blogs.uninter.edu.mx\/ESCAT2\/index.php?rest_route=\/wp\/v2\/posts\/16880\/revisions"}],"wp:featuredmedia":[{"embeddable":true,"href":"https:\/\/blogs.uninter.edu.mx\/ESCAT2\/index.php?rest_route=\/wp\/v2\/media\/16886"}],"wp:attachment":[{"href":"https:\/\/blogs.uninter.edu.mx\/ESCAT2\/index.php?rest_route=%2Fwp%2Fv2%2Fmedia&parent=16880"}],"wp:term":[{"taxonomy":"category","embeddable":true,"href":"https:\/\/blogs.uninter.edu.mx\/ESCAT2\/index.php?rest_route=%2Fwp%2Fv2%2Fcategories&post=16880"},{"taxonomy":"post_tag","embeddable":true,"href":"https:\/\/blogs.uninter.edu.mx\/ESCAT2\/index.php?rest_route=%2Fwp%2Fv2%2Ftags&post=16880"}],"curies":[{"name":"wp","href":"https:\/\/api.w.org\/{rel}","templated":true}]}}