{"id":16901,"date":"2018-03-23T08:38:43","date_gmt":"2018-03-23T14:38:43","guid":{"rendered":"http:\/\/escatuninter.blog\/?p=16901"},"modified":"2018-03-23T08:38:43","modified_gmt":"2018-03-23T14:38:43","slug":"actualizacion-3-5-en-la-plataforma-moodle-unintervirtual-noticiasescat","status":"publish","type":"post","link":"https:\/\/blogs.uninter.edu.mx\/ESCAT2\/?p=16901","title":{"rendered":"\u00a1Actualizaci\u00f3n 3.5 en la Plataforma Moodle! #UninterVirtual #NoticiasESCAT"},"content":{"rendered":"<p><a href=\"https:\/\/www.facebook.com\/EscatUninter\/\" target=\"_blank\" rel=\"noopener\"><img loading=\"lazy\" class=\"size-full wp-image-16842 alignright\" src=\"https:\/\/dicaduninter.files.wordpress.com\/2018\/03\/logo-escat.png\" alt=\"Logo escat\" width=\"230\" height=\"96\" \/><\/a><br \/>\n&nbsp;<br \/>\n&nbsp;<br \/>\n&nbsp;<\/p>\n<p style=\"text-align:justify;\">La semana pasada, el Coordinador de Desarrollo de C\u00f3digo Abierto, <a href=\"https:\/\/moodle.com\/2018\/01\/08\/moodlersmonday-open-source-coordinator\/\" target=\"_blank\" rel=\"noopener\">Sander Bangma<\/a>, public\u00f3 en el foro de la comunidad de desarrolladores en moodle.org una actualizaci\u00f3n de las actividades de la hoja de ruta de Moodle 3.5.<\/p>\n<p style=\"text-align:justify;\">Mejoras que ofrecer\u00e1 esta nueva actualizaci\u00f3n:<\/p>\n<h3 style=\"text-align:left;\">Mejoras de usabilidad:<\/h3>\n<p style=\"text-align:justify;\">Contin\u00faan<span style=\"line-height:inherit;\"> trabajando para mejorar la <\/span><span style=\"line-height:inherit;\">experiencia de usuario de<\/span><span style=\"line-height:inherit;\"> Moodler en base a la investigaci\u00f3n exhaustiva de antecedentes, el an\u00e1lisis de partes interesadas y el trabajo de dise\u00f1o realizado por el equipo UX ream.<\/span><\/p>\n<div id=\"attachment_16903\" style=\"width: 1954px\" class=\"wp-caption alignnone\"><img aria-describedby=\"caption-attachment-16903\" loading=\"lazy\" class=\"alignnone size-full wp-image-16903\" src=\"https:\/\/dicaduninter.files.wordpress.com\/2018\/03\/uxream.jpg\" alt=\"UXream\" width=\"1944\" height=\"1296\" \/><p id=\"caption-attachment-16903\" class=\"wp-caption-text\">UX ream &#8211; equipo que busca mejoras.<\/p><\/div>\n<p style=\"text-align:left;\">La atenci\u00f3n se centra en introducir Bootstrap v4 estable en Moodle 3.5 para sentar las bases de las mejoras emocionantes en el futuro.<\/p>\n<h3 style=\"text-align:left;\">Mejoras de mensajer\u00eda:<\/h3>\n<p style=\"text-align:justify;\">&#8220;Tambi\u00e9n nos complace informar a todos los Moodlers que estamos mejorando la funcionalidad de mensajer\u00eda de Moodle para permitir una futura expansi\u00f3n.&#8221; Esto implica algunos cambios en las tablas de la base de datos de mensajes y eventos de mensajes, por lo que si tiene un complemento relacionado con la mensajer\u00eda, es posible que deba actualizar su c\u00f3digo. Tambi\u00e9n est\u00e1n trabajando para incluir las nuevas extensiones de <a href=\"https:\/\/moodle.org\/mod\/glossary\/showentry.php?eid=10468&amp;displayformat=dictionary\" target=\"_blank\" rel=\"noopener\">LTI<\/a> Advantage.<\/p>\n<h3 style=\"text-align:left;\">Aplicaci\u00f3n m\u00f3vil Moodle:<\/h3>\n<p style=\"text-align:left;\">Recientemente anunciamos que Moodle Mobile 3.5 vendr\u00e1 con una nueva apariencia, esto implicar\u00e1 actualizar la aplicaci\u00f3n al marco Ionic 3, algunas mejoras de usabilidad e introducir funciones para el cumplimiento de GDPR.<\/p>\n<div id=\"attachment_16905\" style=\"width: 486px\" class=\"wp-caption aligncenter\"><img aria-describedby=\"caption-attachment-16905\" loading=\"lazy\" class=\"alignnone size-full wp-image-16905\" src=\"https:\/\/dicaduninter.files.wordpress.com\/2018\/03\/moodlemobile-e1520982982987.jpg\" alt=\"Moodle\" width=\"480\" height=\"269\" \/><p id=\"caption-attachment-16905\" class=\"wp-caption-text\">Aplicaci\u00f3n m\u00f3vil Moodle<\/p><\/div>\n<p style=\"text-align:justify;\">Programado para salir el <b><i>lunes 14 de mayo<\/i><\/b> de este a\u00f1o, es la actualizaci\u00f3n hasta ahora sobre Moodle 3.5 y las actividades que ocurren detr\u00e1s de escena.<\/p>\n<h5>Fuente: <a href=\"https:\/\/moodle.com\/development\/whats-moodle-3-5\/\" target=\"_blank\" rel=\"noopener\">Moodle News<\/a><\/h5>\n<p style=\"text-align:right;\"><a href=\"http:\/\/www.universidad.uninter.edu.mx\/\" target=\"_blank\" rel=\"noopener\">Universidad Internacional Uninter<\/a><\/p>\n<p style=\"text-align:right;\"><a href=\"http:\/\/www.unintervirtual.mx\/\" target=\"_blank\" rel=\"noopener\">Plataforma UninterVirtual<\/a><\/p>\n<p style=\"text-align:right;\"><a href=\"https:\/\/www.facebook.com\/uninteredu\/\" target=\"_blank\" rel=\"noopener\"><img loading=\"lazy\" class=\"size-full wp-image-16288 aligncenter\" src=\"https:\/\/dicaduninter.files.wordpress.com\/2018\/01\/universidad-internacional.png\" alt=\"Logo de UNINTER\" width=\"700\" height=\"106\" \/><\/a><\/p>\n","protected":false},"excerpt":{"rendered":"<p>&nbsp; &nbsp; &nbsp; La semana pasada, el Coordinador de Desarrollo de C\u00f3digo Abierto, Sander Bangma, public\u00f3 en el foro de la comunidad de desarrolladores en moodle.org una actualizaci\u00f3n de las actividades de la hoja de ruta de Moodle 3.5. Mejoras que ofrecer\u00e1 esta nueva actualizaci\u00f3n: Mejoras de usabilidad: Contin\u00faan trabajando para mejorar la experiencia de&hellip;<\/p>\n","protected":false},"author":1,"featured_media":16906,"comment_status":"closed","ping_status":"open","sticky":false,"template":"","format":"standard","meta":[],"categories":[27,28],"tags":[35,60,69,633,1108,1477],"_links":{"self":[{"href":"https:\/\/blogs.uninter.edu.mx\/ESCAT2\/index.php?rest_route=\/wp\/v2\/posts\/16901"}],"collection":[{"href":"https:\/\/blogs.uninter.edu.mx\/ESCAT2\/index.php?rest_route=\/wp\/v2\/posts"}],"about":[{"href":"https:\/\/blogs.uninter.edu.mx\/ESCAT2\/index.php?rest_route=\/wp\/v2\/types\/post"}],"author":[{"embeddable":true,"href":"https:\/\/blogs.uninter.edu.mx\/ESCAT2\/index.php?rest_route=\/wp\/v2\/users\/1"}],"replies":[{"embeddable":true,"href":"https:\/\/blogs.uninter.edu.mx\/ESCAT2\/index.php?rest_route=%2Fwp%2Fv2%2Fcomments&post=16901"}],"version-history":[{"count":0,"href":"https:\/\/blogs.uninter.edu.mx\/ESCAT2\/index.php?rest_route=\/wp\/v2\/posts\/16901\/revisions"}],"wp:featuredmedia":[{"embeddable":true,"href":"https:\/\/blogs.uninter.edu.mx\/ESCAT2\/index.php?rest_route=\/wp\/v2\/media\/16906"}],"wp:attachment":[{"href":"https:\/\/blogs.uninter.edu.mx\/ESCAT2\/index.php?rest_route=%2Fwp%2Fv2%2Fmedia&parent=16901"}],"wp:term":[{"taxonomy":"category","embeddable":true,"href":"https:\/\/blogs.uninter.edu.mx\/ESCAT2\/index.php?rest_route=%2Fwp%2Fv2%2Fcategories&post=16901"},{"taxonomy":"post_tag","embeddable":true,"href":"https:\/\/blogs.uninter.edu.mx\/ESCAT2\/index.php?rest_route=%2Fwp%2Fv2%2Ftags&post=16901"}],"curies":[{"name":"wp","href":"https:\/\/api.w.org\/{rel}","templated":true}]}}