{"id":16948,"date":"2018-03-28T10:14:07","date_gmt":"2018-03-28T16:14:07","guid":{"rendered":"http:\/\/escatuninter.blog\/?p=16948"},"modified":"2018-03-28T10:14:07","modified_gmt":"2018-03-28T16:14:07","slug":"los-avances-tecnologicos-que-sorprendieron-en-el-ces-2018-de-las-vegas-noticiasescat-imeuninter","status":"publish","type":"post","link":"https:\/\/blogs.uninter.edu.mx\/ESCAT2\/?p=16948","title":{"rendered":"Los avances tecnol\u00f3gicos que sorprendieron en el CES 2018 de Las Vegas #NoticiasESCAT #IMEUninter"},"content":{"rendered":"<p><a href=\"https:\/\/www.facebook.com\/EscatUninter\/\" target=\"_blank\" rel=\"noopener\"><img loading=\"lazy\" class=\"alignnone size-full wp-image-16842 alignright\" src=\"https:\/\/dicaduninter.files.wordpress.com\/2018\/03\/logo-escat.png\" alt=\"Logo escat\" width=\"230\" height=\"96\" \/><\/a><br \/>\n&nbsp;<br \/>\n&nbsp;<br \/>\n&nbsp;<\/p>\n<p style=\"text-align:justify;\">La feria tecnol\u00f3gica CES (Consumer Electronics Show) 2018 es la vitrina de las novedades m\u00e1s futuristas de las compa\u00f1\u00edas. Este a\u00f1o los robots con inteligencia artificial fueron las estrellas de la feria.<\/p>\n<p style=\"text-align:justify;\">La estrella indiscutida de la feria es la inteligencia artificial, que combina algoritmos, software y sensores para, por ejemplo, facilitar los quehaceres dom\u00e9sticos.<\/p>\n<p style=\"text-align:justify;\">Esta tecnolog\u00eda est\u00e1 integrada en los robots de LG, como el CLOi, que, activado por comando de voz, puede desde ayudar a hacer las compras hasta trasladar una valija.<\/p>\n<p style=\"text-align:justify;\">Otra de las vedettes fue el robot, que, gracias a un sistema de visi\u00f3n inteligente, logra jugar al Scrabble con un oponente.<\/p>\n<div id=\"attachment_16952\" style=\"width: 750px\" class=\"wp-caption aligncenter\"><img aria-describedby=\"caption-attachment-16952\" loading=\"lazy\" class=\"alignnone size-full wp-image-16952\" src=\"https:\/\/dicaduninter.files.wordpress.com\/2018\/03\/robot-con-inteligencia-artificial.jpg\" alt=\"Robot con inteligencia artificial\" width=\"740\" height=\"416\" \/><p id=\"caption-attachment-16952\" class=\"wp-caption-text\">Robot CLOi de LG<\/p><\/div>\n<p style=\"text-align:justify;\"><span style=\"text-decoration:underline;\">Auto futurista<\/span><\/p>\n<p style=\"text-align:justify;\">Uno de los temas comentados fue la alianza de gigantes tecnol\u00f3gicos con compa\u00f1\u00edas automotrices para desarrollar veh\u00edculos inteligentes. As\u00ed, la empresa Byton, integrada por ex-ejecutivos de Tesla, Apple , Google y BMW , dise\u00f1\u00f3 un modelo el\u00e9ctrico que saldr\u00e1 a la venta en 2019 a US$45.000. Es un SUV que tiene, a modo de tablero, una pantalla de 49 pulgadas y otra de 10 contigua al volante. Tiene una autonom\u00eda de uso de m\u00e1s de 480 km y se puede recargar en su 80% en media hora.<\/p>\n<div id=\"attachment_16953\" style=\"width: 750px\" class=\"wp-caption aligncenter\"><img aria-describedby=\"caption-attachment-16953\" loading=\"lazy\" class=\"alignnone size-full wp-image-16953\" src=\"https:\/\/dicaduninter.files.wordpress.com\/2018\/03\/auto-futurista.jpg\" alt=\"Auto futurista\" width=\"740\" height=\"416\" \/><p id=\"caption-attachment-16953\" class=\"wp-caption-text\">Auto futurista<\/p><\/div>\n<p id=\"un-televisor-que-simula-una-pared\" class=\"subtitulo-1\" style=\"text-align:justify;\"><span style=\"text-decoration:underline;\">Un televisor que simula una pared<\/span><\/p>\n<p style=\"text-align:justify;\">La tecnolog\u00eda microLED en televisores no pas\u00f3 inadvertida en la feria. Samsung present\u00f3 The Wall, un televisor de 146 pulgadas con tecnolog\u00eda de uso modular que es, literalmente, una pared por su grosor casi invisible y le permite al usuario disminuir o aumentar la pantalla a gusto sin que se da\u00f1e la calidad de la imagen. Adem\u00e1s, tiene inteligencia artificial integrada, lo que permite transformar un contenido de baja calidad a una resoluci\u00f3n 8K.<\/p>\n<div id=\"attachment_16954\" style=\"width: 750px\" class=\"wp-caption alignnone\"><img aria-describedby=\"caption-attachment-16954\" loading=\"lazy\" class=\"alignnone size-full wp-image-16954\" src=\"https:\/\/dicaduninter.files.wordpress.com\/2018\/03\/televisor-simulador-de-pared.jpg\" alt=\"Televisor simulador de pared\" width=\"740\" height=\"416\" \/><p id=\"caption-attachment-16954\" class=\"wp-caption-text\">The wall by Samsung<\/p><\/div>\n<p id=\"una-laptop-ultrafina\" class=\"subtitulo-1\" style=\"text-align:justify;\"><span style=\"text-decoration:underline;\">Una laptop ultrafina<\/span><\/p>\n<p style=\"text-align:justify;\">Las laptops siempre dan que hablar y en esta edici\u00f3n de la feria tecnol\u00f3gica no fue la excepci\u00f3n. La m\u00e1s celebrada fue la Acer Swift 7, la computadora m\u00e1s delgada del mundo con 8,98 mil\u00edmetros de grosor. Saldr\u00e1 a la venta en abril de este a\u00f1o y costar\u00e1 US$1699. Est\u00e1 hecha de aluminio negro, tiene una pantalla touch de 14 pulgadas y conexi\u00f3n 4G. Viene con Windows 10 e incluye un potente procesador Intel Core i7 y una bater\u00eda que dura todo el d\u00eda.<\/p>\n<div id=\"attachment_16955\" style=\"width: 750px\" class=\"wp-caption aligncenter\"><img aria-describedby=\"caption-attachment-16955\" loading=\"lazy\" class=\"alignnone size-full wp-image-16955\" src=\"https:\/\/dicaduninter.files.wordpress.com\/2018\/03\/laptop-ultrafina.jpg\" alt=\"Laptop ultrafina\" width=\"740\" height=\"416\" \/><p id=\"caption-attachment-16955\" class=\"wp-caption-text\">Acer Swift 7<\/p><\/div>\n<p id=\"un-sticker-electronico\" class=\"subtitulo-1\" style=\"text-align:justify;\"><span style=\"text-decoration:underline;\">Un sticker electr\u00f3nico<\/span><\/p>\n<p style=\"text-align:justify;\">La tecnolog\u00eda aplicada a la salud de uso personal est\u00e1 ganando cada vez m\u00e1s terreno. La firma La Roche-Posay present\u00f3 una especie de sticker electr\u00f3nico diminuto que se aplica en la piel para medir los rayos UV y prevenir enfermedades dermatol\u00f3gicas. Mide 2 mm por 9 mm. Se puede aplicar en una u\u00f1a, un brazo, o cualquier parte del cuerpo que est\u00e9 expuesta al sol. A trav\u00e9s de una aplicaci\u00f3n disponible para iOS y Android transmite informaci\u00f3n para cuidar la piel y es reutilizable.<\/p>\n<div id=\"attachment_16956\" style=\"width: 750px\" class=\"wp-caption aligncenter\"><img aria-describedby=\"caption-attachment-16956\" loading=\"lazy\" class=\"alignnone size-full wp-image-16956\" src=\"https:\/\/dicaduninter.files.wordpress.com\/2018\/03\/sticker-electrc3b3nico.jpg\" alt=\"Sticker electr\u00f3nico\" width=\"740\" height=\"416\" \/><p id=\"caption-attachment-16956\" class=\"wp-caption-text\">Sticker electr\u00f3nico<\/p><\/div>\n<h5>Fuente:<a href=\"https:\/\/www.lanacion.com.ar\/2099680-las-vegas-feria-tecnologia-avances-futuro\" target=\"_blank\" rel=\"noopener\"> La naci\u00f3n <\/a><\/h5>\n<p style=\"text-align:right;\"><a href=\"http:\/\/www.universidad.uninter.edu.mx\/\" target=\"_blank\" rel=\"noopener\">Universidad Internacional Uninter<\/a><\/p>\n<p style=\"text-align:right;\"><a href=\"http:\/\/universidad.uninter.edu.mx\/carreras\/IME\" target=\"_blank\" rel=\"noopener\">Ingenier\u00eda Mecatr\u00f3nica <\/a><\/p>\n<p style=\"text-align:right;\"><a href=\"http:\/\/universidad.uninter.edu.mx\/carreras\/ISC\" target=\"_blank\" rel=\"noopener\">Ingenier\u00eda en Sistemas Computacionales <\/a><\/p>\n<p style=\"text-align:right;\"><a href=\"https:\/\/www.uninter.edu.mx\/\" target=\"_blank\" rel=\"noopener\"><img loading=\"lazy\" class=\"size-full wp-image-16844 aligncenter\" src=\"https:\/\/dicaduninter.files.wordpress.com\/2018\/03\/universidad-internacional.png\" alt=\"universidad-internacional\" width=\"700\" height=\"106\" \/><\/a><\/p>\n<p>&nbsp;<\/p>\n","protected":false},"excerpt":{"rendered":"<p>&nbsp; &nbsp; &nbsp; La feria tecnol\u00f3gica CES (Consumer Electronics Show) 2018 es la vitrina de las novedades m\u00e1s futuristas de las compa\u00f1\u00edas. Este a\u00f1o los robots con inteligencia artificial fueron las estrellas de la feria. La estrella indiscutida de la feria es la inteligencia artificial, que combina algoritmos, software y sensores para, por ejemplo, facilitar&hellip;<\/p>\n","protected":false},"author":1,"featured_media":16951,"comment_status":"closed","ping_status":"open","sticky":false,"template":"","format":"standard","meta":[],"categories":[14,18,21],"tags":[35,43,48,59,60,213,633,838,898,930,1415,1539],"_links":{"self":[{"href":"https:\/\/blogs.uninter.edu.mx\/ESCAT2\/index.php?rest_route=\/wp\/v2\/posts\/16948"}],"collection":[{"href":"https:\/\/blogs.uninter.edu.mx\/ESCAT2\/index.php?rest_route=\/wp\/v2\/posts"}],"about":[{"href":"https:\/\/blogs.uninter.edu.mx\/ESCAT2\/index.php?rest_route=\/wp\/v2\/types\/post"}],"author":[{"embeddable":true,"href":"https:\/\/blogs.uninter.edu.mx\/ESCAT2\/index.php?rest_route=\/wp\/v2\/users\/1"}],"replies":[{"embeddable":true,"href":"https:\/\/blogs.uninter.edu.mx\/ESCAT2\/index.php?rest_route=%2Fwp%2Fv2%2Fcomments&post=16948"}],"version-history":[{"count":0,"href":"https:\/\/blogs.uninter.edu.mx\/ESCAT2\/index.php?rest_route=\/wp\/v2\/posts\/16948\/revisions"}],"wp:featuredmedia":[{"embeddable":true,"href":"https:\/\/blogs.uninter.edu.mx\/ESCAT2\/index.php?rest_route=\/wp\/v2\/media\/16951"}],"wp:attachment":[{"href":"https:\/\/blogs.uninter.edu.mx\/ESCAT2\/index.php?rest_route=%2Fwp%2Fv2%2Fmedia&parent=16948"}],"wp:term":[{"taxonomy":"category","embeddable":true,"href":"https:\/\/blogs.uninter.edu.mx\/ESCAT2\/index.php?rest_route=%2Fwp%2Fv2%2Fcategories&post=16948"},{"taxonomy":"post_tag","embeddable":true,"href":"https:\/\/blogs.uninter.edu.mx\/ESCAT2\/index.php?rest_route=%2Fwp%2Fv2%2Ftags&post=16948"}],"curies":[{"name":"wp","href":"https:\/\/api.w.org\/{rel}","templated":true}]}}