{"id":17133,"date":"2018-04-20T12:42:47","date_gmt":"2018-04-20T17:42:47","guid":{"rendered":"http:\/\/escatuninter.blog\/?p=17133"},"modified":"2018-04-20T12:42:47","modified_gmt":"2018-04-20T17:42:47","slug":"internet-para-zonas-rurales-noticiasescat-iscuninter","status":"publish","type":"post","link":"https:\/\/blogs.uninter.edu.mx\/ESCAT2\/?p=17133","title":{"rendered":"Internet para zonas rurales #NoticiasESCAT  #ISCUninter"},"content":{"rendered":"<p><a href=\"https:\/\/es-la.facebook.com\/EscatUninter\/\" target=\"_blank\" rel=\"noopener\"><img loading=\"lazy\" class=\"  wp-image-16842 alignright\" src=\"https:\/\/dicaduninter.files.wordpress.com\/2018\/03\/logo-escat.png\" alt=\"Logo escat\" width=\"230\" height=\"96\" \/><\/a><br \/>\n&nbsp;<br \/>\n&nbsp;<br \/>\n&nbsp;<\/p>\n<p style=\"text-align:justify;\">La brecha digital es un tema en M\u00e9xico. Aunque en 2017 el n\u00famero de personas conectadas ha crecido un 8.9 por ciento, la brecha permanece, pues de cada cien personas conectadas a internet, solo 14 provienen de comunidades rurales, de acuerdo con datos del INEGI.<\/p>\n<p style=\"text-align:justify;\">Numerosas iniciativas tienen como objetivo central contrarrestar la brecha digital, ya sea a trav\u00e9s de m\u00e1quinas que proveen de Wi-Fi, instalando puntos de acceso a la red en lugares p\u00fablicos y no podemos dejar de mencionar la Estrategia Digital Nacional, eje coordinador de los esfuerzos p\u00fablicos para atender el problema.<\/p>\n<div id=\"attachment_17124\" style=\"width: 1386px\" class=\"wp-caption aligncenter\"><img aria-describedby=\"caption-attachment-17124\" loading=\"lazy\" class=\"alignnone size-full wp-image-17124\" src=\"https:\/\/dicaduninter.files.wordpress.com\/2018\/04\/internet-rural.jpg\" alt=\"Internet zona rural\" width=\"1376\" height=\"917\" \/><p id=\"caption-attachment-17124\" class=\"wp-caption-text\">Antenas en zonas rurales<\/p><\/div>\n<p style=\"text-align:justify;\">Ahora una m\u00e1s, presente en territorio nacional desde 2016, expande su presencia para llevar internet asequible a comunidades pocas conectadas, lugares a donde hasta la telefon\u00eda movil y la energ\u00eda el\u00e9ctrica, tienen problemas para llegar.<\/p>\n<p style=\"text-align:justify;\">Viasat, empresa con 31 a\u00f1os en el mercado y m\u00e1s de 850 mil suscriptores alrededor del globo, ha anunciado que su servicio de Wi-Fi comunitario llegar\u00e1n a todo M\u00e9xico, luego de que estuviera presente en alrededor de 500 sitios tan solo en el norte del pa\u00eds.<\/p>\n<div id=\"attachment_17128\" style=\"width: 1610px\" class=\"wp-caption aligncenter\"><img aria-describedby=\"caption-attachment-17128\" loading=\"lazy\" class=\"alignnone size-full wp-image-17128\" src=\"https:\/\/dicaduninter.files.wordpress.com\/2018\/04\/viasat-2.png\" alt=\"Viasat Systems\" width=\"1600\" height=\"787\" \/><p id=\"caption-attachment-17128\" class=\"wp-caption-text\">Viasat Systems<\/p><\/div>\n<p style=\"text-align:justify;\">El servicio es posible debido a una completa infraestructura desplegada con dos sat\u00e9lites de Viasat, el segundo de ellos lanzado a mediados del 2017 y que cuenta con capacidad de\u00a0<strong>300 Gbps<\/strong>, lo que en teor\u00eda podr\u00eda ofrecer velocidades m\u00e1ximas de hasta 100 Mbps.<\/p>\n<p style=\"text-align:justify;\">De pasar a operar \u00fanicamente en los estados del norte del pa\u00eds, el servicio ahora podr\u00e1 contratarse en mercados emergentes localizados en el centro y sur del pa\u00eds, as\u00ed como algunas regiones de Centroam\u00e9rica.<\/p>\n<h5>Fuente:<a href=\"https:\/\/www.xataka.com.mx\/otros-1\/internet-para-zonas-rurales-en-mexico-a-precios-asequibles-la-promesa-del-wi-fi-comunitario-de-viasat\">Xataka<\/a><\/h5>\n<p style=\"text-align:right;\"><a href=\"http:\/\/www.universidad.uninter.edu.mx\/\" target=\"_blank\" rel=\"noopener\">Universidad Internacional Uninter<\/a><\/p>\n<p style=\"text-align:right;\"><a href=\"http:\/\/www.universidad.uninter.edu.mx\/carreras\/ISC\" target=\"_blank\" rel=\"noopener\">Ingenier\u00eda en Sistemas Computacionales<\/a><\/p>\n<p style=\"text-align:right;\"><a href=\"http:\/\/www.posgrados.uninter.edu.mx\/Maes-Redes\" target=\"_blank\" rel=\"noopener\">Maestr\u00eda en Redes de Computadoras y Tecnolog\u00edas Web<\/a><\/p>\n<p><a href=\"https:\/\/www.uninter.edu.mx\/\" target=\"_blank\" rel=\"noopener\"><img loading=\"lazy\" class=\" size-full wp-image-16844 aligncenter\" src=\"https:\/\/dicaduninter.files.wordpress.com\/2018\/03\/universidad-internacional.png\" alt=\"universidad-internacional\" width=\"700\" height=\"106\" \/><\/a><br \/>\n&nbsp;<\/p>\n","protected":false},"excerpt":{"rendered":"<p>&nbsp; &nbsp; &nbsp; La brecha digital es un tema en M\u00e9xico. Aunque en 2017 el n\u00famero de personas conectadas ha crecido un 8.9 por ciento, la brecha permanece, pues de cada cien personas conectadas a internet, solo 14 provienen de comunidades rurales, de acuerdo con datos del INEGI. Numerosas iniciativas tienen como objetivo central contrarrestar&hellip;<\/p>\n","protected":false},"author":1,"featured_media":17483,"comment_status":"closed","ping_status":"open","sticky":false,"template":"","format":"standard","meta":[],"categories":[18,25,27],"tags":[35,48,59,60,881],"_links":{"self":[{"href":"https:\/\/blogs.uninter.edu.mx\/ESCAT2\/index.php?rest_route=\/wp\/v2\/posts\/17133"}],"collection":[{"href":"https:\/\/blogs.uninter.edu.mx\/ESCAT2\/index.php?rest_route=\/wp\/v2\/posts"}],"about":[{"href":"https:\/\/blogs.uninter.edu.mx\/ESCAT2\/index.php?rest_route=\/wp\/v2\/types\/post"}],"author":[{"embeddable":true,"href":"https:\/\/blogs.uninter.edu.mx\/ESCAT2\/index.php?rest_route=\/wp\/v2\/users\/1"}],"replies":[{"embeddable":true,"href":"https:\/\/blogs.uninter.edu.mx\/ESCAT2\/index.php?rest_route=%2Fwp%2Fv2%2Fcomments&post=17133"}],"version-history":[{"count":0,"href":"https:\/\/blogs.uninter.edu.mx\/ESCAT2\/index.php?rest_route=\/wp\/v2\/posts\/17133\/revisions"}],"wp:featuredmedia":[{"embeddable":true,"href":"https:\/\/blogs.uninter.edu.mx\/ESCAT2\/index.php?rest_route=\/wp\/v2\/media\/17483"}],"wp:attachment":[{"href":"https:\/\/blogs.uninter.edu.mx\/ESCAT2\/index.php?rest_route=%2Fwp%2Fv2%2Fmedia&parent=17133"}],"wp:term":[{"taxonomy":"category","embeddable":true,"href":"https:\/\/blogs.uninter.edu.mx\/ESCAT2\/index.php?rest_route=%2Fwp%2Fv2%2Fcategories&post=17133"},{"taxonomy":"post_tag","embeddable":true,"href":"https:\/\/blogs.uninter.edu.mx\/ESCAT2\/index.php?rest_route=%2Fwp%2Fv2%2Ftags&post=17133"}],"curies":[{"name":"wp","href":"https:\/\/api.w.org\/{rel}","templated":true}]}}